{"id":6514,"date":"2024-03-21T17:49:35","date_gmt":"2024-03-21T16:49:35","guid":{"rendered":"https:\/\/footdavant.fr\/actualites\/barcelone-se-retire-de-la-course-a-mason-greenwood\/"},"modified":"2024-03-21T17:49:36","modified_gmt":"2024-03-21T16:49:36","slug":"barcelone-se-retire-de-la-course-a-mason-greenwood","status":"publish","type":"post","link":"https:\/\/footdavant.fr\/actualites\/barcelone-se-retire-de-la-course-a-mason-greenwood\/","title":{"rendered":"Barcelone se retire de la course \u00e0 Mason Greenwood"},"content":{"rendered":"<p>Barcelone ne serait plus dans la course pour l&rsquo;attaquant de Manchester United Mason Greenwood cet \u00e9t\u00e9, les Red Devils cherchant toujours \u00e0 se d\u00e9barrasser du joueur de 22 ans.<\/p>\n<div id=\"article_body\" itemprop=\"articleBody\">\n<h3 class=\"firstPara\">\n<strong class=\"autotag\">Barcelone<\/strong> auraient mis fin \u00e0 leur int\u00e9r\u00eat pour <strong class=\"autotag\">Manchester United<\/strong> attaquant <strong class=\"autotag\">Ma\u00e7on Greenwood<\/strong> avant le mercato estival.<\/h3>\n<p>Le joueur de 22 ans est actuellement pr\u00eat\u00e9 au club espagnol <strong class=\"autotag\">Getafe<\/strong> et a connu un d\u00e9but de vie productif en Liga apr\u00e8s son d\u00e9part temporaire d&rsquo;Old Trafford.<\/p>\n<p>Greenwood a marqu\u00e9 six buts et fourni cinq passes d\u00e9cisives en 24 matches de championnat, tout en trouvant le chemin des filets \u00e0 deux reprises pour Getafe lors de la Copa del Rey cette saison.<\/p>\n<p>L&rsquo;attaquant a disput\u00e9 129 matches avec les Red Devils depuis ses d\u00e9buts \u00e0 l&rsquo;\u00e9t\u00e9 2018, mais conna\u00eet d\u00e9sormais son premier passage loin du c\u00f4t\u00e9 rouge de Manchester.<\/p>\n<p>Selon <em>Pris hors jeu<\/em>Barcelone s&rsquo;est retir\u00e9e de la course pour s&rsquo;assurer les services de Greenwood avant le point commercial d&rsquo;\u00e9t\u00e9.<\/p>\n<p class=\"imgI\">\n<p>Le rapport affirme que le club catalan \u00e9tait int\u00e9ress\u00e9 par une d\u00e9cision pour l&rsquo;ancien international anglais, qui a attir\u00e9 l&rsquo;attention lors de sa premi\u00e8re campagne en Espagne.<\/p>\n<p>Il est entendu que les directeurs de Man United et le chef du Bar\u00e7a <strong class=\"autotag\">D\u00e9co<\/strong> s&rsquo;est r\u00e9uni pour discuter d&rsquo;un \u00e9ventuel accord plus t\u00f4t dans la saison, l&rsquo;attaquant s&rsquo;installant rapidement \u00e0 l&rsquo;Estadio Coliseum.<\/p>\n<p>Cependant, il semblerait que l&rsquo;\u00e9quipe du Camp Nou ait arr\u00eat\u00e9 sa poursuite de Greenwood, avec <strong class=\"autotag\">Xavi<\/strong>L&rsquo;\u00e9quipe se tourne vers d&rsquo;autres objectifs avant la campagne 2024-25.<\/p>\n<p>Le Bar\u00e7a n&rsquo;est pas la seule \u00e9quipe espagnole \u00e0 \u00eatre li\u00e9e \u00e0 l&rsquo;Anglais, avec <strong class=\"autotag\">Atletico Madrid<\/strong> on pense qu&rsquo;il surveille la situation du joueur \u00e0 Old Trafford.<\/p>\n<p><strong class=\"autotag\">Diego Sim\u00e9one<\/strong>Les hommes de &lsquo;s ne sont pas \u00e9trangers au fait d&rsquo;avoir des talents anglais dans leurs rangs, apr\u00e8s l&rsquo;homme d\u00e9sormais de Newcastle United <strong class=\"autotag\">Kieran Trippier<\/strong> a remport\u00e9 une couronne en Liga \u00e0 l&rsquo;Estadio Civitas Metropolitano en 2021. <\/p>\n<p class=\"imgI\"><img decoding=\"async\" loading=\"lazy\" class=\"l\" src=\"https:\/\/footdavant.fr\/actualites\/wp-content\/uploads\/2024\/03\/Barcelone-se-retire-de-la-course-a-Mason-Greenwood.jpg\" title=\"Kieran Trippier, la nouvelle recrue de l'Atletico Madrid, pose avec un maillot lors de l'inauguration le 18 juillet 2019.\" alt=\"Kieran Trippier, la nouvelle recrue de l'Atletico Madrid, pose avec un maillot lors de l'inauguration le 18 juillet 2019.\" width=\"640\" height=\"480\"><\/p>\n<p>Dans une d\u00e9cision qui a suscit\u00e9 la controverse, le propri\u00e9taire minoritaire de Man United <strong class=\"autotag\">Sir Jim Ratcliffe<\/strong> n&rsquo;a pas exclu que Greenwood joue \u00e0 nouveau pour les Red Devils malgr\u00e9 des all\u00e9gations de tentative de viol, d&rsquo;agression et de contr\u00f4le coercitif.<\/p>\n<p>On s&rsquo;attendait \u00e0 ce que le joueur de 22 ans devienne un habitu\u00e9 de <strong class=\"autotag\">Gareth Southgate<\/strong>Les Trois Lions d&rsquo;Angleterre avant un certain nombre de probl\u00e8mes disciplinaires, le jeune de United ne g\u00e9rant jusqu&rsquo;\u00e0 pr\u00e9sent qu&rsquo;une seule s\u00e9lection senior pour l&rsquo;Angleterre.<\/p>\n<p>Apr\u00e8s trois 15e places cons\u00e9cutives en Liga, Greenwood aide Getafe \u00e0 atteindre sa meilleure position en championnat depuis 2019-20, l&rsquo;\u00e9quipe de Pepe Bordalas \u00e9tant actuellement 10e au classement de l&rsquo;\u00e9lite.<\/p>\n<p>Les Azulones n&rsquo;ont offert \u00e0 G\u00e9rone, la surprise de cette saison, que leur cinqui\u00e8me d\u00e9faite en championnat de la saison samedi, et les hommes de Greenwood reviendront \u00e0 l&rsquo;action apr\u00e8s la tr\u00eave internationale avec un affrontement \u00e0 domicile contre S\u00e9ville.<\/p>\n<\/div>\n","protected":false},"excerpt":{"rendered":"<p>Barcelone ne serait plus dans la course pour l&rsquo;attaquant de Manchester United Mason Greenwood cet \u00e9t\u00e9, les Red Devils cherchant toujours \u00e0 se d\u00e9barrasser du<\/p>\n","protected":false},"author":1,"featured_media":6515,"comment_status":"closed","ping_status":"","sticky":false,"template":"","format":"standard","meta":{"footnotes":""},"categories":[5],"tags":[130,1701,478,1051],"yoast_head":"<!-- This site is optimized with the Yoast SEO plugin v21.0 - https:\/\/yoast.com\/wordpress\/plugins\/seo\/ -->\n<title>Barcelone se retire de la course \u00e0 Mason Greenwood<\/title>\n<meta name=\"robots\" content=\"index, follow, max-snippet:-1, max-image-preview:large, max-video-preview:-1\" \/>\n<link rel=\"canonical\" href=\"https:\/\/footdavant.fr\/actualites\/barcelone-se-retire-de-la-course-a-mason-greenwood\/\" \/>\n<meta property=\"og:locale\" content=\"fr_FR\" \/>\n<meta property=\"og:type\" content=\"article\" \/>\n<meta property=\"og:title\" content=\"Barcelone se retire de la course \u00e0 Mason Greenwood\" \/>\n<meta property=\"og:description\" content=\"Barcelone ne serait plus dans la course pour l&rsquo;attaquant de Manchester United Mason Greenwood cet \u00e9t\u00e9, les Red Devils cherchant toujours \u00e0 se d\u00e9barrasser du\" \/>\n<meta property=\"og:url\" content=\"https:\/\/footdavant.fr\/actualites\/barcelone-se-retire-de-la-course-a-mason-greenwood\/\" \/>\n<meta property=\"og:site_name\" content=\"Foot d&#039;avant\" \/>\n<meta property=\"article:publisher\" content=\"https:\/\/www.facebook.com\/Footdavant\/\" \/>\n<meta property=\"article:published_time\" content=\"2024-03-21T16:49:35+00:00\" \/>\n<meta property=\"article:modified_time\" content=\"2024-03-21T16:49:36+00:00\" \/>\n<meta property=\"og:image\" content=\"https:\/\/footdavant.fr\/actualites\/wp-content\/uploads\/2024\/03\/Barcelone-se-retire-de-la-course-a-Mason-Greenwood.JPG\" \/>\n\t<meta property=\"og:image:width\" content=\"640\" \/>\n\t<meta property=\"og:image:height\" content=\"480\" \/>\n\t<meta property=\"og:image:type\" content=\"image\/jpeg\" \/>\n<meta name=\"author\" content=\"Cl\u00e9ment\" \/>\n<meta name=\"twitter:card\" content=\"summary_large_image\" \/>\n<meta name=\"twitter:creator\" content=\"@FootdavantFr\" \/>\n<meta name=\"twitter:site\" content=\"@FootdavantFr\" \/>\n<meta name=\"twitter:label1\" content=\"\u00c9crit par\" \/>\n\t<meta name=\"twitter:data1\" content=\"Cl\u00e9ment\" \/>\n\t<meta name=\"twitter:label2\" content=\"Dur\u00e9e de lecture estim\u00e9e\" \/>\n\t<meta name=\"twitter:data2\" content=\"2 minutes\" \/>\n<script type=\"application\/ld+json\" class=\"yoast-schema-graph\">{\"@context\":\"https:\/\/schema.org\",\"@graph\":[{\"@type\":\"Article\",\"@id\":\"https:\/\/footdavant.fr\/actualites\/barcelone-se-retire-de-la-course-a-mason-greenwood\/#article\",\"isPartOf\":{\"@id\":\"https:\/\/footdavant.fr\/actualites\/barcelone-se-retire-de-la-course-a-mason-greenwood\/\"},\"author\":{\"name\":\"Cl\u00e9ment\",\"@id\":\"https:\/\/footdavant.fr\/actualites\/#\/schema\/person\/bc222566d95871b37e597b3ed3ba5e1d\"},\"headline\":\"Barcelone se retire de la course \u00e0 Mason Greenwood\",\"datePublished\":\"2024-03-21T16:49:35+00:00\",\"dateModified\":\"2024-03-21T16:49:36+00:00\",\"mainEntityOfPage\":{\"@id\":\"https:\/\/footdavant.fr\/actualites\/barcelone-se-retire-de-la-course-a-mason-greenwood\/\"},\"wordCount\":492,\"publisher\":{\"@id\":\"https:\/\/footdavant.fr\/actualites\/#organization\"},\"keywords\":[\"Barcelone\",\"Greenwood\",\"Mason\",\"retire\"],\"articleSection\":[\"Premier League\"],\"inLanguage\":\"fr-FR\"},{\"@type\":\"WebPage\",\"@id\":\"https:\/\/footdavant.fr\/actualites\/barcelone-se-retire-de-la-course-a-mason-greenwood\/\",\"url\":\"https:\/\/footdavant.fr\/actualites\/barcelone-se-retire-de-la-course-a-mason-greenwood\/\",\"name\":\"Barcelone se retire de la course \u00e0 Mason Greenwood\",\"isPartOf\":{\"@id\":\"https:\/\/footdavant.fr\/actualites\/#website\"},\"datePublished\":\"2024-03-21T16:49:35+00:00\",\"dateModified\":\"2024-03-21T16:49:36+00:00\",\"breadcrumb\":{\"@id\":\"https:\/\/footdavant.fr\/actualites\/barcelone-se-retire-de-la-course-a-mason-greenwood\/#breadcrumb\"},\"inLanguage\":\"fr-FR\",\"potentialAction\":[{\"@type\":\"ReadAction\",\"target\":[\"https:\/\/footdavant.fr\/actualites\/barcelone-se-retire-de-la-course-a-mason-greenwood\/\"]}]},{\"@type\":\"BreadcrumbList\",\"@id\":\"https:\/\/footdavant.fr\/actualites\/barcelone-se-retire-de-la-course-a-mason-greenwood\/#breadcrumb\",\"itemListElement\":[{\"@type\":\"ListItem\",\"position\":1,\"name\":\"Accueil\",\"item\":\"https:\/\/footdavant.fr\/actualites\/\"},{\"@type\":\"ListItem\",\"position\":2,\"name\":\"Barcelone se retire de la course \u00e0 Mason Greenwood\"}]},{\"@type\":\"WebSite\",\"@id\":\"https:\/\/footdavant.fr\/actualites\/#website\",\"url\":\"https:\/\/footdavant.fr\/actualites\/\",\"name\":\"Foot d'avant\",\"description\":\"\",\"publisher\":{\"@id\":\"https:\/\/footdavant.fr\/actualites\/#organization\"},\"potentialAction\":[{\"@type\":\"SearchAction\",\"target\":{\"@type\":\"EntryPoint\",\"urlTemplate\":\"https:\/\/footdavant.fr\/actualites\/?s={search_term_string}\"},\"query-input\":\"required name=search_term_string\"}],\"inLanguage\":\"fr-FR\"},{\"@type\":\"Organization\",\"@id\":\"https:\/\/footdavant.fr\/actualites\/#organization\",\"name\":\"Foot d'avant\",\"url\":\"https:\/\/footdavant.fr\/actualites\/\",\"logo\":{\"@type\":\"ImageObject\",\"inLanguage\":\"fr-FR\",\"@id\":\"https:\/\/footdavant.fr\/actualites\/#\/schema\/logo\/image\/\",\"url\":\"https:\/\/footdavant.fr\/actualites\/wp-content\/uploads\/2023\/09\/Copy-of-FootDavant-Logo.png\",\"contentUrl\":\"https:\/\/footdavant.fr\/actualites\/wp-content\/uploads\/2023\/09\/Copy-of-FootDavant-Logo.png\",\"width\":936,\"height\":549,\"caption\":\"Foot d'avant\"},\"image\":{\"@id\":\"https:\/\/footdavant.fr\/actualites\/#\/schema\/logo\/image\/\"},\"sameAs\":[\"https:\/\/www.facebook.com\/Footdavant\/\",\"https:\/\/twitter.com\/FootdavantFr\",\"https:\/\/www.instagram.com\/footdavant.fr\/\"]},{\"@type\":\"Person\",\"@id\":\"https:\/\/footdavant.fr\/actualites\/#\/schema\/person\/bc222566d95871b37e597b3ed3ba5e1d\",\"name\":\"Cl\u00e9ment\",\"image\":{\"@type\":\"ImageObject\",\"inLanguage\":\"fr-FR\",\"@id\":\"https:\/\/footdavant.fr\/actualites\/#\/schema\/person\/image\/\",\"url\":\"https:\/\/secure.gravatar.com\/avatar\/7728b29aac2719421e1a9159b2254c44?s=96&d=mm&r=g\",\"contentUrl\":\"https:\/\/secure.gravatar.com\/avatar\/7728b29aac2719421e1a9159b2254c44?s=96&d=mm&r=g\",\"caption\":\"Cl\u00e9ment\"},\"sameAs\":[\"https:\/\/footdavant.fr\/\"]}]}<\/script>\n<!-- \/ Yoast SEO plugin. -->","yoast_head_json":{"title":"Barcelone se retire de la course \u00e0 Mason Greenwood","robots":{"index":"index","follow":"follow","max-snippet":"max-snippet:-1","max-image-preview":"max-image-preview:large","max-video-preview":"max-video-preview:-1"},"canonical":"https:\/\/footdavant.fr\/actualites\/barcelone-se-retire-de-la-course-a-mason-greenwood\/","og_locale":"fr_FR","og_type":"article","og_title":"Barcelone se retire de la course \u00e0 Mason Greenwood","og_description":"Barcelone ne serait plus dans la course pour l&rsquo;attaquant de Manchester United Mason Greenwood cet \u00e9t\u00e9, les Red Devils cherchant toujours \u00e0 se d\u00e9barrasser du","og_url":"https:\/\/footdavant.fr\/actualites\/barcelone-se-retire-de-la-course-a-mason-greenwood\/","og_site_name":"Foot d&#039;avant","article_publisher":"https:\/\/www.facebook.com\/Footdavant\/","article_published_time":"2024-03-21T16:49:35+00:00","article_modified_time":"2024-03-21T16:49:36+00:00","og_image":[{"width":640,"height":480,"url":"https:\/\/footdavant.fr\/actualites\/wp-content\/uploads\/2024\/03\/Barcelone-se-retire-de-la-course-a-Mason-Greenwood.JPG","type":"image\/jpeg"}],"author":"Cl\u00e9ment","twitter_card":"summary_large_image","twitter_creator":"@FootdavantFr","twitter_site":"@FootdavantFr","twitter_misc":{"\u00c9crit par":"Cl\u00e9ment","Dur\u00e9e de lecture estim\u00e9e":"2 minutes"},"schema":{"@context":"https:\/\/schema.org","@graph":[{"@type":"Article","@id":"https:\/\/footdavant.fr\/actualites\/barcelone-se-retire-de-la-course-a-mason-greenwood\/#article","isPartOf":{"@id":"https:\/\/footdavant.fr\/actualites\/barcelone-se-retire-de-la-course-a-mason-greenwood\/"},"author":{"name":"Cl\u00e9ment","@id":"https:\/\/footdavant.fr\/actualites\/#\/schema\/person\/bc222566d95871b37e597b3ed3ba5e1d"},"headline":"Barcelone se retire de la course \u00e0 Mason Greenwood","datePublished":"2024-03-21T16:49:35+00:00","dateModified":"2024-03-21T16:49:36+00:00","mainEntityOfPage":{"@id":"https:\/\/footdavant.fr\/actualites\/barcelone-se-retire-de-la-course-a-mason-greenwood\/"},"wordCount":492,"publisher":{"@id":"https:\/\/footdavant.fr\/actualites\/#organization"},"keywords":["Barcelone","Greenwood","Mason","retire"],"articleSection":["Premier League"],"inLanguage":"fr-FR"},{"@type":"WebPage","@id":"https:\/\/footdavant.fr\/actualites\/barcelone-se-retire-de-la-course-a-mason-greenwood\/","url":"https:\/\/footdavant.fr\/actualites\/barcelone-se-retire-de-la-course-a-mason-greenwood\/","name":"Barcelone se retire de la course \u00e0 Mason Greenwood","isPartOf":{"@id":"https:\/\/footdavant.fr\/actualites\/#website"},"datePublished":"2024-03-21T16:49:35+00:00","dateModified":"2024-03-21T16:49:36+00:00","breadcrumb":{"@id":"https:\/\/footdavant.fr\/actualites\/barcelone-se-retire-de-la-course-a-mason-greenwood\/#breadcrumb"},"inLanguage":"fr-FR","potentialAction":[{"@type":"ReadAction","target":["https:\/\/footdavant.fr\/actualites\/barcelone-se-retire-de-la-course-a-mason-greenwood\/"]}]},{"@type":"BreadcrumbList","@id":"https:\/\/footdavant.fr\/actualites\/barcelone-se-retire-de-la-course-a-mason-greenwood\/#breadcrumb","itemListElement":[{"@type":"ListItem","position":1,"name":"Accueil","item":"https:\/\/footdavant.fr\/actualites\/"},{"@type":"ListItem","position":2,"name":"Barcelone se retire de la course \u00e0 Mason Greenwood"}]},{"@type":"WebSite","@id":"https:\/\/footdavant.fr\/actualites\/#website","url":"https:\/\/footdavant.fr\/actualites\/","name":"Foot d'avant","description":"","publisher":{"@id":"https:\/\/footdavant.fr\/actualites\/#organization"},"potentialAction":[{"@type":"SearchAction","target":{"@type":"EntryPoint","urlTemplate":"https:\/\/footdavant.fr\/actualites\/?s={search_term_string}"},"query-input":"required name=search_term_string"}],"inLanguage":"fr-FR"},{"@type":"Organization","@id":"https:\/\/footdavant.fr\/actualites\/#organization","name":"Foot d'avant","url":"https:\/\/footdavant.fr\/actualites\/","logo":{"@type":"ImageObject","inLanguage":"fr-FR","@id":"https:\/\/footdavant.fr\/actualites\/#\/schema\/logo\/image\/","url":"https:\/\/footdavant.fr\/actualites\/wp-content\/uploads\/2023\/09\/Copy-of-FootDavant-Logo.png","contentUrl":"https:\/\/footdavant.fr\/actualites\/wp-content\/uploads\/2023\/09\/Copy-of-FootDavant-Logo.png","width":936,"height":549,"caption":"Foot d'avant"},"image":{"@id":"https:\/\/footdavant.fr\/actualites\/#\/schema\/logo\/image\/"},"sameAs":["https:\/\/www.facebook.com\/Footdavant\/","https:\/\/twitter.com\/FootdavantFr","https:\/\/www.instagram.com\/footdavant.fr\/"]},{"@type":"Person","@id":"https:\/\/footdavant.fr\/actualites\/#\/schema\/person\/bc222566d95871b37e597b3ed3ba5e1d","name":"Cl\u00e9ment","image":{"@type":"ImageObject","inLanguage":"fr-FR","@id":"https:\/\/footdavant.fr\/actualites\/#\/schema\/person\/image\/","url":"https:\/\/secure.gravatar.com\/avatar\/7728b29aac2719421e1a9159b2254c44?s=96&d=mm&r=g","contentUrl":"https:\/\/secure.gravatar.com\/avatar\/7728b29aac2719421e1a9159b2254c44?s=96&d=mm&r=g","caption":"Cl\u00e9ment"},"sameAs":["https:\/\/footdavant.fr\/"]}]}},"_links":{"self":[{"href":"https:\/\/footdavant.fr\/actualites\/wp-json\/wp\/v2\/posts\/6514"}],"collection":[{"href":"https:\/\/footdavant.fr\/actualites\/wp-json\/wp\/v2\/posts"}],"about":[{"href":"https:\/\/footdavant.fr\/actualites\/wp-json\/wp\/v2\/types\/post"}],"author":[{"embeddable":true,"href":"https:\/\/footdavant.fr\/actualites\/wp-json\/wp\/v2\/users\/1"}],"replies":[{"embeddable":true,"href":"https:\/\/footdavant.fr\/actualites\/wp-json\/wp\/v2\/comments?post=6514"}],"version-history":[{"count":1,"href":"https:\/\/footdavant.fr\/actualites\/wp-json\/wp\/v2\/posts\/6514\/revisions"}],"predecessor-version":[{"id":6516,"href":"https:\/\/footdavant.fr\/actualites\/wp-json\/wp\/v2\/posts\/6514\/revisions\/6516"}],"wp:featuredmedia":[{"embeddable":true,"href":"https:\/\/footdavant.fr\/actualites\/wp-json\/wp\/v2\/media\/6515"}],"wp:attachment":[{"href":"https:\/\/footdavant.fr\/actualites\/wp-json\/wp\/v2\/media?parent=6514"}],"wp:term":[{"taxonomy":"category","embeddable":true,"href":"https:\/\/footdavant.fr\/actualites\/wp-json\/wp\/v2\/categories?post=6514"},{"taxonomy":"post_tag","embeddable":true,"href":"https:\/\/footdavant.fr\/actualites\/wp-json\/wp\/v2\/tags?post=6514"}],"curies":[{"name":"wp","href":"https:\/\/api.w.org\/{rel}","templated":true}]}}