{"id":6517,"date":"2024-03-21T19:49:05","date_gmt":"2024-03-21T18:49:05","guid":{"rendered":"https:\/\/footdavant.fr\/actualites\/fabrizio-romano-leve-desormais-le-voile-sur-une-autre-sortie-potentielle-de-liverpool\/"},"modified":"2024-03-21T19:49:07","modified_gmt":"2024-03-21T18:49:07","slug":"fabrizio-romano-leve-desormais-le-voile-sur-une-autre-sortie-potentielle-de-liverpool","status":"publish","type":"post","link":"https:\/\/footdavant.fr\/actualites\/fabrizio-romano-leve-desormais-le-voile-sur-une-autre-sortie-potentielle-de-liverpool\/","title":{"rendered":"Fabrizio Romano l\u00e8ve d\u00e9sormais le voile sur une autre sortie potentielle de Liverpool"},"content":{"rendered":"<p><\/p>\n<div id=\"article-body\">\n<!-- Article Start --><\/p>\n<p>Le journaliste du Guardian s&rsquo;est rendu sur X (anciennement Twitter) cet apr\u00e8s-midi pour confirmer que les Reds n&rsquo;avaient pas encore \u00e9t\u00e9 approch\u00e9s par le PSG pour leur joueur colombien.<\/p>\n<blockquote class=\"twitter-lazy tweet-img lazyload\" data-width=\"500\" data-dnt=\"true\">\n<p lang=\"en\" dir=\"ltr\">\ud83d\udd34\ud83c\udde8\ud83c\uddf4 Liverpool n&rsquo;a pas \u00e9t\u00e9 approch\u00e9 par le Paris Saint-Germain pour Luis D\u00edaz jusqu&rsquo;\u00e0 pr\u00e9sent, aucune n\u00e9gociation ou pourparlers n&rsquo;a lieu.<a rel=\"nofollow\" href=\"https:\/\/twitter.com\/hashtag\/LFC?src=hash&amp;ref_src=twsrc%5Etfw\">#LFC<\/a> ne montrant aucun d\u00e9sir ni aucun projet de vendre D\u00edaz, consid\u00e9r\u00e9 comme un joueur cl\u00e9.<\/p>\n<p>Le PSG a des priorit\u00e9s diff\u00e9rentes et ne travaille actuellement pas sur un accord avec Luis D\u00edaz. <a rel=\"nofollow\" href=\"https:\/\/t.co\/2AvMwYtkuz\">pic.twitter.com\/2AvMwYtkuz<\/a><\/p>\n<p>-Fabrizio Romano (@FabrizioRomano) <a rel=\"nofollow\" href=\"https:\/\/twitter.com\/FabrizioRomano\/status\/1770817223919047144?ref_src=twsrc%5Etfw\">21 mars 2024<\/a><\/p>\n<\/blockquote>\n<p>Cela fait suite \u00e0 un rapport de Santi Aouna de Foot Mercato affirmant que l&rsquo;\u00e9quipe fran\u00e7aise avait d\u00e9j\u00e0 pris contact avec l&rsquo;entourage du joueur de 27 ans.<\/p>\n<\/p>\n<p><iframe class=\"lazyload\" style=\"border-radius: 12px\" width=\"100%\" height=\"152\" title=\"Spotify Embed: #Ep104 of The Empire of the Kop Podcast: EOTK Insider with Neil Jones\ud83c\udf99\ufe0f\" frameborder=\"0\" allowfullscreen=\"\" allow=\"autoplay; clipboard-write; encrypted-media; fullscreen; picture-in-picture\" data-src=\"https:\/\/open.spotify.com\/embed\/episode\/4DU30pxz7loE4WTmO52PVc?si=RrMQZ__VQrqvguiJ4xikQg&amp;utm_source=oembed\"><\/iframe><\/p>\n<\/p>\n<h2>Luis Diaz reste attach\u00e9 \u00e0 Liverpool<\/h2>\n<p>M\u00eame si le PSG avait souhait\u00e9 ajouter Diaz \u00e0 ses rangs, il serait audacieux de supposer que l&rsquo;ancien joueur du FC Porto serait pr\u00eat \u00e0 quitter le navire.<\/p>\n<p>M\u00eame en tenant compte du d\u00e9part imminent de Jurgen Klopp, l&rsquo;ailier gauche se retrouve dans l&rsquo;une des jeunes \u00e9quipes les plus excitantes d&rsquo;Europe.<\/p>\n<p>Ajoutez \u00e0 cela un nouveau manager tr\u00e8s talentueux et \u00e9nergique cet \u00e9t\u00e9 et nous serions surpris si quelqu&rsquo;un \u00e9tait plus qu&rsquo;heureux de suivre notre affable tacticien allemand \u00e0 l&rsquo;ext\u00e9rieur.<\/p>\n<p>Diaz reste sur place jusqu&rsquo;\u00e0 nouvel ordre \u2013 attendez-vous \u00e0 la m\u00eame chose de la plupart, sinon de la totalit\u00e9, de ses coll\u00e8gues d&rsquo;Anfield.<\/p>\n<\/p>\n<p><span class=\"embed-youtube\" style=\"text-align:center; display: block;\"><\/span><\/p>\n<\/p>\n<p><!-- Article End -->\t\t\t\t<\/div>\n<p><script async src=\"https:\/\/platform.twitter.com\/widgets.js\" charset=\"utf-8\"><\/script><script async src=\"\/\/www.instagram.com\/embed.js\"><\/script><\/p>\n","protected":false},"excerpt":{"rendered":"<p>Le journaliste du Guardian s&rsquo;est rendu sur X (anciennement Twitter) cet apr\u00e8s-midi pour confirmer que les Reds n&rsquo;avaient pas encore \u00e9t\u00e9 approch\u00e9s par le PSG<\/p>\n","protected":false},"author":1,"featured_media":6518,"comment_status":"closed","ping_status":"","sticky":false,"template":"","format":"standard","meta":{"footnotes":""},"categories":[3],"tags":[777,1564,1113,4209,53,392,1114,1263,103,92,4210],"yoast_head":"<!-- This site is optimized with the Yoast SEO plugin v21.0 - https:\/\/yoast.com\/wordpress\/plugins\/seo\/ -->\n<title>Fabrizio Romano l\u00e8ve d\u00e9sormais le voile sur une autre sortie potentielle de Liverpool<\/title>\n<meta name=\"robots\" content=\"index, follow, max-snippet:-1, max-image-preview:large, max-video-preview:-1\" \/>\n<link rel=\"canonical\" href=\"https:\/\/footdavant.fr\/actualites\/fabrizio-romano-leve-desormais-le-voile-sur-une-autre-sortie-potentielle-de-liverpool\/\" \/>\n<meta property=\"og:locale\" content=\"fr_FR\" \/>\n<meta property=\"og:type\" content=\"article\" \/>\n<meta property=\"og:title\" content=\"Fabrizio Romano l\u00e8ve d\u00e9sormais le voile sur une autre sortie potentielle de Liverpool\" \/>\n<meta property=\"og:description\" content=\"Le journaliste du Guardian s&rsquo;est rendu sur X (anciennement Twitter) cet apr\u00e8s-midi pour confirmer que les Reds n&rsquo;avaient pas encore \u00e9t\u00e9 approch\u00e9s par le PSG\" \/>\n<meta property=\"og:url\" content=\"https:\/\/footdavant.fr\/actualites\/fabrizio-romano-leve-desormais-le-voile-sur-une-autre-sortie-potentielle-de-liverpool\/\" \/>\n<meta property=\"og:site_name\" content=\"Foot d&#039;avant\" \/>\n<meta property=\"article:publisher\" content=\"https:\/\/www.facebook.com\/Footdavant\/\" \/>\n<meta property=\"article:published_time\" content=\"2024-03-21T18:49:05+00:00\" \/>\n<meta property=\"article:modified_time\" content=\"2024-03-21T18:49:07+00:00\" \/>\n<meta property=\"og:image\" content=\"https:\/\/footdavant.fr\/actualites\/wp-content\/uploads\/2024\/03\/Fabrizio-Romano-leve-desormais-le-voile-sur-une-autre-sortie.jpg\" \/>\n\t<meta property=\"og:image:width\" content=\"1700\" \/>\n\t<meta property=\"og:image:height\" content=\"968\" \/>\n\t<meta property=\"og:image:type\" content=\"image\/jpeg\" \/>\n<meta name=\"author\" content=\"Cl\u00e9ment\" \/>\n<meta name=\"twitter:card\" content=\"summary_large_image\" \/>\n<meta name=\"twitter:creator\" content=\"@FootdavantFr\" \/>\n<meta name=\"twitter:site\" content=\"@FootdavantFr\" \/>\n<meta name=\"twitter:label1\" content=\"\u00c9crit par\" \/>\n\t<meta name=\"twitter:data1\" content=\"Cl\u00e9ment\" \/>\n\t<meta name=\"twitter:label2\" content=\"Dur\u00e9e de lecture estim\u00e9e\" \/>\n\t<meta name=\"twitter:data2\" content=\"1 minute\" \/>\n<script type=\"application\/ld+json\" class=\"yoast-schema-graph\">{\"@context\":\"https:\/\/schema.org\",\"@graph\":[{\"@type\":\"Article\",\"@id\":\"https:\/\/footdavant.fr\/actualites\/fabrizio-romano-leve-desormais-le-voile-sur-une-autre-sortie-potentielle-de-liverpool\/#article\",\"isPartOf\":{\"@id\":\"https:\/\/footdavant.fr\/actualites\/fabrizio-romano-leve-desormais-le-voile-sur-une-autre-sortie-potentielle-de-liverpool\/\"},\"author\":{\"name\":\"Cl\u00e9ment\",\"@id\":\"https:\/\/footdavant.fr\/actualites\/#\/schema\/person\/bc222566d95871b37e597b3ed3ba5e1d\"},\"headline\":\"Fabrizio Romano l\u00e8ve d\u00e9sormais le voile sur une autre sortie potentielle de Liverpool\",\"datePublished\":\"2024-03-21T18:49:05+00:00\",\"dateModified\":\"2024-03-21T18:49:07+00:00\",\"mainEntityOfPage\":{\"@id\":\"https:\/\/footdavant.fr\/actualites\/fabrizio-romano-leve-desormais-le-voile-sur-une-autre-sortie-potentielle-de-liverpool\/\"},\"wordCount\":255,\"publisher\":{\"@id\":\"https:\/\/footdavant.fr\/actualites\/#organization\"},\"keywords\":[\"autre\",\"d\u00e9sormais\",\"Fabrizio\",\"l\u00e8ve\",\"Liverpool\",\"potentielle\",\"Romano\",\"sortie\",\"sur\",\"une\",\"voile\"],\"articleSection\":[\"Football\"],\"inLanguage\":\"fr-FR\"},{\"@type\":\"WebPage\",\"@id\":\"https:\/\/footdavant.fr\/actualites\/fabrizio-romano-leve-desormais-le-voile-sur-une-autre-sortie-potentielle-de-liverpool\/\",\"url\":\"https:\/\/footdavant.fr\/actualites\/fabrizio-romano-leve-desormais-le-voile-sur-une-autre-sortie-potentielle-de-liverpool\/\",\"name\":\"Fabrizio Romano l\u00e8ve d\u00e9sormais le voile sur une autre sortie potentielle de Liverpool\",\"isPartOf\":{\"@id\":\"https:\/\/footdavant.fr\/actualites\/#website\"},\"datePublished\":\"2024-03-21T18:49:05+00:00\",\"dateModified\":\"2024-03-21T18:49:07+00:00\",\"breadcrumb\":{\"@id\":\"https:\/\/footdavant.fr\/actualites\/fabrizio-romano-leve-desormais-le-voile-sur-une-autre-sortie-potentielle-de-liverpool\/#breadcrumb\"},\"inLanguage\":\"fr-FR\",\"potentialAction\":[{\"@type\":\"ReadAction\",\"target\":[\"https:\/\/footdavant.fr\/actualites\/fabrizio-romano-leve-desormais-le-voile-sur-une-autre-sortie-potentielle-de-liverpool\/\"]}]},{\"@type\":\"BreadcrumbList\",\"@id\":\"https:\/\/footdavant.fr\/actualites\/fabrizio-romano-leve-desormais-le-voile-sur-une-autre-sortie-potentielle-de-liverpool\/#breadcrumb\",\"itemListElement\":[{\"@type\":\"ListItem\",\"position\":1,\"name\":\"Accueil\",\"item\":\"https:\/\/footdavant.fr\/actualites\/\"},{\"@type\":\"ListItem\",\"position\":2,\"name\":\"Fabrizio Romano l\u00e8ve d\u00e9sormais le voile sur une autre sortie potentielle de Liverpool\"}]},{\"@type\":\"WebSite\",\"@id\":\"https:\/\/footdavant.fr\/actualites\/#website\",\"url\":\"https:\/\/footdavant.fr\/actualites\/\",\"name\":\"Foot d'avant\",\"description\":\"\",\"publisher\":{\"@id\":\"https:\/\/footdavant.fr\/actualites\/#organization\"},\"potentialAction\":[{\"@type\":\"SearchAction\",\"target\":{\"@type\":\"EntryPoint\",\"urlTemplate\":\"https:\/\/footdavant.fr\/actualites\/?s={search_term_string}\"},\"query-input\":\"required name=search_term_string\"}],\"inLanguage\":\"fr-FR\"},{\"@type\":\"Organization\",\"@id\":\"https:\/\/footdavant.fr\/actualites\/#organization\",\"name\":\"Foot d'avant\",\"url\":\"https:\/\/footdavant.fr\/actualites\/\",\"logo\":{\"@type\":\"ImageObject\",\"inLanguage\":\"fr-FR\",\"@id\":\"https:\/\/footdavant.fr\/actualites\/#\/schema\/logo\/image\/\",\"url\":\"https:\/\/footdavant.fr\/actualites\/wp-content\/uploads\/2023\/09\/Copy-of-FootDavant-Logo.png\",\"contentUrl\":\"https:\/\/footdavant.fr\/actualites\/wp-content\/uploads\/2023\/09\/Copy-of-FootDavant-Logo.png\",\"width\":936,\"height\":549,\"caption\":\"Foot d'avant\"},\"image\":{\"@id\":\"https:\/\/footdavant.fr\/actualites\/#\/schema\/logo\/image\/\"},\"sameAs\":[\"https:\/\/www.facebook.com\/Footdavant\/\",\"https:\/\/twitter.com\/FootdavantFr\",\"https:\/\/www.instagram.com\/footdavant.fr\/\"]},{\"@type\":\"Person\",\"@id\":\"https:\/\/footdavant.fr\/actualites\/#\/schema\/person\/bc222566d95871b37e597b3ed3ba5e1d\",\"name\":\"Cl\u00e9ment\",\"image\":{\"@type\":\"ImageObject\",\"inLanguage\":\"fr-FR\",\"@id\":\"https:\/\/footdavant.fr\/actualites\/#\/schema\/person\/image\/\",\"url\":\"https:\/\/secure.gravatar.com\/avatar\/7728b29aac2719421e1a9159b2254c44?s=96&d=mm&r=g\",\"contentUrl\":\"https:\/\/secure.gravatar.com\/avatar\/7728b29aac2719421e1a9159b2254c44?s=96&d=mm&r=g\",\"caption\":\"Cl\u00e9ment\"},\"sameAs\":[\"https:\/\/footdavant.fr\/\"]}]}<\/script>\n<!-- \/ Yoast SEO plugin. -->","yoast_head_json":{"title":"Fabrizio Romano l\u00e8ve d\u00e9sormais le voile sur une autre sortie potentielle de Liverpool","robots":{"index":"index","follow":"follow","max-snippet":"max-snippet:-1","max-image-preview":"max-image-preview:large","max-video-preview":"max-video-preview:-1"},"canonical":"https:\/\/footdavant.fr\/actualites\/fabrizio-romano-leve-desormais-le-voile-sur-une-autre-sortie-potentielle-de-liverpool\/","og_locale":"fr_FR","og_type":"article","og_title":"Fabrizio Romano l\u00e8ve d\u00e9sormais le voile sur une autre sortie potentielle de Liverpool","og_description":"Le journaliste du Guardian s&rsquo;est rendu sur X (anciennement Twitter) cet apr\u00e8s-midi pour confirmer que les Reds n&rsquo;avaient pas encore \u00e9t\u00e9 approch\u00e9s par le PSG","og_url":"https:\/\/footdavant.fr\/actualites\/fabrizio-romano-leve-desormais-le-voile-sur-une-autre-sortie-potentielle-de-liverpool\/","og_site_name":"Foot d&#039;avant","article_publisher":"https:\/\/www.facebook.com\/Footdavant\/","article_published_time":"2024-03-21T18:49:05+00:00","article_modified_time":"2024-03-21T18:49:07+00:00","og_image":[{"width":1700,"height":968,"url":"https:\/\/footdavant.fr\/actualites\/wp-content\/uploads\/2024\/03\/Fabrizio-Romano-leve-desormais-le-voile-sur-une-autre-sortie.jpg","type":"image\/jpeg"}],"author":"Cl\u00e9ment","twitter_card":"summary_large_image","twitter_creator":"@FootdavantFr","twitter_site":"@FootdavantFr","twitter_misc":{"\u00c9crit par":"Cl\u00e9ment","Dur\u00e9e de lecture estim\u00e9e":"1 minute"},"schema":{"@context":"https:\/\/schema.org","@graph":[{"@type":"Article","@id":"https:\/\/footdavant.fr\/actualites\/fabrizio-romano-leve-desormais-le-voile-sur-une-autre-sortie-potentielle-de-liverpool\/#article","isPartOf":{"@id":"https:\/\/footdavant.fr\/actualites\/fabrizio-romano-leve-desormais-le-voile-sur-une-autre-sortie-potentielle-de-liverpool\/"},"author":{"name":"Cl\u00e9ment","@id":"https:\/\/footdavant.fr\/actualites\/#\/schema\/person\/bc222566d95871b37e597b3ed3ba5e1d"},"headline":"Fabrizio Romano l\u00e8ve d\u00e9sormais le voile sur une autre sortie potentielle de Liverpool","datePublished":"2024-03-21T18:49:05+00:00","dateModified":"2024-03-21T18:49:07+00:00","mainEntityOfPage":{"@id":"https:\/\/footdavant.fr\/actualites\/fabrizio-romano-leve-desormais-le-voile-sur-une-autre-sortie-potentielle-de-liverpool\/"},"wordCount":255,"publisher":{"@id":"https:\/\/footdavant.fr\/actualites\/#organization"},"keywords":["autre","d\u00e9sormais","Fabrizio","l\u00e8ve","Liverpool","potentielle","Romano","sortie","sur","une","voile"],"articleSection":["Football"],"inLanguage":"fr-FR"},{"@type":"WebPage","@id":"https:\/\/footdavant.fr\/actualites\/fabrizio-romano-leve-desormais-le-voile-sur-une-autre-sortie-potentielle-de-liverpool\/","url":"https:\/\/footdavant.fr\/actualites\/fabrizio-romano-leve-desormais-le-voile-sur-une-autre-sortie-potentielle-de-liverpool\/","name":"Fabrizio Romano l\u00e8ve d\u00e9sormais le voile sur une autre sortie potentielle de Liverpool","isPartOf":{"@id":"https:\/\/footdavant.fr\/actualites\/#website"},"datePublished":"2024-03-21T18:49:05+00:00","dateModified":"2024-03-21T18:49:07+00:00","breadcrumb":{"@id":"https:\/\/footdavant.fr\/actualites\/fabrizio-romano-leve-desormais-le-voile-sur-une-autre-sortie-potentielle-de-liverpool\/#breadcrumb"},"inLanguage":"fr-FR","potentialAction":[{"@type":"ReadAction","target":["https:\/\/footdavant.fr\/actualites\/fabrizio-romano-leve-desormais-le-voile-sur-une-autre-sortie-potentielle-de-liverpool\/"]}]},{"@type":"BreadcrumbList","@id":"https:\/\/footdavant.fr\/actualites\/fabrizio-romano-leve-desormais-le-voile-sur-une-autre-sortie-potentielle-de-liverpool\/#breadcrumb","itemListElement":[{"@type":"ListItem","position":1,"name":"Accueil","item":"https:\/\/footdavant.fr\/actualites\/"},{"@type":"ListItem","position":2,"name":"Fabrizio Romano l\u00e8ve d\u00e9sormais le voile sur une autre sortie potentielle de Liverpool"}]},{"@type":"WebSite","@id":"https:\/\/footdavant.fr\/actualites\/#website","url":"https:\/\/footdavant.fr\/actualites\/","name":"Foot d'avant","description":"","publisher":{"@id":"https:\/\/footdavant.fr\/actualites\/#organization"},"potentialAction":[{"@type":"SearchAction","target":{"@type":"EntryPoint","urlTemplate":"https:\/\/footdavant.fr\/actualites\/?s={search_term_string}"},"query-input":"required name=search_term_string"}],"inLanguage":"fr-FR"},{"@type":"Organization","@id":"https:\/\/footdavant.fr\/actualites\/#organization","name":"Foot d'avant","url":"https:\/\/footdavant.fr\/actualites\/","logo":{"@type":"ImageObject","inLanguage":"fr-FR","@id":"https:\/\/footdavant.fr\/actualites\/#\/schema\/logo\/image\/","url":"https:\/\/footdavant.fr\/actualites\/wp-content\/uploads\/2023\/09\/Copy-of-FootDavant-Logo.png","contentUrl":"https:\/\/footdavant.fr\/actualites\/wp-content\/uploads\/2023\/09\/Copy-of-FootDavant-Logo.png","width":936,"height":549,"caption":"Foot d'avant"},"image":{"@id":"https:\/\/footdavant.fr\/actualites\/#\/schema\/logo\/image\/"},"sameAs":["https:\/\/www.facebook.com\/Footdavant\/","https:\/\/twitter.com\/FootdavantFr","https:\/\/www.instagram.com\/footdavant.fr\/"]},{"@type":"Person","@id":"https:\/\/footdavant.fr\/actualites\/#\/schema\/person\/bc222566d95871b37e597b3ed3ba5e1d","name":"Cl\u00e9ment","image":{"@type":"ImageObject","inLanguage":"fr-FR","@id":"https:\/\/footdavant.fr\/actualites\/#\/schema\/person\/image\/","url":"https:\/\/secure.gravatar.com\/avatar\/7728b29aac2719421e1a9159b2254c44?s=96&d=mm&r=g","contentUrl":"https:\/\/secure.gravatar.com\/avatar\/7728b29aac2719421e1a9159b2254c44?s=96&d=mm&r=g","caption":"Cl\u00e9ment"},"sameAs":["https:\/\/footdavant.fr\/"]}]}},"_links":{"self":[{"href":"https:\/\/footdavant.fr\/actualites\/wp-json\/wp\/v2\/posts\/6517"}],"collection":[{"href":"https:\/\/footdavant.fr\/actualites\/wp-json\/wp\/v2\/posts"}],"about":[{"href":"https:\/\/footdavant.fr\/actualites\/wp-json\/wp\/v2\/types\/post"}],"author":[{"embeddable":true,"href":"https:\/\/footdavant.fr\/actualites\/wp-json\/wp\/v2\/users\/1"}],"replies":[{"embeddable":true,"href":"https:\/\/footdavant.fr\/actualites\/wp-json\/wp\/v2\/comments?post=6517"}],"version-history":[{"count":1,"href":"https:\/\/footdavant.fr\/actualites\/wp-json\/wp\/v2\/posts\/6517\/revisions"}],"predecessor-version":[{"id":6519,"href":"https:\/\/footdavant.fr\/actualites\/wp-json\/wp\/v2\/posts\/6517\/revisions\/6519"}],"wp:featuredmedia":[{"embeddable":true,"href":"https:\/\/footdavant.fr\/actualites\/wp-json\/wp\/v2\/media\/6518"}],"wp:attachment":[{"href":"https:\/\/footdavant.fr\/actualites\/wp-json\/wp\/v2\/media?parent=6517"}],"wp:term":[{"taxonomy":"category","embeddable":true,"href":"https:\/\/footdavant.fr\/actualites\/wp-json\/wp\/v2\/categories?post=6517"},{"taxonomy":"post_tag","embeddable":true,"href":"https:\/\/footdavant.fr\/actualites\/wp-json\/wp\/v2\/tags?post=6517"}],"curies":[{"name":"wp","href":"https:\/\/api.w.org\/{rel}","templated":true}]}}