{"id":6520,"date":"2024-03-21T21:52:03","date_gmt":"2024-03-21T20:52:03","guid":{"rendered":"https:\/\/footdavant.fr\/actualites\/manchester-city-affrontera-barcelone-et-chelsea-lors-de-la-tournee-de-pre-saison-aux-etats-unis-cet-ete\/"},"modified":"2024-03-21T21:52:05","modified_gmt":"2024-03-21T20:52:05","slug":"manchester-city-affrontera-barcelone-et-chelsea-lors-de-la-tournee-de-pre-saison-aux-etats-unis-cet-ete","status":"publish","type":"post","link":"https:\/\/footdavant.fr\/actualites\/manchester-city-affrontera-barcelone-et-chelsea-lors-de-la-tournee-de-pre-saison-aux-etats-unis-cet-ete\/","title":{"rendered":"Manchester City affrontera Barcelone et Chelsea lors de la tourn\u00e9e de pr\u00e9-saison aux \u00c9tats-Unis cet \u00e9t\u00e9"},"content":{"rendered":"<p>Manchester City confirme qu&rsquo;il affrontera Barcelone et Chelsea lors d&rsquo;une tourn\u00e9e de pr\u00e9-saison de quatre matches aux \u00c9tats-Unis en pr\u00e9paration de la saison 2024-25.<\/p>\n<div id=\"article_body\" itemprop=\"articleBody\">\n<h3 class=\"firstPara\">\n<strong class=\"autotag\">Manchester City<\/strong> ont confirm\u00e9 qu&rsquo;ils retourneraient aux \u00c9tats-Unis cet \u00e9t\u00e9 pour une tourn\u00e9e de pr\u00e9-saison en pr\u00e9paration de la saison 2024-25.<\/h3>\n<p>Les Citizens se sont rendus au Texas et au Wisconsin pour affronter respectivement le Club America et le Bayern Munich lors de la tourn\u00e9e de l&rsquo;\u00e9t\u00e9 dernier, quelques mois apr\u00e8s avoir c\u00e9l\u00e9br\u00e9 un tripl\u00e9 historique en Premier League, FA Cup et Ligue des Champions.<\/p>\n<p><strong class=\"autotag\">Pep Guardiola<\/strong>L&rsquo;\u00e9quipe de , qui cherche \u00e0 r\u00e9aliser un double-tripl\u00e9 sans pr\u00e9c\u00e9dent cette saison, a maintenant confirm\u00e9 les dates d&rsquo;une tourn\u00e9e de pr\u00e9-saison de quatre matches aux \u00c9tats-Unis entre juillet et ao\u00fbt qui se d\u00e9roulera en collaboration avec FC Series \u2013 un expansion de la Coupe de Floride.<\/p>\n<p>Man City d\u00e9butera sa tourn\u00e9e en Caroline du Nord avec un affrontement contre les champions de la Premiership \u00e9cossaise <strong class=\"autotag\">celtique<\/strong> au Kenan Stadium, Chapel Hill le 23 juillet.<\/p>\n<p>Ce match repr\u00e9sentera la premi\u00e8re fois que ces deux \u00e9quipes s&rsquo;affronteront depuis la phase de groupes de la Ligue des Champions en 2016, lorsque le Celtic avait jou\u00e9 un match nul 3-3 contre les Citizens \u00e0 Glasgow avant de remporter un point lors d&rsquo;un match nul 1-1 \u00e0 l&rsquo;Etihad. Stade.<\/p>\n<p class=\"imgI\">\n<p>Man City se rendra ensuite au Yankee Stadium \u2013 domicile du club fr\u00e8re <strong class=\"autotag\">New York City FC<\/strong> \u2013 pour affronter les g\u00e9ants de la Serie A <strong class=\"autotag\">AC Milan<\/strong> le 27 juillet, ce match marquant le 10e anniversaire de la derni\u00e8re confrontation des deux \u00e9quipes lors d&rsquo;un match amical de pr\u00e9-saison \u00e0 Pittsburgh, en Pennsylvanie \u2013 Man City s&rsquo;imposant 5-1 \u00e0 cette occasion.<\/p>\n<p>Trois jours plus tard, Guardiola renouera avec son ancien club <strong class=\"autotag\">Barcelone<\/strong> pour une confrontation de pr\u00e9-saison au Camping World Stadium \u00e0 Orlando, en Floride.<\/p>\n<p>Les deux \u00e9quipes se sont rencontr\u00e9es pour la derni\u00e8re fois en ao\u00fbt 2022 lors d&rsquo;un match amical caritatif qui a permis de r\u00e9colter plus de 4 millions d&rsquo;euros en soutien \u00e0 l&rsquo;ancien gardien et entra\u00eeneur du Bar\u00e7a. <strong class=\"autotag\">Juan Carlos Unzu\u00e9<\/strong>\u00e0 qui on a diagnostiqu\u00e9 une scl\u00e9rose lat\u00e9rale amyotrophique, une maladie neurologique d\u00e9g\u00e9n\u00e9rative incurable, en f\u00e9vrier 2020.<\/p>\n<p>Man City conclura sa tourn\u00e9e de pr\u00e9-saison aux \u00c9tats-Unis par un d\u00e9placement au stade de l&rsquo;Ohio, qui compte 100 000 places, pour affronter son compatriote de Premier League. <strong class=\"autotag\">Chelsea<\/strong> le 3 ao\u00fbt.<\/p>\n<p class=\"imgI\"><img decoding=\"async\" loading=\"lazy\" class=\"l\" src=\"https:\/\/footdavant.fr\/actualites\/wp-content\/uploads\/2024\/03\/1711054323_909_Manchester-City-affrontera-Barcelone-et-Chelsea-lors-de-la-tournee.jpg\" title=\"Bernardo Silva de Manchester City c\u00e9l\u00e8bre son deuxi\u00e8me but le 16 mars 2024\" alt=\"Bernardo Silva de Manchester City c\u00e9l\u00e8bre son deuxi\u00e8me but le 16 mars 2024\" width=\"640\" height=\"480\"><\/p>\n<p>\u00ab\u00a0Nous sommes heureux d&rsquo;annoncer aujourd&rsquo;hui les d\u00e9tails de notre tourn\u00e9e de pr\u00e9-saison 2024-25 alors que nous nous pr\u00e9parons \u00e0 retourner en Am\u00e9rique avec une s\u00e9rie passionnante de quatre matchs organis\u00e9e en collaboration avec FC Series cet \u00e9t\u00e9\u00a0\u00bb, a d\u00e9clar\u00e9 le vice-pr\u00e9sident principal des partenariats chez City Football Group. , <strong class=\"autotag\">Peter Laundy<\/strong>dit <em>mancity.com<\/em>.<\/p>\n<p>\u00ab\u00a0Notre visite de pr\u00e9-saison 2022 aux \u00c9tats-Unis a \u00e9t\u00e9 un \u00e9norme succ\u00e8s, notamment notre match \u00e0 guichets ferm\u00e9s au Lambeau Field, \u00e0 Green Bay, et la pr\u00e9sence, la base de fans et le statut du club continuent de cro\u00eetre de mani\u00e8re significative dans la r\u00e9gion.<\/p>\n<p>\u00ab\u00a0Nous sommes impatients de jouer plus de matches, d&rsquo;offrir davantage d&rsquo;exp\u00e9riences uniques et d&rsquo;opportunit\u00e9s \u00e0 nos fans \u00e0 travers le pays de pouvoir profiter avec Manchester City \u00e0 notre retour plus tard cette ann\u00e9e.\u00a0\u00bb<\/p>\n<p><strong class=\"autotag\">Ricardo Villar<\/strong>PDG des FC Series, a ajout\u00e9 : \u00ab Nous sommes fiers et excit\u00e9s de pr\u00e9senter la tourn\u00e9e am\u00e9ricaine des champions du monde dans le cadre des FC Series cet \u00e9t\u00e9. Nous sommes impatients de pr\u00e9senter cette incroyable programmation de matchs aux fans et aux t\u00e9l\u00e9spectateurs de tout le pays. le globe.\u00a0\u00bb<\/p>\n<p>La majorit\u00e9 de l&rsquo;\u00e9quipe de Man City est actuellement en mission internationale et Guardiola esp\u00e8re qu&rsquo;ils reviendront tous indemnes avant leur affrontement \u00e0 succ\u00e8s en Premier League avec son rival pour le titre, Arsenal, \u00e0 l&rsquo;Etihad le 31 mars.<\/p>\n<\/div>\n","protected":false},"excerpt":{"rendered":"<p>Manchester City confirme qu&rsquo;il affrontera Barcelone et Chelsea lors d&rsquo;une tourn\u00e9e de pr\u00e9-saison de quatre matches aux \u00c9tats-Unis en pr\u00e9paration de la saison 2024-25. Manchester<\/p>\n","protected":false},"author":1,"featured_media":6521,"comment_status":"closed","ping_status":"","sticky":false,"template":"","format":"standard","meta":{"footnotes":""},"categories":[5],"tags":[2394,305,130,775,171,27,3394,776,64,11,1517,4211],"yoast_head":"<!-- This site is optimized with the Yoast SEO plugin v21.0 - https:\/\/yoast.com\/wordpress\/plugins\/seo\/ -->\n<title>Manchester City affrontera Barcelone et Chelsea lors de la tourn\u00e9e de pr\u00e9-saison aux \u00c9tats-Unis cet \u00e9t\u00e9<\/title>\n<meta name=\"robots\" content=\"index, follow, max-snippet:-1, max-image-preview:large, max-video-preview:-1\" \/>\n<link rel=\"canonical\" href=\"https:\/\/footdavant.fr\/actualites\/manchester-city-affrontera-barcelone-et-chelsea-lors-de-la-tournee-de-pre-saison-aux-etats-unis-cet-ete\/\" \/>\n<meta property=\"og:locale\" content=\"fr_FR\" \/>\n<meta property=\"og:type\" content=\"article\" \/>\n<meta property=\"og:title\" content=\"Manchester City affrontera Barcelone et Chelsea lors de la tourn\u00e9e de pr\u00e9-saison aux \u00c9tats-Unis cet \u00e9t\u00e9\" \/>\n<meta property=\"og:description\" content=\"Manchester City confirme qu&rsquo;il affrontera Barcelone et Chelsea lors d&rsquo;une tourn\u00e9e de pr\u00e9-saison de quatre matches aux \u00c9tats-Unis en pr\u00e9paration de la saison 2024-25. Manchester\" \/>\n<meta property=\"og:url\" content=\"https:\/\/footdavant.fr\/actualites\/manchester-city-affrontera-barcelone-et-chelsea-lors-de-la-tournee-de-pre-saison-aux-etats-unis-cet-ete\/\" \/>\n<meta property=\"og:site_name\" content=\"Foot d&#039;avant\" \/>\n<meta property=\"article:publisher\" content=\"https:\/\/www.facebook.com\/Footdavant\/\" \/>\n<meta property=\"article:published_time\" content=\"2024-03-21T20:52:03+00:00\" \/>\n<meta property=\"article:modified_time\" content=\"2024-03-21T20:52:05+00:00\" \/>\n<meta property=\"og:image\" content=\"https:\/\/footdavant.fr\/actualites\/wp-content\/uploads\/2024\/03\/Manchester-City-affrontera-Barcelone-et-Chelsea-lors-de-la-tournee.jpg\" \/>\n\t<meta property=\"og:image:width\" content=\"640\" \/>\n\t<meta property=\"og:image:height\" content=\"480\" \/>\n\t<meta property=\"og:image:type\" content=\"image\/jpeg\" \/>\n<meta name=\"author\" content=\"Cl\u00e9ment\" \/>\n<meta name=\"twitter:card\" content=\"summary_large_image\" \/>\n<meta name=\"twitter:creator\" content=\"@FootdavantFr\" \/>\n<meta name=\"twitter:site\" content=\"@FootdavantFr\" \/>\n<meta name=\"twitter:label1\" content=\"\u00c9crit par\" \/>\n\t<meta name=\"twitter:data1\" content=\"Cl\u00e9ment\" \/>\n\t<meta name=\"twitter:label2\" content=\"Dur\u00e9e de lecture estim\u00e9e\" \/>\n\t<meta name=\"twitter:data2\" content=\"3 minutes\" \/>\n<script type=\"application\/ld+json\" class=\"yoast-schema-graph\">{\"@context\":\"https:\/\/schema.org\",\"@graph\":[{\"@type\":\"Article\",\"@id\":\"https:\/\/footdavant.fr\/actualites\/manchester-city-affrontera-barcelone-et-chelsea-lors-de-la-tournee-de-pre-saison-aux-etats-unis-cet-ete\/#article\",\"isPartOf\":{\"@id\":\"https:\/\/footdavant.fr\/actualites\/manchester-city-affrontera-barcelone-et-chelsea-lors-de-la-tournee-de-pre-saison-aux-etats-unis-cet-ete\/\"},\"author\":{\"name\":\"Cl\u00e9ment\",\"@id\":\"https:\/\/footdavant.fr\/actualites\/#\/schema\/person\/bc222566d95871b37e597b3ed3ba5e1d\"},\"headline\":\"Manchester City affrontera Barcelone et Chelsea lors de la tourn\u00e9e de pr\u00e9-saison aux \u00c9tats-Unis cet \u00e9t\u00e9\",\"datePublished\":\"2024-03-21T20:52:03+00:00\",\"dateModified\":\"2024-03-21T20:52:05+00:00\",\"mainEntityOfPage\":{\"@id\":\"https:\/\/footdavant.fr\/actualites\/manchester-city-affrontera-barcelone-et-chelsea-lors-de-la-tournee-de-pre-saison-aux-etats-unis-cet-ete\/\"},\"wordCount\":669,\"publisher\":{\"@id\":\"https:\/\/footdavant.fr\/actualites\/#organization\"},\"keywords\":[\"affrontera\",\"aux\",\"Barcelone\",\"cet\",\"Chelsea\",\"City\",\"\u00c9tatsUnis\",\"\u00e9t\u00e9\",\"lors\",\"Manchester\",\"pr\u00e9saison\",\"tourn\u00e9e\"],\"articleSection\":[\"Premier League\"],\"inLanguage\":\"fr-FR\"},{\"@type\":\"WebPage\",\"@id\":\"https:\/\/footdavant.fr\/actualites\/manchester-city-affrontera-barcelone-et-chelsea-lors-de-la-tournee-de-pre-saison-aux-etats-unis-cet-ete\/\",\"url\":\"https:\/\/footdavant.fr\/actualites\/manchester-city-affrontera-barcelone-et-chelsea-lors-de-la-tournee-de-pre-saison-aux-etats-unis-cet-ete\/\",\"name\":\"Manchester City affrontera Barcelone et Chelsea lors de la tourn\u00e9e de pr\u00e9-saison aux \u00c9tats-Unis cet \u00e9t\u00e9\",\"isPartOf\":{\"@id\":\"https:\/\/footdavant.fr\/actualites\/#website\"},\"datePublished\":\"2024-03-21T20:52:03+00:00\",\"dateModified\":\"2024-03-21T20:52:05+00:00\",\"breadcrumb\":{\"@id\":\"https:\/\/footdavant.fr\/actualites\/manchester-city-affrontera-barcelone-et-chelsea-lors-de-la-tournee-de-pre-saison-aux-etats-unis-cet-ete\/#breadcrumb\"},\"inLanguage\":\"fr-FR\",\"potentialAction\":[{\"@type\":\"ReadAction\",\"target\":[\"https:\/\/footdavant.fr\/actualites\/manchester-city-affrontera-barcelone-et-chelsea-lors-de-la-tournee-de-pre-saison-aux-etats-unis-cet-ete\/\"]}]},{\"@type\":\"BreadcrumbList\",\"@id\":\"https:\/\/footdavant.fr\/actualites\/manchester-city-affrontera-barcelone-et-chelsea-lors-de-la-tournee-de-pre-saison-aux-etats-unis-cet-ete\/#breadcrumb\",\"itemListElement\":[{\"@type\":\"ListItem\",\"position\":1,\"name\":\"Accueil\",\"item\":\"https:\/\/footdavant.fr\/actualites\/\"},{\"@type\":\"ListItem\",\"position\":2,\"name\":\"Manchester City affrontera Barcelone et Chelsea lors de la tourn\u00e9e de pr\u00e9-saison aux \u00c9tats-Unis cet \u00e9t\u00e9\"}]},{\"@type\":\"WebSite\",\"@id\":\"https:\/\/footdavant.fr\/actualites\/#website\",\"url\":\"https:\/\/footdavant.fr\/actualites\/\",\"name\":\"Foot d'avant\",\"description\":\"\",\"publisher\":{\"@id\":\"https:\/\/footdavant.fr\/actualites\/#organization\"},\"potentialAction\":[{\"@type\":\"SearchAction\",\"target\":{\"@type\":\"EntryPoint\",\"urlTemplate\":\"https:\/\/footdavant.fr\/actualites\/?s={search_term_string}\"},\"query-input\":\"required name=search_term_string\"}],\"inLanguage\":\"fr-FR\"},{\"@type\":\"Organization\",\"@id\":\"https:\/\/footdavant.fr\/actualites\/#organization\",\"name\":\"Foot d'avant\",\"url\":\"https:\/\/footdavant.fr\/actualites\/\",\"logo\":{\"@type\":\"ImageObject\",\"inLanguage\":\"fr-FR\",\"@id\":\"https:\/\/footdavant.fr\/actualites\/#\/schema\/logo\/image\/\",\"url\":\"https:\/\/footdavant.fr\/actualites\/wp-content\/uploads\/2023\/09\/Copy-of-FootDavant-Logo.png\",\"contentUrl\":\"https:\/\/footdavant.fr\/actualites\/wp-content\/uploads\/2023\/09\/Copy-of-FootDavant-Logo.png\",\"width\":936,\"height\":549,\"caption\":\"Foot d'avant\"},\"image\":{\"@id\":\"https:\/\/footdavant.fr\/actualites\/#\/schema\/logo\/image\/\"},\"sameAs\":[\"https:\/\/www.facebook.com\/Footdavant\/\",\"https:\/\/twitter.com\/FootdavantFr\",\"https:\/\/www.instagram.com\/footdavant.fr\/\"]},{\"@type\":\"Person\",\"@id\":\"https:\/\/footdavant.fr\/actualites\/#\/schema\/person\/bc222566d95871b37e597b3ed3ba5e1d\",\"name\":\"Cl\u00e9ment\",\"image\":{\"@type\":\"ImageObject\",\"inLanguage\":\"fr-FR\",\"@id\":\"https:\/\/footdavant.fr\/actualites\/#\/schema\/person\/image\/\",\"url\":\"https:\/\/secure.gravatar.com\/avatar\/7728b29aac2719421e1a9159b2254c44?s=96&d=mm&r=g\",\"contentUrl\":\"https:\/\/secure.gravatar.com\/avatar\/7728b29aac2719421e1a9159b2254c44?s=96&d=mm&r=g\",\"caption\":\"Cl\u00e9ment\"},\"sameAs\":[\"https:\/\/footdavant.fr\/\"]}]}<\/script>\n<!-- \/ Yoast SEO plugin. -->","yoast_head_json":{"title":"Manchester City affrontera Barcelone et Chelsea lors de la tourn\u00e9e de pr\u00e9-saison aux \u00c9tats-Unis cet \u00e9t\u00e9","robots":{"index":"index","follow":"follow","max-snippet":"max-snippet:-1","max-image-preview":"max-image-preview:large","max-video-preview":"max-video-preview:-1"},"canonical":"https:\/\/footdavant.fr\/actualites\/manchester-city-affrontera-barcelone-et-chelsea-lors-de-la-tournee-de-pre-saison-aux-etats-unis-cet-ete\/","og_locale":"fr_FR","og_type":"article","og_title":"Manchester City affrontera Barcelone et Chelsea lors de la tourn\u00e9e de pr\u00e9-saison aux \u00c9tats-Unis cet \u00e9t\u00e9","og_description":"Manchester City confirme qu&rsquo;il affrontera Barcelone et Chelsea lors d&rsquo;une tourn\u00e9e de pr\u00e9-saison de quatre matches aux \u00c9tats-Unis en pr\u00e9paration de la saison 2024-25. Manchester","og_url":"https:\/\/footdavant.fr\/actualites\/manchester-city-affrontera-barcelone-et-chelsea-lors-de-la-tournee-de-pre-saison-aux-etats-unis-cet-ete\/","og_site_name":"Foot d&#039;avant","article_publisher":"https:\/\/www.facebook.com\/Footdavant\/","article_published_time":"2024-03-21T20:52:03+00:00","article_modified_time":"2024-03-21T20:52:05+00:00","og_image":[{"width":640,"height":480,"url":"https:\/\/footdavant.fr\/actualites\/wp-content\/uploads\/2024\/03\/Manchester-City-affrontera-Barcelone-et-Chelsea-lors-de-la-tournee.jpg","type":"image\/jpeg"}],"author":"Cl\u00e9ment","twitter_card":"summary_large_image","twitter_creator":"@FootdavantFr","twitter_site":"@FootdavantFr","twitter_misc":{"\u00c9crit par":"Cl\u00e9ment","Dur\u00e9e de lecture estim\u00e9e":"3 minutes"},"schema":{"@context":"https:\/\/schema.org","@graph":[{"@type":"Article","@id":"https:\/\/footdavant.fr\/actualites\/manchester-city-affrontera-barcelone-et-chelsea-lors-de-la-tournee-de-pre-saison-aux-etats-unis-cet-ete\/#article","isPartOf":{"@id":"https:\/\/footdavant.fr\/actualites\/manchester-city-affrontera-barcelone-et-chelsea-lors-de-la-tournee-de-pre-saison-aux-etats-unis-cet-ete\/"},"author":{"name":"Cl\u00e9ment","@id":"https:\/\/footdavant.fr\/actualites\/#\/schema\/person\/bc222566d95871b37e597b3ed3ba5e1d"},"headline":"Manchester City affrontera Barcelone et Chelsea lors de la tourn\u00e9e de pr\u00e9-saison aux \u00c9tats-Unis cet \u00e9t\u00e9","datePublished":"2024-03-21T20:52:03+00:00","dateModified":"2024-03-21T20:52:05+00:00","mainEntityOfPage":{"@id":"https:\/\/footdavant.fr\/actualites\/manchester-city-affrontera-barcelone-et-chelsea-lors-de-la-tournee-de-pre-saison-aux-etats-unis-cet-ete\/"},"wordCount":669,"publisher":{"@id":"https:\/\/footdavant.fr\/actualites\/#organization"},"keywords":["affrontera","aux","Barcelone","cet","Chelsea","City","\u00c9tatsUnis","\u00e9t\u00e9","lors","Manchester","pr\u00e9saison","tourn\u00e9e"],"articleSection":["Premier League"],"inLanguage":"fr-FR"},{"@type":"WebPage","@id":"https:\/\/footdavant.fr\/actualites\/manchester-city-affrontera-barcelone-et-chelsea-lors-de-la-tournee-de-pre-saison-aux-etats-unis-cet-ete\/","url":"https:\/\/footdavant.fr\/actualites\/manchester-city-affrontera-barcelone-et-chelsea-lors-de-la-tournee-de-pre-saison-aux-etats-unis-cet-ete\/","name":"Manchester City affrontera Barcelone et Chelsea lors de la tourn\u00e9e de pr\u00e9-saison aux \u00c9tats-Unis cet \u00e9t\u00e9","isPartOf":{"@id":"https:\/\/footdavant.fr\/actualites\/#website"},"datePublished":"2024-03-21T20:52:03+00:00","dateModified":"2024-03-21T20:52:05+00:00","breadcrumb":{"@id":"https:\/\/footdavant.fr\/actualites\/manchester-city-affrontera-barcelone-et-chelsea-lors-de-la-tournee-de-pre-saison-aux-etats-unis-cet-ete\/#breadcrumb"},"inLanguage":"fr-FR","potentialAction":[{"@type":"ReadAction","target":["https:\/\/footdavant.fr\/actualites\/manchester-city-affrontera-barcelone-et-chelsea-lors-de-la-tournee-de-pre-saison-aux-etats-unis-cet-ete\/"]}]},{"@type":"BreadcrumbList","@id":"https:\/\/footdavant.fr\/actualites\/manchester-city-affrontera-barcelone-et-chelsea-lors-de-la-tournee-de-pre-saison-aux-etats-unis-cet-ete\/#breadcrumb","itemListElement":[{"@type":"ListItem","position":1,"name":"Accueil","item":"https:\/\/footdavant.fr\/actualites\/"},{"@type":"ListItem","position":2,"name":"Manchester City affrontera Barcelone et Chelsea lors de la tourn\u00e9e de pr\u00e9-saison aux \u00c9tats-Unis cet \u00e9t\u00e9"}]},{"@type":"WebSite","@id":"https:\/\/footdavant.fr\/actualites\/#website","url":"https:\/\/footdavant.fr\/actualites\/","name":"Foot d'avant","description":"","publisher":{"@id":"https:\/\/footdavant.fr\/actualites\/#organization"},"potentialAction":[{"@type":"SearchAction","target":{"@type":"EntryPoint","urlTemplate":"https:\/\/footdavant.fr\/actualites\/?s={search_term_string}"},"query-input":"required name=search_term_string"}],"inLanguage":"fr-FR"},{"@type":"Organization","@id":"https:\/\/footdavant.fr\/actualites\/#organization","name":"Foot d'avant","url":"https:\/\/footdavant.fr\/actualites\/","logo":{"@type":"ImageObject","inLanguage":"fr-FR","@id":"https:\/\/footdavant.fr\/actualites\/#\/schema\/logo\/image\/","url":"https:\/\/footdavant.fr\/actualites\/wp-content\/uploads\/2023\/09\/Copy-of-FootDavant-Logo.png","contentUrl":"https:\/\/footdavant.fr\/actualites\/wp-content\/uploads\/2023\/09\/Copy-of-FootDavant-Logo.png","width":936,"height":549,"caption":"Foot d'avant"},"image":{"@id":"https:\/\/footdavant.fr\/actualites\/#\/schema\/logo\/image\/"},"sameAs":["https:\/\/www.facebook.com\/Footdavant\/","https:\/\/twitter.com\/FootdavantFr","https:\/\/www.instagram.com\/footdavant.fr\/"]},{"@type":"Person","@id":"https:\/\/footdavant.fr\/actualites\/#\/schema\/person\/bc222566d95871b37e597b3ed3ba5e1d","name":"Cl\u00e9ment","image":{"@type":"ImageObject","inLanguage":"fr-FR","@id":"https:\/\/footdavant.fr\/actualites\/#\/schema\/person\/image\/","url":"https:\/\/secure.gravatar.com\/avatar\/7728b29aac2719421e1a9159b2254c44?s=96&d=mm&r=g","contentUrl":"https:\/\/secure.gravatar.com\/avatar\/7728b29aac2719421e1a9159b2254c44?s=96&d=mm&r=g","caption":"Cl\u00e9ment"},"sameAs":["https:\/\/footdavant.fr\/"]}]}},"_links":{"self":[{"href":"https:\/\/footdavant.fr\/actualites\/wp-json\/wp\/v2\/posts\/6520"}],"collection":[{"href":"https:\/\/footdavant.fr\/actualites\/wp-json\/wp\/v2\/posts"}],"about":[{"href":"https:\/\/footdavant.fr\/actualites\/wp-json\/wp\/v2\/types\/post"}],"author":[{"embeddable":true,"href":"https:\/\/footdavant.fr\/actualites\/wp-json\/wp\/v2\/users\/1"}],"replies":[{"embeddable":true,"href":"https:\/\/footdavant.fr\/actualites\/wp-json\/wp\/v2\/comments?post=6520"}],"version-history":[{"count":1,"href":"https:\/\/footdavant.fr\/actualites\/wp-json\/wp\/v2\/posts\/6520\/revisions"}],"predecessor-version":[{"id":6522,"href":"https:\/\/footdavant.fr\/actualites\/wp-json\/wp\/v2\/posts\/6520\/revisions\/6522"}],"wp:featuredmedia":[{"embeddable":true,"href":"https:\/\/footdavant.fr\/actualites\/wp-json\/wp\/v2\/media\/6521"}],"wp:attachment":[{"href":"https:\/\/footdavant.fr\/actualites\/wp-json\/wp\/v2\/media?parent=6520"}],"wp:term":[{"taxonomy":"category","embeddable":true,"href":"https:\/\/footdavant.fr\/actualites\/wp-json\/wp\/v2\/categories?post=6520"},{"taxonomy":"post_tag","embeddable":true,"href":"https:\/\/footdavant.fr\/actualites\/wp-json\/wp\/v2\/tags?post=6520"}],"curies":[{"name":"wp","href":"https:\/\/api.w.org\/{rel}","templated":true}]}}