{"id":665,"date":"2023-11-10T10:48:16","date_gmt":"2023-11-10T09:48:16","guid":{"rendered":"https:\/\/footdavant.fr\/actualites\/manchester-united-cree-une-histoire-indesirable-lors-de-la-defaite-de-copenhague\/"},"modified":"2023-11-10T10:48:17","modified_gmt":"2023-11-10T09:48:17","slug":"manchester-united-cree-une-histoire-indesirable-lors-de-la-defaite-de-copenhague","status":"publish","type":"post","link":"https:\/\/footdavant.fr\/actualites\/manchester-united-cree-une-histoire-indesirable-lors-de-la-defaite-de-copenhague\/","title":{"rendered":"Manchester United cr\u00e9e une histoire ind\u00e9sirable lors de la d\u00e9faite de Copenhague"},"content":{"rendered":"<p>Manchester United a cr\u00e9\u00e9 un morceau d&rsquo;histoire ind\u00e9sirable lors de sa d\u00e9faite 4-3 contre Copenhague en Ligue des champions.<\/p>\n<div id=\"article_body\" itemprop=\"articleBody\">\n<h3 class=\"firstPara\">\n<strong class=\"autotag\">Manchester United<\/strong> a cr\u00e9\u00e9 un morceau d&rsquo;histoire ind\u00e9sirable lors de leur stup\u00e9fiante d\u00e9faite 4-3 contre <strong class=\"autotag\">Copenhague<\/strong> dans le <strong class=\"autotag\">Ligue des champions<\/strong> mercredi soir.<\/h3>\n<p><strong class=\"autotag\">Rasmus Hojlund<\/strong> a marqu\u00e9 deux fois dans les 28 premi\u00e8res minutes pour donner aux Diables Rouges deux buts d&rsquo;avance au Danemark, mais le match a bascul\u00e9 lorsque <strong class=\"autotag\">Marcus Rashford<\/strong> a re\u00e7u un carton rouge direct \u00e0 la 42e minute.<\/p>\n<p>Copenhague a marqu\u00e9 deux fois dans les derni\u00e8res \u00e9tapes de la premi\u00e8re mi-temps pour \u00e9galiser les scores, l&rsquo;\u00e9quipe locale ayant l&rsquo;\u00e9lan avant la mi-temps.<\/p>\n<p>UN <strong class=\"autotag\">Bruno Fernandes<\/strong> penalty a vu Man United reprendre l&rsquo;avantage \u00e0 la 69e minute, mais <strong class=\"autotag\">Lucas Lerager<\/strong> a \u00e9galis\u00e9 le score \u00e0 3-3 \u00e0 la 83e minute avant que le joueur de 17 ans <strong class=\"autotag\">Roony Bardghji<\/strong> a frapp\u00e9 le vainqueur dans les derniers \u00e9changes.<\/p>\n<p>Ce r\u00e9sultat place les 20 fois champions d&rsquo;Angleterre en derni\u00e8re position du groupe A, \u00e0 un point du deuxi\u00e8me Copenhague, avant un d\u00e9placement \u00e0 Galatasaray \u00e0 la fin du mois.<\/p>\n<p class=\"imgI\">\n<p>Man United a maintenant perdu un match de Ligue des champions dans lequel il menait pour la premi\u00e8re fois par plus de deux buts.<\/p>\n<p>Pendant ce temps, la d\u00e9faite \u00e9tait la premi\u00e8re de l&rsquo;\u00e9quipe apr\u00e8s avoir pris une avance de deux buts depuis septembre 2014, lorsqu&rsquo;elle avait subi une d\u00e9faite 5-3 contre Leicester City en Premier League.<\/p>\n<p>De plus, Man United a d\u00e9sormais \u00e9t\u00e9 battu lors de neuf de ses 17 premiers matches d&rsquo;une campagne pour la premi\u00e8re fois depuis la campagne 1973-74.<\/p>\n<p>Bardghji, consid\u00e9r\u00e9 comme sur le radar de plusieurs grands clubs, est \u00e9galement devenu le plus jeune joueur \u00e0 marquer contre les Diables Rouges en Ligue des Champions \u00e0 l&rsquo;\u00e2ge de 17 ans et 358 jours.<\/p>\n<p class=\"imgI\"><img decoding=\"async\" loading=\"lazy\" class=\"l\" src=\"https:\/\/footdavant.fr\/actualites\/wp-content\/uploads\/2023\/11\/1699609696_274_Manchester-United-cree-une-histoire-indesirable-lors-de-la-defaite.JPG\" title=\"Mohamed Elyounoussi de Copenhague c\u00e9l\u00e8bre son but contre Manchester United le 8 novembre 2023\" alt=\"Mohamed Elyounoussi de Copenhague c\u00e9l\u00e8bre son but contre Manchester United le 8 novembre 2023\" width=\"640\" height=\"480\"><\/p>\n<p>Cependant, il y avait au moins une statistique positive du match, Hojlund devenant le premier joueur de Man United \u00e0 marquer cinq buts lors de ses quatre premi\u00e8res apparitions en Ligue des champions pour le club.<\/p>\n<p>L&rsquo;international danois est \u00e9galement devenu le plus jeune joueur \u00e0 marquer deux fois lors d&rsquo;un match \u00e0 l&rsquo;ext\u00e9rieur en Ligue des champions pour le 20 fois champion d&rsquo;Angleterre.<\/p>\n<p>L&rsquo;arriv\u00e9e estivale de l&rsquo;Atalanta BC a \u00e9t\u00e9 dans une forme impressionnante en Europe cette saison, mais il attend toujours de toucher le fond des filets en Premier League.<\/p>\n<p><strong class=\"autotag\">Erik Ten Hag<\/strong>L&rsquo;\u00e9quipe tentera de rebondir apr\u00e8s la d\u00e9ception de la Ligue des champions lorsqu&rsquo;elle reprendra sa campagne de Premier League \u00e0 domicile contre Luton Town samedi apr\u00e8s-midi.<\/p>\n<\/div>\n","protected":false},"excerpt":{"rendered":"<p>Manchester United a cr\u00e9\u00e9 un morceau d&rsquo;histoire ind\u00e9sirable lors de sa d\u00e9faite 4-3 contre Copenhague en Ligue des champions. Manchester United a cr\u00e9\u00e9 un morceau<\/p>\n","protected":false},"author":1,"featured_media":666,"comment_status":"closed","ping_status":"","sticky":false,"template":"","format":"standard","meta":{"footnotes":""},"categories":[4],"tags":[198,841,425,842,843,64,11,92,13],"yoast_head":"<!-- This site is optimized with the Yoast SEO plugin v21.0 - https:\/\/yoast.com\/wordpress\/plugins\/seo\/ -->\n<title>Manchester United cr\u00e9e une histoire ind\u00e9sirable lors de la d\u00e9faite de Copenhague<\/title>\n<meta name=\"robots\" content=\"index, follow, max-snippet:-1, max-image-preview:large, max-video-preview:-1\" \/>\n<link rel=\"canonical\" href=\"https:\/\/footdavant.fr\/actualites\/manchester-united-cree-une-histoire-indesirable-lors-de-la-defaite-de-copenhague\/\" \/>\n<meta property=\"og:locale\" content=\"fr_FR\" \/>\n<meta property=\"og:type\" content=\"article\" \/>\n<meta property=\"og:title\" content=\"Manchester United cr\u00e9e une histoire ind\u00e9sirable lors de la d\u00e9faite de Copenhague\" \/>\n<meta property=\"og:description\" content=\"Manchester United a cr\u00e9\u00e9 un morceau d&rsquo;histoire ind\u00e9sirable lors de sa d\u00e9faite 4-3 contre Copenhague en Ligue des champions. Manchester United a cr\u00e9\u00e9 un morceau\" \/>\n<meta property=\"og:url\" content=\"https:\/\/footdavant.fr\/actualites\/manchester-united-cree-une-histoire-indesirable-lors-de-la-defaite-de-copenhague\/\" \/>\n<meta property=\"og:site_name\" content=\"Foot d&#039;avant\" \/>\n<meta property=\"article:publisher\" content=\"https:\/\/www.facebook.com\/Footdavant\/\" \/>\n<meta property=\"article:published_time\" content=\"2023-11-10T09:48:16+00:00\" \/>\n<meta property=\"article:modified_time\" content=\"2023-11-10T09:48:17+00:00\" \/>\n<meta property=\"og:image\" content=\"https:\/\/footdavant.fr\/actualites\/wp-content\/uploads\/2023\/11\/Manchester-United-cree-une-histoire-indesirable-lors-de-la-defaite.JPG\" \/>\n\t<meta property=\"og:image:width\" content=\"640\" \/>\n\t<meta property=\"og:image:height\" content=\"480\" \/>\n\t<meta property=\"og:image:type\" content=\"image\/jpeg\" \/>\n<meta name=\"author\" content=\"Cl\u00e9ment\" \/>\n<meta name=\"twitter:card\" content=\"summary_large_image\" \/>\n<meta name=\"twitter:creator\" content=\"@FootdavantFr\" \/>\n<meta name=\"twitter:site\" content=\"@FootdavantFr\" \/>\n<meta name=\"twitter:label1\" content=\"\u00c9crit par\" \/>\n\t<meta name=\"twitter:data1\" content=\"Cl\u00e9ment\" \/>\n\t<meta name=\"twitter:label2\" content=\"Dur\u00e9e de lecture estim\u00e9e\" \/>\n\t<meta name=\"twitter:data2\" content=\"2 minutes\" \/>\n<script type=\"application\/ld+json\" class=\"yoast-schema-graph\">{\"@context\":\"https:\/\/schema.org\",\"@graph\":[{\"@type\":\"Article\",\"@id\":\"https:\/\/footdavant.fr\/actualites\/manchester-united-cree-une-histoire-indesirable-lors-de-la-defaite-de-copenhague\/#article\",\"isPartOf\":{\"@id\":\"https:\/\/footdavant.fr\/actualites\/manchester-united-cree-une-histoire-indesirable-lors-de-la-defaite-de-copenhague\/\"},\"author\":{\"name\":\"Cl\u00e9ment\",\"@id\":\"https:\/\/footdavant.fr\/actualites\/#\/schema\/person\/bc222566d95871b37e597b3ed3ba5e1d\"},\"headline\":\"Manchester United cr\u00e9e une histoire ind\u00e9sirable lors de la d\u00e9faite de Copenhague\",\"datePublished\":\"2023-11-10T09:48:16+00:00\",\"dateModified\":\"2023-11-10T09:48:17+00:00\",\"mainEntityOfPage\":{\"@id\":\"https:\/\/footdavant.fr\/actualites\/manchester-united-cree-une-histoire-indesirable-lors-de-la-defaite-de-copenhague\/\"},\"wordCount\":443,\"publisher\":{\"@id\":\"https:\/\/footdavant.fr\/actualites\/#organization\"},\"keywords\":[\"Copenhague\",\"cr\u00e9e\",\"d\u00e9faite\",\"histoire\",\"ind\u00e9sirable\",\"lors\",\"Manchester\",\"une\",\"United\"],\"articleSection\":[\"Champions League\"],\"inLanguage\":\"fr-FR\"},{\"@type\":\"WebPage\",\"@id\":\"https:\/\/footdavant.fr\/actualites\/manchester-united-cree-une-histoire-indesirable-lors-de-la-defaite-de-copenhague\/\",\"url\":\"https:\/\/footdavant.fr\/actualites\/manchester-united-cree-une-histoire-indesirable-lors-de-la-defaite-de-copenhague\/\",\"name\":\"Manchester United cr\u00e9e une histoire ind\u00e9sirable lors de la d\u00e9faite de Copenhague\",\"isPartOf\":{\"@id\":\"https:\/\/footdavant.fr\/actualites\/#website\"},\"datePublished\":\"2023-11-10T09:48:16+00:00\",\"dateModified\":\"2023-11-10T09:48:17+00:00\",\"breadcrumb\":{\"@id\":\"https:\/\/footdavant.fr\/actualites\/manchester-united-cree-une-histoire-indesirable-lors-de-la-defaite-de-copenhague\/#breadcrumb\"},\"inLanguage\":\"fr-FR\",\"potentialAction\":[{\"@type\":\"ReadAction\",\"target\":[\"https:\/\/footdavant.fr\/actualites\/manchester-united-cree-une-histoire-indesirable-lors-de-la-defaite-de-copenhague\/\"]}]},{\"@type\":\"BreadcrumbList\",\"@id\":\"https:\/\/footdavant.fr\/actualites\/manchester-united-cree-une-histoire-indesirable-lors-de-la-defaite-de-copenhague\/#breadcrumb\",\"itemListElement\":[{\"@type\":\"ListItem\",\"position\":1,\"name\":\"Accueil\",\"item\":\"https:\/\/footdavant.fr\/actualites\/\"},{\"@type\":\"ListItem\",\"position\":2,\"name\":\"Manchester United cr\u00e9e une histoire ind\u00e9sirable lors de la d\u00e9faite de Copenhague\"}]},{\"@type\":\"WebSite\",\"@id\":\"https:\/\/footdavant.fr\/actualites\/#website\",\"url\":\"https:\/\/footdavant.fr\/actualites\/\",\"name\":\"Foot d'avant\",\"description\":\"\",\"publisher\":{\"@id\":\"https:\/\/footdavant.fr\/actualites\/#organization\"},\"potentialAction\":[{\"@type\":\"SearchAction\",\"target\":{\"@type\":\"EntryPoint\",\"urlTemplate\":\"https:\/\/footdavant.fr\/actualites\/?s={search_term_string}\"},\"query-input\":\"required name=search_term_string\"}],\"inLanguage\":\"fr-FR\"},{\"@type\":\"Organization\",\"@id\":\"https:\/\/footdavant.fr\/actualites\/#organization\",\"name\":\"Foot d'avant\",\"url\":\"https:\/\/footdavant.fr\/actualites\/\",\"logo\":{\"@type\":\"ImageObject\",\"inLanguage\":\"fr-FR\",\"@id\":\"https:\/\/footdavant.fr\/actualites\/#\/schema\/logo\/image\/\",\"url\":\"https:\/\/footdavant.fr\/actualites\/wp-content\/uploads\/2023\/09\/Copy-of-FootDavant-Logo.png\",\"contentUrl\":\"https:\/\/footdavant.fr\/actualites\/wp-content\/uploads\/2023\/09\/Copy-of-FootDavant-Logo.png\",\"width\":936,\"height\":549,\"caption\":\"Foot d'avant\"},\"image\":{\"@id\":\"https:\/\/footdavant.fr\/actualites\/#\/schema\/logo\/image\/\"},\"sameAs\":[\"https:\/\/www.facebook.com\/Footdavant\/\",\"https:\/\/twitter.com\/FootdavantFr\",\"https:\/\/www.instagram.com\/footdavant.fr\/\"]},{\"@type\":\"Person\",\"@id\":\"https:\/\/footdavant.fr\/actualites\/#\/schema\/person\/bc222566d95871b37e597b3ed3ba5e1d\",\"name\":\"Cl\u00e9ment\",\"image\":{\"@type\":\"ImageObject\",\"inLanguage\":\"fr-FR\",\"@id\":\"https:\/\/footdavant.fr\/actualites\/#\/schema\/person\/image\/\",\"url\":\"https:\/\/secure.gravatar.com\/avatar\/7728b29aac2719421e1a9159b2254c44?s=96&d=mm&r=g\",\"contentUrl\":\"https:\/\/secure.gravatar.com\/avatar\/7728b29aac2719421e1a9159b2254c44?s=96&d=mm&r=g\",\"caption\":\"Cl\u00e9ment\"},\"sameAs\":[\"https:\/\/footdavant.fr\/\"]}]}<\/script>\n<!-- \/ Yoast SEO plugin. -->","yoast_head_json":{"title":"Manchester United cr\u00e9e une histoire ind\u00e9sirable lors de la d\u00e9faite de Copenhague","robots":{"index":"index","follow":"follow","max-snippet":"max-snippet:-1","max-image-preview":"max-image-preview:large","max-video-preview":"max-video-preview:-1"},"canonical":"https:\/\/footdavant.fr\/actualites\/manchester-united-cree-une-histoire-indesirable-lors-de-la-defaite-de-copenhague\/","og_locale":"fr_FR","og_type":"article","og_title":"Manchester United cr\u00e9e une histoire ind\u00e9sirable lors de la d\u00e9faite de Copenhague","og_description":"Manchester United a cr\u00e9\u00e9 un morceau d&rsquo;histoire ind\u00e9sirable lors de sa d\u00e9faite 4-3 contre Copenhague en Ligue des champions. Manchester United a cr\u00e9\u00e9 un morceau","og_url":"https:\/\/footdavant.fr\/actualites\/manchester-united-cree-une-histoire-indesirable-lors-de-la-defaite-de-copenhague\/","og_site_name":"Foot d&#039;avant","article_publisher":"https:\/\/www.facebook.com\/Footdavant\/","article_published_time":"2023-11-10T09:48:16+00:00","article_modified_time":"2023-11-10T09:48:17+00:00","og_image":[{"width":640,"height":480,"url":"https:\/\/footdavant.fr\/actualites\/wp-content\/uploads\/2023\/11\/Manchester-United-cree-une-histoire-indesirable-lors-de-la-defaite.JPG","type":"image\/jpeg"}],"author":"Cl\u00e9ment","twitter_card":"summary_large_image","twitter_creator":"@FootdavantFr","twitter_site":"@FootdavantFr","twitter_misc":{"\u00c9crit par":"Cl\u00e9ment","Dur\u00e9e de lecture estim\u00e9e":"2 minutes"},"schema":{"@context":"https:\/\/schema.org","@graph":[{"@type":"Article","@id":"https:\/\/footdavant.fr\/actualites\/manchester-united-cree-une-histoire-indesirable-lors-de-la-defaite-de-copenhague\/#article","isPartOf":{"@id":"https:\/\/footdavant.fr\/actualites\/manchester-united-cree-une-histoire-indesirable-lors-de-la-defaite-de-copenhague\/"},"author":{"name":"Cl\u00e9ment","@id":"https:\/\/footdavant.fr\/actualites\/#\/schema\/person\/bc222566d95871b37e597b3ed3ba5e1d"},"headline":"Manchester United cr\u00e9e une histoire ind\u00e9sirable lors de la d\u00e9faite de Copenhague","datePublished":"2023-11-10T09:48:16+00:00","dateModified":"2023-11-10T09:48:17+00:00","mainEntityOfPage":{"@id":"https:\/\/footdavant.fr\/actualites\/manchester-united-cree-une-histoire-indesirable-lors-de-la-defaite-de-copenhague\/"},"wordCount":443,"publisher":{"@id":"https:\/\/footdavant.fr\/actualites\/#organization"},"keywords":["Copenhague","cr\u00e9e","d\u00e9faite","histoire","ind\u00e9sirable","lors","Manchester","une","United"],"articleSection":["Champions League"],"inLanguage":"fr-FR"},{"@type":"WebPage","@id":"https:\/\/footdavant.fr\/actualites\/manchester-united-cree-une-histoire-indesirable-lors-de-la-defaite-de-copenhague\/","url":"https:\/\/footdavant.fr\/actualites\/manchester-united-cree-une-histoire-indesirable-lors-de-la-defaite-de-copenhague\/","name":"Manchester United cr\u00e9e une histoire ind\u00e9sirable lors de la d\u00e9faite de Copenhague","isPartOf":{"@id":"https:\/\/footdavant.fr\/actualites\/#website"},"datePublished":"2023-11-10T09:48:16+00:00","dateModified":"2023-11-10T09:48:17+00:00","breadcrumb":{"@id":"https:\/\/footdavant.fr\/actualites\/manchester-united-cree-une-histoire-indesirable-lors-de-la-defaite-de-copenhague\/#breadcrumb"},"inLanguage":"fr-FR","potentialAction":[{"@type":"ReadAction","target":["https:\/\/footdavant.fr\/actualites\/manchester-united-cree-une-histoire-indesirable-lors-de-la-defaite-de-copenhague\/"]}]},{"@type":"BreadcrumbList","@id":"https:\/\/footdavant.fr\/actualites\/manchester-united-cree-une-histoire-indesirable-lors-de-la-defaite-de-copenhague\/#breadcrumb","itemListElement":[{"@type":"ListItem","position":1,"name":"Accueil","item":"https:\/\/footdavant.fr\/actualites\/"},{"@type":"ListItem","position":2,"name":"Manchester United cr\u00e9e une histoire ind\u00e9sirable lors de la d\u00e9faite de Copenhague"}]},{"@type":"WebSite","@id":"https:\/\/footdavant.fr\/actualites\/#website","url":"https:\/\/footdavant.fr\/actualites\/","name":"Foot d'avant","description":"","publisher":{"@id":"https:\/\/footdavant.fr\/actualites\/#organization"},"potentialAction":[{"@type":"SearchAction","target":{"@type":"EntryPoint","urlTemplate":"https:\/\/footdavant.fr\/actualites\/?s={search_term_string}"},"query-input":"required name=search_term_string"}],"inLanguage":"fr-FR"},{"@type":"Organization","@id":"https:\/\/footdavant.fr\/actualites\/#organization","name":"Foot d'avant","url":"https:\/\/footdavant.fr\/actualites\/","logo":{"@type":"ImageObject","inLanguage":"fr-FR","@id":"https:\/\/footdavant.fr\/actualites\/#\/schema\/logo\/image\/","url":"https:\/\/footdavant.fr\/actualites\/wp-content\/uploads\/2023\/09\/Copy-of-FootDavant-Logo.png","contentUrl":"https:\/\/footdavant.fr\/actualites\/wp-content\/uploads\/2023\/09\/Copy-of-FootDavant-Logo.png","width":936,"height":549,"caption":"Foot d'avant"},"image":{"@id":"https:\/\/footdavant.fr\/actualites\/#\/schema\/logo\/image\/"},"sameAs":["https:\/\/www.facebook.com\/Footdavant\/","https:\/\/twitter.com\/FootdavantFr","https:\/\/www.instagram.com\/footdavant.fr\/"]},{"@type":"Person","@id":"https:\/\/footdavant.fr\/actualites\/#\/schema\/person\/bc222566d95871b37e597b3ed3ba5e1d","name":"Cl\u00e9ment","image":{"@type":"ImageObject","inLanguage":"fr-FR","@id":"https:\/\/footdavant.fr\/actualites\/#\/schema\/person\/image\/","url":"https:\/\/secure.gravatar.com\/avatar\/7728b29aac2719421e1a9159b2254c44?s=96&d=mm&r=g","contentUrl":"https:\/\/secure.gravatar.com\/avatar\/7728b29aac2719421e1a9159b2254c44?s=96&d=mm&r=g","caption":"Cl\u00e9ment"},"sameAs":["https:\/\/footdavant.fr\/"]}]}},"_links":{"self":[{"href":"https:\/\/footdavant.fr\/actualites\/wp-json\/wp\/v2\/posts\/665"}],"collection":[{"href":"https:\/\/footdavant.fr\/actualites\/wp-json\/wp\/v2\/posts"}],"about":[{"href":"https:\/\/footdavant.fr\/actualites\/wp-json\/wp\/v2\/types\/post"}],"author":[{"embeddable":true,"href":"https:\/\/footdavant.fr\/actualites\/wp-json\/wp\/v2\/users\/1"}],"replies":[{"embeddable":true,"href":"https:\/\/footdavant.fr\/actualites\/wp-json\/wp\/v2\/comments?post=665"}],"version-history":[{"count":1,"href":"https:\/\/footdavant.fr\/actualites\/wp-json\/wp\/v2\/posts\/665\/revisions"}],"predecessor-version":[{"id":667,"href":"https:\/\/footdavant.fr\/actualites\/wp-json\/wp\/v2\/posts\/665\/revisions\/667"}],"wp:featuredmedia":[{"embeddable":true,"href":"https:\/\/footdavant.fr\/actualites\/wp-json\/wp\/v2\/media\/666"}],"wp:attachment":[{"href":"https:\/\/footdavant.fr\/actualites\/wp-json\/wp\/v2\/media?parent=665"}],"wp:term":[{"taxonomy":"category","embeddable":true,"href":"https:\/\/footdavant.fr\/actualites\/wp-json\/wp\/v2\/categories?post=665"},{"taxonomy":"post_tag","embeddable":true,"href":"https:\/\/footdavant.fr\/actualites\/wp-json\/wp\/v2\/tags?post=665"}],"curies":[{"name":"wp","href":"https:\/\/api.w.org\/{rel}","templated":true}]}}