{"id":6704,"date":"2024-03-27T01:49:46","date_gmt":"2024-03-27T00:49:46","guid":{"rendered":"https:\/\/footdavant.fr\/actualites\/arsenal-et-la-legende-de-chelsea-intronisees-au-temple-de-la-renommee-de-la-premier-league\/"},"modified":"2024-03-27T01:49:47","modified_gmt":"2024-03-27T00:49:47","slug":"arsenal-et-la-legende-de-chelsea-intronisees-au-temple-de-la-renommee-de-la-premier-league","status":"publish","type":"post","link":"https:\/\/footdavant.fr\/actualites\/arsenal-et-la-legende-de-chelsea-intronisees-au-temple-de-la-renommee-de-la-premier-league\/","title":{"rendered":"Arsenal et la l\u00e9gende de Chelsea intronis\u00e9es au Temple de la renomm\u00e9e de la Premier League"},"content":{"rendered":"<p>L&#39;ancien d\u00e9fenseur d&#39;Arsenal et de Chelsea Ashley Cole est le prochain intronis\u00e9 au Temple de la renomm\u00e9e de la Premier League, devenant ainsi le 22e joueur \u00e0 y \u00eatre inclus.<\/p>\n<div id=\"article_body\" itemprop=\"articleBody\">\n<h3 class=\"firstPara\">Ancien <strong class=\"autotag\">Arsenal<\/strong> et <strong class=\"autotag\">Chelsea<\/strong> d\u00e9fenseur <strong class=\"autotag\">Ashley Cole<\/strong> est devenu le dernier intronis\u00e9 au Temple de la renomm\u00e9e de la Premier League.<\/h3>\n<p>L&#39;arri\u00e8re gauche a remport\u00e9 trois titres de Premier League au cours d&#39;un s\u00e9jour de 14 ans dans l&#39;\u00e9lite anglaise, faisant partie de l&#39;illustre \u00e9quipe invincible d&#39;Arsenal de 2003 \u00e0 2004.<\/p>\n<p>Cole a remport\u00e9 son premier titre au d\u00e9but de sa carri\u00e8re \u00e0 Arsenal, \u00e0 l&#39;\u00e2ge de 21 ans lors de la saison 2001-02, o\u00f9 les Gunners ont r\u00e9alis\u00e9 un doubl\u00e9 en championnat et en coupe.<\/p>\n<p>Le seul titre de l&#39;arri\u00e8re gauche \u00e0 Chelsea a \u00e9t\u00e9 perdu <strong class=\"autotag\">Carlo Ancelotti<\/strong> en 2009-10, o\u00f9 le club a marqu\u00e9 plus de 100 buts en championnat pour battre Manchester United \u00e0 la premi\u00e8re place par un seul point.<\/p>\n<p>La m\u00eame ann\u00e9e, Cole a \u00e9galement \u00e9t\u00e9 nomm\u00e9 Joueur anglais de l&#39;ann\u00e9e &#8211; une distinction rare pour un arri\u00e8re lat\u00e9ral.<\/p>\n<p>Cole a disput\u00e9 385 matches de Premier League et, en plus de ses trois titres, il a \u00e9galement \u00e9t\u00e9 nomm\u00e9 dans l&#39;\u00e9quipe PFA de la saison \u00e0 quatre reprises.<\/p>\n<p>Remarqu\u00e9 pour son immense capacit\u00e9 offensive, Cole a marqu\u00e9 15 buts et enregistr\u00e9 31 passes d\u00e9cisives de l&#39;arri\u00e8re gauche, tout en gardant 147 cages inviol\u00e9es.<\/p>\n<p class=\"imgI\">\n<p>Cole remportera \u00e9galement 107 s\u00e9lections pour l&#39;Angleterre gr\u00e2ce \u00e0 ses performances en club, \u00e9tant largement consid\u00e9r\u00e9 comme l&#39;un des meilleurs arri\u00e8res gauches de tous les temps.<\/p>\n<p>S&#39;exprimant \u00e0 propos de son intronisation, Cole a d\u00e9clar\u00e9 : \u00ab\u00a0C&#39;est une le\u00e7on d&#39;humilit\u00e9 et une satisfaction d&#39;\u00eatre r\u00e9compens\u00e9 \u00e0 la fin de sa carri\u00e8re.<\/p>\n<p>\u00ab\u00a0J&#39;ai fait ma carri\u00e8re en essayant simplement de donner le meilleur de moi-m\u00eame et d&#39;\u00eatre assez bon. En tant que jeune enfant, vous ne r\u00eavez jamais de tout cela et vous le faites simplement par amour du football.<\/p>\n<p>\u00ab\u00a0J&#39;ai jou\u00e9 dans des clubs fantastiques avec des fans incroyables. Gagner des troph\u00e9es avec mon club d&#39;enfance, Arsenal, et avec Chelsea sont des souvenirs incroyables qui resteront toujours avec moi.\u00a0\u00bb<\/p>\n<p>Cole est le 22e intronis\u00e9 au Temple de la renomm\u00e9e, et il a parl\u00e9 de son plaisir d&#39;\u00eatre mentionn\u00e9 au m\u00eame titre que certains des meilleurs joueurs de la ligue de tous les temps.<\/p>\n<p>\u00ab\u00a0Rejoindre le Temple de la renomm\u00e9e aux c\u00f4t\u00e9s de personnalit\u00e9s comme <strong class=\"autotag\">Alan Shearer<\/strong>, <strong class=\"autotag\">Thierry Henry<\/strong>, <strong class=\"autotag\">Didier Drogba<\/strong> et <strong class=\"autotag\">Rio Ferdinand<\/strong>j&#39;ai le privil\u00e8ge d&#39;\u00eatre en leur compagnie.\u00a0\u00bb<\/p>\n<p>Depuis sa retraite en 2019, Cole est devenu entra\u00eeneur sous la direction d&#39;anciens co\u00e9quipiers. <strong class=\"autotag\">Frank Lampard<\/strong> et <strong class=\"autotag\">Wayne Rooney<\/strong>et il a maintenant un emploi dans la formation anglaise des moins de 21 ans.<\/p>\n<\/div>\n","protected":false},"excerpt":{"rendered":"<p>L&#39;ancien d\u00e9fenseur d&#39;Arsenal et de Chelsea Ashley Cole est le prochain intronis\u00e9 au Temple de la renomm\u00e9e de la Premier League, devenant ainsi le 22e<\/p>\n","protected":false},"author":1,"featured_media":6705,"comment_status":"closed","ping_status":"","sticky":false,"template":"","format":"standard","meta":{"footnotes":""},"categories":[5],"tags":[67,171,4300,202,3120,201,2457,2456],"yoast_head":"<!-- This site is optimized with the Yoast SEO plugin v21.0 - https:\/\/yoast.com\/wordpress\/plugins\/seo\/ -->\n<title>Arsenal et la l\u00e9gende de Chelsea intronis\u00e9es au Temple de la renomm\u00e9e de la Premier League<\/title>\n<meta name=\"robots\" content=\"index, follow, max-snippet:-1, max-image-preview:large, max-video-preview:-1\" \/>\n<link rel=\"canonical\" href=\"https:\/\/footdavant.fr\/actualites\/arsenal-et-la-legende-de-chelsea-intronisees-au-temple-de-la-renommee-de-la-premier-league\/\" \/>\n<meta property=\"og:locale\" content=\"fr_FR\" \/>\n<meta property=\"og:type\" content=\"article\" \/>\n<meta property=\"og:title\" content=\"Arsenal et la l\u00e9gende de Chelsea intronis\u00e9es au Temple de la renomm\u00e9e de la Premier League\" \/>\n<meta property=\"og:description\" content=\"L&#039;ancien d\u00e9fenseur d&#039;Arsenal et de Chelsea Ashley Cole est le prochain intronis\u00e9 au Temple de la renomm\u00e9e de la Premier League, devenant ainsi le 22e\" \/>\n<meta property=\"og:url\" content=\"https:\/\/footdavant.fr\/actualites\/arsenal-et-la-legende-de-chelsea-intronisees-au-temple-de-la-renommee-de-la-premier-league\/\" \/>\n<meta property=\"og:site_name\" content=\"Foot d&#039;avant\" \/>\n<meta property=\"article:publisher\" content=\"https:\/\/www.facebook.com\/Footdavant\/\" \/>\n<meta property=\"article:published_time\" content=\"2024-03-27T00:49:46+00:00\" \/>\n<meta property=\"article:modified_time\" content=\"2024-03-27T00:49:47+00:00\" \/>\n<meta property=\"og:image\" content=\"https:\/\/footdavant.fr\/actualites\/wp-content\/uploads\/2024\/03\/Arsenal-et-la-legende-de-Chelsea-intronisees-au-Temple-de.jpg\" \/>\n\t<meta property=\"og:image:width\" content=\"640\" \/>\n\t<meta property=\"og:image:height\" content=\"480\" \/>\n\t<meta property=\"og:image:type\" content=\"image\/jpeg\" \/>\n<meta name=\"author\" content=\"Cl\u00e9ment\" \/>\n<meta name=\"twitter:card\" content=\"summary_large_image\" \/>\n<meta name=\"twitter:creator\" content=\"@FootdavantFr\" \/>\n<meta name=\"twitter:site\" content=\"@FootdavantFr\" \/>\n<meta name=\"twitter:label1\" content=\"\u00c9crit par\" \/>\n\t<meta name=\"twitter:data1\" content=\"Cl\u00e9ment\" \/>\n\t<meta name=\"twitter:label2\" content=\"Dur\u00e9e de lecture estim\u00e9e\" \/>\n\t<meta name=\"twitter:data2\" content=\"2 minutes\" \/>\n<script type=\"application\/ld+json\" class=\"yoast-schema-graph\">{\"@context\":\"https:\/\/schema.org\",\"@graph\":[{\"@type\":\"Article\",\"@id\":\"https:\/\/footdavant.fr\/actualites\/arsenal-et-la-legende-de-chelsea-intronisees-au-temple-de-la-renommee-de-la-premier-league\/#article\",\"isPartOf\":{\"@id\":\"https:\/\/footdavant.fr\/actualites\/arsenal-et-la-legende-de-chelsea-intronisees-au-temple-de-la-renommee-de-la-premier-league\/\"},\"author\":{\"name\":\"Cl\u00e9ment\",\"@id\":\"https:\/\/footdavant.fr\/actualites\/#\/schema\/person\/bc222566d95871b37e597b3ed3ba5e1d\"},\"headline\":\"Arsenal et la l\u00e9gende de Chelsea intronis\u00e9es au Temple de la renomm\u00e9e de la Premier League\",\"datePublished\":\"2024-03-27T00:49:46+00:00\",\"dateModified\":\"2024-03-27T00:49:47+00:00\",\"mainEntityOfPage\":{\"@id\":\"https:\/\/footdavant.fr\/actualites\/arsenal-et-la-legende-de-chelsea-intronisees-au-temple-de-la-renommee-de-la-premier-league\/\"},\"wordCount\":502,\"publisher\":{\"@id\":\"https:\/\/footdavant.fr\/actualites\/#organization\"},\"keywords\":[\"Arsenal\",\"Chelsea\",\"intronis\u00e9es\",\"League\",\"l\u00e9gende\",\"Premier\",\"renomm\u00e9e\",\"Temple\"],\"articleSection\":[\"Premier League\"],\"inLanguage\":\"fr-FR\"},{\"@type\":\"WebPage\",\"@id\":\"https:\/\/footdavant.fr\/actualites\/arsenal-et-la-legende-de-chelsea-intronisees-au-temple-de-la-renommee-de-la-premier-league\/\",\"url\":\"https:\/\/footdavant.fr\/actualites\/arsenal-et-la-legende-de-chelsea-intronisees-au-temple-de-la-renommee-de-la-premier-league\/\",\"name\":\"Arsenal et la l\u00e9gende de Chelsea intronis\u00e9es au Temple de la renomm\u00e9e de la Premier League\",\"isPartOf\":{\"@id\":\"https:\/\/footdavant.fr\/actualites\/#website\"},\"datePublished\":\"2024-03-27T00:49:46+00:00\",\"dateModified\":\"2024-03-27T00:49:47+00:00\",\"breadcrumb\":{\"@id\":\"https:\/\/footdavant.fr\/actualites\/arsenal-et-la-legende-de-chelsea-intronisees-au-temple-de-la-renommee-de-la-premier-league\/#breadcrumb\"},\"inLanguage\":\"fr-FR\",\"potentialAction\":[{\"@type\":\"ReadAction\",\"target\":[\"https:\/\/footdavant.fr\/actualites\/arsenal-et-la-legende-de-chelsea-intronisees-au-temple-de-la-renommee-de-la-premier-league\/\"]}]},{\"@type\":\"BreadcrumbList\",\"@id\":\"https:\/\/footdavant.fr\/actualites\/arsenal-et-la-legende-de-chelsea-intronisees-au-temple-de-la-renommee-de-la-premier-league\/#breadcrumb\",\"itemListElement\":[{\"@type\":\"ListItem\",\"position\":1,\"name\":\"Accueil\",\"item\":\"https:\/\/footdavant.fr\/actualites\/\"},{\"@type\":\"ListItem\",\"position\":2,\"name\":\"Arsenal et la l\u00e9gende de Chelsea intronis\u00e9es au Temple de la renomm\u00e9e de la Premier League\"}]},{\"@type\":\"WebSite\",\"@id\":\"https:\/\/footdavant.fr\/actualites\/#website\",\"url\":\"https:\/\/footdavant.fr\/actualites\/\",\"name\":\"Foot d'avant\",\"description\":\"\",\"publisher\":{\"@id\":\"https:\/\/footdavant.fr\/actualites\/#organization\"},\"potentialAction\":[{\"@type\":\"SearchAction\",\"target\":{\"@type\":\"EntryPoint\",\"urlTemplate\":\"https:\/\/footdavant.fr\/actualites\/?s={search_term_string}\"},\"query-input\":\"required name=search_term_string\"}],\"inLanguage\":\"fr-FR\"},{\"@type\":\"Organization\",\"@id\":\"https:\/\/footdavant.fr\/actualites\/#organization\",\"name\":\"Foot d'avant\",\"url\":\"https:\/\/footdavant.fr\/actualites\/\",\"logo\":{\"@type\":\"ImageObject\",\"inLanguage\":\"fr-FR\",\"@id\":\"https:\/\/footdavant.fr\/actualites\/#\/schema\/logo\/image\/\",\"url\":\"https:\/\/footdavant.fr\/actualites\/wp-content\/uploads\/2023\/09\/Copy-of-FootDavant-Logo.png\",\"contentUrl\":\"https:\/\/footdavant.fr\/actualites\/wp-content\/uploads\/2023\/09\/Copy-of-FootDavant-Logo.png\",\"width\":936,\"height\":549,\"caption\":\"Foot d'avant\"},\"image\":{\"@id\":\"https:\/\/footdavant.fr\/actualites\/#\/schema\/logo\/image\/\"},\"sameAs\":[\"https:\/\/www.facebook.com\/Footdavant\/\",\"https:\/\/twitter.com\/FootdavantFr\",\"https:\/\/www.instagram.com\/footdavant.fr\/\"]},{\"@type\":\"Person\",\"@id\":\"https:\/\/footdavant.fr\/actualites\/#\/schema\/person\/bc222566d95871b37e597b3ed3ba5e1d\",\"name\":\"Cl\u00e9ment\",\"image\":{\"@type\":\"ImageObject\",\"inLanguage\":\"fr-FR\",\"@id\":\"https:\/\/footdavant.fr\/actualites\/#\/schema\/person\/image\/\",\"url\":\"https:\/\/secure.gravatar.com\/avatar\/7728b29aac2719421e1a9159b2254c44?s=96&d=mm&r=g\",\"contentUrl\":\"https:\/\/secure.gravatar.com\/avatar\/7728b29aac2719421e1a9159b2254c44?s=96&d=mm&r=g\",\"caption\":\"Cl\u00e9ment\"},\"sameAs\":[\"https:\/\/footdavant.fr\/\"]}]}<\/script>\n<!-- \/ Yoast SEO plugin. -->","yoast_head_json":{"title":"Arsenal et la l\u00e9gende de Chelsea intronis\u00e9es au Temple de la renomm\u00e9e de la Premier League","robots":{"index":"index","follow":"follow","max-snippet":"max-snippet:-1","max-image-preview":"max-image-preview:large","max-video-preview":"max-video-preview:-1"},"canonical":"https:\/\/footdavant.fr\/actualites\/arsenal-et-la-legende-de-chelsea-intronisees-au-temple-de-la-renommee-de-la-premier-league\/","og_locale":"fr_FR","og_type":"article","og_title":"Arsenal et la l\u00e9gende de Chelsea intronis\u00e9es au Temple de la renomm\u00e9e de la Premier League","og_description":"L&#39;ancien d\u00e9fenseur d&#39;Arsenal et de Chelsea Ashley Cole est le prochain intronis\u00e9 au Temple de la renomm\u00e9e de la Premier League, devenant ainsi le 22e","og_url":"https:\/\/footdavant.fr\/actualites\/arsenal-et-la-legende-de-chelsea-intronisees-au-temple-de-la-renommee-de-la-premier-league\/","og_site_name":"Foot d&#039;avant","article_publisher":"https:\/\/www.facebook.com\/Footdavant\/","article_published_time":"2024-03-27T00:49:46+00:00","article_modified_time":"2024-03-27T00:49:47+00:00","og_image":[{"width":640,"height":480,"url":"https:\/\/footdavant.fr\/actualites\/wp-content\/uploads\/2024\/03\/Arsenal-et-la-legende-de-Chelsea-intronisees-au-Temple-de.jpg","type":"image\/jpeg"}],"author":"Cl\u00e9ment","twitter_card":"summary_large_image","twitter_creator":"@FootdavantFr","twitter_site":"@FootdavantFr","twitter_misc":{"\u00c9crit par":"Cl\u00e9ment","Dur\u00e9e de lecture estim\u00e9e":"2 minutes"},"schema":{"@context":"https:\/\/schema.org","@graph":[{"@type":"Article","@id":"https:\/\/footdavant.fr\/actualites\/arsenal-et-la-legende-de-chelsea-intronisees-au-temple-de-la-renommee-de-la-premier-league\/#article","isPartOf":{"@id":"https:\/\/footdavant.fr\/actualites\/arsenal-et-la-legende-de-chelsea-intronisees-au-temple-de-la-renommee-de-la-premier-league\/"},"author":{"name":"Cl\u00e9ment","@id":"https:\/\/footdavant.fr\/actualites\/#\/schema\/person\/bc222566d95871b37e597b3ed3ba5e1d"},"headline":"Arsenal et la l\u00e9gende de Chelsea intronis\u00e9es au Temple de la renomm\u00e9e de la Premier League","datePublished":"2024-03-27T00:49:46+00:00","dateModified":"2024-03-27T00:49:47+00:00","mainEntityOfPage":{"@id":"https:\/\/footdavant.fr\/actualites\/arsenal-et-la-legende-de-chelsea-intronisees-au-temple-de-la-renommee-de-la-premier-league\/"},"wordCount":502,"publisher":{"@id":"https:\/\/footdavant.fr\/actualites\/#organization"},"keywords":["Arsenal","Chelsea","intronis\u00e9es","League","l\u00e9gende","Premier","renomm\u00e9e","Temple"],"articleSection":["Premier League"],"inLanguage":"fr-FR"},{"@type":"WebPage","@id":"https:\/\/footdavant.fr\/actualites\/arsenal-et-la-legende-de-chelsea-intronisees-au-temple-de-la-renommee-de-la-premier-league\/","url":"https:\/\/footdavant.fr\/actualites\/arsenal-et-la-legende-de-chelsea-intronisees-au-temple-de-la-renommee-de-la-premier-league\/","name":"Arsenal et la l\u00e9gende de Chelsea intronis\u00e9es au Temple de la renomm\u00e9e de la Premier League","isPartOf":{"@id":"https:\/\/footdavant.fr\/actualites\/#website"},"datePublished":"2024-03-27T00:49:46+00:00","dateModified":"2024-03-27T00:49:47+00:00","breadcrumb":{"@id":"https:\/\/footdavant.fr\/actualites\/arsenal-et-la-legende-de-chelsea-intronisees-au-temple-de-la-renommee-de-la-premier-league\/#breadcrumb"},"inLanguage":"fr-FR","potentialAction":[{"@type":"ReadAction","target":["https:\/\/footdavant.fr\/actualites\/arsenal-et-la-legende-de-chelsea-intronisees-au-temple-de-la-renommee-de-la-premier-league\/"]}]},{"@type":"BreadcrumbList","@id":"https:\/\/footdavant.fr\/actualites\/arsenal-et-la-legende-de-chelsea-intronisees-au-temple-de-la-renommee-de-la-premier-league\/#breadcrumb","itemListElement":[{"@type":"ListItem","position":1,"name":"Accueil","item":"https:\/\/footdavant.fr\/actualites\/"},{"@type":"ListItem","position":2,"name":"Arsenal et la l\u00e9gende de Chelsea intronis\u00e9es au Temple de la renomm\u00e9e de la Premier League"}]},{"@type":"WebSite","@id":"https:\/\/footdavant.fr\/actualites\/#website","url":"https:\/\/footdavant.fr\/actualites\/","name":"Foot d'avant","description":"","publisher":{"@id":"https:\/\/footdavant.fr\/actualites\/#organization"},"potentialAction":[{"@type":"SearchAction","target":{"@type":"EntryPoint","urlTemplate":"https:\/\/footdavant.fr\/actualites\/?s={search_term_string}"},"query-input":"required name=search_term_string"}],"inLanguage":"fr-FR"},{"@type":"Organization","@id":"https:\/\/footdavant.fr\/actualites\/#organization","name":"Foot d'avant","url":"https:\/\/footdavant.fr\/actualites\/","logo":{"@type":"ImageObject","inLanguage":"fr-FR","@id":"https:\/\/footdavant.fr\/actualites\/#\/schema\/logo\/image\/","url":"https:\/\/footdavant.fr\/actualites\/wp-content\/uploads\/2023\/09\/Copy-of-FootDavant-Logo.png","contentUrl":"https:\/\/footdavant.fr\/actualites\/wp-content\/uploads\/2023\/09\/Copy-of-FootDavant-Logo.png","width":936,"height":549,"caption":"Foot d'avant"},"image":{"@id":"https:\/\/footdavant.fr\/actualites\/#\/schema\/logo\/image\/"},"sameAs":["https:\/\/www.facebook.com\/Footdavant\/","https:\/\/twitter.com\/FootdavantFr","https:\/\/www.instagram.com\/footdavant.fr\/"]},{"@type":"Person","@id":"https:\/\/footdavant.fr\/actualites\/#\/schema\/person\/bc222566d95871b37e597b3ed3ba5e1d","name":"Cl\u00e9ment","image":{"@type":"ImageObject","inLanguage":"fr-FR","@id":"https:\/\/footdavant.fr\/actualites\/#\/schema\/person\/image\/","url":"https:\/\/secure.gravatar.com\/avatar\/7728b29aac2719421e1a9159b2254c44?s=96&d=mm&r=g","contentUrl":"https:\/\/secure.gravatar.com\/avatar\/7728b29aac2719421e1a9159b2254c44?s=96&d=mm&r=g","caption":"Cl\u00e9ment"},"sameAs":["https:\/\/footdavant.fr\/"]}]}},"_links":{"self":[{"href":"https:\/\/footdavant.fr\/actualites\/wp-json\/wp\/v2\/posts\/6704"}],"collection":[{"href":"https:\/\/footdavant.fr\/actualites\/wp-json\/wp\/v2\/posts"}],"about":[{"href":"https:\/\/footdavant.fr\/actualites\/wp-json\/wp\/v2\/types\/post"}],"author":[{"embeddable":true,"href":"https:\/\/footdavant.fr\/actualites\/wp-json\/wp\/v2\/users\/1"}],"replies":[{"embeddable":true,"href":"https:\/\/footdavant.fr\/actualites\/wp-json\/wp\/v2\/comments?post=6704"}],"version-history":[{"count":1,"href":"https:\/\/footdavant.fr\/actualites\/wp-json\/wp\/v2\/posts\/6704\/revisions"}],"predecessor-version":[{"id":6706,"href":"https:\/\/footdavant.fr\/actualites\/wp-json\/wp\/v2\/posts\/6704\/revisions\/6706"}],"wp:featuredmedia":[{"embeddable":true,"href":"https:\/\/footdavant.fr\/actualites\/wp-json\/wp\/v2\/media\/6705"}],"wp:attachment":[{"href":"https:\/\/footdavant.fr\/actualites\/wp-json\/wp\/v2\/media?parent=6704"}],"wp:term":[{"taxonomy":"category","embeddable":true,"href":"https:\/\/footdavant.fr\/actualites\/wp-json\/wp\/v2\/categories?post=6704"},{"taxonomy":"post_tag","embeddable":true,"href":"https:\/\/footdavant.fr\/actualites\/wp-json\/wp\/v2\/tags?post=6704"}],"curies":[{"name":"wp","href":"https:\/\/api.w.org\/{rel}","templated":true}]}}