{"id":674,"date":"2023-11-10T14:08:30","date_gmt":"2023-11-10T13:08:30","guid":{"rendered":"https:\/\/footdavant.fr\/actualites\/rasmus-hojlund-erik-ten-hag-a-toujours-le-soutien-de-lequipe-de-manchester-united\/"},"modified":"2023-11-10T14:08:31","modified_gmt":"2023-11-10T13:08:31","slug":"rasmus-hojlund-erik-ten-hag-a-toujours-le-soutien-de-lequipe-de-manchester-united","status":"publish","type":"post","link":"https:\/\/footdavant.fr\/actualites\/rasmus-hojlund-erik-ten-hag-a-toujours-le-soutien-de-lequipe-de-manchester-united\/","title":{"rendered":"Rasmus Hojlund : \u00ab\u00a0Erik ten Hag a toujours le soutien de l&rsquo;\u00e9quipe de Manchester United\u00a0\u00bb"},"content":{"rendered":"<p>Rasmus Hojlund affirme que l&rsquo;entra\u00eeneur-chef de Manchester United, Erik ten Hag, b\u00e9n\u00e9ficie toujours du soutien de l&rsquo;\u00e9quipe premi\u00e8re malgr\u00e9 sa derni\u00e8re d\u00e9faite contre Copenhague en Ligue des champions.<\/p>\n<div id=\"article_body\" itemprop=\"articleBody\">\n<h3 class=\"firstPara\">\n<strong class=\"autotag\">Rasmus Hojlund<\/strong> dit que \u00ab\u00a0chaque joueur du <strong class=\"autotag\">Manchester United<\/strong> \u00ab\u00a0Le vestiaire\u00a0\u00bb continue de soutenir l&rsquo;entra\u00eeneur-chef <strong class=\"autotag\">Erik Ten Hag<\/strong>.<\/h3>\n<p>Les Diables Rouges ont connu l&rsquo;un de leurs pires d\u00e9buts de saison de m\u00e9moire r\u00e9cente, en partie \u00e0 cause de cinq d\u00e9faites en 11 matches de Premier League.<\/p>\n<p>Cependant, United risque \u00e9galement de ne pas r\u00e9ussir \u00e0 se qualifier pour le <strong class=\"autotag\">Ligue des champions<\/strong> les huiti\u00e8mes de finale apr\u00e8s avoir perdu un match dramatique 4-3 en phase de groupes contre Copenhague mercredi soir.<\/p>\n<p>Hojlund avait donn\u00e9 l&rsquo;avantage \u00e0 United 2-0 dans la premi\u00e8re demi-heure, mais l&rsquo;expulsion controvers\u00e9e de <strong class=\"autotag\">Marcus Rashford<\/strong> et deux buts discutables &#8211; dont un sur penalty &#8211; ont permis \u00e0 Copenhague d&rsquo;\u00e9galiser avant la mi-temps.<\/p>\n<p>United a repris l&rsquo;avantage gr\u00e2ce \u00e0 un tir au but controvers\u00e9 avant que Copenhague n&rsquo;utilise son homme suppl\u00e9mentaire \u00e0 son avantage lors des phases finales pour s&rsquo;imposer dans un thriller de sept buts.<\/p>\n<p class=\"imgI\">\n<p>En 17 matches toutes comp\u00e9titions confondues en 2023-24, United a remport\u00e9 huit matchs et perdu les neuf autres, mettant la pression sur Ten Hag dont les cinq victoires en Premier League cette saison se sont toutes produites avec une marge d&rsquo;un but.<\/p>\n<p>De plus, United occupe d\u00e9sormais le bas du groupe de la Ligue des Champions, \u00e0 un point du deuxi\u00e8me avant une visite \u00e0 Galatasaray et une confrontation finale \u00e0 domicile avec le Bayern Munich.<\/p>\n<p>N\u00e9anmoins, Hojlund, qui est actuellement le co-meilleur buteur de la Ligue des champions avec cinq buts, a r\u00e9it\u00e9r\u00e9 que l&rsquo;\u00e9quipe senior continue de soutenir Ten Hag pour redresser la situation en temps voulu.<\/p>\n<p>Comme cit\u00e9 par le <em>Nouvelles du soir de Manchester<\/em>le Danois a d\u00e9clar\u00e9 : \u00ab\u00a0C&rsquo;est un tr\u00e8s bon entra\u00eeneur. Il se soucie de chaque d\u00e9tail et il m&rsquo;aide beaucoup, me donne beaucoup de confiance et me soutient.<\/p>\n<p class=\"imgI\"><img decoding=\"async\" loading=\"lazy\" class=\"l\" src=\"https:\/\/footdavant.fr\/actualites\/wp-content\/uploads\/2023\/11\/1699621710_256_Rasmus-Hojlund-Erik-ten-Hag-a-toujours-le-soutien.JPG\" title=\"L'attaquant de Manchester United Rasmus Hojlund le 8 novembre 2023\" alt=\"L'attaquant de Manchester United Rasmus Hojlund le 8 novembre 2023\" width=\"640\" height=\"480\"><\/p>\n<p>\u00ab\u00a0Je pense que tous les joueurs dans le vestiaire le soutiennent. J&rsquo;esp\u00e8re que ce n&rsquo;est qu&rsquo;une question de temps. Les 30 premi\u00e8res minutes d&rsquo;aujourd&rsquo;hui ont \u00e9t\u00e9 parmi les meilleures que nous ayons jou\u00e9es cette saison.\u00a0\u00bb<\/p>\n<p>Hojlund a ajout\u00e9 : \u00ab\u00a0C&rsquo;\u00e9tait bien de marquer deux buts, mais cela dit, c&rsquo;est dommage que nous ayons re\u00e7u un carton rouge car nous avons tr\u00e8s bien jou\u00e9 dans les 20-25 premi\u00e8res minutes. Nous avons besoin d&rsquo;un peu de chance en ce moment. Nous les petites choses me manquent.\u00a0\u00bb<\/p>\n<p>United sera le prochain en action lorsqu&rsquo;il accueillera Luton Town en Premier League samedi apr\u00e8s-midi, ayant l&rsquo;opportunit\u00e9 de se classer sixi\u00e8me avant que Newcastle United et Brighton &#038; Hove Albion ne jouent plus tard ce week-end.<\/p>\n<p>En ce qui concerne la Ligue des champions, United sait que la d\u00e9faite en Turquie contre Galatasaray les verrait \u00e9limin\u00e9s avec un match \u00e0 jouer, d\u00e9pendant plut\u00f4t des r\u00e9sultats de Copenhague pour d\u00e9terminer s&rsquo;ils passeraient en Ligue Europa.<\/p>\n<\/div>\n","protected":false},"excerpt":{"rendered":"<p>Rasmus Hojlund affirme que l&rsquo;entra\u00eeneur-chef de Manchester United, Erik ten Hag, b\u00e9n\u00e9ficie toujours du soutien de l&rsquo;\u00e9quipe premi\u00e8re malgr\u00e9 sa derni\u00e8re d\u00e9faite contre Copenhague en<\/p>\n","protected":false},"author":1,"featured_media":675,"comment_status":"closed","ping_status":"","sticky":false,"template":"","format":"standard","meta":{"footnotes":""},"categories":[4],"tags":[190,192,456,9,11,455,629,191,809,13],"yoast_head":"<!-- This site is optimized with the Yoast SEO plugin v21.0 - https:\/\/yoast.com\/wordpress\/plugins\/seo\/ -->\n<title>Rasmus Hojlund : &quot;Erik ten Hag a toujours le soutien de l&#039;\u00e9quipe de Manchester United&quot;<\/title>\n<meta name=\"robots\" content=\"index, follow, max-snippet:-1, max-image-preview:large, max-video-preview:-1\" \/>\n<link rel=\"canonical\" href=\"https:\/\/footdavant.fr\/actualites\/rasmus-hojlund-erik-ten-hag-a-toujours-le-soutien-de-lequipe-de-manchester-united\/\" \/>\n<meta property=\"og:locale\" content=\"fr_FR\" \/>\n<meta property=\"og:type\" content=\"article\" \/>\n<meta property=\"og:title\" content=\"Rasmus Hojlund : &quot;Erik ten Hag a toujours le soutien de l&#039;\u00e9quipe de Manchester United&quot;\" \/>\n<meta property=\"og:description\" content=\"Rasmus Hojlund affirme que l&rsquo;entra\u00eeneur-chef de Manchester United, Erik ten Hag, b\u00e9n\u00e9ficie toujours du soutien de l&rsquo;\u00e9quipe premi\u00e8re malgr\u00e9 sa derni\u00e8re d\u00e9faite contre Copenhague en\" \/>\n<meta property=\"og:url\" content=\"https:\/\/footdavant.fr\/actualites\/rasmus-hojlund-erik-ten-hag-a-toujours-le-soutien-de-lequipe-de-manchester-united\/\" \/>\n<meta property=\"og:site_name\" content=\"Foot d&#039;avant\" \/>\n<meta property=\"article:publisher\" content=\"https:\/\/www.facebook.com\/Footdavant\/\" \/>\n<meta property=\"article:published_time\" content=\"2023-11-10T13:08:30+00:00\" \/>\n<meta property=\"article:modified_time\" content=\"2023-11-10T13:08:31+00:00\" \/>\n<meta property=\"og:image\" content=\"https:\/\/footdavant.fr\/actualites\/wp-content\/uploads\/2023\/11\/Rasmus-Hojlund-Erik-ten-Hag-a-toujours-le-soutien.JPG\" \/>\n\t<meta property=\"og:image:width\" content=\"640\" \/>\n\t<meta property=\"og:image:height\" content=\"480\" \/>\n\t<meta property=\"og:image:type\" content=\"image\/jpeg\" \/>\n<meta name=\"author\" content=\"Cl\u00e9ment\" \/>\n<meta name=\"twitter:card\" content=\"summary_large_image\" \/>\n<meta name=\"twitter:creator\" content=\"@FootdavantFr\" \/>\n<meta name=\"twitter:site\" content=\"@FootdavantFr\" \/>\n<meta name=\"twitter:label1\" content=\"\u00c9crit par\" \/>\n\t<meta name=\"twitter:data1\" content=\"Cl\u00e9ment\" \/>\n\t<meta name=\"twitter:label2\" content=\"Dur\u00e9e de lecture estim\u00e9e\" \/>\n\t<meta name=\"twitter:data2\" content=\"3 minutes\" \/>\n<script type=\"application\/ld+json\" class=\"yoast-schema-graph\">{\"@context\":\"https:\/\/schema.org\",\"@graph\":[{\"@type\":\"Article\",\"@id\":\"https:\/\/footdavant.fr\/actualites\/rasmus-hojlund-erik-ten-hag-a-toujours-le-soutien-de-lequipe-de-manchester-united\/#article\",\"isPartOf\":{\"@id\":\"https:\/\/footdavant.fr\/actualites\/rasmus-hojlund-erik-ten-hag-a-toujours-le-soutien-de-lequipe-de-manchester-united\/\"},\"author\":{\"name\":\"Cl\u00e9ment\",\"@id\":\"https:\/\/footdavant.fr\/actualites\/#\/schema\/person\/bc222566d95871b37e597b3ed3ba5e1d\"},\"headline\":\"Rasmus Hojlund : \u00ab\u00a0Erik ten Hag a toujours le soutien de l&rsquo;\u00e9quipe de Manchester United\u00a0\u00bb\",\"datePublished\":\"2023-11-10T13:08:30+00:00\",\"dateModified\":\"2023-11-10T13:08:31+00:00\",\"mainEntityOfPage\":{\"@id\":\"https:\/\/footdavant.fr\/actualites\/rasmus-hojlund-erik-ten-hag-a-toujours-le-soutien-de-lequipe-de-manchester-united\/\"},\"wordCount\":525,\"publisher\":{\"@id\":\"https:\/\/footdavant.fr\/actualites\/#organization\"},\"keywords\":[\"Erik\",\"Hag\",\"Hojlund\",\"l\u00e9quipe\",\"Manchester\",\"Rasmus\",\"soutien\",\"ten\",\"toujours\",\"United\"],\"articleSection\":[\"Champions League\"],\"inLanguage\":\"fr-FR\"},{\"@type\":\"WebPage\",\"@id\":\"https:\/\/footdavant.fr\/actualites\/rasmus-hojlund-erik-ten-hag-a-toujours-le-soutien-de-lequipe-de-manchester-united\/\",\"url\":\"https:\/\/footdavant.fr\/actualites\/rasmus-hojlund-erik-ten-hag-a-toujours-le-soutien-de-lequipe-de-manchester-united\/\",\"name\":\"Rasmus Hojlund : \\\"Erik ten Hag a toujours le soutien de l'\u00e9quipe de Manchester United\\\"\",\"isPartOf\":{\"@id\":\"https:\/\/footdavant.fr\/actualites\/#website\"},\"datePublished\":\"2023-11-10T13:08:30+00:00\",\"dateModified\":\"2023-11-10T13:08:31+00:00\",\"breadcrumb\":{\"@id\":\"https:\/\/footdavant.fr\/actualites\/rasmus-hojlund-erik-ten-hag-a-toujours-le-soutien-de-lequipe-de-manchester-united\/#breadcrumb\"},\"inLanguage\":\"fr-FR\",\"potentialAction\":[{\"@type\":\"ReadAction\",\"target\":[\"https:\/\/footdavant.fr\/actualites\/rasmus-hojlund-erik-ten-hag-a-toujours-le-soutien-de-lequipe-de-manchester-united\/\"]}]},{\"@type\":\"BreadcrumbList\",\"@id\":\"https:\/\/footdavant.fr\/actualites\/rasmus-hojlund-erik-ten-hag-a-toujours-le-soutien-de-lequipe-de-manchester-united\/#breadcrumb\",\"itemListElement\":[{\"@type\":\"ListItem\",\"position\":1,\"name\":\"Accueil\",\"item\":\"https:\/\/footdavant.fr\/actualites\/\"},{\"@type\":\"ListItem\",\"position\":2,\"name\":\"Rasmus Hojlund : \u00ab\u00a0Erik ten Hag a toujours le soutien de l&rsquo;\u00e9quipe de Manchester United\u00a0\u00bb\"}]},{\"@type\":\"WebSite\",\"@id\":\"https:\/\/footdavant.fr\/actualites\/#website\",\"url\":\"https:\/\/footdavant.fr\/actualites\/\",\"name\":\"Foot d'avant\",\"description\":\"\",\"publisher\":{\"@id\":\"https:\/\/footdavant.fr\/actualites\/#organization\"},\"potentialAction\":[{\"@type\":\"SearchAction\",\"target\":{\"@type\":\"EntryPoint\",\"urlTemplate\":\"https:\/\/footdavant.fr\/actualites\/?s={search_term_string}\"},\"query-input\":\"required name=search_term_string\"}],\"inLanguage\":\"fr-FR\"},{\"@type\":\"Organization\",\"@id\":\"https:\/\/footdavant.fr\/actualites\/#organization\",\"name\":\"Foot d'avant\",\"url\":\"https:\/\/footdavant.fr\/actualites\/\",\"logo\":{\"@type\":\"ImageObject\",\"inLanguage\":\"fr-FR\",\"@id\":\"https:\/\/footdavant.fr\/actualites\/#\/schema\/logo\/image\/\",\"url\":\"https:\/\/footdavant.fr\/actualites\/wp-content\/uploads\/2023\/09\/Copy-of-FootDavant-Logo.png\",\"contentUrl\":\"https:\/\/footdavant.fr\/actualites\/wp-content\/uploads\/2023\/09\/Copy-of-FootDavant-Logo.png\",\"width\":936,\"height\":549,\"caption\":\"Foot d'avant\"},\"image\":{\"@id\":\"https:\/\/footdavant.fr\/actualites\/#\/schema\/logo\/image\/\"},\"sameAs\":[\"https:\/\/www.facebook.com\/Footdavant\/\",\"https:\/\/twitter.com\/FootdavantFr\",\"https:\/\/www.instagram.com\/footdavant.fr\/\"]},{\"@type\":\"Person\",\"@id\":\"https:\/\/footdavant.fr\/actualites\/#\/schema\/person\/bc222566d95871b37e597b3ed3ba5e1d\",\"name\":\"Cl\u00e9ment\",\"image\":{\"@type\":\"ImageObject\",\"inLanguage\":\"fr-FR\",\"@id\":\"https:\/\/footdavant.fr\/actualites\/#\/schema\/person\/image\/\",\"url\":\"https:\/\/secure.gravatar.com\/avatar\/7728b29aac2719421e1a9159b2254c44?s=96&d=mm&r=g\",\"contentUrl\":\"https:\/\/secure.gravatar.com\/avatar\/7728b29aac2719421e1a9159b2254c44?s=96&d=mm&r=g\",\"caption\":\"Cl\u00e9ment\"},\"sameAs\":[\"https:\/\/footdavant.fr\/\"]}]}<\/script>\n<!-- \/ Yoast SEO plugin. -->","yoast_head_json":{"title":"Rasmus Hojlund : \"Erik ten Hag a toujours le soutien de l'\u00e9quipe de Manchester United\"","robots":{"index":"index","follow":"follow","max-snippet":"max-snippet:-1","max-image-preview":"max-image-preview:large","max-video-preview":"max-video-preview:-1"},"canonical":"https:\/\/footdavant.fr\/actualites\/rasmus-hojlund-erik-ten-hag-a-toujours-le-soutien-de-lequipe-de-manchester-united\/","og_locale":"fr_FR","og_type":"article","og_title":"Rasmus Hojlund : \"Erik ten Hag a toujours le soutien de l'\u00e9quipe de Manchester United\"","og_description":"Rasmus Hojlund affirme que l&rsquo;entra\u00eeneur-chef de Manchester United, Erik ten Hag, b\u00e9n\u00e9ficie toujours du soutien de l&rsquo;\u00e9quipe premi\u00e8re malgr\u00e9 sa derni\u00e8re d\u00e9faite contre Copenhague en","og_url":"https:\/\/footdavant.fr\/actualites\/rasmus-hojlund-erik-ten-hag-a-toujours-le-soutien-de-lequipe-de-manchester-united\/","og_site_name":"Foot d&#039;avant","article_publisher":"https:\/\/www.facebook.com\/Footdavant\/","article_published_time":"2023-11-10T13:08:30+00:00","article_modified_time":"2023-11-10T13:08:31+00:00","og_image":[{"width":640,"height":480,"url":"https:\/\/footdavant.fr\/actualites\/wp-content\/uploads\/2023\/11\/Rasmus-Hojlund-Erik-ten-Hag-a-toujours-le-soutien.JPG","type":"image\/jpeg"}],"author":"Cl\u00e9ment","twitter_card":"summary_large_image","twitter_creator":"@FootdavantFr","twitter_site":"@FootdavantFr","twitter_misc":{"\u00c9crit par":"Cl\u00e9ment","Dur\u00e9e de lecture estim\u00e9e":"3 minutes"},"schema":{"@context":"https:\/\/schema.org","@graph":[{"@type":"Article","@id":"https:\/\/footdavant.fr\/actualites\/rasmus-hojlund-erik-ten-hag-a-toujours-le-soutien-de-lequipe-de-manchester-united\/#article","isPartOf":{"@id":"https:\/\/footdavant.fr\/actualites\/rasmus-hojlund-erik-ten-hag-a-toujours-le-soutien-de-lequipe-de-manchester-united\/"},"author":{"name":"Cl\u00e9ment","@id":"https:\/\/footdavant.fr\/actualites\/#\/schema\/person\/bc222566d95871b37e597b3ed3ba5e1d"},"headline":"Rasmus Hojlund : \u00ab\u00a0Erik ten Hag a toujours le soutien de l&rsquo;\u00e9quipe de Manchester United\u00a0\u00bb","datePublished":"2023-11-10T13:08:30+00:00","dateModified":"2023-11-10T13:08:31+00:00","mainEntityOfPage":{"@id":"https:\/\/footdavant.fr\/actualites\/rasmus-hojlund-erik-ten-hag-a-toujours-le-soutien-de-lequipe-de-manchester-united\/"},"wordCount":525,"publisher":{"@id":"https:\/\/footdavant.fr\/actualites\/#organization"},"keywords":["Erik","Hag","Hojlund","l\u00e9quipe","Manchester","Rasmus","soutien","ten","toujours","United"],"articleSection":["Champions League"],"inLanguage":"fr-FR"},{"@type":"WebPage","@id":"https:\/\/footdavant.fr\/actualites\/rasmus-hojlund-erik-ten-hag-a-toujours-le-soutien-de-lequipe-de-manchester-united\/","url":"https:\/\/footdavant.fr\/actualites\/rasmus-hojlund-erik-ten-hag-a-toujours-le-soutien-de-lequipe-de-manchester-united\/","name":"Rasmus Hojlund : \"Erik ten Hag a toujours le soutien de l'\u00e9quipe de Manchester United\"","isPartOf":{"@id":"https:\/\/footdavant.fr\/actualites\/#website"},"datePublished":"2023-11-10T13:08:30+00:00","dateModified":"2023-11-10T13:08:31+00:00","breadcrumb":{"@id":"https:\/\/footdavant.fr\/actualites\/rasmus-hojlund-erik-ten-hag-a-toujours-le-soutien-de-lequipe-de-manchester-united\/#breadcrumb"},"inLanguage":"fr-FR","potentialAction":[{"@type":"ReadAction","target":["https:\/\/footdavant.fr\/actualites\/rasmus-hojlund-erik-ten-hag-a-toujours-le-soutien-de-lequipe-de-manchester-united\/"]}]},{"@type":"BreadcrumbList","@id":"https:\/\/footdavant.fr\/actualites\/rasmus-hojlund-erik-ten-hag-a-toujours-le-soutien-de-lequipe-de-manchester-united\/#breadcrumb","itemListElement":[{"@type":"ListItem","position":1,"name":"Accueil","item":"https:\/\/footdavant.fr\/actualites\/"},{"@type":"ListItem","position":2,"name":"Rasmus Hojlund : \u00ab\u00a0Erik ten Hag a toujours le soutien de l&rsquo;\u00e9quipe de Manchester United\u00a0\u00bb"}]},{"@type":"WebSite","@id":"https:\/\/footdavant.fr\/actualites\/#website","url":"https:\/\/footdavant.fr\/actualites\/","name":"Foot d'avant","description":"","publisher":{"@id":"https:\/\/footdavant.fr\/actualites\/#organization"},"potentialAction":[{"@type":"SearchAction","target":{"@type":"EntryPoint","urlTemplate":"https:\/\/footdavant.fr\/actualites\/?s={search_term_string}"},"query-input":"required name=search_term_string"}],"inLanguage":"fr-FR"},{"@type":"Organization","@id":"https:\/\/footdavant.fr\/actualites\/#organization","name":"Foot d'avant","url":"https:\/\/footdavant.fr\/actualites\/","logo":{"@type":"ImageObject","inLanguage":"fr-FR","@id":"https:\/\/footdavant.fr\/actualites\/#\/schema\/logo\/image\/","url":"https:\/\/footdavant.fr\/actualites\/wp-content\/uploads\/2023\/09\/Copy-of-FootDavant-Logo.png","contentUrl":"https:\/\/footdavant.fr\/actualites\/wp-content\/uploads\/2023\/09\/Copy-of-FootDavant-Logo.png","width":936,"height":549,"caption":"Foot d'avant"},"image":{"@id":"https:\/\/footdavant.fr\/actualites\/#\/schema\/logo\/image\/"},"sameAs":["https:\/\/www.facebook.com\/Footdavant\/","https:\/\/twitter.com\/FootdavantFr","https:\/\/www.instagram.com\/footdavant.fr\/"]},{"@type":"Person","@id":"https:\/\/footdavant.fr\/actualites\/#\/schema\/person\/bc222566d95871b37e597b3ed3ba5e1d","name":"Cl\u00e9ment","image":{"@type":"ImageObject","inLanguage":"fr-FR","@id":"https:\/\/footdavant.fr\/actualites\/#\/schema\/person\/image\/","url":"https:\/\/secure.gravatar.com\/avatar\/7728b29aac2719421e1a9159b2254c44?s=96&d=mm&r=g","contentUrl":"https:\/\/secure.gravatar.com\/avatar\/7728b29aac2719421e1a9159b2254c44?s=96&d=mm&r=g","caption":"Cl\u00e9ment"},"sameAs":["https:\/\/footdavant.fr\/"]}]}},"_links":{"self":[{"href":"https:\/\/footdavant.fr\/actualites\/wp-json\/wp\/v2\/posts\/674"}],"collection":[{"href":"https:\/\/footdavant.fr\/actualites\/wp-json\/wp\/v2\/posts"}],"about":[{"href":"https:\/\/footdavant.fr\/actualites\/wp-json\/wp\/v2\/types\/post"}],"author":[{"embeddable":true,"href":"https:\/\/footdavant.fr\/actualites\/wp-json\/wp\/v2\/users\/1"}],"replies":[{"embeddable":true,"href":"https:\/\/footdavant.fr\/actualites\/wp-json\/wp\/v2\/comments?post=674"}],"version-history":[{"count":1,"href":"https:\/\/footdavant.fr\/actualites\/wp-json\/wp\/v2\/posts\/674\/revisions"}],"predecessor-version":[{"id":676,"href":"https:\/\/footdavant.fr\/actualites\/wp-json\/wp\/v2\/posts\/674\/revisions\/676"}],"wp:featuredmedia":[{"embeddable":true,"href":"https:\/\/footdavant.fr\/actualites\/wp-json\/wp\/v2\/media\/675"}],"wp:attachment":[{"href":"https:\/\/footdavant.fr\/actualites\/wp-json\/wp\/v2\/media?parent=674"}],"wp:term":[{"taxonomy":"category","embeddable":true,"href":"https:\/\/footdavant.fr\/actualites\/wp-json\/wp\/v2\/categories?post=674"},{"taxonomy":"post_tag","embeddable":true,"href":"https:\/\/footdavant.fr\/actualites\/wp-json\/wp\/v2\/tags?post=674"}],"curies":[{"name":"wp","href":"https:\/\/api.w.org\/{rel}","templated":true}]}}