{"id":689,"date":"2023-11-10T20:52:46","date_gmt":"2023-11-10T19:52:46","guid":{"rendered":"https:\/\/footdavant.fr\/actualites\/mikel-arteta-fait-le-point-sur-la-blessure-de-bukayo-saka-apres-la-victoire-de-seville\/"},"modified":"2023-11-10T20:52:46","modified_gmt":"2023-11-10T19:52:46","slug":"mikel-arteta-fait-le-point-sur-la-blessure-de-bukayo-saka-apres-la-victoire-de-seville","status":"publish","type":"post","link":"https:\/\/footdavant.fr\/actualites\/mikel-arteta-fait-le-point-sur-la-blessure-de-bukayo-saka-apres-la-victoire-de-seville\/","title":{"rendered":"Mikel Arteta fait le point sur la blessure de Bukayo Saka apr\u00e8s la victoire de S\u00e9ville"},"content":{"rendered":"<p>Mikel Arteta fournit une mise \u00e0 jour rassurante sur les blessures de Bukayo Saka apr\u00e8s que l&rsquo;ailier ait \u00e9t\u00e9 expuls\u00e9 dans les derni\u00e8res \u00e9tapes de la victoire 2-0 d&rsquo;Arsenal contre S\u00e9ville en Ligue des champions.<\/p>\n<div id=\"article_body\" itemprop=\"articleBody\">\n<h3 class=\"firstPara\">\n<strong class=\"autotag\">Mikel Arteta<\/strong> j&rsquo;esp\u00e8re que <strong class=\"autotag\">Bukayo Saka<\/strong> n&rsquo;a pas subi de blessure grave <strong class=\"autotag\">Arsenal<\/strong>victoire 2-0 contre S\u00e9ville en <strong class=\"autotag\">Ligue des champions<\/strong> mercredi.<\/h3>\n<p>Le jeune homme de 22 ans s&rsquo;est install\u00e9 <strong class=\"autotag\">L\u00e9andro Trossard<\/strong> pour le premier but \u00e0 la 29e minute avant d&rsquo;inscrire son propre nom sur la feuille de match au milieu de la seconde mi-temps pour aider \u00e0 assurer une victoire dominante aux Gunners \u00e0 l&rsquo;Emirates Stadium.<\/p>\n<p>Cependant, Saka a \u00e9t\u00e9 retir\u00e9 dans les cinq derni\u00e8res minutes et s&rsquo;est dirig\u00e9 avec pr\u00e9caution vers le banc des rempla\u00e7ants apr\u00e8s avoir atterri maladroitement sur la cheville \u00e0 la suite d&rsquo;un d\u00e9fi a\u00e9rien.<\/p>\n<p>L&rsquo;ailier anglais a d&rsquo;abord tent\u00e9 de continuer apr\u00e8s avoir re\u00e7u un traitement, mais il a touch\u00e9 le pont quelques minutes plus tard avant qu&rsquo;Arteta ne prenne la d\u00e9cision rapide de le retirer.<\/p>\n<p>Saka s&rsquo;est impos\u00e9 comme un joueur \u00e0 part enti\u00e8re d&rsquo;Arsenal ces derni\u00e8res saisons et a encore une fois impressionn\u00e9 jusqu&rsquo;\u00e0 pr\u00e9sent cette saison avec six buts et sept passes d\u00e9cisives en 16 apparitions toutes comp\u00e9titions confondues.<\/p>\n<p class=\"imgI\">\n<p>Le num\u00e9ro 7 d&rsquo;Arsenal a rat\u00e9 deux matchs plus t\u00f4t cette saison en raison d&rsquo;un probl\u00e8me aux ischio-jambiers, et son dernier retrait en raison d&rsquo;une blessure a suscit\u00e9 des inqui\u00e9tudes quant \u00e0 un autre \u00e9ventuel passage \u00e0 l&rsquo;\u00e9cart.<\/p>\n<p>Cependant, Arteta a rassur\u00e9 les supporters des Gunners sur le fait que Saka n&rsquo;a re\u00e7u que \u00ab\u00a0un coup\u00a0\u00bb et pourrait donc \u00eatre disponible pour la s\u00e9lection contre Burnley en Premier League samedi.<\/p>\n<p>Arteta a \u00e9galement confirm\u00e9 que le d\u00e9fenseur <strong class=\"autotag\">Takehiro Tomiyasu<\/strong> a \u00e9t\u00e9 remplac\u00e9 par <strong class=\"autotag\">Alexandre Zinchenko<\/strong> \u00e0 la mi-temps apr\u00e8s avoir ressenti un malaise li\u00e9 \u00e0 un probl\u00e8me non pr\u00e9cis\u00e9.<\/p>\n<p>\u00ab\u00a0Takehiro Tomiyasu ressentait quelque chose donc nous ne voulions pas prendre de risque. Bukayo Saka, c&rsquo;est un coup\u00a0\u00bb, a d\u00e9clar\u00e9 Arteta. <em>TNT Sports<\/em> apres le jeu.  \u00ab\u00a0J&rsquo;esp\u00e8re qu&rsquo;ils seront bons car il nous manque certains joueurs.\u00a0\u00bb<\/p>\n<p>S&rsquo;exprimant lors d&rsquo;une conf\u00e9rence de presse d&rsquo;apr\u00e8s-match, cit\u00e9 par le <em>M\u00e9tro<\/em>le patron des Gunners a ajout\u00e9 : \u00ab\u00a0\u00c0 la fin, [Saka] C&rsquo;\u00e9tait inconfortable de continuer, alors j&rsquo;esp\u00e8re que ce n&rsquo;est pas grave.  Je veux croire qu&rsquo;il ira bien.\u00a0\u00bb<\/p>\n<p>Arteta a \u00e9galement fourni une mise \u00e0 jour sur sa condition physique <strong class=\"autotag\">Martin Odegaard<\/strong> et <strong class=\"autotag\">Eddie Nketiah<\/strong>qui ont tous deux rat\u00e9 la victoire contre S\u00e9ville en raison de probl\u00e8mes respectifs \u00e0 la hanche et \u00e0 la cheville.<\/p>\n<p class=\"imgI\"><img decoding=\"async\" loading=\"lazy\" class=\"l\" src=\"https:\/\/footdavant.fr\/actualites\/wp-content\/uploads\/2023\/11\/1699645966_513_Mikel-Arteta-fait-le-point-sur-la-blessure-de-Bukayo.jpg\" title=\"Mikel Arteta, manager d'Arsenal, photographi\u00e9 avant le match du 8 novembre 2023\" alt=\"Mikel Arteta, manager d'Arsenal, photographi\u00e9 avant le match du 8 novembre 2023\" width=\"640\" height=\"480\"><\/p>\n<p>Odegaard a \u00e9galement rat\u00e9 la d\u00e9faite 1-0 du week-end dernier \u00e0 Newcastle United en Premier League, un match au cours duquel Nketiah a \u00e9t\u00e9 expuls\u00e9 dans les phases finales et a ensuite \u00e9t\u00e9 remplac\u00e9 dans le onze de d\u00e9part par Trossard contre S\u00e9ville.<\/p>\n<p>\u00ab\u00a0Ils sont [Odegaard and Nketiah] courir contre la montre pour \u00eatre en forme\u00a0\u00bb, a d\u00e9clar\u00e9 Arteta. \u00ab\u00a0Ils ont fait de leur mieux pour \u00eatre en forme ce soir.  Ce n&rsquo;\u00e9tait pas possible.  Nous allons r\u00e9essayer contre Burnley et nous verrons.\u00a0\u00bb<\/p>\n<p>Odegaard et Nketiah sont deux ajouts r\u00e9cents \u00e0 la salle de soins bond\u00e9e d&rsquo;Arsenal qui comprend \u00e9galement <strong class=\"autotag\">Thomas Partey<\/strong>, <strong class=\"autotag\">Gabriel J\u00e9sus<\/strong>, <strong class=\"autotag\">\u00c9mile Smith Rowe<\/strong> et <strong class=\"autotag\">Jurrien Bois<\/strong>.<\/p>\n<p>Alors qu&rsquo;il est peu probable que Partey (muscle), Jesus (ischio-jambiers) et Smith Rowe (genou) fassent un retour avant d\u00e9cembre au plus t\u00f4t, Timber est confront\u00e9 \u00e0 une course contre la montre pour revenir avant la fin de la saison alors qu&rsquo;il continue de se remettre de une blessure au LCA.<\/p>\n<p>La victoire d&rsquo;Arsenal sur S\u00e9ville les a aid\u00e9s \u00e0 consolider la premi\u00e8re place du groupe B de la Ligue des champions, avec quatre points d&rsquo;avance sur le PSV Eindhoven en deuxi\u00e8me position, et les Gunners n&rsquo;ont besoin que d&rsquo;un point de plus lors de leurs deux derniers matches pour assurer leur place en huiti\u00e8mes de finale.<\/p>\n<\/div>\n","protected":false},"excerpt":{"rendered":"<p>Mikel Arteta fournit une mise \u00e0 jour rassurante sur les blessures de Bukayo Saka apr\u00e8s que l&rsquo;ailier ait \u00e9t\u00e9 expuls\u00e9 dans les derni\u00e8res \u00e9tapes de<\/p>\n","protected":false},"author":1,"featured_media":690,"comment_status":"closed","ping_status":"","sticky":false,"template":"","format":"standard","meta":{"footnotes":""},"categories":[4],"tags":[25,211,15,865,152,210,153,185,214,103,26],"yoast_head":"<!-- This site is optimized with the Yoast SEO plugin v21.0 - https:\/\/yoast.com\/wordpress\/plugins\/seo\/ -->\n<title>Mikel Arteta fait le point sur la blessure de Bukayo Saka apr\u00e8s la victoire de S\u00e9ville<\/title>\n<meta name=\"robots\" content=\"index, follow, max-snippet:-1, max-image-preview:large, max-video-preview:-1\" \/>\n<link rel=\"canonical\" href=\"https:\/\/footdavant.fr\/actualites\/mikel-arteta-fait-le-point-sur-la-blessure-de-bukayo-saka-apres-la-victoire-de-seville\/\" \/>\n<meta property=\"og:locale\" content=\"fr_FR\" \/>\n<meta property=\"og:type\" content=\"article\" \/>\n<meta property=\"og:title\" content=\"Mikel Arteta fait le point sur la blessure de Bukayo Saka apr\u00e8s la victoire de S\u00e9ville\" \/>\n<meta property=\"og:description\" content=\"Mikel Arteta fournit une mise \u00e0 jour rassurante sur les blessures de Bukayo Saka apr\u00e8s que l&rsquo;ailier ait \u00e9t\u00e9 expuls\u00e9 dans les derni\u00e8res \u00e9tapes de\" \/>\n<meta property=\"og:url\" content=\"https:\/\/footdavant.fr\/actualites\/mikel-arteta-fait-le-point-sur-la-blessure-de-bukayo-saka-apres-la-victoire-de-seville\/\" \/>\n<meta property=\"og:site_name\" content=\"Foot d&#039;avant\" \/>\n<meta property=\"article:publisher\" content=\"https:\/\/www.facebook.com\/Footdavant\/\" \/>\n<meta property=\"article:published_time\" content=\"2023-11-10T19:52:46+00:00\" \/>\n<meta property=\"og:image\" content=\"https:\/\/footdavant.fr\/actualites\/wp-content\/uploads\/2023\/11\/Mikel-Arteta-fait-le-point-sur-la-blessure-de-Bukayo.jpg\" \/>\n\t<meta property=\"og:image:width\" content=\"640\" \/>\n\t<meta property=\"og:image:height\" content=\"480\" \/>\n\t<meta property=\"og:image:type\" content=\"image\/jpeg\" \/>\n<meta name=\"author\" content=\"Cl\u00e9ment\" \/>\n<meta name=\"twitter:card\" content=\"summary_large_image\" \/>\n<meta name=\"twitter:creator\" content=\"@FootdavantFr\" \/>\n<meta name=\"twitter:site\" content=\"@FootdavantFr\" \/>\n<meta name=\"twitter:label1\" content=\"\u00c9crit par\" \/>\n\t<meta name=\"twitter:data1\" content=\"Cl\u00e9ment\" \/>\n\t<meta name=\"twitter:label2\" content=\"Dur\u00e9e de lecture estim\u00e9e\" \/>\n\t<meta name=\"twitter:data2\" content=\"3 minutes\" \/>\n<script type=\"application\/ld+json\" class=\"yoast-schema-graph\">{\"@context\":\"https:\/\/schema.org\",\"@graph\":[{\"@type\":\"Article\",\"@id\":\"https:\/\/footdavant.fr\/actualites\/mikel-arteta-fait-le-point-sur-la-blessure-de-bukayo-saka-apres-la-victoire-de-seville\/#article\",\"isPartOf\":{\"@id\":\"https:\/\/footdavant.fr\/actualites\/mikel-arteta-fait-le-point-sur-la-blessure-de-bukayo-saka-apres-la-victoire-de-seville\/\"},\"author\":{\"name\":\"Cl\u00e9ment\",\"@id\":\"https:\/\/footdavant.fr\/actualites\/#\/schema\/person\/bc222566d95871b37e597b3ed3ba5e1d\"},\"headline\":\"Mikel Arteta fait le point sur la blessure de Bukayo Saka apr\u00e8s la victoire de S\u00e9ville\",\"datePublished\":\"2023-11-10T19:52:46+00:00\",\"dateModified\":\"2023-11-10T19:52:46+00:00\",\"mainEntityOfPage\":{\"@id\":\"https:\/\/footdavant.fr\/actualites\/mikel-arteta-fait-le-point-sur-la-blessure-de-bukayo-saka-apres-la-victoire-de-seville\/\"},\"wordCount\":681,\"publisher\":{\"@id\":\"https:\/\/footdavant.fr\/actualites\/#organization\"},\"keywords\":[\"apr\u00e8s\",\"Arteta\",\"Blessure\",\"Bukayo\",\"fait\",\"Mikel\",\"point\",\"Saka\",\"S\u00e9ville\",\"sur\",\"victoire\"],\"articleSection\":[\"Champions League\"],\"inLanguage\":\"fr-FR\"},{\"@type\":\"WebPage\",\"@id\":\"https:\/\/footdavant.fr\/actualites\/mikel-arteta-fait-le-point-sur-la-blessure-de-bukayo-saka-apres-la-victoire-de-seville\/\",\"url\":\"https:\/\/footdavant.fr\/actualites\/mikel-arteta-fait-le-point-sur-la-blessure-de-bukayo-saka-apres-la-victoire-de-seville\/\",\"name\":\"Mikel Arteta fait le point sur la blessure de Bukayo Saka apr\u00e8s la victoire de S\u00e9ville\",\"isPartOf\":{\"@id\":\"https:\/\/footdavant.fr\/actualites\/#website\"},\"datePublished\":\"2023-11-10T19:52:46+00:00\",\"dateModified\":\"2023-11-10T19:52:46+00:00\",\"breadcrumb\":{\"@id\":\"https:\/\/footdavant.fr\/actualites\/mikel-arteta-fait-le-point-sur-la-blessure-de-bukayo-saka-apres-la-victoire-de-seville\/#breadcrumb\"},\"inLanguage\":\"fr-FR\",\"potentialAction\":[{\"@type\":\"ReadAction\",\"target\":[\"https:\/\/footdavant.fr\/actualites\/mikel-arteta-fait-le-point-sur-la-blessure-de-bukayo-saka-apres-la-victoire-de-seville\/\"]}]},{\"@type\":\"BreadcrumbList\",\"@id\":\"https:\/\/footdavant.fr\/actualites\/mikel-arteta-fait-le-point-sur-la-blessure-de-bukayo-saka-apres-la-victoire-de-seville\/#breadcrumb\",\"itemListElement\":[{\"@type\":\"ListItem\",\"position\":1,\"name\":\"Accueil\",\"item\":\"https:\/\/footdavant.fr\/actualites\/\"},{\"@type\":\"ListItem\",\"position\":2,\"name\":\"Mikel Arteta fait le point sur la blessure de Bukayo Saka apr\u00e8s la victoire de S\u00e9ville\"}]},{\"@type\":\"WebSite\",\"@id\":\"https:\/\/footdavant.fr\/actualites\/#website\",\"url\":\"https:\/\/footdavant.fr\/actualites\/\",\"name\":\"Foot d'avant\",\"description\":\"\",\"publisher\":{\"@id\":\"https:\/\/footdavant.fr\/actualites\/#organization\"},\"potentialAction\":[{\"@type\":\"SearchAction\",\"target\":{\"@type\":\"EntryPoint\",\"urlTemplate\":\"https:\/\/footdavant.fr\/actualites\/?s={search_term_string}\"},\"query-input\":\"required name=search_term_string\"}],\"inLanguage\":\"fr-FR\"},{\"@type\":\"Organization\",\"@id\":\"https:\/\/footdavant.fr\/actualites\/#organization\",\"name\":\"Foot d'avant\",\"url\":\"https:\/\/footdavant.fr\/actualites\/\",\"logo\":{\"@type\":\"ImageObject\",\"inLanguage\":\"fr-FR\",\"@id\":\"https:\/\/footdavant.fr\/actualites\/#\/schema\/logo\/image\/\",\"url\":\"https:\/\/footdavant.fr\/actualites\/wp-content\/uploads\/2023\/09\/Copy-of-FootDavant-Logo.png\",\"contentUrl\":\"https:\/\/footdavant.fr\/actualites\/wp-content\/uploads\/2023\/09\/Copy-of-FootDavant-Logo.png\",\"width\":936,\"height\":549,\"caption\":\"Foot d'avant\"},\"image\":{\"@id\":\"https:\/\/footdavant.fr\/actualites\/#\/schema\/logo\/image\/\"},\"sameAs\":[\"https:\/\/www.facebook.com\/Footdavant\/\",\"https:\/\/twitter.com\/FootdavantFr\",\"https:\/\/www.instagram.com\/footdavant.fr\/\"]},{\"@type\":\"Person\",\"@id\":\"https:\/\/footdavant.fr\/actualites\/#\/schema\/person\/bc222566d95871b37e597b3ed3ba5e1d\",\"name\":\"Cl\u00e9ment\",\"image\":{\"@type\":\"ImageObject\",\"inLanguage\":\"fr-FR\",\"@id\":\"https:\/\/footdavant.fr\/actualites\/#\/schema\/person\/image\/\",\"url\":\"https:\/\/secure.gravatar.com\/avatar\/7728b29aac2719421e1a9159b2254c44?s=96&d=mm&r=g\",\"contentUrl\":\"https:\/\/secure.gravatar.com\/avatar\/7728b29aac2719421e1a9159b2254c44?s=96&d=mm&r=g\",\"caption\":\"Cl\u00e9ment\"},\"sameAs\":[\"https:\/\/footdavant.fr\/\"]}]}<\/script>\n<!-- \/ Yoast SEO plugin. -->","yoast_head_json":{"title":"Mikel Arteta fait le point sur la blessure de Bukayo Saka apr\u00e8s la victoire de S\u00e9ville","robots":{"index":"index","follow":"follow","max-snippet":"max-snippet:-1","max-image-preview":"max-image-preview:large","max-video-preview":"max-video-preview:-1"},"canonical":"https:\/\/footdavant.fr\/actualites\/mikel-arteta-fait-le-point-sur-la-blessure-de-bukayo-saka-apres-la-victoire-de-seville\/","og_locale":"fr_FR","og_type":"article","og_title":"Mikel Arteta fait le point sur la blessure de Bukayo Saka apr\u00e8s la victoire de S\u00e9ville","og_description":"Mikel Arteta fournit une mise \u00e0 jour rassurante sur les blessures de Bukayo Saka apr\u00e8s que l&rsquo;ailier ait \u00e9t\u00e9 expuls\u00e9 dans les derni\u00e8res \u00e9tapes de","og_url":"https:\/\/footdavant.fr\/actualites\/mikel-arteta-fait-le-point-sur-la-blessure-de-bukayo-saka-apres-la-victoire-de-seville\/","og_site_name":"Foot d&#039;avant","article_publisher":"https:\/\/www.facebook.com\/Footdavant\/","article_published_time":"2023-11-10T19:52:46+00:00","og_image":[{"width":640,"height":480,"url":"https:\/\/footdavant.fr\/actualites\/wp-content\/uploads\/2023\/11\/Mikel-Arteta-fait-le-point-sur-la-blessure-de-Bukayo.jpg","type":"image\/jpeg"}],"author":"Cl\u00e9ment","twitter_card":"summary_large_image","twitter_creator":"@FootdavantFr","twitter_site":"@FootdavantFr","twitter_misc":{"\u00c9crit par":"Cl\u00e9ment","Dur\u00e9e de lecture estim\u00e9e":"3 minutes"},"schema":{"@context":"https:\/\/schema.org","@graph":[{"@type":"Article","@id":"https:\/\/footdavant.fr\/actualites\/mikel-arteta-fait-le-point-sur-la-blessure-de-bukayo-saka-apres-la-victoire-de-seville\/#article","isPartOf":{"@id":"https:\/\/footdavant.fr\/actualites\/mikel-arteta-fait-le-point-sur-la-blessure-de-bukayo-saka-apres-la-victoire-de-seville\/"},"author":{"name":"Cl\u00e9ment","@id":"https:\/\/footdavant.fr\/actualites\/#\/schema\/person\/bc222566d95871b37e597b3ed3ba5e1d"},"headline":"Mikel Arteta fait le point sur la blessure de Bukayo Saka apr\u00e8s la victoire de S\u00e9ville","datePublished":"2023-11-10T19:52:46+00:00","dateModified":"2023-11-10T19:52:46+00:00","mainEntityOfPage":{"@id":"https:\/\/footdavant.fr\/actualites\/mikel-arteta-fait-le-point-sur-la-blessure-de-bukayo-saka-apres-la-victoire-de-seville\/"},"wordCount":681,"publisher":{"@id":"https:\/\/footdavant.fr\/actualites\/#organization"},"keywords":["apr\u00e8s","Arteta","Blessure","Bukayo","fait","Mikel","point","Saka","S\u00e9ville","sur","victoire"],"articleSection":["Champions League"],"inLanguage":"fr-FR"},{"@type":"WebPage","@id":"https:\/\/footdavant.fr\/actualites\/mikel-arteta-fait-le-point-sur-la-blessure-de-bukayo-saka-apres-la-victoire-de-seville\/","url":"https:\/\/footdavant.fr\/actualites\/mikel-arteta-fait-le-point-sur-la-blessure-de-bukayo-saka-apres-la-victoire-de-seville\/","name":"Mikel Arteta fait le point sur la blessure de Bukayo Saka apr\u00e8s la victoire de S\u00e9ville","isPartOf":{"@id":"https:\/\/footdavant.fr\/actualites\/#website"},"datePublished":"2023-11-10T19:52:46+00:00","dateModified":"2023-11-10T19:52:46+00:00","breadcrumb":{"@id":"https:\/\/footdavant.fr\/actualites\/mikel-arteta-fait-le-point-sur-la-blessure-de-bukayo-saka-apres-la-victoire-de-seville\/#breadcrumb"},"inLanguage":"fr-FR","potentialAction":[{"@type":"ReadAction","target":["https:\/\/footdavant.fr\/actualites\/mikel-arteta-fait-le-point-sur-la-blessure-de-bukayo-saka-apres-la-victoire-de-seville\/"]}]},{"@type":"BreadcrumbList","@id":"https:\/\/footdavant.fr\/actualites\/mikel-arteta-fait-le-point-sur-la-blessure-de-bukayo-saka-apres-la-victoire-de-seville\/#breadcrumb","itemListElement":[{"@type":"ListItem","position":1,"name":"Accueil","item":"https:\/\/footdavant.fr\/actualites\/"},{"@type":"ListItem","position":2,"name":"Mikel Arteta fait le point sur la blessure de Bukayo Saka apr\u00e8s la victoire de S\u00e9ville"}]},{"@type":"WebSite","@id":"https:\/\/footdavant.fr\/actualites\/#website","url":"https:\/\/footdavant.fr\/actualites\/","name":"Foot d'avant","description":"","publisher":{"@id":"https:\/\/footdavant.fr\/actualites\/#organization"},"potentialAction":[{"@type":"SearchAction","target":{"@type":"EntryPoint","urlTemplate":"https:\/\/footdavant.fr\/actualites\/?s={search_term_string}"},"query-input":"required name=search_term_string"}],"inLanguage":"fr-FR"},{"@type":"Organization","@id":"https:\/\/footdavant.fr\/actualites\/#organization","name":"Foot d'avant","url":"https:\/\/footdavant.fr\/actualites\/","logo":{"@type":"ImageObject","inLanguage":"fr-FR","@id":"https:\/\/footdavant.fr\/actualites\/#\/schema\/logo\/image\/","url":"https:\/\/footdavant.fr\/actualites\/wp-content\/uploads\/2023\/09\/Copy-of-FootDavant-Logo.png","contentUrl":"https:\/\/footdavant.fr\/actualites\/wp-content\/uploads\/2023\/09\/Copy-of-FootDavant-Logo.png","width":936,"height":549,"caption":"Foot d'avant"},"image":{"@id":"https:\/\/footdavant.fr\/actualites\/#\/schema\/logo\/image\/"},"sameAs":["https:\/\/www.facebook.com\/Footdavant\/","https:\/\/twitter.com\/FootdavantFr","https:\/\/www.instagram.com\/footdavant.fr\/"]},{"@type":"Person","@id":"https:\/\/footdavant.fr\/actualites\/#\/schema\/person\/bc222566d95871b37e597b3ed3ba5e1d","name":"Cl\u00e9ment","image":{"@type":"ImageObject","inLanguage":"fr-FR","@id":"https:\/\/footdavant.fr\/actualites\/#\/schema\/person\/image\/","url":"https:\/\/secure.gravatar.com\/avatar\/7728b29aac2719421e1a9159b2254c44?s=96&d=mm&r=g","contentUrl":"https:\/\/secure.gravatar.com\/avatar\/7728b29aac2719421e1a9159b2254c44?s=96&d=mm&r=g","caption":"Cl\u00e9ment"},"sameAs":["https:\/\/footdavant.fr\/"]}]}},"_links":{"self":[{"href":"https:\/\/footdavant.fr\/actualites\/wp-json\/wp\/v2\/posts\/689"}],"collection":[{"href":"https:\/\/footdavant.fr\/actualites\/wp-json\/wp\/v2\/posts"}],"about":[{"href":"https:\/\/footdavant.fr\/actualites\/wp-json\/wp\/v2\/types\/post"}],"author":[{"embeddable":true,"href":"https:\/\/footdavant.fr\/actualites\/wp-json\/wp\/v2\/users\/1"}],"replies":[{"embeddable":true,"href":"https:\/\/footdavant.fr\/actualites\/wp-json\/wp\/v2\/comments?post=689"}],"version-history":[{"count":1,"href":"https:\/\/footdavant.fr\/actualites\/wp-json\/wp\/v2\/posts\/689\/revisions"}],"predecessor-version":[{"id":691,"href":"https:\/\/footdavant.fr\/actualites\/wp-json\/wp\/v2\/posts\/689\/revisions\/691"}],"wp:featuredmedia":[{"embeddable":true,"href":"https:\/\/footdavant.fr\/actualites\/wp-json\/wp\/v2\/media\/690"}],"wp:attachment":[{"href":"https:\/\/footdavant.fr\/actualites\/wp-json\/wp\/v2\/media?parent=689"}],"wp:term":[{"taxonomy":"category","embeddable":true,"href":"https:\/\/footdavant.fr\/actualites\/wp-json\/wp\/v2\/categories?post=689"},{"taxonomy":"post_tag","embeddable":true,"href":"https:\/\/footdavant.fr\/actualites\/wp-json\/wp\/v2\/tags?post=689"}],"curies":[{"name":"wp","href":"https:\/\/api.w.org\/{rel}","templated":true}]}}