{"id":6917,"date":"2024-04-02T04:53:59","date_gmt":"2024-04-02T02:53:59","guid":{"rendered":"https:\/\/footdavant.fr\/actualites\/klopp-partage-la-nouvelle-dune-eventuelle-blessure-a-liverpool-avant-sheff-utd\/"},"modified":"2024-04-02T04:54:01","modified_gmt":"2024-04-02T02:54:01","slug":"klopp-partage-la-nouvelle-dune-eventuelle-blessure-a-liverpool-avant-sheff-utd","status":"publish","type":"post","link":"https:\/\/footdavant.fr\/actualites\/klopp-partage-la-nouvelle-dune-eventuelle-blessure-a-liverpool-avant-sheff-utd\/","title":{"rendered":"Klopp partage la nouvelle d&#39;une \u00e9ventuelle blessure \u00e0 Liverpool avant Sheff Utd"},"content":{"rendered":"<p><\/p>\n<div id=\"article-body\">\n<!-- Article Start --><\/p>\n<p>Jurgen Klopp a partag\u00e9 la nouvelle d&#39;une \u00e9ventuelle augmentation des blessures pour Liverpool avant son prochain match de Premier League.<\/p>\n<p>Les Reds sont arriv\u00e9s en t\u00eate du classement hier apr\u00e8s une victoire 2-1 \u00e0 domicile contre Brighton, et ils sont de nouveau \u00e0 Anfield jeudi soir pour accueillir le dernier club de Sheffield United.<\/p>\n<p>S&#39;exprimant apr\u00e8s le match de dimanche, l&#39;homme de 56 ans a fait le point sur Curtis Jones, qui est absent depuis la mi-f\u00e9vrier apr\u00e8s s&#39;\u00eatre bless\u00e9 \u00e0 la cheville lors de la victoire 4-1 \u00e0 Brentford.<\/p>\n<\/p>\n<p>Klopp a d\u00e9clar\u00e9 aux journalistes (via Liverpool Echo) : <\/p>\n<\/p>\n<\/p>\n<p>Liverpool fait face \u00e0 un mois d&#39;avril mouvement\u00e9, le match \u00e0 domicile contre les Blades \u00e9tant le premier des huit matches en l&#39;espace de 24 jours ce mois-ci. Klopp aura donc besoin d&#39;autant de joueurs que possible pour n\u00e9gocier cette p\u00e9riode critique.<\/p>\n<p>Jones \u00e9tait en pleine forme avant sa blessure \u00e0 la cheville, avec cinq buts au cours des premi\u00e8res semaines de 2024 avant ce revers (Transfermarkt), et son retour pourrait permettre une rotation bienvenue au milieu de terrain de la part du manager des Reds lors des prochains matches.<\/p>\n<p>Nous avons encore Andy Robertson, Trent Alexander-Arnold, Diogo Jota et Alisson Becker qui reviendront \u00e9galement, alors imaginez \u00e0 quel point nous aurons une \u00e9quipe forte lorsque tous ceux-l\u00e0 reviendront (sur la base que personne d&#39;autre n&#39;est pr\u00e9sent). ajout\u00e9 \u00e0 la liste des victimes entre-temps).<\/p>\n<p>M\u00eame si le gar\u00e7on de Toxteth n&#39;est pas tout \u00e0 fait en lice pour d\u00e9buter contre Sheffield United, le retrouver parmi les rempla\u00e7ants donnerait \u00e0 Liverpool un bon coup de pouce pour compl\u00e9ter les options de Klopp en dehors du banc.<\/p>\n<\/p>\n<p><span class=\"embed-youtube\" style=\"text-align:center; display: block;\"><\/span><\/p>\n<p><!-- Article End -->\t\t\t\t<\/div>\n<p><script async src=\"\/\/www.instagram.com\/embed.js\"><\/script><\/p>\n","protected":false},"excerpt":{"rendered":"<p>Jurgen Klopp a partag\u00e9 la nouvelle d&#39;une \u00e9ventuelle augmentation des blessures pour Liverpool avant son prochain match de Premier League. Les Reds sont arriv\u00e9s en<\/p>\n","protected":false},"author":1,"featured_media":6918,"comment_status":"closed","ping_status":"","sticky":false,"template":"","format":"standard","meta":{"footnotes":""},"categories":[3],"tags":[491,15,4222,4398,238,53,1850,1587,2506,296],"yoast_head":"<!-- This site is optimized with the Yoast SEO plugin v21.0 - https:\/\/yoast.com\/wordpress\/plugins\/seo\/ -->\n<title>Klopp partage la nouvelle d&#039;une \u00e9ventuelle blessure \u00e0 Liverpool avant Sheff Utd<\/title>\n<meta name=\"robots\" content=\"index, follow, max-snippet:-1, max-image-preview:large, max-video-preview:-1\" \/>\n<link rel=\"canonical\" href=\"https:\/\/footdavant.fr\/actualites\/klopp-partage-la-nouvelle-dune-eventuelle-blessure-a-liverpool-avant-sheff-utd\/\" \/>\n<meta property=\"og:locale\" content=\"fr_FR\" \/>\n<meta property=\"og:type\" content=\"article\" \/>\n<meta property=\"og:title\" content=\"Klopp partage la nouvelle d&#039;une \u00e9ventuelle blessure \u00e0 Liverpool avant Sheff Utd\" \/>\n<meta property=\"og:description\" content=\"Jurgen Klopp a partag\u00e9 la nouvelle d&#039;une \u00e9ventuelle augmentation des blessures pour Liverpool avant son prochain match de Premier League. Les Reds sont arriv\u00e9s en\" \/>\n<meta property=\"og:url\" content=\"https:\/\/footdavant.fr\/actualites\/klopp-partage-la-nouvelle-dune-eventuelle-blessure-a-liverpool-avant-sheff-utd\/\" \/>\n<meta property=\"og:site_name\" content=\"Foot d&#039;avant\" \/>\n<meta property=\"article:publisher\" content=\"https:\/\/www.facebook.com\/Footdavant\/\" \/>\n<meta property=\"article:published_time\" content=\"2024-04-02T02:53:59+00:00\" \/>\n<meta property=\"article:modified_time\" content=\"2024-04-02T02:54:01+00:00\" \/>\n<meta property=\"og:image\" content=\"https:\/\/footdavant.fr\/actualites\/wp-content\/uploads\/2024\/04\/Klopp-partage-la-nouvelle-d39une-eventuelle-blessure-a-Liverpool-avant.jpg\" \/>\n\t<meta property=\"og:image:width\" content=\"1204\" \/>\n\t<meta property=\"og:image:height\" content=\"823\" \/>\n\t<meta property=\"og:image:type\" content=\"image\/jpeg\" \/>\n<meta name=\"author\" content=\"Cl\u00e9ment\" \/>\n<meta name=\"twitter:card\" content=\"summary_large_image\" \/>\n<meta name=\"twitter:creator\" content=\"@FootdavantFr\" \/>\n<meta name=\"twitter:site\" content=\"@FootdavantFr\" \/>\n<meta name=\"twitter:label1\" content=\"\u00c9crit par\" \/>\n\t<meta name=\"twitter:data1\" content=\"Cl\u00e9ment\" \/>\n\t<meta name=\"twitter:label2\" content=\"Dur\u00e9e de lecture estim\u00e9e\" \/>\n\t<meta name=\"twitter:data2\" content=\"1 minute\" \/>\n<script type=\"application\/ld+json\" class=\"yoast-schema-graph\">{\"@context\":\"https:\/\/schema.org\",\"@graph\":[{\"@type\":\"Article\",\"@id\":\"https:\/\/footdavant.fr\/actualites\/klopp-partage-la-nouvelle-dune-eventuelle-blessure-a-liverpool-avant-sheff-utd\/#article\",\"isPartOf\":{\"@id\":\"https:\/\/footdavant.fr\/actualites\/klopp-partage-la-nouvelle-dune-eventuelle-blessure-a-liverpool-avant-sheff-utd\/\"},\"author\":{\"name\":\"Cl\u00e9ment\",\"@id\":\"https:\/\/footdavant.fr\/actualites\/#\/schema\/person\/bc222566d95871b37e597b3ed3ba5e1d\"},\"headline\":\"Klopp partage la nouvelle d&#39;une \u00e9ventuelle blessure \u00e0 Liverpool avant Sheff Utd\",\"datePublished\":\"2024-04-02T02:53:59+00:00\",\"dateModified\":\"2024-04-02T02:54:01+00:00\",\"mainEntityOfPage\":{\"@id\":\"https:\/\/footdavant.fr\/actualites\/klopp-partage-la-nouvelle-dune-eventuelle-blessure-a-liverpool-avant-sheff-utd\/\"},\"wordCount\":297,\"publisher\":{\"@id\":\"https:\/\/footdavant.fr\/actualites\/#organization\"},\"keywords\":[\"avant\",\"Blessure\",\"d39une\",\"\u00e9ventuelle\",\"Klopp\",\"Liverpool\",\"nouvelle\",\"partage\",\"Sheff\",\"Utd\"],\"articleSection\":[\"Football\"],\"inLanguage\":\"fr-FR\"},{\"@type\":\"WebPage\",\"@id\":\"https:\/\/footdavant.fr\/actualites\/klopp-partage-la-nouvelle-dune-eventuelle-blessure-a-liverpool-avant-sheff-utd\/\",\"url\":\"https:\/\/footdavant.fr\/actualites\/klopp-partage-la-nouvelle-dune-eventuelle-blessure-a-liverpool-avant-sheff-utd\/\",\"name\":\"Klopp partage la nouvelle d&#39;une \u00e9ventuelle blessure \u00e0 Liverpool avant Sheff Utd\",\"isPartOf\":{\"@id\":\"https:\/\/footdavant.fr\/actualites\/#website\"},\"datePublished\":\"2024-04-02T02:53:59+00:00\",\"dateModified\":\"2024-04-02T02:54:01+00:00\",\"breadcrumb\":{\"@id\":\"https:\/\/footdavant.fr\/actualites\/klopp-partage-la-nouvelle-dune-eventuelle-blessure-a-liverpool-avant-sheff-utd\/#breadcrumb\"},\"inLanguage\":\"fr-FR\",\"potentialAction\":[{\"@type\":\"ReadAction\",\"target\":[\"https:\/\/footdavant.fr\/actualites\/klopp-partage-la-nouvelle-dune-eventuelle-blessure-a-liverpool-avant-sheff-utd\/\"]}]},{\"@type\":\"BreadcrumbList\",\"@id\":\"https:\/\/footdavant.fr\/actualites\/klopp-partage-la-nouvelle-dune-eventuelle-blessure-a-liverpool-avant-sheff-utd\/#breadcrumb\",\"itemListElement\":[{\"@type\":\"ListItem\",\"position\":1,\"name\":\"Accueil\",\"item\":\"https:\/\/footdavant.fr\/actualites\/\"},{\"@type\":\"ListItem\",\"position\":2,\"name\":\"Klopp partage la nouvelle d&#39;une \u00e9ventuelle blessure \u00e0 Liverpool avant Sheff Utd\"}]},{\"@type\":\"WebSite\",\"@id\":\"https:\/\/footdavant.fr\/actualites\/#website\",\"url\":\"https:\/\/footdavant.fr\/actualites\/\",\"name\":\"Foot d'avant\",\"description\":\"\",\"publisher\":{\"@id\":\"https:\/\/footdavant.fr\/actualites\/#organization\"},\"potentialAction\":[{\"@type\":\"SearchAction\",\"target\":{\"@type\":\"EntryPoint\",\"urlTemplate\":\"https:\/\/footdavant.fr\/actualites\/?s={search_term_string}\"},\"query-input\":\"required name=search_term_string\"}],\"inLanguage\":\"fr-FR\"},{\"@type\":\"Organization\",\"@id\":\"https:\/\/footdavant.fr\/actualites\/#organization\",\"name\":\"Foot d'avant\",\"url\":\"https:\/\/footdavant.fr\/actualites\/\",\"logo\":{\"@type\":\"ImageObject\",\"inLanguage\":\"fr-FR\",\"@id\":\"https:\/\/footdavant.fr\/actualites\/#\/schema\/logo\/image\/\",\"url\":\"https:\/\/footdavant.fr\/actualites\/wp-content\/uploads\/2023\/09\/Copy-of-FootDavant-Logo.png\",\"contentUrl\":\"https:\/\/footdavant.fr\/actualites\/wp-content\/uploads\/2023\/09\/Copy-of-FootDavant-Logo.png\",\"width\":936,\"height\":549,\"caption\":\"Foot d'avant\"},\"image\":{\"@id\":\"https:\/\/footdavant.fr\/actualites\/#\/schema\/logo\/image\/\"},\"sameAs\":[\"https:\/\/www.facebook.com\/Footdavant\/\",\"https:\/\/twitter.com\/FootdavantFr\",\"https:\/\/www.instagram.com\/footdavant.fr\/\"]},{\"@type\":\"Person\",\"@id\":\"https:\/\/footdavant.fr\/actualites\/#\/schema\/person\/bc222566d95871b37e597b3ed3ba5e1d\",\"name\":\"Cl\u00e9ment\",\"image\":{\"@type\":\"ImageObject\",\"inLanguage\":\"fr-FR\",\"@id\":\"https:\/\/footdavant.fr\/actualites\/#\/schema\/person\/image\/\",\"url\":\"https:\/\/secure.gravatar.com\/avatar\/7728b29aac2719421e1a9159b2254c44?s=96&d=mm&r=g\",\"contentUrl\":\"https:\/\/secure.gravatar.com\/avatar\/7728b29aac2719421e1a9159b2254c44?s=96&d=mm&r=g\",\"caption\":\"Cl\u00e9ment\"},\"sameAs\":[\"https:\/\/footdavant.fr\/\"]}]}<\/script>\n<!-- \/ Yoast SEO plugin. -->","yoast_head_json":{"title":"Klopp partage la nouvelle d&#39;une \u00e9ventuelle blessure \u00e0 Liverpool avant Sheff Utd","robots":{"index":"index","follow":"follow","max-snippet":"max-snippet:-1","max-image-preview":"max-image-preview:large","max-video-preview":"max-video-preview:-1"},"canonical":"https:\/\/footdavant.fr\/actualites\/klopp-partage-la-nouvelle-dune-eventuelle-blessure-a-liverpool-avant-sheff-utd\/","og_locale":"fr_FR","og_type":"article","og_title":"Klopp partage la nouvelle d&#39;une \u00e9ventuelle blessure \u00e0 Liverpool avant Sheff Utd","og_description":"Jurgen Klopp a partag\u00e9 la nouvelle d&#39;une \u00e9ventuelle augmentation des blessures pour Liverpool avant son prochain match de Premier League. Les Reds sont arriv\u00e9s en","og_url":"https:\/\/footdavant.fr\/actualites\/klopp-partage-la-nouvelle-dune-eventuelle-blessure-a-liverpool-avant-sheff-utd\/","og_site_name":"Foot d&#039;avant","article_publisher":"https:\/\/www.facebook.com\/Footdavant\/","article_published_time":"2024-04-02T02:53:59+00:00","article_modified_time":"2024-04-02T02:54:01+00:00","og_image":[{"width":1204,"height":823,"url":"https:\/\/footdavant.fr\/actualites\/wp-content\/uploads\/2024\/04\/Klopp-partage-la-nouvelle-d39une-eventuelle-blessure-a-Liverpool-avant.jpg","type":"image\/jpeg"}],"author":"Cl\u00e9ment","twitter_card":"summary_large_image","twitter_creator":"@FootdavantFr","twitter_site":"@FootdavantFr","twitter_misc":{"\u00c9crit par":"Cl\u00e9ment","Dur\u00e9e de lecture estim\u00e9e":"1 minute"},"schema":{"@context":"https:\/\/schema.org","@graph":[{"@type":"Article","@id":"https:\/\/footdavant.fr\/actualites\/klopp-partage-la-nouvelle-dune-eventuelle-blessure-a-liverpool-avant-sheff-utd\/#article","isPartOf":{"@id":"https:\/\/footdavant.fr\/actualites\/klopp-partage-la-nouvelle-dune-eventuelle-blessure-a-liverpool-avant-sheff-utd\/"},"author":{"name":"Cl\u00e9ment","@id":"https:\/\/footdavant.fr\/actualites\/#\/schema\/person\/bc222566d95871b37e597b3ed3ba5e1d"},"headline":"Klopp partage la nouvelle d&#39;une \u00e9ventuelle blessure \u00e0 Liverpool avant Sheff Utd","datePublished":"2024-04-02T02:53:59+00:00","dateModified":"2024-04-02T02:54:01+00:00","mainEntityOfPage":{"@id":"https:\/\/footdavant.fr\/actualites\/klopp-partage-la-nouvelle-dune-eventuelle-blessure-a-liverpool-avant-sheff-utd\/"},"wordCount":297,"publisher":{"@id":"https:\/\/footdavant.fr\/actualites\/#organization"},"keywords":["avant","Blessure","d39une","\u00e9ventuelle","Klopp","Liverpool","nouvelle","partage","Sheff","Utd"],"articleSection":["Football"],"inLanguage":"fr-FR"},{"@type":"WebPage","@id":"https:\/\/footdavant.fr\/actualites\/klopp-partage-la-nouvelle-dune-eventuelle-blessure-a-liverpool-avant-sheff-utd\/","url":"https:\/\/footdavant.fr\/actualites\/klopp-partage-la-nouvelle-dune-eventuelle-blessure-a-liverpool-avant-sheff-utd\/","name":"Klopp partage la nouvelle d&#39;une \u00e9ventuelle blessure \u00e0 Liverpool avant Sheff Utd","isPartOf":{"@id":"https:\/\/footdavant.fr\/actualites\/#website"},"datePublished":"2024-04-02T02:53:59+00:00","dateModified":"2024-04-02T02:54:01+00:00","breadcrumb":{"@id":"https:\/\/footdavant.fr\/actualites\/klopp-partage-la-nouvelle-dune-eventuelle-blessure-a-liverpool-avant-sheff-utd\/#breadcrumb"},"inLanguage":"fr-FR","potentialAction":[{"@type":"ReadAction","target":["https:\/\/footdavant.fr\/actualites\/klopp-partage-la-nouvelle-dune-eventuelle-blessure-a-liverpool-avant-sheff-utd\/"]}]},{"@type":"BreadcrumbList","@id":"https:\/\/footdavant.fr\/actualites\/klopp-partage-la-nouvelle-dune-eventuelle-blessure-a-liverpool-avant-sheff-utd\/#breadcrumb","itemListElement":[{"@type":"ListItem","position":1,"name":"Accueil","item":"https:\/\/footdavant.fr\/actualites\/"},{"@type":"ListItem","position":2,"name":"Klopp partage la nouvelle d&#39;une \u00e9ventuelle blessure \u00e0 Liverpool avant Sheff Utd"}]},{"@type":"WebSite","@id":"https:\/\/footdavant.fr\/actualites\/#website","url":"https:\/\/footdavant.fr\/actualites\/","name":"Foot d'avant","description":"","publisher":{"@id":"https:\/\/footdavant.fr\/actualites\/#organization"},"potentialAction":[{"@type":"SearchAction","target":{"@type":"EntryPoint","urlTemplate":"https:\/\/footdavant.fr\/actualites\/?s={search_term_string}"},"query-input":"required name=search_term_string"}],"inLanguage":"fr-FR"},{"@type":"Organization","@id":"https:\/\/footdavant.fr\/actualites\/#organization","name":"Foot d'avant","url":"https:\/\/footdavant.fr\/actualites\/","logo":{"@type":"ImageObject","inLanguage":"fr-FR","@id":"https:\/\/footdavant.fr\/actualites\/#\/schema\/logo\/image\/","url":"https:\/\/footdavant.fr\/actualites\/wp-content\/uploads\/2023\/09\/Copy-of-FootDavant-Logo.png","contentUrl":"https:\/\/footdavant.fr\/actualites\/wp-content\/uploads\/2023\/09\/Copy-of-FootDavant-Logo.png","width":936,"height":549,"caption":"Foot d'avant"},"image":{"@id":"https:\/\/footdavant.fr\/actualites\/#\/schema\/logo\/image\/"},"sameAs":["https:\/\/www.facebook.com\/Footdavant\/","https:\/\/twitter.com\/FootdavantFr","https:\/\/www.instagram.com\/footdavant.fr\/"]},{"@type":"Person","@id":"https:\/\/footdavant.fr\/actualites\/#\/schema\/person\/bc222566d95871b37e597b3ed3ba5e1d","name":"Cl\u00e9ment","image":{"@type":"ImageObject","inLanguage":"fr-FR","@id":"https:\/\/footdavant.fr\/actualites\/#\/schema\/person\/image\/","url":"https:\/\/secure.gravatar.com\/avatar\/7728b29aac2719421e1a9159b2254c44?s=96&d=mm&r=g","contentUrl":"https:\/\/secure.gravatar.com\/avatar\/7728b29aac2719421e1a9159b2254c44?s=96&d=mm&r=g","caption":"Cl\u00e9ment"},"sameAs":["https:\/\/footdavant.fr\/"]}]}},"_links":{"self":[{"href":"https:\/\/footdavant.fr\/actualites\/wp-json\/wp\/v2\/posts\/6917"}],"collection":[{"href":"https:\/\/footdavant.fr\/actualites\/wp-json\/wp\/v2\/posts"}],"about":[{"href":"https:\/\/footdavant.fr\/actualites\/wp-json\/wp\/v2\/types\/post"}],"author":[{"embeddable":true,"href":"https:\/\/footdavant.fr\/actualites\/wp-json\/wp\/v2\/users\/1"}],"replies":[{"embeddable":true,"href":"https:\/\/footdavant.fr\/actualites\/wp-json\/wp\/v2\/comments?post=6917"}],"version-history":[{"count":1,"href":"https:\/\/footdavant.fr\/actualites\/wp-json\/wp\/v2\/posts\/6917\/revisions"}],"predecessor-version":[{"id":6919,"href":"https:\/\/footdavant.fr\/actualites\/wp-json\/wp\/v2\/posts\/6917\/revisions\/6919"}],"wp:featuredmedia":[{"embeddable":true,"href":"https:\/\/footdavant.fr\/actualites\/wp-json\/wp\/v2\/media\/6918"}],"wp:attachment":[{"href":"https:\/\/footdavant.fr\/actualites\/wp-json\/wp\/v2\/media?parent=6917"}],"wp:term":[{"taxonomy":"category","embeddable":true,"href":"https:\/\/footdavant.fr\/actualites\/wp-json\/wp\/v2\/categories?post=6917"},{"taxonomy":"post_tag","embeddable":true,"href":"https:\/\/footdavant.fr\/actualites\/wp-json\/wp\/v2\/tags?post=6917"}],"curies":[{"name":"wp","href":"https:\/\/api.w.org\/{rel}","templated":true}]}}