{"id":6975,"date":"2024-04-03T22:48:57","date_gmt":"2024-04-03T20:48:57","guid":{"rendered":"https:\/\/footdavant.fr\/actualites\/pep-guardiola-fait-le-point-sur-la-triple-blessure-de-manchester-city-apres-le-match-nul-darsenal\/"},"modified":"2024-04-03T22:48:58","modified_gmt":"2024-04-03T20:48:58","slug":"pep-guardiola-fait-le-point-sur-la-triple-blessure-de-manchester-city-apres-le-match-nul-darsenal","status":"publish","type":"post","link":"https:\/\/footdavant.fr\/actualites\/pep-guardiola-fait-le-point-sur-la-triple-blessure-de-manchester-city-apres-le-match-nul-darsenal\/","title":{"rendered":"Pep Guardiola fait le point sur la triple blessure de Manchester City apr\u00e8s le match nul d&#39;Arsenal"},"content":{"rendered":"<p>Pep Guardiola fait le point sur les blessures de trois joueurs de Manchester City, dont Nathan Ake qui a \u00e9t\u00e9 expuls\u00e9 lors du match nul 0-0 des Citizens en Premier League contre Arsenal dimanche.<\/p>\n<div id=\"article_body\" itemprop=\"articleBody\">\n<h3 class=\"firstPara\">\n<strong class=\"autotag\">Pep Guardiola<\/strong> a sugg\u00e9r\u00e9 que <strong class=\"autotag\">Nathan Ak\u00e9<\/strong> pourrait \u00eatre confront\u00e9 \u00e0 une longue p\u00e9riode d&#39;absence apr\u00e8s que le d\u00e9fenseur ait \u00e9t\u00e9 contraint de quitter le terrain en raison d&#39;une blessure. <strong class=\"autotag\">Manchester City<\/strong>le match nul 0-0 avec <strong class=\"autotag\">Arsenal<\/strong> le dimanche.<\/h3>\n<p>Ake a remport\u00e9 son 20e d\u00e9but de saison en Premier League contre les Gunners et a failli ouvrir le score pour les h\u00f4tes lorsqu&#39;il a lanc\u00e9 une t\u00eate \u00e0 bout portant dans les gants de <strong class=\"autotag\">David Raya<\/strong> \u00e0 la 15\u00e8me minute.<\/p>\n<p>Cependant, cela s&#39;est av\u00e9r\u00e9 \u00eatre l&#39;une des derni\u00e8res contributions du N\u00e9erlandais, qui est sorti en boitant juste avant la demi-heure de jeu en raison de ce qui semblait \u00eatre un probl\u00e8me au mollet.<\/p>\n<p>Man City devait d\u00e9j\u00e0 se passer de deux d\u00e9fenseurs cl\u00e9s sous la forme de <strong class=\"autotag\">Kyle Walker<\/strong> et <strong class=\"autotag\">John Pierres<\/strong>qui s&#39;est bless\u00e9 respectivement aux ischio-jambiers et \u00e0 l&#39;aine lors de son service international avec l&#39;Angleterre au d\u00e9but du mois.<\/p>\n<p>Alors que Walker n&#39;\u00e9tait pas impliqu\u00e9 dans l&#39;\u00e9quipe de la journ\u00e9e, Stones a \u00e9t\u00e9 \u00e9tonnamment nomm\u00e9 sur le banc des rempla\u00e7ants \u2013 bien qu&#39;il ne soit pas appel\u00e9 \u00e0 jouer contre Arsenal \u2013 un peu plus de 24 heures apr\u00e8s que Guardiola a exclu le d\u00e9fenseur du match de dimanche.<\/p>\n<p class=\"imgI\">\n<h2 class=\"k3\">Guardiola fait le point sur les blessures d&#39;Ake, Walker et Stones<\/h2>\n<p>Guardiola a depuis r\u00e9v\u00e9l\u00e9 que son \u00e9quipe de Man City devra trouver un moyen de se d\u00e9brouiller sans la pr\u00e9sence d&#39;Ake, qui fait face \u00e0 une p\u00e9riode d&#39;absence plus longue que Stones et Walker.<\/p>\n<p>Parler \u00e0 <em>Actualit\u00e9s Sky Sports<\/em> \u00e0 propos de la blessure d&#39;Ake, Guardiola a d\u00e9clar\u00e9 : \u00ab\u00a0C&#39;est comme \u00e7a. [He] j&#39;ai jou\u00e9 deux matchs cette semaine [including] avec l&#39;\u00e9quipe nationale des Pays-Bas.<\/p>\n<p>\u00ab\u00a0John ira mieux bient\u00f4t, je pense. Kyle sera plus long, maintenant Nathan sera plus long.<\/p>\n<p>\u00ab\u00a0Rico [Lewis] a exceptionnellement bien jou\u00e9 (apr\u00e8s avoir remplac\u00e9 Ake) et nous avons d&#39;autres gars.  Nous le ferons avec les gars que nous avons.\u00a0\u00bb<\/p>\n<p class=\"imgI\"><img decoding=\"async\" loading=\"lazy\" class=\"l\" src=\"https:\/\/footdavant.fr\/actualites\/wp-content\/uploads\/2024\/04\/1712177337_853_Pep-Guardiola-fait-le-point-sur-la-triple-blessure-de.jpg\" title=\"Ederson de Manchester City avec le manager Pep Guardiola apr\u00e8s avoir \u00e9t\u00e9 remplac\u00e9 apr\u00e8s s&#39;\u00eatre bless\u00e9 le 10 mars 2024\" alt=\"Ederson de Manchester City avec le manager Pep Guardiola apr\u00e8s avoir \u00e9t\u00e9 remplac\u00e9 apr\u00e8s s&#39;\u00eatre bless\u00e9 le 10 mars 2024\" width=\"640\" height=\"480\"><\/p>\n<h2 class=\"k3\">\n<strong class=\"autotag\">Ederson<\/strong> un autre nom dans la salle de traitement de Man City<\/h2>\n<p>Man City \u00e9tait \u00e9galement priv\u00e9 du gardien de premier choix Ederson pour sa confrontation avec Arsenal, le Br\u00e9silien n&#39;\u00e9tant pas encore compl\u00e8tement remis d&#39;une blessure musculaire subie lors d&#39;un match nul 1-1 contre Liverpool avant la tr\u00eave internationale.<\/p>\n<p>Guardiola a r\u00e9v\u00e9l\u00e9 avant le coup d&#39;envoi contre les Gunners qu&#39;Ederson \u00ab\u00a0n&#39;\u00e9tait m\u00eame pas pr\u00e8s\u00a0\u00bb d&#39;\u00eatre pris en consid\u00e9ration pour le match, et a ajout\u00e9 : \u00ab\u00a0Nous avons Stefan [Ortega].  Nous comptons incroyablement sur lui. \u00bb<\/p>\n<p>Ederson est donc l&#39;un des quatre joueurs avec Ake, Stones et Walker qui sont devenus des doutes majeurs pour le prochain match de Man City en Premier League \u00e0 domicile contre <strong class=\"autotag\">Aston Villa<\/strong> mercredi soir.<\/p>\n<p>Ortega est apparemment en lice pour un deuxi\u00e8me d\u00e9part cons\u00e9cutif en Premier League contre Villa, tandis que <strong class=\"autotag\">Rico Lewis<\/strong> pourrait \u00eatre appel\u00e9 \u00e0 d\u00e9buter en d\u00e9fense aux c\u00f4t\u00e9s <strong class=\"autotag\">Rub\u00e9n Dias<\/strong>, <strong class=\"autotag\">Manuel Akanji<\/strong> et <strong class=\"autotag\">Josko Gvardiol<\/strong>.<\/p>\n<p>Apr\u00e8s avoir remport\u00e9 seulement un point contre Arsenal, Man City reste troisi\u00e8me du classement et \u00e0 un point des Gunners \u00e0 la deuxi\u00e8me place, tandis que Liverpool est le nouveau leader et a trois points d&#39;avance sur les Citizens apr\u00e8s avoir battu Brighton &#038; Hove Albion 2-1 \u00e0 Anfield. plus t\u00f4t dimanche apr\u00e8s-midi.<\/p>\n<\/div>\n","protected":false},"excerpt":{"rendered":"<p>Pep Guardiola fait le point sur les blessures de trois joueurs de Manchester City, dont Nathan Ake qui a \u00e9t\u00e9 expuls\u00e9 lors du match nul<\/p>\n","protected":false},"author":1,"featured_media":6976,"comment_status":"closed","ping_status":"","sticky":false,"template":"","format":"standard","meta":{"footnotes":""},"categories":[5],"tags":[25,15,27,4221,152,8,11,257,492,6,153,103,439],"yoast_head":"<!-- This site is optimized with the Yoast SEO plugin v21.0 - https:\/\/yoast.com\/wordpress\/plugins\/seo\/ -->\n<title>Pep Guardiola fait le point sur la triple blessure de Manchester City apr\u00e8s le match nul d&#039;Arsenal<\/title>\n<meta name=\"robots\" content=\"index, follow, max-snippet:-1, max-image-preview:large, max-video-preview:-1\" \/>\n<link rel=\"canonical\" href=\"https:\/\/footdavant.fr\/actualites\/pep-guardiola-fait-le-point-sur-la-triple-blessure-de-manchester-city-apres-le-match-nul-darsenal\/\" \/>\n<meta property=\"og:locale\" content=\"fr_FR\" \/>\n<meta property=\"og:type\" content=\"article\" \/>\n<meta property=\"og:title\" content=\"Pep Guardiola fait le point sur la triple blessure de Manchester City apr\u00e8s le match nul d&#039;Arsenal\" \/>\n<meta property=\"og:description\" content=\"Pep Guardiola fait le point sur les blessures de trois joueurs de Manchester City, dont Nathan Ake qui a \u00e9t\u00e9 expuls\u00e9 lors du match nul\" \/>\n<meta property=\"og:url\" content=\"https:\/\/footdavant.fr\/actualites\/pep-guardiola-fait-le-point-sur-la-triple-blessure-de-manchester-city-apres-le-match-nul-darsenal\/\" \/>\n<meta property=\"og:site_name\" content=\"Foot d&#039;avant\" \/>\n<meta property=\"article:publisher\" content=\"https:\/\/www.facebook.com\/Footdavant\/\" \/>\n<meta property=\"article:published_time\" content=\"2024-04-03T20:48:57+00:00\" \/>\n<meta property=\"article:modified_time\" content=\"2024-04-03T20:48:58+00:00\" \/>\n<meta property=\"og:image\" content=\"https:\/\/footdavant.fr\/actualites\/wp-content\/uploads\/2024\/04\/Pep-Guardiola-fait-le-point-sur-la-triple-blessure-de.jpg\" \/>\n\t<meta property=\"og:image:width\" content=\"640\" \/>\n\t<meta property=\"og:image:height\" content=\"480\" \/>\n\t<meta property=\"og:image:type\" content=\"image\/jpeg\" \/>\n<meta name=\"author\" content=\"Cl\u00e9ment\" \/>\n<meta name=\"twitter:card\" content=\"summary_large_image\" \/>\n<meta name=\"twitter:creator\" content=\"@FootdavantFr\" \/>\n<meta name=\"twitter:site\" content=\"@FootdavantFr\" \/>\n<meta name=\"twitter:label1\" content=\"\u00c9crit par\" \/>\n\t<meta name=\"twitter:data1\" content=\"Cl\u00e9ment\" \/>\n\t<meta name=\"twitter:label2\" content=\"Dur\u00e9e de lecture estim\u00e9e\" \/>\n\t<meta name=\"twitter:data2\" content=\"3 minutes\" \/>\n<script type=\"application\/ld+json\" class=\"yoast-schema-graph\">{\"@context\":\"https:\/\/schema.org\",\"@graph\":[{\"@type\":\"Article\",\"@id\":\"https:\/\/footdavant.fr\/actualites\/pep-guardiola-fait-le-point-sur-la-triple-blessure-de-manchester-city-apres-le-match-nul-darsenal\/#article\",\"isPartOf\":{\"@id\":\"https:\/\/footdavant.fr\/actualites\/pep-guardiola-fait-le-point-sur-la-triple-blessure-de-manchester-city-apres-le-match-nul-darsenal\/\"},\"author\":{\"name\":\"Cl\u00e9ment\",\"@id\":\"https:\/\/footdavant.fr\/actualites\/#\/schema\/person\/bc222566d95871b37e597b3ed3ba5e1d\"},\"headline\":\"Pep Guardiola fait le point sur la triple blessure de Manchester City apr\u00e8s le match nul d&#39;Arsenal\",\"datePublished\":\"2024-04-03T20:48:57+00:00\",\"dateModified\":\"2024-04-03T20:48:58+00:00\",\"mainEntityOfPage\":{\"@id\":\"https:\/\/footdavant.fr\/actualites\/pep-guardiola-fait-le-point-sur-la-triple-blessure-de-manchester-city-apres-le-match-nul-darsenal\/\"},\"wordCount\":636,\"publisher\":{\"@id\":\"https:\/\/footdavant.fr\/actualites\/#organization\"},\"keywords\":[\"apr\u00e8s\",\"Blessure\",\"City\",\"d39Arsenal\",\"fait\",\"Guardiola\",\"Manchester\",\"match\",\"nul\",\"Pep\",\"point\",\"sur\",\"tripl\u00e9\"],\"articleSection\":[\"Premier League\"],\"inLanguage\":\"fr-FR\"},{\"@type\":\"WebPage\",\"@id\":\"https:\/\/footdavant.fr\/actualites\/pep-guardiola-fait-le-point-sur-la-triple-blessure-de-manchester-city-apres-le-match-nul-darsenal\/\",\"url\":\"https:\/\/footdavant.fr\/actualites\/pep-guardiola-fait-le-point-sur-la-triple-blessure-de-manchester-city-apres-le-match-nul-darsenal\/\",\"name\":\"Pep Guardiola fait le point sur la triple blessure de Manchester City apr\u00e8s le match nul d&#39;Arsenal\",\"isPartOf\":{\"@id\":\"https:\/\/footdavant.fr\/actualites\/#website\"},\"datePublished\":\"2024-04-03T20:48:57+00:00\",\"dateModified\":\"2024-04-03T20:48:58+00:00\",\"breadcrumb\":{\"@id\":\"https:\/\/footdavant.fr\/actualites\/pep-guardiola-fait-le-point-sur-la-triple-blessure-de-manchester-city-apres-le-match-nul-darsenal\/#breadcrumb\"},\"inLanguage\":\"fr-FR\",\"potentialAction\":[{\"@type\":\"ReadAction\",\"target\":[\"https:\/\/footdavant.fr\/actualites\/pep-guardiola-fait-le-point-sur-la-triple-blessure-de-manchester-city-apres-le-match-nul-darsenal\/\"]}]},{\"@type\":\"BreadcrumbList\",\"@id\":\"https:\/\/footdavant.fr\/actualites\/pep-guardiola-fait-le-point-sur-la-triple-blessure-de-manchester-city-apres-le-match-nul-darsenal\/#breadcrumb\",\"itemListElement\":[{\"@type\":\"ListItem\",\"position\":1,\"name\":\"Accueil\",\"item\":\"https:\/\/footdavant.fr\/actualites\/\"},{\"@type\":\"ListItem\",\"position\":2,\"name\":\"Pep Guardiola fait le point sur la triple blessure de Manchester City apr\u00e8s le match nul d&#39;Arsenal\"}]},{\"@type\":\"WebSite\",\"@id\":\"https:\/\/footdavant.fr\/actualites\/#website\",\"url\":\"https:\/\/footdavant.fr\/actualites\/\",\"name\":\"Foot d'avant\",\"description\":\"\",\"publisher\":{\"@id\":\"https:\/\/footdavant.fr\/actualites\/#organization\"},\"potentialAction\":[{\"@type\":\"SearchAction\",\"target\":{\"@type\":\"EntryPoint\",\"urlTemplate\":\"https:\/\/footdavant.fr\/actualites\/?s={search_term_string}\"},\"query-input\":\"required name=search_term_string\"}],\"inLanguage\":\"fr-FR\"},{\"@type\":\"Organization\",\"@id\":\"https:\/\/footdavant.fr\/actualites\/#organization\",\"name\":\"Foot d'avant\",\"url\":\"https:\/\/footdavant.fr\/actualites\/\",\"logo\":{\"@type\":\"ImageObject\",\"inLanguage\":\"fr-FR\",\"@id\":\"https:\/\/footdavant.fr\/actualites\/#\/schema\/logo\/image\/\",\"url\":\"https:\/\/footdavant.fr\/actualites\/wp-content\/uploads\/2023\/09\/Copy-of-FootDavant-Logo.png\",\"contentUrl\":\"https:\/\/footdavant.fr\/actualites\/wp-content\/uploads\/2023\/09\/Copy-of-FootDavant-Logo.png\",\"width\":936,\"height\":549,\"caption\":\"Foot d'avant\"},\"image\":{\"@id\":\"https:\/\/footdavant.fr\/actualites\/#\/schema\/logo\/image\/\"},\"sameAs\":[\"https:\/\/www.facebook.com\/Footdavant\/\",\"https:\/\/twitter.com\/FootdavantFr\",\"https:\/\/www.instagram.com\/footdavant.fr\/\"]},{\"@type\":\"Person\",\"@id\":\"https:\/\/footdavant.fr\/actualites\/#\/schema\/person\/bc222566d95871b37e597b3ed3ba5e1d\",\"name\":\"Cl\u00e9ment\",\"image\":{\"@type\":\"ImageObject\",\"inLanguage\":\"fr-FR\",\"@id\":\"https:\/\/footdavant.fr\/actualites\/#\/schema\/person\/image\/\",\"url\":\"https:\/\/secure.gravatar.com\/avatar\/7728b29aac2719421e1a9159b2254c44?s=96&d=mm&r=g\",\"contentUrl\":\"https:\/\/secure.gravatar.com\/avatar\/7728b29aac2719421e1a9159b2254c44?s=96&d=mm&r=g\",\"caption\":\"Cl\u00e9ment\"},\"sameAs\":[\"https:\/\/footdavant.fr\/\"]}]}<\/script>\n<!-- \/ Yoast SEO plugin. -->","yoast_head_json":{"title":"Pep Guardiola fait le point sur la triple blessure de Manchester City apr\u00e8s le match nul d&#39;Arsenal","robots":{"index":"index","follow":"follow","max-snippet":"max-snippet:-1","max-image-preview":"max-image-preview:large","max-video-preview":"max-video-preview:-1"},"canonical":"https:\/\/footdavant.fr\/actualites\/pep-guardiola-fait-le-point-sur-la-triple-blessure-de-manchester-city-apres-le-match-nul-darsenal\/","og_locale":"fr_FR","og_type":"article","og_title":"Pep Guardiola fait le point sur la triple blessure de Manchester City apr\u00e8s le match nul d&#39;Arsenal","og_description":"Pep Guardiola fait le point sur les blessures de trois joueurs de Manchester City, dont Nathan Ake qui a \u00e9t\u00e9 expuls\u00e9 lors du match nul","og_url":"https:\/\/footdavant.fr\/actualites\/pep-guardiola-fait-le-point-sur-la-triple-blessure-de-manchester-city-apres-le-match-nul-darsenal\/","og_site_name":"Foot d&#039;avant","article_publisher":"https:\/\/www.facebook.com\/Footdavant\/","article_published_time":"2024-04-03T20:48:57+00:00","article_modified_time":"2024-04-03T20:48:58+00:00","og_image":[{"width":640,"height":480,"url":"https:\/\/footdavant.fr\/actualites\/wp-content\/uploads\/2024\/04\/Pep-Guardiola-fait-le-point-sur-la-triple-blessure-de.jpg","type":"image\/jpeg"}],"author":"Cl\u00e9ment","twitter_card":"summary_large_image","twitter_creator":"@FootdavantFr","twitter_site":"@FootdavantFr","twitter_misc":{"\u00c9crit par":"Cl\u00e9ment","Dur\u00e9e de lecture estim\u00e9e":"3 minutes"},"schema":{"@context":"https:\/\/schema.org","@graph":[{"@type":"Article","@id":"https:\/\/footdavant.fr\/actualites\/pep-guardiola-fait-le-point-sur-la-triple-blessure-de-manchester-city-apres-le-match-nul-darsenal\/#article","isPartOf":{"@id":"https:\/\/footdavant.fr\/actualites\/pep-guardiola-fait-le-point-sur-la-triple-blessure-de-manchester-city-apres-le-match-nul-darsenal\/"},"author":{"name":"Cl\u00e9ment","@id":"https:\/\/footdavant.fr\/actualites\/#\/schema\/person\/bc222566d95871b37e597b3ed3ba5e1d"},"headline":"Pep Guardiola fait le point sur la triple blessure de Manchester City apr\u00e8s le match nul d&#39;Arsenal","datePublished":"2024-04-03T20:48:57+00:00","dateModified":"2024-04-03T20:48:58+00:00","mainEntityOfPage":{"@id":"https:\/\/footdavant.fr\/actualites\/pep-guardiola-fait-le-point-sur-la-triple-blessure-de-manchester-city-apres-le-match-nul-darsenal\/"},"wordCount":636,"publisher":{"@id":"https:\/\/footdavant.fr\/actualites\/#organization"},"keywords":["apr\u00e8s","Blessure","City","d39Arsenal","fait","Guardiola","Manchester","match","nul","Pep","point","sur","tripl\u00e9"],"articleSection":["Premier League"],"inLanguage":"fr-FR"},{"@type":"WebPage","@id":"https:\/\/footdavant.fr\/actualites\/pep-guardiola-fait-le-point-sur-la-triple-blessure-de-manchester-city-apres-le-match-nul-darsenal\/","url":"https:\/\/footdavant.fr\/actualites\/pep-guardiola-fait-le-point-sur-la-triple-blessure-de-manchester-city-apres-le-match-nul-darsenal\/","name":"Pep Guardiola fait le point sur la triple blessure de Manchester City apr\u00e8s le match nul d&#39;Arsenal","isPartOf":{"@id":"https:\/\/footdavant.fr\/actualites\/#website"},"datePublished":"2024-04-03T20:48:57+00:00","dateModified":"2024-04-03T20:48:58+00:00","breadcrumb":{"@id":"https:\/\/footdavant.fr\/actualites\/pep-guardiola-fait-le-point-sur-la-triple-blessure-de-manchester-city-apres-le-match-nul-darsenal\/#breadcrumb"},"inLanguage":"fr-FR","potentialAction":[{"@type":"ReadAction","target":["https:\/\/footdavant.fr\/actualites\/pep-guardiola-fait-le-point-sur-la-triple-blessure-de-manchester-city-apres-le-match-nul-darsenal\/"]}]},{"@type":"BreadcrumbList","@id":"https:\/\/footdavant.fr\/actualites\/pep-guardiola-fait-le-point-sur-la-triple-blessure-de-manchester-city-apres-le-match-nul-darsenal\/#breadcrumb","itemListElement":[{"@type":"ListItem","position":1,"name":"Accueil","item":"https:\/\/footdavant.fr\/actualites\/"},{"@type":"ListItem","position":2,"name":"Pep Guardiola fait le point sur la triple blessure de Manchester City apr\u00e8s le match nul d&#39;Arsenal"}]},{"@type":"WebSite","@id":"https:\/\/footdavant.fr\/actualites\/#website","url":"https:\/\/footdavant.fr\/actualites\/","name":"Foot d'avant","description":"","publisher":{"@id":"https:\/\/footdavant.fr\/actualites\/#organization"},"potentialAction":[{"@type":"SearchAction","target":{"@type":"EntryPoint","urlTemplate":"https:\/\/footdavant.fr\/actualites\/?s={search_term_string}"},"query-input":"required name=search_term_string"}],"inLanguage":"fr-FR"},{"@type":"Organization","@id":"https:\/\/footdavant.fr\/actualites\/#organization","name":"Foot d'avant","url":"https:\/\/footdavant.fr\/actualites\/","logo":{"@type":"ImageObject","inLanguage":"fr-FR","@id":"https:\/\/footdavant.fr\/actualites\/#\/schema\/logo\/image\/","url":"https:\/\/footdavant.fr\/actualites\/wp-content\/uploads\/2023\/09\/Copy-of-FootDavant-Logo.png","contentUrl":"https:\/\/footdavant.fr\/actualites\/wp-content\/uploads\/2023\/09\/Copy-of-FootDavant-Logo.png","width":936,"height":549,"caption":"Foot d'avant"},"image":{"@id":"https:\/\/footdavant.fr\/actualites\/#\/schema\/logo\/image\/"},"sameAs":["https:\/\/www.facebook.com\/Footdavant\/","https:\/\/twitter.com\/FootdavantFr","https:\/\/www.instagram.com\/footdavant.fr\/"]},{"@type":"Person","@id":"https:\/\/footdavant.fr\/actualites\/#\/schema\/person\/bc222566d95871b37e597b3ed3ba5e1d","name":"Cl\u00e9ment","image":{"@type":"ImageObject","inLanguage":"fr-FR","@id":"https:\/\/footdavant.fr\/actualites\/#\/schema\/person\/image\/","url":"https:\/\/secure.gravatar.com\/avatar\/7728b29aac2719421e1a9159b2254c44?s=96&d=mm&r=g","contentUrl":"https:\/\/secure.gravatar.com\/avatar\/7728b29aac2719421e1a9159b2254c44?s=96&d=mm&r=g","caption":"Cl\u00e9ment"},"sameAs":["https:\/\/footdavant.fr\/"]}]}},"_links":{"self":[{"href":"https:\/\/footdavant.fr\/actualites\/wp-json\/wp\/v2\/posts\/6975"}],"collection":[{"href":"https:\/\/footdavant.fr\/actualites\/wp-json\/wp\/v2\/posts"}],"about":[{"href":"https:\/\/footdavant.fr\/actualites\/wp-json\/wp\/v2\/types\/post"}],"author":[{"embeddable":true,"href":"https:\/\/footdavant.fr\/actualites\/wp-json\/wp\/v2\/users\/1"}],"replies":[{"embeddable":true,"href":"https:\/\/footdavant.fr\/actualites\/wp-json\/wp\/v2\/comments?post=6975"}],"version-history":[{"count":1,"href":"https:\/\/footdavant.fr\/actualites\/wp-json\/wp\/v2\/posts\/6975\/revisions"}],"predecessor-version":[{"id":6977,"href":"https:\/\/footdavant.fr\/actualites\/wp-json\/wp\/v2\/posts\/6975\/revisions\/6977"}],"wp:featuredmedia":[{"embeddable":true,"href":"https:\/\/footdavant.fr\/actualites\/wp-json\/wp\/v2\/media\/6976"}],"wp:attachment":[{"href":"https:\/\/footdavant.fr\/actualites\/wp-json\/wp\/v2\/media?parent=6975"}],"wp:term":[{"taxonomy":"category","embeddable":true,"href":"https:\/\/footdavant.fr\/actualites\/wp-json\/wp\/v2\/categories?post=6975"},{"taxonomy":"post_tag","embeddable":true,"href":"https:\/\/footdavant.fr\/actualites\/wp-json\/wp\/v2\/tags?post=6975"}],"curies":[{"name":"wp","href":"https:\/\/api.w.org\/{rel}","templated":true}]}}