{"id":6978,"date":"2024-04-04T00:48:30","date_gmt":"2024-04-03T22:48:30","guid":{"rendered":"https:\/\/footdavant.fr\/actualites\/victor-wembanyama-compte-235-blocs-cette-saison-pour-les-spurs\/"},"modified":"2024-04-04T00:48:31","modified_gmt":"2024-04-03T22:48:31","slug":"victor-wembanyama-compte-235-blocs-cette-saison-pour-les-spurs","status":"publish","type":"post","link":"https:\/\/footdavant.fr\/actualites\/victor-wembanyama-compte-235-blocs-cette-saison-pour-les-spurs\/","title":{"rendered":"Victor Wembanyama compte 235 blocs cette saison pour les Spurs"},"content":{"rendered":"<div>\n<p>Bien que l\u2019\u00e9quipe soit bonne derni\u00e8re dans l\u2019Ouest, le premier choix au classement g\u00e9n\u00e9ral de 2023 a connu une saison incroyable individuellement.  Les blocs de Wembanyama (3,5) sont les plus nombreux par match parmi tous les joueurs en 2023-24.  De plus, ses 235 blocs en carri\u00e8re repr\u00e9sentent plus de 86,6 % de tous les joueurs de l\u2019histoire de la NBA.  Victor Wembanyama continue de dominer et est le grand favori pour remporter le titre de recrue de l&#39;ann\u00e9e.<\/p>\n<h2>Victor Wembanyama a la chance de devenir l&#39;un des, sinon le plus grand joueur d\u00e9fensif de l&#39;histoire de la NBA.<\/h2>\n<blockquote class=\"twitter-tweet\">\n<p dir=\"ltr\" lang=\"en\">Wemby a d\u00e9j\u00e0 plus de blocages en tant que rookie (235) que la plupart des joueurs NBA JAMAIS \ud83e\udd2f<\/p>\n<p>(h\/t <a rel=\"nofollow\" href=\"https:\/\/twitter.com\/StatMamba?ref_src=twsrc%5Etfw\">@StatMamba<\/a>) <a rel=\"nofollow\" href=\"https:\/\/t.co\/2f8BD2qq9N\">pic.twitter.com\/2f8BD2qq9N<\/a><\/p>\n<p>\u2013 Rapport du blanchisseur (@BleacherReport) <a rel=\"nofollow\" href=\"https:\/\/twitter.com\/BleacherReport\/status\/1775570140450472293?ref_src=twsrc%5Etfw\">3 avril 2024<\/a><\/p>\n<\/blockquote>\n<p>En 67 matchs avec les Spurs en 2023-24, Victor Wembanyama domine.  La recrue est de loin le meilleur joueur d\u00e9fensif de la ligue.  Wembanyama, vingt ans, peut effacer le tir de n&#39;importe qui et est un protecteur de jante d&#39;\u00e9lite.  Il a en moyenne (21,2) points, (10,5) rebonds, (3,7) passes d\u00e9cisives, (1,3) interceptions et (3,5) blocs par match.  Wembanyama fait tout cela en (29,3) minutes par match.  Plus t\u00f4t dans la saison, il \u00e9tait soumis \u00e0 une restriction de minutes car l&#39;\u00e9quipe voulait le surveiller.<\/p>\n<p>Ils ont assoupli sa restriction de minutes fin janvier et Wembanayama est en plein essor.  A six matches de la fin cette saison, Victor Wembanyama dispose de 235 contres.  C\u2019est le plus grand nombre de joueurs de la NBA cette saison.  Ses 235 blocages en carri\u00e8re en tant que rookie repr\u00e9sentent plus de 86,6 % de tous les joueurs de l&#39;histoire de la ligue.  Le ciel est la limite pour la superstar de 20 ans qui a fait parler de lui en NBA toute la saison.<\/p>\n<blockquote class=\"twitter-tweet\">\n<p dir=\"ltr\" lang=\"en\">Moyennes de Victor Wembanyama lors de ses 20 derniers matchs :<\/p>\n<p>23,4 points<br \/>11,9 rebonds<br \/>5.1 passes d\u00e9cisives<br \/>4,6 blocs<br \/>1,7 interceptions<br \/>31 minutes<\/p>\n<p>\ud83d\udd25 (via OrdinaryFlower1 \/ Reddit) <a rel=\"nofollow\" href=\"https:\/\/t.co\/WfeIs4d0kN\">pic.twitter.com\/WfeIs4d0kN<\/a><\/p>\n<p>\u2013 Cerceaux de la L\u00e9gion (@LegionHoops) <a rel=\"nofollow\" href=\"https:\/\/twitter.com\/LegionHoops\/status\/1775527496844263823?ref_src=twsrc%5Etfw\">3 avril 2024<\/a><\/p>\n<\/blockquote>\n<p>Apr\u00e8s avoir vu ce que Wembanyama peut faire en NBA, les Spurs savent avec quel type de joueurs ils ont besoin pour constituer leur \u00e9quipe.  Cette intersaison sera importante si les Spurs veulent faire un pas en avant en 2024-25.  S\u2019ils parviennent \u00e0 acqu\u00e9rir des talents l\u00e9gitimes pour s\u2019associer \u00e0 Wemby, les Spurs pourraient redevenir une puissance dans l\u2019Ouest.  Il ne fait aucun doute que certains joueurs seront pr\u00eats \u00e0 quitter leur \u00e9quipe actuelle pour aller jouer avec un talent g\u00e9n\u00e9rationnel comme Wembanyama.<\/p>\n<\/p><\/div>\n<p><script async src=\"https:\/\/platform.twitter.com\/widgets.js\" charset=\"utf-8\"><\/script><\/p>\n","protected":false},"excerpt":{"rendered":"<p>Bien que l\u2019\u00e9quipe soit bonne derni\u00e8re dans l\u2019Ouest, le premier choix au classement g\u00e9n\u00e9ral de 2023 a connu une saison incroyable individuellement. Les blocs de<\/p>\n","protected":false},"author":1,"featured_media":6979,"comment_status":"closed","ping_status":"","sticky":false,"template":"","format":"standard","meta":{"footnotes":""},"categories":[3],"tags":[4424,1222,4423,93,51,482,1575,1038,4422],"yoast_head":"<!-- This site is optimized with the Yoast SEO plugin v21.0 - https:\/\/yoast.com\/wordpress\/plugins\/seo\/ -->\n<title>Victor Wembanyama compte 235 blocs cette saison pour les Spurs<\/title>\n<meta name=\"robots\" content=\"index, follow, max-snippet:-1, max-image-preview:large, max-video-preview:-1\" \/>\n<link rel=\"canonical\" href=\"https:\/\/footdavant.fr\/actualites\/victor-wembanyama-compte-235-blocs-cette-saison-pour-les-spurs\/\" \/>\n<meta property=\"og:locale\" content=\"fr_FR\" \/>\n<meta property=\"og:type\" content=\"article\" \/>\n<meta property=\"og:title\" content=\"Victor Wembanyama compte 235 blocs cette saison pour les Spurs\" \/>\n<meta property=\"og:description\" content=\"Bien que l\u2019\u00e9quipe soit bonne derni\u00e8re dans l\u2019Ouest, le premier choix au classement g\u00e9n\u00e9ral de 2023 a connu une saison incroyable individuellement. Les blocs de\" \/>\n<meta property=\"og:url\" content=\"https:\/\/footdavant.fr\/actualites\/victor-wembanyama-compte-235-blocs-cette-saison-pour-les-spurs\/\" \/>\n<meta property=\"og:site_name\" content=\"Foot d&#039;avant\" \/>\n<meta property=\"article:publisher\" content=\"https:\/\/www.facebook.com\/Footdavant\/\" \/>\n<meta property=\"article:published_time\" content=\"2024-04-03T22:48:30+00:00\" \/>\n<meta property=\"article:modified_time\" content=\"2024-04-03T22:48:31+00:00\" \/>\n<meta property=\"og:image\" content=\"https:\/\/footdavant.fr\/actualites\/wp-content\/uploads\/2024\/04\/Victor-Wembanyama-compte-235-blocs-cette-saison-pour-les-Spurs.jpg\" \/>\n\t<meta property=\"og:image:width\" content=\"696\" \/>\n\t<meta property=\"og:image:height\" content=\"464\" \/>\n\t<meta property=\"og:image:type\" content=\"image\/jpeg\" \/>\n<meta name=\"author\" content=\"Cl\u00e9ment\" \/>\n<meta name=\"twitter:card\" content=\"summary_large_image\" \/>\n<meta name=\"twitter:creator\" content=\"@FootdavantFr\" \/>\n<meta name=\"twitter:site\" content=\"@FootdavantFr\" \/>\n<meta name=\"twitter:label1\" content=\"\u00c9crit par\" \/>\n\t<meta name=\"twitter:data1\" content=\"Cl\u00e9ment\" \/>\n\t<meta name=\"twitter:label2\" content=\"Dur\u00e9e de lecture estim\u00e9e\" \/>\n\t<meta name=\"twitter:data2\" content=\"2 minutes\" \/>\n<script type=\"application\/ld+json\" class=\"yoast-schema-graph\">{\"@context\":\"https:\/\/schema.org\",\"@graph\":[{\"@type\":\"Article\",\"@id\":\"https:\/\/footdavant.fr\/actualites\/victor-wembanyama-compte-235-blocs-cette-saison-pour-les-spurs\/#article\",\"isPartOf\":{\"@id\":\"https:\/\/footdavant.fr\/actualites\/victor-wembanyama-compte-235-blocs-cette-saison-pour-les-spurs\/\"},\"author\":{\"name\":\"Cl\u00e9ment\",\"@id\":\"https:\/\/footdavant.fr\/actualites\/#\/schema\/person\/bc222566d95871b37e597b3ed3ba5e1d\"},\"headline\":\"Victor Wembanyama compte 235 blocs cette saison pour les Spurs\",\"datePublished\":\"2024-04-03T22:48:30+00:00\",\"dateModified\":\"2024-04-03T22:48:31+00:00\",\"mainEntityOfPage\":{\"@id\":\"https:\/\/footdavant.fr\/actualites\/victor-wembanyama-compte-235-blocs-cette-saison-pour-les-spurs\/\"},\"wordCount\":438,\"publisher\":{\"@id\":\"https:\/\/footdavant.fr\/actualites\/#organization\"},\"keywords\":[\"blocs\",\"cette\",\"compte\",\"les\",\"pour\",\"saison\",\"Spurs\",\"Victor\",\"Wembanyama\"],\"articleSection\":[\"Football\"],\"inLanguage\":\"fr-FR\"},{\"@type\":\"WebPage\",\"@id\":\"https:\/\/footdavant.fr\/actualites\/victor-wembanyama-compte-235-blocs-cette-saison-pour-les-spurs\/\",\"url\":\"https:\/\/footdavant.fr\/actualites\/victor-wembanyama-compte-235-blocs-cette-saison-pour-les-spurs\/\",\"name\":\"Victor Wembanyama compte 235 blocs cette saison pour les Spurs\",\"isPartOf\":{\"@id\":\"https:\/\/footdavant.fr\/actualites\/#website\"},\"datePublished\":\"2024-04-03T22:48:30+00:00\",\"dateModified\":\"2024-04-03T22:48:31+00:00\",\"breadcrumb\":{\"@id\":\"https:\/\/footdavant.fr\/actualites\/victor-wembanyama-compte-235-blocs-cette-saison-pour-les-spurs\/#breadcrumb\"},\"inLanguage\":\"fr-FR\",\"potentialAction\":[{\"@type\":\"ReadAction\",\"target\":[\"https:\/\/footdavant.fr\/actualites\/victor-wembanyama-compte-235-blocs-cette-saison-pour-les-spurs\/\"]}]},{\"@type\":\"BreadcrumbList\",\"@id\":\"https:\/\/footdavant.fr\/actualites\/victor-wembanyama-compte-235-blocs-cette-saison-pour-les-spurs\/#breadcrumb\",\"itemListElement\":[{\"@type\":\"ListItem\",\"position\":1,\"name\":\"Accueil\",\"item\":\"https:\/\/footdavant.fr\/actualites\/\"},{\"@type\":\"ListItem\",\"position\":2,\"name\":\"Victor Wembanyama compte 235 blocs cette saison pour les Spurs\"}]},{\"@type\":\"WebSite\",\"@id\":\"https:\/\/footdavant.fr\/actualites\/#website\",\"url\":\"https:\/\/footdavant.fr\/actualites\/\",\"name\":\"Foot d'avant\",\"description\":\"\",\"publisher\":{\"@id\":\"https:\/\/footdavant.fr\/actualites\/#organization\"},\"potentialAction\":[{\"@type\":\"SearchAction\",\"target\":{\"@type\":\"EntryPoint\",\"urlTemplate\":\"https:\/\/footdavant.fr\/actualites\/?s={search_term_string}\"},\"query-input\":\"required name=search_term_string\"}],\"inLanguage\":\"fr-FR\"},{\"@type\":\"Organization\",\"@id\":\"https:\/\/footdavant.fr\/actualites\/#organization\",\"name\":\"Foot d'avant\",\"url\":\"https:\/\/footdavant.fr\/actualites\/\",\"logo\":{\"@type\":\"ImageObject\",\"inLanguage\":\"fr-FR\",\"@id\":\"https:\/\/footdavant.fr\/actualites\/#\/schema\/logo\/image\/\",\"url\":\"https:\/\/footdavant.fr\/actualites\/wp-content\/uploads\/2023\/09\/Copy-of-FootDavant-Logo.png\",\"contentUrl\":\"https:\/\/footdavant.fr\/actualites\/wp-content\/uploads\/2023\/09\/Copy-of-FootDavant-Logo.png\",\"width\":936,\"height\":549,\"caption\":\"Foot d'avant\"},\"image\":{\"@id\":\"https:\/\/footdavant.fr\/actualites\/#\/schema\/logo\/image\/\"},\"sameAs\":[\"https:\/\/www.facebook.com\/Footdavant\/\",\"https:\/\/twitter.com\/FootdavantFr\",\"https:\/\/www.instagram.com\/footdavant.fr\/\"]},{\"@type\":\"Person\",\"@id\":\"https:\/\/footdavant.fr\/actualites\/#\/schema\/person\/bc222566d95871b37e597b3ed3ba5e1d\",\"name\":\"Cl\u00e9ment\",\"image\":{\"@type\":\"ImageObject\",\"inLanguage\":\"fr-FR\",\"@id\":\"https:\/\/footdavant.fr\/actualites\/#\/schema\/person\/image\/\",\"url\":\"https:\/\/secure.gravatar.com\/avatar\/7728b29aac2719421e1a9159b2254c44?s=96&d=mm&r=g\",\"contentUrl\":\"https:\/\/secure.gravatar.com\/avatar\/7728b29aac2719421e1a9159b2254c44?s=96&d=mm&r=g\",\"caption\":\"Cl\u00e9ment\"},\"sameAs\":[\"https:\/\/footdavant.fr\/\"]}]}<\/script>\n<!-- \/ Yoast SEO plugin. -->","yoast_head_json":{"title":"Victor Wembanyama compte 235 blocs cette saison pour les Spurs","robots":{"index":"index","follow":"follow","max-snippet":"max-snippet:-1","max-image-preview":"max-image-preview:large","max-video-preview":"max-video-preview:-1"},"canonical":"https:\/\/footdavant.fr\/actualites\/victor-wembanyama-compte-235-blocs-cette-saison-pour-les-spurs\/","og_locale":"fr_FR","og_type":"article","og_title":"Victor Wembanyama compte 235 blocs cette saison pour les Spurs","og_description":"Bien que l\u2019\u00e9quipe soit bonne derni\u00e8re dans l\u2019Ouest, le premier choix au classement g\u00e9n\u00e9ral de 2023 a connu une saison incroyable individuellement. Les blocs de","og_url":"https:\/\/footdavant.fr\/actualites\/victor-wembanyama-compte-235-blocs-cette-saison-pour-les-spurs\/","og_site_name":"Foot d&#039;avant","article_publisher":"https:\/\/www.facebook.com\/Footdavant\/","article_published_time":"2024-04-03T22:48:30+00:00","article_modified_time":"2024-04-03T22:48:31+00:00","og_image":[{"width":696,"height":464,"url":"https:\/\/footdavant.fr\/actualites\/wp-content\/uploads\/2024\/04\/Victor-Wembanyama-compte-235-blocs-cette-saison-pour-les-Spurs.jpg","type":"image\/jpeg"}],"author":"Cl\u00e9ment","twitter_card":"summary_large_image","twitter_creator":"@FootdavantFr","twitter_site":"@FootdavantFr","twitter_misc":{"\u00c9crit par":"Cl\u00e9ment","Dur\u00e9e de lecture estim\u00e9e":"2 minutes"},"schema":{"@context":"https:\/\/schema.org","@graph":[{"@type":"Article","@id":"https:\/\/footdavant.fr\/actualites\/victor-wembanyama-compte-235-blocs-cette-saison-pour-les-spurs\/#article","isPartOf":{"@id":"https:\/\/footdavant.fr\/actualites\/victor-wembanyama-compte-235-blocs-cette-saison-pour-les-spurs\/"},"author":{"name":"Cl\u00e9ment","@id":"https:\/\/footdavant.fr\/actualites\/#\/schema\/person\/bc222566d95871b37e597b3ed3ba5e1d"},"headline":"Victor Wembanyama compte 235 blocs cette saison pour les Spurs","datePublished":"2024-04-03T22:48:30+00:00","dateModified":"2024-04-03T22:48:31+00:00","mainEntityOfPage":{"@id":"https:\/\/footdavant.fr\/actualites\/victor-wembanyama-compte-235-blocs-cette-saison-pour-les-spurs\/"},"wordCount":438,"publisher":{"@id":"https:\/\/footdavant.fr\/actualites\/#organization"},"keywords":["blocs","cette","compte","les","pour","saison","Spurs","Victor","Wembanyama"],"articleSection":["Football"],"inLanguage":"fr-FR"},{"@type":"WebPage","@id":"https:\/\/footdavant.fr\/actualites\/victor-wembanyama-compte-235-blocs-cette-saison-pour-les-spurs\/","url":"https:\/\/footdavant.fr\/actualites\/victor-wembanyama-compte-235-blocs-cette-saison-pour-les-spurs\/","name":"Victor Wembanyama compte 235 blocs cette saison pour les Spurs","isPartOf":{"@id":"https:\/\/footdavant.fr\/actualites\/#website"},"datePublished":"2024-04-03T22:48:30+00:00","dateModified":"2024-04-03T22:48:31+00:00","breadcrumb":{"@id":"https:\/\/footdavant.fr\/actualites\/victor-wembanyama-compte-235-blocs-cette-saison-pour-les-spurs\/#breadcrumb"},"inLanguage":"fr-FR","potentialAction":[{"@type":"ReadAction","target":["https:\/\/footdavant.fr\/actualites\/victor-wembanyama-compte-235-blocs-cette-saison-pour-les-spurs\/"]}]},{"@type":"BreadcrumbList","@id":"https:\/\/footdavant.fr\/actualites\/victor-wembanyama-compte-235-blocs-cette-saison-pour-les-spurs\/#breadcrumb","itemListElement":[{"@type":"ListItem","position":1,"name":"Accueil","item":"https:\/\/footdavant.fr\/actualites\/"},{"@type":"ListItem","position":2,"name":"Victor Wembanyama compte 235 blocs cette saison pour les Spurs"}]},{"@type":"WebSite","@id":"https:\/\/footdavant.fr\/actualites\/#website","url":"https:\/\/footdavant.fr\/actualites\/","name":"Foot d'avant","description":"","publisher":{"@id":"https:\/\/footdavant.fr\/actualites\/#organization"},"potentialAction":[{"@type":"SearchAction","target":{"@type":"EntryPoint","urlTemplate":"https:\/\/footdavant.fr\/actualites\/?s={search_term_string}"},"query-input":"required name=search_term_string"}],"inLanguage":"fr-FR"},{"@type":"Organization","@id":"https:\/\/footdavant.fr\/actualites\/#organization","name":"Foot d'avant","url":"https:\/\/footdavant.fr\/actualites\/","logo":{"@type":"ImageObject","inLanguage":"fr-FR","@id":"https:\/\/footdavant.fr\/actualites\/#\/schema\/logo\/image\/","url":"https:\/\/footdavant.fr\/actualites\/wp-content\/uploads\/2023\/09\/Copy-of-FootDavant-Logo.png","contentUrl":"https:\/\/footdavant.fr\/actualites\/wp-content\/uploads\/2023\/09\/Copy-of-FootDavant-Logo.png","width":936,"height":549,"caption":"Foot d'avant"},"image":{"@id":"https:\/\/footdavant.fr\/actualites\/#\/schema\/logo\/image\/"},"sameAs":["https:\/\/www.facebook.com\/Footdavant\/","https:\/\/twitter.com\/FootdavantFr","https:\/\/www.instagram.com\/footdavant.fr\/"]},{"@type":"Person","@id":"https:\/\/footdavant.fr\/actualites\/#\/schema\/person\/bc222566d95871b37e597b3ed3ba5e1d","name":"Cl\u00e9ment","image":{"@type":"ImageObject","inLanguage":"fr-FR","@id":"https:\/\/footdavant.fr\/actualites\/#\/schema\/person\/image\/","url":"https:\/\/secure.gravatar.com\/avatar\/7728b29aac2719421e1a9159b2254c44?s=96&d=mm&r=g","contentUrl":"https:\/\/secure.gravatar.com\/avatar\/7728b29aac2719421e1a9159b2254c44?s=96&d=mm&r=g","caption":"Cl\u00e9ment"},"sameAs":["https:\/\/footdavant.fr\/"]}]}},"_links":{"self":[{"href":"https:\/\/footdavant.fr\/actualites\/wp-json\/wp\/v2\/posts\/6978"}],"collection":[{"href":"https:\/\/footdavant.fr\/actualites\/wp-json\/wp\/v2\/posts"}],"about":[{"href":"https:\/\/footdavant.fr\/actualites\/wp-json\/wp\/v2\/types\/post"}],"author":[{"embeddable":true,"href":"https:\/\/footdavant.fr\/actualites\/wp-json\/wp\/v2\/users\/1"}],"replies":[{"embeddable":true,"href":"https:\/\/footdavant.fr\/actualites\/wp-json\/wp\/v2\/comments?post=6978"}],"version-history":[{"count":1,"href":"https:\/\/footdavant.fr\/actualites\/wp-json\/wp\/v2\/posts\/6978\/revisions"}],"predecessor-version":[{"id":6980,"href":"https:\/\/footdavant.fr\/actualites\/wp-json\/wp\/v2\/posts\/6978\/revisions\/6980"}],"wp:featuredmedia":[{"embeddable":true,"href":"https:\/\/footdavant.fr\/actualites\/wp-json\/wp\/v2\/media\/6979"}],"wp:attachment":[{"href":"https:\/\/footdavant.fr\/actualites\/wp-json\/wp\/v2\/media?parent=6978"}],"wp:term":[{"taxonomy":"category","embeddable":true,"href":"https:\/\/footdavant.fr\/actualites\/wp-json\/wp\/v2\/categories?post=6978"},{"taxonomy":"post_tag","embeddable":true,"href":"https:\/\/footdavant.fr\/actualites\/wp-json\/wp\/v2\/tags?post=6978"}],"curies":[{"name":"wp","href":"https:\/\/api.w.org\/{rel}","templated":true}]}}