{"id":7004,"date":"2024-04-04T18:51:11","date_gmt":"2024-04-04T16:51:11","guid":{"rendered":"https:\/\/footdavant.fr\/actualites\/arteta-fait-le-point-sur-les-blessures-de-saka-apres-limpasse-de-man-city\/"},"modified":"2024-04-04T18:51:12","modified_gmt":"2024-04-04T16:51:12","slug":"arteta-fait-le-point-sur-les-blessures-de-saka-apres-limpasse-de-man-city","status":"publish","type":"post","link":"https:\/\/footdavant.fr\/actualites\/arteta-fait-le-point-sur-les-blessures-de-saka-apres-limpasse-de-man-city\/","title":{"rendered":"Arteta fait le point sur les blessures de Saka apr\u00e8s l&#39;impasse de Man City"},"content":{"rendered":"<p>Le patron d&#39;Arsenal, Mikel Arteta, fait le point sur les blessures de Bukayo Saka apr\u00e8s le match nul et vierge des Gunners contre Manchester City au stade Etihad dimanche.<\/p>\n<div id=\"article_body\" itemprop=\"articleBody\">\n<h3 class=\"firstPara\">\n<strong class=\"autotag\">Arsenal<\/strong> chef <strong class=\"autotag\">Mikel Arteta<\/strong> a apais\u00e9 les craintes de blessures <strong class=\"autotag\">Bukayo Saka<\/strong> suite au match nul et vierge des Gunners avec <strong class=\"autotag\">Manchester City<\/strong> au stade Etihad dimanche.<\/h3>\n<p>Saka n&#39;a pas pu repr\u00e9senter l&#39;Angleterre pendant la tr\u00eave internationale apr\u00e8s avoir subi une blessure musculaire, mais il \u00e9tait apte \u00e0 revenir dans la formation de d\u00e9part d&#39;Arsenal pour leur confrontation au titre de Premier League contre les Citizens.<\/p>\n<p>L&#39;ailier a cr\u00e9\u00e9 l&#39;une des meilleures occasions des Gunners d&#39;ouvrir le score au d\u00e9but de la seconde p\u00e9riode lorsqu&#39;il a effectu\u00e9 une d\u00e9licieuse prestation dans la surface de r\u00e9paration, avec <strong class=\"autotag\">Gabriel J\u00e9sus<\/strong> impossible de prendre contact au back post.<\/p>\n<p>Saka a finalement \u00e9t\u00e9 retir\u00e9 et est reparti avec un physio d&#39;Arsenal apr\u00e8s avoir \u00e9t\u00e9 remplac\u00e9 par <strong class=\"autotag\">Gabriel Martinelli<\/strong> dans les 10 derni\u00e8res minutes alors que le match \u00e9tait toujours parfait, suscitant des inqui\u00e9tudes parmi les fans des Gunners quant \u00e0 sa forme physique.<\/p>\n<p>Cependant, Arteta a depuis fourni une mise \u00e0 jour positive sur le joueur de 22 ans, insistant sur le fait que son retrait \u00e9tait uniquement d\u00fb \u00e0 la fatigue.<\/p>\n<p class=\"imgI\">\n<h2 class=\"k3\">Mikel Arteta apaise les craintes de blessure de Bukayo Saka<\/h2>\n<p>\u00ab\u00a0Comme tu le sais [Saka has] \u00ab\u00a0Je suis absent depuis quelques semaines maintenant avec un petit probl\u00e8me\u00a0\u00bb, a d\u00e9clar\u00e9 Arteta aux journalistes lors de sa conf\u00e9rence de presse d&#39;apr\u00e8s-match. <\/p>\n<p>\u00ab\u00a0Il ressentait cette fatigue. Pour le moment, il ne s&#39;est pas entra\u00een\u00e9. Il s&#39;est entra\u00een\u00e9 juste un jour avant le match. Il a apport\u00e9 une grande contribution, mais 90 minutes, c&#39;est beaucoup aujourd&#39;hui.\u00a0\u00bb<\/p>\n<p>Saka devrait donc \u00eatre en lice pour participer au prochain affrontement d&#39;Arsenal en Premier League \u00e0 domicile contre Luton Town mercredi soir, en attendant un test de condition physique.<\/p>\n<p>Comme Saka, <strong class=\"autotag\">Gabriel Magalhaes<\/strong> \u00e9tait apte \u00e0 d\u00e9buter pour Arsenal contre Man City apr\u00e8s s&#39;\u00eatre remis d&#39;une blessure qui l&#39;a contraint \u00e0 se retirer de l&#39;\u00e9quipe du Br\u00e9sil pendant la tr\u00eave internationale, et le d\u00e9fenseur a compl\u00e9t\u00e9 avec succ\u00e8s les 90 minutes compl\u00e8tes.<\/p>\n<p>Martinelli \u00e9tait \u00e9galement bless\u00e9 avant le match \u00e0 l&#39;Etihad, soignant une coupure au pied, mais \u2013 comme mentionn\u00e9 pr\u00e9c\u00e9demment \u2013 \u200b\u200bil \u00e9tait apte \u00e0 faire une apparition en tant que rempla\u00e7ant.<\/p>\n<p class=\"imgI\"><img decoding=\"async\" loading=\"lazy\" class=\"l\" src=\"https:\/\/footdavant.fr\/actualites\/wp-content\/uploads\/2024\/04\/1712249471_919_Arteta-fait-le-point-sur-les-blessures-de-Saka-apres.jpg\" title=\"Mikel Arteta, manager d&#39;Arsenal, le 31 mars 2024\" alt=\"Mikel Arteta, manager d&#39;Arsenal, le 31 mars 2024\" width=\"640\" height=\"480\"><\/p>\n<p>Arteta aura h\u00e2te de voir Saka retrouver sa pleine forme d\u00e8s que possible alors que les Gunners se lancent dans un calendrier de matches charg\u00e9 en avril en Premier League et en Ligue des champions.<\/p>\n<p>L&#39;affrontement de mercredi avec Luton sera suivi trois jours plus tard par un voyage \u00e0 Brighton &#038; Hove Albion, avant qu&#39;un affrontement \u00e0 domicile avec les quatre meilleurs espoirs Aston Villa ne soit pris en sandwich entre leur d\u00e9licat quart de finale aller-retour de Ligue des Champions contre le Bayern Munich.<\/p>\n<p>Le record de 100 % d&#39;Arsenal en 2024 a pris fin apr\u00e8s son impasse avec Man City, et ils ont ensuite gliss\u00e9 \u00e0 la deuxi\u00e8me place du classement de la Premier League, \u00e0 deux points du nouveau leader Liverpool \u2013 qui a battu Brighton 2-1 \u00e0 Anfield \u2013 et un au dessus <strong class=\"autotag\">Pep Guardiola<\/strong>L&#39;\u00e9quipe est troisi\u00e8me.<\/p>\n<p>N\u00e9anmoins, Arteta a retir\u00e9 beaucoup de points positifs en remportant un point \u00e0 l&#39;Etihad, en particulier la solidit\u00e9 d\u00e9fensive de son \u00e9quipe, et estime que rien n&#39;a chang\u00e9 dans la course au titre avant les neuf derniers matchs de la campagne.<\/p>\n<\/div>\n","protected":false},"excerpt":{"rendered":"<p>Le patron d&#39;Arsenal, Mikel Arteta, fait le point sur les blessures de Bukayo Saka apr\u00e8s le match nul et vierge des Gunners contre Manchester City<\/p>\n","protected":false},"author":1,"featured_media":7005,"comment_status":"closed","ping_status":"","sticky":false,"template":"","format":"standard","meta":{"footnotes":""},"categories":[5],"tags":[25,211,155,27,152,4433,93,24,153,185,103],"yoast_head":"<!-- This site is optimized with the Yoast SEO plugin v21.0 - https:\/\/yoast.com\/wordpress\/plugins\/seo\/ -->\n<title>Arteta fait le point sur les blessures de Saka apr\u00e8s l&#039;impasse de Man City<\/title>\n<meta name=\"robots\" content=\"index, follow, max-snippet:-1, max-image-preview:large, max-video-preview:-1\" \/>\n<link rel=\"canonical\" href=\"https:\/\/footdavant.fr\/actualites\/arteta-fait-le-point-sur-les-blessures-de-saka-apres-limpasse-de-man-city\/\" \/>\n<meta property=\"og:locale\" content=\"fr_FR\" \/>\n<meta property=\"og:type\" content=\"article\" \/>\n<meta property=\"og:title\" content=\"Arteta fait le point sur les blessures de Saka apr\u00e8s l&#039;impasse de Man City\" \/>\n<meta property=\"og:description\" content=\"Le patron d&#039;Arsenal, Mikel Arteta, fait le point sur les blessures de Bukayo Saka apr\u00e8s le match nul et vierge des Gunners contre Manchester City\" \/>\n<meta property=\"og:url\" content=\"https:\/\/footdavant.fr\/actualites\/arteta-fait-le-point-sur-les-blessures-de-saka-apres-limpasse-de-man-city\/\" \/>\n<meta property=\"og:site_name\" content=\"Foot d&#039;avant\" \/>\n<meta property=\"article:publisher\" content=\"https:\/\/www.facebook.com\/Footdavant\/\" \/>\n<meta property=\"article:published_time\" content=\"2024-04-04T16:51:11+00:00\" \/>\n<meta property=\"article:modified_time\" content=\"2024-04-04T16:51:12+00:00\" \/>\n<meta property=\"og:image\" content=\"https:\/\/footdavant.fr\/actualites\/wp-content\/uploads\/2024\/04\/Arteta-fait-le-point-sur-les-blessures-de-Saka-apres.jpg\" \/>\n\t<meta property=\"og:image:width\" content=\"640\" \/>\n\t<meta property=\"og:image:height\" content=\"480\" \/>\n\t<meta property=\"og:image:type\" content=\"image\/jpeg\" \/>\n<meta name=\"author\" content=\"Cl\u00e9ment\" \/>\n<meta name=\"twitter:card\" content=\"summary_large_image\" \/>\n<meta name=\"twitter:creator\" content=\"@FootdavantFr\" \/>\n<meta name=\"twitter:site\" content=\"@FootdavantFr\" \/>\n<meta name=\"twitter:label1\" content=\"\u00c9crit par\" \/>\n\t<meta name=\"twitter:data1\" content=\"Cl\u00e9ment\" \/>\n\t<meta name=\"twitter:label2\" content=\"Dur\u00e9e de lecture estim\u00e9e\" \/>\n\t<meta name=\"twitter:data2\" content=\"3 minutes\" \/>\n<script type=\"application\/ld+json\" class=\"yoast-schema-graph\">{\"@context\":\"https:\/\/schema.org\",\"@graph\":[{\"@type\":\"Article\",\"@id\":\"https:\/\/footdavant.fr\/actualites\/arteta-fait-le-point-sur-les-blessures-de-saka-apres-limpasse-de-man-city\/#article\",\"isPartOf\":{\"@id\":\"https:\/\/footdavant.fr\/actualites\/arteta-fait-le-point-sur-les-blessures-de-saka-apres-limpasse-de-man-city\/\"},\"author\":{\"name\":\"Cl\u00e9ment\",\"@id\":\"https:\/\/footdavant.fr\/actualites\/#\/schema\/person\/bc222566d95871b37e597b3ed3ba5e1d\"},\"headline\":\"Arteta fait le point sur les blessures de Saka apr\u00e8s l&#39;impasse de Man City\",\"datePublished\":\"2024-04-04T16:51:11+00:00\",\"dateModified\":\"2024-04-04T16:51:12+00:00\",\"mainEntityOfPage\":{\"@id\":\"https:\/\/footdavant.fr\/actualites\/arteta-fait-le-point-sur-les-blessures-de-saka-apres-limpasse-de-man-city\/\"},\"wordCount\":618,\"publisher\":{\"@id\":\"https:\/\/footdavant.fr\/actualites\/#organization\"},\"keywords\":[\"apr\u00e8s\",\"Arteta\",\"blessures\",\"City\",\"fait\",\"l39impasse\",\"les\",\"Man\",\"point\",\"Saka\",\"sur\"],\"articleSection\":[\"Premier League\"],\"inLanguage\":\"fr-FR\"},{\"@type\":\"WebPage\",\"@id\":\"https:\/\/footdavant.fr\/actualites\/arteta-fait-le-point-sur-les-blessures-de-saka-apres-limpasse-de-man-city\/\",\"url\":\"https:\/\/footdavant.fr\/actualites\/arteta-fait-le-point-sur-les-blessures-de-saka-apres-limpasse-de-man-city\/\",\"name\":\"Arteta fait le point sur les blessures de Saka apr\u00e8s l&#39;impasse de Man City\",\"isPartOf\":{\"@id\":\"https:\/\/footdavant.fr\/actualites\/#website\"},\"datePublished\":\"2024-04-04T16:51:11+00:00\",\"dateModified\":\"2024-04-04T16:51:12+00:00\",\"breadcrumb\":{\"@id\":\"https:\/\/footdavant.fr\/actualites\/arteta-fait-le-point-sur-les-blessures-de-saka-apres-limpasse-de-man-city\/#breadcrumb\"},\"inLanguage\":\"fr-FR\",\"potentialAction\":[{\"@type\":\"ReadAction\",\"target\":[\"https:\/\/footdavant.fr\/actualites\/arteta-fait-le-point-sur-les-blessures-de-saka-apres-limpasse-de-man-city\/\"]}]},{\"@type\":\"BreadcrumbList\",\"@id\":\"https:\/\/footdavant.fr\/actualites\/arteta-fait-le-point-sur-les-blessures-de-saka-apres-limpasse-de-man-city\/#breadcrumb\",\"itemListElement\":[{\"@type\":\"ListItem\",\"position\":1,\"name\":\"Accueil\",\"item\":\"https:\/\/footdavant.fr\/actualites\/\"},{\"@type\":\"ListItem\",\"position\":2,\"name\":\"Arteta fait le point sur les blessures de Saka apr\u00e8s l&#39;impasse de Man City\"}]},{\"@type\":\"WebSite\",\"@id\":\"https:\/\/footdavant.fr\/actualites\/#website\",\"url\":\"https:\/\/footdavant.fr\/actualites\/\",\"name\":\"Foot d'avant\",\"description\":\"\",\"publisher\":{\"@id\":\"https:\/\/footdavant.fr\/actualites\/#organization\"},\"potentialAction\":[{\"@type\":\"SearchAction\",\"target\":{\"@type\":\"EntryPoint\",\"urlTemplate\":\"https:\/\/footdavant.fr\/actualites\/?s={search_term_string}\"},\"query-input\":\"required name=search_term_string\"}],\"inLanguage\":\"fr-FR\"},{\"@type\":\"Organization\",\"@id\":\"https:\/\/footdavant.fr\/actualites\/#organization\",\"name\":\"Foot d'avant\",\"url\":\"https:\/\/footdavant.fr\/actualites\/\",\"logo\":{\"@type\":\"ImageObject\",\"inLanguage\":\"fr-FR\",\"@id\":\"https:\/\/footdavant.fr\/actualites\/#\/schema\/logo\/image\/\",\"url\":\"https:\/\/footdavant.fr\/actualites\/wp-content\/uploads\/2023\/09\/Copy-of-FootDavant-Logo.png\",\"contentUrl\":\"https:\/\/footdavant.fr\/actualites\/wp-content\/uploads\/2023\/09\/Copy-of-FootDavant-Logo.png\",\"width\":936,\"height\":549,\"caption\":\"Foot d'avant\"},\"image\":{\"@id\":\"https:\/\/footdavant.fr\/actualites\/#\/schema\/logo\/image\/\"},\"sameAs\":[\"https:\/\/www.facebook.com\/Footdavant\/\",\"https:\/\/twitter.com\/FootdavantFr\",\"https:\/\/www.instagram.com\/footdavant.fr\/\"]},{\"@type\":\"Person\",\"@id\":\"https:\/\/footdavant.fr\/actualites\/#\/schema\/person\/bc222566d95871b37e597b3ed3ba5e1d\",\"name\":\"Cl\u00e9ment\",\"image\":{\"@type\":\"ImageObject\",\"inLanguage\":\"fr-FR\",\"@id\":\"https:\/\/footdavant.fr\/actualites\/#\/schema\/person\/image\/\",\"url\":\"https:\/\/secure.gravatar.com\/avatar\/7728b29aac2719421e1a9159b2254c44?s=96&d=mm&r=g\",\"contentUrl\":\"https:\/\/secure.gravatar.com\/avatar\/7728b29aac2719421e1a9159b2254c44?s=96&d=mm&r=g\",\"caption\":\"Cl\u00e9ment\"},\"sameAs\":[\"https:\/\/footdavant.fr\/\"]}]}<\/script>\n<!-- \/ Yoast SEO plugin. -->","yoast_head_json":{"title":"Arteta fait le point sur les blessures de Saka apr\u00e8s l&#39;impasse de Man City","robots":{"index":"index","follow":"follow","max-snippet":"max-snippet:-1","max-image-preview":"max-image-preview:large","max-video-preview":"max-video-preview:-1"},"canonical":"https:\/\/footdavant.fr\/actualites\/arteta-fait-le-point-sur-les-blessures-de-saka-apres-limpasse-de-man-city\/","og_locale":"fr_FR","og_type":"article","og_title":"Arteta fait le point sur les blessures de Saka apr\u00e8s l&#39;impasse de Man City","og_description":"Le patron d&#39;Arsenal, Mikel Arteta, fait le point sur les blessures de Bukayo Saka apr\u00e8s le match nul et vierge des Gunners contre Manchester City","og_url":"https:\/\/footdavant.fr\/actualites\/arteta-fait-le-point-sur-les-blessures-de-saka-apres-limpasse-de-man-city\/","og_site_name":"Foot d&#039;avant","article_publisher":"https:\/\/www.facebook.com\/Footdavant\/","article_published_time":"2024-04-04T16:51:11+00:00","article_modified_time":"2024-04-04T16:51:12+00:00","og_image":[{"width":640,"height":480,"url":"https:\/\/footdavant.fr\/actualites\/wp-content\/uploads\/2024\/04\/Arteta-fait-le-point-sur-les-blessures-de-Saka-apres.jpg","type":"image\/jpeg"}],"author":"Cl\u00e9ment","twitter_card":"summary_large_image","twitter_creator":"@FootdavantFr","twitter_site":"@FootdavantFr","twitter_misc":{"\u00c9crit par":"Cl\u00e9ment","Dur\u00e9e de lecture estim\u00e9e":"3 minutes"},"schema":{"@context":"https:\/\/schema.org","@graph":[{"@type":"Article","@id":"https:\/\/footdavant.fr\/actualites\/arteta-fait-le-point-sur-les-blessures-de-saka-apres-limpasse-de-man-city\/#article","isPartOf":{"@id":"https:\/\/footdavant.fr\/actualites\/arteta-fait-le-point-sur-les-blessures-de-saka-apres-limpasse-de-man-city\/"},"author":{"name":"Cl\u00e9ment","@id":"https:\/\/footdavant.fr\/actualites\/#\/schema\/person\/bc222566d95871b37e597b3ed3ba5e1d"},"headline":"Arteta fait le point sur les blessures de Saka apr\u00e8s l&#39;impasse de Man City","datePublished":"2024-04-04T16:51:11+00:00","dateModified":"2024-04-04T16:51:12+00:00","mainEntityOfPage":{"@id":"https:\/\/footdavant.fr\/actualites\/arteta-fait-le-point-sur-les-blessures-de-saka-apres-limpasse-de-man-city\/"},"wordCount":618,"publisher":{"@id":"https:\/\/footdavant.fr\/actualites\/#organization"},"keywords":["apr\u00e8s","Arteta","blessures","City","fait","l39impasse","les","Man","point","Saka","sur"],"articleSection":["Premier League"],"inLanguage":"fr-FR"},{"@type":"WebPage","@id":"https:\/\/footdavant.fr\/actualites\/arteta-fait-le-point-sur-les-blessures-de-saka-apres-limpasse-de-man-city\/","url":"https:\/\/footdavant.fr\/actualites\/arteta-fait-le-point-sur-les-blessures-de-saka-apres-limpasse-de-man-city\/","name":"Arteta fait le point sur les blessures de Saka apr\u00e8s l&#39;impasse de Man City","isPartOf":{"@id":"https:\/\/footdavant.fr\/actualites\/#website"},"datePublished":"2024-04-04T16:51:11+00:00","dateModified":"2024-04-04T16:51:12+00:00","breadcrumb":{"@id":"https:\/\/footdavant.fr\/actualites\/arteta-fait-le-point-sur-les-blessures-de-saka-apres-limpasse-de-man-city\/#breadcrumb"},"inLanguage":"fr-FR","potentialAction":[{"@type":"ReadAction","target":["https:\/\/footdavant.fr\/actualites\/arteta-fait-le-point-sur-les-blessures-de-saka-apres-limpasse-de-man-city\/"]}]},{"@type":"BreadcrumbList","@id":"https:\/\/footdavant.fr\/actualites\/arteta-fait-le-point-sur-les-blessures-de-saka-apres-limpasse-de-man-city\/#breadcrumb","itemListElement":[{"@type":"ListItem","position":1,"name":"Accueil","item":"https:\/\/footdavant.fr\/actualites\/"},{"@type":"ListItem","position":2,"name":"Arteta fait le point sur les blessures de Saka apr\u00e8s l&#39;impasse de Man City"}]},{"@type":"WebSite","@id":"https:\/\/footdavant.fr\/actualites\/#website","url":"https:\/\/footdavant.fr\/actualites\/","name":"Foot d'avant","description":"","publisher":{"@id":"https:\/\/footdavant.fr\/actualites\/#organization"},"potentialAction":[{"@type":"SearchAction","target":{"@type":"EntryPoint","urlTemplate":"https:\/\/footdavant.fr\/actualites\/?s={search_term_string}"},"query-input":"required name=search_term_string"}],"inLanguage":"fr-FR"},{"@type":"Organization","@id":"https:\/\/footdavant.fr\/actualites\/#organization","name":"Foot d'avant","url":"https:\/\/footdavant.fr\/actualites\/","logo":{"@type":"ImageObject","inLanguage":"fr-FR","@id":"https:\/\/footdavant.fr\/actualites\/#\/schema\/logo\/image\/","url":"https:\/\/footdavant.fr\/actualites\/wp-content\/uploads\/2023\/09\/Copy-of-FootDavant-Logo.png","contentUrl":"https:\/\/footdavant.fr\/actualites\/wp-content\/uploads\/2023\/09\/Copy-of-FootDavant-Logo.png","width":936,"height":549,"caption":"Foot d'avant"},"image":{"@id":"https:\/\/footdavant.fr\/actualites\/#\/schema\/logo\/image\/"},"sameAs":["https:\/\/www.facebook.com\/Footdavant\/","https:\/\/twitter.com\/FootdavantFr","https:\/\/www.instagram.com\/footdavant.fr\/"]},{"@type":"Person","@id":"https:\/\/footdavant.fr\/actualites\/#\/schema\/person\/bc222566d95871b37e597b3ed3ba5e1d","name":"Cl\u00e9ment","image":{"@type":"ImageObject","inLanguage":"fr-FR","@id":"https:\/\/footdavant.fr\/actualites\/#\/schema\/person\/image\/","url":"https:\/\/secure.gravatar.com\/avatar\/7728b29aac2719421e1a9159b2254c44?s=96&d=mm&r=g","contentUrl":"https:\/\/secure.gravatar.com\/avatar\/7728b29aac2719421e1a9159b2254c44?s=96&d=mm&r=g","caption":"Cl\u00e9ment"},"sameAs":["https:\/\/footdavant.fr\/"]}]}},"_links":{"self":[{"href":"https:\/\/footdavant.fr\/actualites\/wp-json\/wp\/v2\/posts\/7004"}],"collection":[{"href":"https:\/\/footdavant.fr\/actualites\/wp-json\/wp\/v2\/posts"}],"about":[{"href":"https:\/\/footdavant.fr\/actualites\/wp-json\/wp\/v2\/types\/post"}],"author":[{"embeddable":true,"href":"https:\/\/footdavant.fr\/actualites\/wp-json\/wp\/v2\/users\/1"}],"replies":[{"embeddable":true,"href":"https:\/\/footdavant.fr\/actualites\/wp-json\/wp\/v2\/comments?post=7004"}],"version-history":[{"count":1,"href":"https:\/\/footdavant.fr\/actualites\/wp-json\/wp\/v2\/posts\/7004\/revisions"}],"predecessor-version":[{"id":7006,"href":"https:\/\/footdavant.fr\/actualites\/wp-json\/wp\/v2\/posts\/7004\/revisions\/7006"}],"wp:featuredmedia":[{"embeddable":true,"href":"https:\/\/footdavant.fr\/actualites\/wp-json\/wp\/v2\/media\/7005"}],"wp:attachment":[{"href":"https:\/\/footdavant.fr\/actualites\/wp-json\/wp\/v2\/media?parent=7004"}],"wp:term":[{"taxonomy":"category","embeddable":true,"href":"https:\/\/footdavant.fr\/actualites\/wp-json\/wp\/v2\/categories?post=7004"},{"taxonomy":"post_tag","embeddable":true,"href":"https:\/\/footdavant.fr\/actualites\/wp-json\/wp\/v2\/tags?post=7004"}],"curies":[{"name":"wp","href":"https:\/\/api.w.org\/{rel}","templated":true}]}}