{"id":7007,"date":"2024-04-04T20:50:34","date_gmt":"2024-04-04T18:50:34","guid":{"rendered":"https:\/\/footdavant.fr\/actualites\/confirme-man-united-xi-contre-chelsea-marcus-rashford-remplace-par-antony\/"},"modified":"2024-04-04T20:50:35","modified_gmt":"2024-04-04T18:50:35","slug":"confirme-man-united-xi-contre-chelsea-marcus-rashford-remplace-par-antony","status":"publish","type":"post","link":"https:\/\/footdavant.fr\/actualites\/confirme-man-united-xi-contre-chelsea-marcus-rashford-remplace-par-antony\/","title":{"rendered":"Confirm\u00e9 Man United XI contre Chelsea: Marcus Rashford remplac\u00e9 par Antony \u2013"},"content":{"rendered":"<div id=\"penci-post-entry-inner\">\n<p>\t\t\t<i class=\"penci-post-countview-number-check\" style=\"display:none\">6<\/i><\/p>\n<p><!--Article Start--><br \/>Marcus Rashford a \u00e9t\u00e9 exclu du onze de d\u00e9part de Manchester United pour affronter Chelsea \u00e0 Stamford Bridge ce soir.<\/p>\n<p>Rashford sera sur le banc.<\/p>\n<p>Alejandro Garnacho reviendra sans aucun doute sur l&#39;aile gauche, avec Antony sur la droite.<\/p>\n<p>En d\u00e9fense, Raphael Varane s&#39;est remis du coup qui l&#39;a vu remplac\u00e9 contre Brentford samedi et sera associ\u00e9 \u00e0 Harry Maguire au c\u0153ur de la d\u00e9fense de United.<\/p>\n<p>Jonny Evans est \u00e9galement de nouveau en forme et fait partie du banc, mais Lisandro Martinez et Victor Lindelof sont tous deux exclus depuis environ un mois.<\/p>\n<p>Diogo Dalot et Aaron Wan-Bissaka seront \u00e0 nouveau les arri\u00e8res lat\u00e9raux et Andre Onana sera dans le but.<\/p>\n<p>Luke Shaw et Tyrell Malacia restent \u00e0 l&#39;\u00e9cart.<\/p>\n<p>Au milieu de terrain, Scott McTominay perd \u00e9galement sa place, Casemiro \u00e9tant r\u00e9int\u00e9gr\u00e9 aux c\u00f4t\u00e9s de Kobbie Mainoo dans les r\u00f4les de titulaire.<\/p>\n<p>Rasmus Hojlund continue devant et Bruno Fernandes occupera le r\u00f4le de num\u00e9ro 10.<\/p>\n<p>Anthony Martial est toujours bless\u00e9.<\/p>\n<p>Sur le banc, Tom Heaton est \u00e0 nouveau nomm\u00e9 alors qu&#39;Altay Bayindir est toujours bless\u00e9.<\/p>\n<p>Christian Eriksen, Sofyan Amrabat, Amad, Willy Kambwala et Mason Mount rejoignent Heaton, Evans, McTominay et Rashford.<\/p>\n<p>Le coup d&#39;envoi \u00e0 Londres est \u00e0 20h15.<\/p>\n<blockquote class=\"twitter-tweet\" data-width=\"550\" data-dnt=\"true\">\n<p lang=\"en\" dir=\"ltr\">VENEZ UNIS\u00a0!  \ud83d\udde3\ufe0f\ud83d\udcaf<a rel=\"nofollow\" href=\"https:\/\/twitter.com\/hashtag\/MUFC?src=hash&amp;ref_src=twsrc%5Etfw\">#MUFC<\/a> || <a rel=\"nofollow\" href=\"https:\/\/twitter.com\/hashtag\/CHEMUN?src=hash&amp;ref_src=twsrc%5Etfw\">#CHEMUN<\/a><\/p>\n<p>\u2013Manchester United (@ManUtd) <a rel=\"nofollow\" href=\"https:\/\/twitter.com\/ManUtd\/status\/1775950241952358840?ref_src=twsrc%5Etfw\">4 avril 2024<\/a><\/p>\n<\/blockquote>\n<hr>\n<p>\n<em>Vous voulez \u00eatre le premier \u00e0 \u00eatre inform\u00e9 des derni\u00e8res nouvelles de Man United ?  Pour des mises \u00e0 jour cruciales soigneusement s\u00e9lectionn\u00e9es, rejoignez notre cha\u00eene WhatsApp : https:\/\/bit.ly\/United-Breaking-News.<\/p>\n<p><!-- CONTENT END 3 --><\/p>\n<p>\t\t\t\t\t\t\t        <\/em><\/div>\n<p><script async src=\"https:\/\/platform.twitter.com\/widgets.js\" charset=\"utf-8\"><\/script><\/p>\n","protected":false},"excerpt":{"rendered":"<p>6 Marcus Rashford a \u00e9t\u00e9 exclu du onze de d\u00e9part de Manchester United pour affronter Chelsea \u00e0 Stamford Bridge ce soir. Rashford sera sur le<\/p>\n","protected":false},"author":1,"featured_media":7008,"comment_status":"closed","ping_status":"","sticky":false,"template":"","format":"standard","meta":{"footnotes":""},"categories":[3],"tags":[753,171,40,20,24,422,75,423,1778,13],"yoast_head":"<!-- This site is optimized with the Yoast SEO plugin v21.0 - https:\/\/yoast.com\/wordpress\/plugins\/seo\/ -->\n<title>Confirm\u00e9 Man United XI contre Chelsea: Marcus Rashford remplac\u00e9 par Antony \u2013<\/title>\n<meta name=\"robots\" content=\"index, follow, max-snippet:-1, max-image-preview:large, max-video-preview:-1\" \/>\n<link rel=\"canonical\" href=\"https:\/\/footdavant.fr\/actualites\/confirme-man-united-xi-contre-chelsea-marcus-rashford-remplace-par-antony\/\" \/>\n<meta property=\"og:locale\" content=\"fr_FR\" \/>\n<meta property=\"og:type\" content=\"article\" \/>\n<meta property=\"og:title\" content=\"Confirm\u00e9 Man United XI contre Chelsea: Marcus Rashford remplac\u00e9 par Antony \u2013\" \/>\n<meta property=\"og:description\" content=\"6 Marcus Rashford a \u00e9t\u00e9 exclu du onze de d\u00e9part de Manchester United pour affronter Chelsea \u00e0 Stamford Bridge ce soir. Rashford sera sur le\" \/>\n<meta property=\"og:url\" content=\"https:\/\/footdavant.fr\/actualites\/confirme-man-united-xi-contre-chelsea-marcus-rashford-remplace-par-antony\/\" \/>\n<meta property=\"og:site_name\" content=\"Foot d&#039;avant\" \/>\n<meta property=\"article:publisher\" content=\"https:\/\/www.facebook.com\/Footdavant\/\" \/>\n<meta property=\"article:published_time\" content=\"2024-04-04T18:50:34+00:00\" \/>\n<meta property=\"article:modified_time\" content=\"2024-04-04T18:50:35+00:00\" \/>\n<meta property=\"og:image\" content=\"https:\/\/footdavant.fr\/actualites\/wp-content\/uploads\/2024\/04\/Confirme-Man-United-XI-contre-Chelsea-Marcus-Rashford-remplace-par.jpg\" \/>\n\t<meta property=\"og:image:width\" content=\"1600\" \/>\n\t<meta property=\"og:image:height\" content=\"705\" \/>\n\t<meta property=\"og:image:type\" content=\"image\/jpeg\" \/>\n<meta name=\"author\" content=\"Cl\u00e9ment\" \/>\n<meta name=\"twitter:card\" content=\"summary_large_image\" \/>\n<meta name=\"twitter:creator\" content=\"@FootdavantFr\" \/>\n<meta name=\"twitter:site\" content=\"@FootdavantFr\" \/>\n<meta name=\"twitter:label1\" content=\"\u00c9crit par\" \/>\n\t<meta name=\"twitter:data1\" content=\"Cl\u00e9ment\" \/>\n\t<meta name=\"twitter:label2\" content=\"Dur\u00e9e de lecture estim\u00e9e\" \/>\n\t<meta name=\"twitter:data2\" content=\"1 minute\" \/>\n<script type=\"application\/ld+json\" class=\"yoast-schema-graph\">{\"@context\":\"https:\/\/schema.org\",\"@graph\":[{\"@type\":\"Article\",\"@id\":\"https:\/\/footdavant.fr\/actualites\/confirme-man-united-xi-contre-chelsea-marcus-rashford-remplace-par-antony\/#article\",\"isPartOf\":{\"@id\":\"https:\/\/footdavant.fr\/actualites\/confirme-man-united-xi-contre-chelsea-marcus-rashford-remplace-par-antony\/\"},\"author\":{\"name\":\"Cl\u00e9ment\",\"@id\":\"https:\/\/footdavant.fr\/actualites\/#\/schema\/person\/bc222566d95871b37e597b3ed3ba5e1d\"},\"headline\":\"Confirm\u00e9 Man United XI contre Chelsea: Marcus Rashford remplac\u00e9 par Antony \u2013\",\"datePublished\":\"2024-04-04T18:50:34+00:00\",\"dateModified\":\"2024-04-04T18:50:35+00:00\",\"mainEntityOfPage\":{\"@id\":\"https:\/\/footdavant.fr\/actualites\/confirme-man-united-xi-contre-chelsea-marcus-rashford-remplace-par-antony\/\"},\"wordCount\":262,\"publisher\":{\"@id\":\"https:\/\/footdavant.fr\/actualites\/#organization\"},\"keywords\":[\"Antony\",\"Chelsea\",\"confirme\",\"contre\",\"Man\",\"Marcus\",\"par\",\"Rashford\",\"remplace\",\"United\"],\"articleSection\":[\"Football\"],\"inLanguage\":\"fr-FR\"},{\"@type\":\"WebPage\",\"@id\":\"https:\/\/footdavant.fr\/actualites\/confirme-man-united-xi-contre-chelsea-marcus-rashford-remplace-par-antony\/\",\"url\":\"https:\/\/footdavant.fr\/actualites\/confirme-man-united-xi-contre-chelsea-marcus-rashford-remplace-par-antony\/\",\"name\":\"Confirm\u00e9 Man United XI contre Chelsea: Marcus Rashford remplac\u00e9 par Antony \u2013\",\"isPartOf\":{\"@id\":\"https:\/\/footdavant.fr\/actualites\/#website\"},\"datePublished\":\"2024-04-04T18:50:34+00:00\",\"dateModified\":\"2024-04-04T18:50:35+00:00\",\"breadcrumb\":{\"@id\":\"https:\/\/footdavant.fr\/actualites\/confirme-man-united-xi-contre-chelsea-marcus-rashford-remplace-par-antony\/#breadcrumb\"},\"inLanguage\":\"fr-FR\",\"potentialAction\":[{\"@type\":\"ReadAction\",\"target\":[\"https:\/\/footdavant.fr\/actualites\/confirme-man-united-xi-contre-chelsea-marcus-rashford-remplace-par-antony\/\"]}]},{\"@type\":\"BreadcrumbList\",\"@id\":\"https:\/\/footdavant.fr\/actualites\/confirme-man-united-xi-contre-chelsea-marcus-rashford-remplace-par-antony\/#breadcrumb\",\"itemListElement\":[{\"@type\":\"ListItem\",\"position\":1,\"name\":\"Accueil\",\"item\":\"https:\/\/footdavant.fr\/actualites\/\"},{\"@type\":\"ListItem\",\"position\":2,\"name\":\"Confirm\u00e9 Man United XI contre Chelsea: Marcus Rashford remplac\u00e9 par Antony \u2013\"}]},{\"@type\":\"WebSite\",\"@id\":\"https:\/\/footdavant.fr\/actualites\/#website\",\"url\":\"https:\/\/footdavant.fr\/actualites\/\",\"name\":\"Foot d'avant\",\"description\":\"\",\"publisher\":{\"@id\":\"https:\/\/footdavant.fr\/actualites\/#organization\"},\"potentialAction\":[{\"@type\":\"SearchAction\",\"target\":{\"@type\":\"EntryPoint\",\"urlTemplate\":\"https:\/\/footdavant.fr\/actualites\/?s={search_term_string}\"},\"query-input\":\"required name=search_term_string\"}],\"inLanguage\":\"fr-FR\"},{\"@type\":\"Organization\",\"@id\":\"https:\/\/footdavant.fr\/actualites\/#organization\",\"name\":\"Foot d'avant\",\"url\":\"https:\/\/footdavant.fr\/actualites\/\",\"logo\":{\"@type\":\"ImageObject\",\"inLanguage\":\"fr-FR\",\"@id\":\"https:\/\/footdavant.fr\/actualites\/#\/schema\/logo\/image\/\",\"url\":\"https:\/\/footdavant.fr\/actualites\/wp-content\/uploads\/2023\/09\/Copy-of-FootDavant-Logo.png\",\"contentUrl\":\"https:\/\/footdavant.fr\/actualites\/wp-content\/uploads\/2023\/09\/Copy-of-FootDavant-Logo.png\",\"width\":936,\"height\":549,\"caption\":\"Foot d'avant\"},\"image\":{\"@id\":\"https:\/\/footdavant.fr\/actualites\/#\/schema\/logo\/image\/\"},\"sameAs\":[\"https:\/\/www.facebook.com\/Footdavant\/\",\"https:\/\/twitter.com\/FootdavantFr\",\"https:\/\/www.instagram.com\/footdavant.fr\/\"]},{\"@type\":\"Person\",\"@id\":\"https:\/\/footdavant.fr\/actualites\/#\/schema\/person\/bc222566d95871b37e597b3ed3ba5e1d\",\"name\":\"Cl\u00e9ment\",\"image\":{\"@type\":\"ImageObject\",\"inLanguage\":\"fr-FR\",\"@id\":\"https:\/\/footdavant.fr\/actualites\/#\/schema\/person\/image\/\",\"url\":\"https:\/\/secure.gravatar.com\/avatar\/7728b29aac2719421e1a9159b2254c44?s=96&d=mm&r=g\",\"contentUrl\":\"https:\/\/secure.gravatar.com\/avatar\/7728b29aac2719421e1a9159b2254c44?s=96&d=mm&r=g\",\"caption\":\"Cl\u00e9ment\"},\"sameAs\":[\"https:\/\/footdavant.fr\/\"]}]}<\/script>\n<!-- \/ Yoast SEO plugin. -->","yoast_head_json":{"title":"Confirm\u00e9 Man United XI contre Chelsea: Marcus Rashford remplac\u00e9 par Antony \u2013","robots":{"index":"index","follow":"follow","max-snippet":"max-snippet:-1","max-image-preview":"max-image-preview:large","max-video-preview":"max-video-preview:-1"},"canonical":"https:\/\/footdavant.fr\/actualites\/confirme-man-united-xi-contre-chelsea-marcus-rashford-remplace-par-antony\/","og_locale":"fr_FR","og_type":"article","og_title":"Confirm\u00e9 Man United XI contre Chelsea: Marcus Rashford remplac\u00e9 par Antony \u2013","og_description":"6 Marcus Rashford a \u00e9t\u00e9 exclu du onze de d\u00e9part de Manchester United pour affronter Chelsea \u00e0 Stamford Bridge ce soir. Rashford sera sur le","og_url":"https:\/\/footdavant.fr\/actualites\/confirme-man-united-xi-contre-chelsea-marcus-rashford-remplace-par-antony\/","og_site_name":"Foot d&#039;avant","article_publisher":"https:\/\/www.facebook.com\/Footdavant\/","article_published_time":"2024-04-04T18:50:34+00:00","article_modified_time":"2024-04-04T18:50:35+00:00","og_image":[{"width":1600,"height":705,"url":"https:\/\/footdavant.fr\/actualites\/wp-content\/uploads\/2024\/04\/Confirme-Man-United-XI-contre-Chelsea-Marcus-Rashford-remplace-par.jpg","type":"image\/jpeg"}],"author":"Cl\u00e9ment","twitter_card":"summary_large_image","twitter_creator":"@FootdavantFr","twitter_site":"@FootdavantFr","twitter_misc":{"\u00c9crit par":"Cl\u00e9ment","Dur\u00e9e de lecture estim\u00e9e":"1 minute"},"schema":{"@context":"https:\/\/schema.org","@graph":[{"@type":"Article","@id":"https:\/\/footdavant.fr\/actualites\/confirme-man-united-xi-contre-chelsea-marcus-rashford-remplace-par-antony\/#article","isPartOf":{"@id":"https:\/\/footdavant.fr\/actualites\/confirme-man-united-xi-contre-chelsea-marcus-rashford-remplace-par-antony\/"},"author":{"name":"Cl\u00e9ment","@id":"https:\/\/footdavant.fr\/actualites\/#\/schema\/person\/bc222566d95871b37e597b3ed3ba5e1d"},"headline":"Confirm\u00e9 Man United XI contre Chelsea: Marcus Rashford remplac\u00e9 par Antony \u2013","datePublished":"2024-04-04T18:50:34+00:00","dateModified":"2024-04-04T18:50:35+00:00","mainEntityOfPage":{"@id":"https:\/\/footdavant.fr\/actualites\/confirme-man-united-xi-contre-chelsea-marcus-rashford-remplace-par-antony\/"},"wordCount":262,"publisher":{"@id":"https:\/\/footdavant.fr\/actualites\/#organization"},"keywords":["Antony","Chelsea","confirme","contre","Man","Marcus","par","Rashford","remplace","United"],"articleSection":["Football"],"inLanguage":"fr-FR"},{"@type":"WebPage","@id":"https:\/\/footdavant.fr\/actualites\/confirme-man-united-xi-contre-chelsea-marcus-rashford-remplace-par-antony\/","url":"https:\/\/footdavant.fr\/actualites\/confirme-man-united-xi-contre-chelsea-marcus-rashford-remplace-par-antony\/","name":"Confirm\u00e9 Man United XI contre Chelsea: Marcus Rashford remplac\u00e9 par Antony \u2013","isPartOf":{"@id":"https:\/\/footdavant.fr\/actualites\/#website"},"datePublished":"2024-04-04T18:50:34+00:00","dateModified":"2024-04-04T18:50:35+00:00","breadcrumb":{"@id":"https:\/\/footdavant.fr\/actualites\/confirme-man-united-xi-contre-chelsea-marcus-rashford-remplace-par-antony\/#breadcrumb"},"inLanguage":"fr-FR","potentialAction":[{"@type":"ReadAction","target":["https:\/\/footdavant.fr\/actualites\/confirme-man-united-xi-contre-chelsea-marcus-rashford-remplace-par-antony\/"]}]},{"@type":"BreadcrumbList","@id":"https:\/\/footdavant.fr\/actualites\/confirme-man-united-xi-contre-chelsea-marcus-rashford-remplace-par-antony\/#breadcrumb","itemListElement":[{"@type":"ListItem","position":1,"name":"Accueil","item":"https:\/\/footdavant.fr\/actualites\/"},{"@type":"ListItem","position":2,"name":"Confirm\u00e9 Man United XI contre Chelsea: Marcus Rashford remplac\u00e9 par Antony \u2013"}]},{"@type":"WebSite","@id":"https:\/\/footdavant.fr\/actualites\/#website","url":"https:\/\/footdavant.fr\/actualites\/","name":"Foot d'avant","description":"","publisher":{"@id":"https:\/\/footdavant.fr\/actualites\/#organization"},"potentialAction":[{"@type":"SearchAction","target":{"@type":"EntryPoint","urlTemplate":"https:\/\/footdavant.fr\/actualites\/?s={search_term_string}"},"query-input":"required name=search_term_string"}],"inLanguage":"fr-FR"},{"@type":"Organization","@id":"https:\/\/footdavant.fr\/actualites\/#organization","name":"Foot d'avant","url":"https:\/\/footdavant.fr\/actualites\/","logo":{"@type":"ImageObject","inLanguage":"fr-FR","@id":"https:\/\/footdavant.fr\/actualites\/#\/schema\/logo\/image\/","url":"https:\/\/footdavant.fr\/actualites\/wp-content\/uploads\/2023\/09\/Copy-of-FootDavant-Logo.png","contentUrl":"https:\/\/footdavant.fr\/actualites\/wp-content\/uploads\/2023\/09\/Copy-of-FootDavant-Logo.png","width":936,"height":549,"caption":"Foot d'avant"},"image":{"@id":"https:\/\/footdavant.fr\/actualites\/#\/schema\/logo\/image\/"},"sameAs":["https:\/\/www.facebook.com\/Footdavant\/","https:\/\/twitter.com\/FootdavantFr","https:\/\/www.instagram.com\/footdavant.fr\/"]},{"@type":"Person","@id":"https:\/\/footdavant.fr\/actualites\/#\/schema\/person\/bc222566d95871b37e597b3ed3ba5e1d","name":"Cl\u00e9ment","image":{"@type":"ImageObject","inLanguage":"fr-FR","@id":"https:\/\/footdavant.fr\/actualites\/#\/schema\/person\/image\/","url":"https:\/\/secure.gravatar.com\/avatar\/7728b29aac2719421e1a9159b2254c44?s=96&d=mm&r=g","contentUrl":"https:\/\/secure.gravatar.com\/avatar\/7728b29aac2719421e1a9159b2254c44?s=96&d=mm&r=g","caption":"Cl\u00e9ment"},"sameAs":["https:\/\/footdavant.fr\/"]}]}},"_links":{"self":[{"href":"https:\/\/footdavant.fr\/actualites\/wp-json\/wp\/v2\/posts\/7007"}],"collection":[{"href":"https:\/\/footdavant.fr\/actualites\/wp-json\/wp\/v2\/posts"}],"about":[{"href":"https:\/\/footdavant.fr\/actualites\/wp-json\/wp\/v2\/types\/post"}],"author":[{"embeddable":true,"href":"https:\/\/footdavant.fr\/actualites\/wp-json\/wp\/v2\/users\/1"}],"replies":[{"embeddable":true,"href":"https:\/\/footdavant.fr\/actualites\/wp-json\/wp\/v2\/comments?post=7007"}],"version-history":[{"count":1,"href":"https:\/\/footdavant.fr\/actualites\/wp-json\/wp\/v2\/posts\/7007\/revisions"}],"predecessor-version":[{"id":7009,"href":"https:\/\/footdavant.fr\/actualites\/wp-json\/wp\/v2\/posts\/7007\/revisions\/7009"}],"wp:featuredmedia":[{"embeddable":true,"href":"https:\/\/footdavant.fr\/actualites\/wp-json\/wp\/v2\/media\/7008"}],"wp:attachment":[{"href":"https:\/\/footdavant.fr\/actualites\/wp-json\/wp\/v2\/media?parent=7007"}],"wp:term":[{"taxonomy":"category","embeddable":true,"href":"https:\/\/footdavant.fr\/actualites\/wp-json\/wp\/v2\/categories?post=7007"},{"taxonomy":"post_tag","embeddable":true,"href":"https:\/\/footdavant.fr\/actualites\/wp-json\/wp\/v2\/tags?post=7007"}],"curies":[{"name":"wp","href":"https:\/\/api.w.org\/{rel}","templated":true}]}}