{"id":7015,"date":"2024-04-05T02:49:56","date_gmt":"2024-04-05T00:49:56","guid":{"rendered":"https:\/\/footdavant.fr\/actualites\/le-manager-de-getafe-fait-le-point-sur-mason-greenwood\/"},"modified":"2024-04-05T02:49:57","modified_gmt":"2024-04-05T00:49:57","slug":"le-manager-de-getafe-fait-le-point-sur-mason-greenwood","status":"publish","type":"post","link":"https:\/\/footdavant.fr\/actualites\/le-manager-de-getafe-fait-le-point-sur-mason-greenwood\/","title":{"rendered":"Le manager de Getafe fait le point sur Mason Greenwood"},"content":{"rendered":"<p>Le patron de Getafe, Jose Bordalas, ne sait pas si Mason Greenwood, pr\u00eat\u00e9 par Manchester United, reviendra dans le club espagnol la saison prochaine.<\/p>\n<div id=\"article_body\" itemprop=\"articleBody\">\n<h3 class=\"firstPara\">\n<strong class=\"autotag\">Getafe<\/strong> directeur <strong class=\"autotag\">Jos\u00e9 Bordalas<\/strong> a admis qu&#39;il ne savait pas si <strong class=\"autotag\">Manchester United<\/strong> avant <strong class=\"autotag\">Ma\u00e7on Greenwood<\/strong> restera avec le club espagnol la saison prochaine.<\/h3>\n<p>Greenwood a \u00e9t\u00e9 inculp\u00e9 en janvier 2022 de tentative de viol, d&#39;agression ayant entra\u00een\u00e9 des l\u00e9sions corporelles r\u00e9elles et de comportement coercitif et contr\u00f4lant.<\/p>\n<p>Apr\u00e8s l&#39;abandon des accusations en f\u00e9vrier 2023, Man United a lanc\u00e9 sa propre enqu\u00eate interne pour d\u00e9terminer l&#39;avenir de Greenwood \u00e0 Old Trafford.<\/p>\n<p>On pensait que le club \u00e9tait dispos\u00e9 \u00e0 ramener Greenwood dans la configuration de la premi\u00e8re \u00e9quipe avant de faire demi-tour \u00e0 la suite de la r\u00e9action du public.<\/p>\n<p>Man United n&#39;a pas mis fin au contrat de Greenwood, car ils ont choisi de l&#39;envoyer \u00e0 Getafe pour un pr\u00eat d&#39;une saison.<\/p>\n<p class=\"imgI\">\n<p>Greenwood s&#39;est impos\u00e9 comme un acteur cl\u00e9 de l&#39;\u00e9quipe de Getafe, commen\u00e7ant 22 de ses 25 matches de Liga.<\/p>\n<p>L&#39;attaquant a inscrit six buts et cinq passes d\u00e9cisives, dont son plus r\u00e9cent but lors d&#39;un match nul 3-3 contre Las Palmas plus t\u00f4t ce mois-ci.<\/p>\n<p>Bien que l&#39;accord de pr\u00eat de Greenwood dure jusqu&#39;\u00e0 la fin de la saison, Getafe souhaite le ramener au club pour la campagne 2024-25.<\/p>\n<p>Cependant, Bordalas a admis qu&#39;il ne savait pas si l&#39;ailier de Manchester United reviendrait \u00e0 Getafe pour la saison prochaine.<\/p>\n<p>\u00ab\u00a0Nous ne le savons pas\u00a0\u00bb, a d\u00e9clar\u00e9 Bordalas aux journalistes.  \u00ab\u00a0En fin de compte, son club doit d\u00e9cider de ses intentions avec le joueur. Ensuite, nous conna\u00eetrons \u00e9galement les intentions du gar\u00e7on pour son avenir. Mais je ne peux pas vous le dire. Nous sommes satisfaits de son comportement et de ses performances.\u00a0\u00bb<\/p>\n<p class=\"imgI\"><img decoding=\"async\" loading=\"lazy\" class=\"l\" src=\"https:\/\/footdavant.fr\/actualites\/wp-content\/uploads\/2024\/04\/1712278196_691_Le-manager-de-Getafe-fait-le-point-sur-Mason-Greenwood.jpg\" title=\"Mason Greenwood arrive au tribunal en novembre 2022\" alt=\"Mason Greenwood arrive au tribunal en novembre 2022\" width=\"640\" height=\"480\"><\/p>\n<h2 class=\"k3\">Quelles sont les options alternatives pour Greenwood ?<\/h2>\n<p>Dans l\u2019\u00e9tat actuel des choses, Greenwood reviendra \u00e0 Old Trafford \u00e0 la fin de la saison, o\u00f9 une d\u00e9cision sera prise sur son avenir.<\/p>\n<p>Monsieur, copropri\u00e9taire de New Man United <strong class=\"autotag\">Jim Ratcliffe<\/strong> a laiss\u00e9 la porte ouverte \u00e0 un \u00e9ventuel retour, alors qu&#39;un certain nombre de clubs manifestent leur int\u00e9r\u00eat pour le joueur de 22 ans.<\/p>\n<p><strong class=\"autotag\">Atletico Madrid<\/strong> et <strong class=\"autotag\">Juve<\/strong> sont apparus comme des destinations potentielles, bien que les premiers soient r\u00e9ticents \u00e0 atteindre le prix demand\u00e9 par Man United de 49,8 millions de livres sterling.<\/p>\n<p>Les Red Devils souhaitent obtenir un d\u00e9part d\u00e9finitif plut\u00f4t qu&#39;un pr\u00eat s&#39;ils d\u00e9cident de se s\u00e9parer de Greenwood cet \u00e9t\u00e9.<\/p>\n<\/div>\n","protected":false},"excerpt":{"rendered":"<p>Le patron de Getafe, Jose Bordalas, ne sait pas si Mason Greenwood, pr\u00eat\u00e9 par Manchester United, reviendra dans le club espagnol la saison prochaine. Getafe<\/p>\n","protected":false},"author":1,"featured_media":7016,"comment_status":"closed","ping_status":"","sticky":false,"template":"","format":"standard","meta":{"footnotes":""},"categories":[5],"tags":[152,2252,1701,504,478,153,103],"yoast_head":"<!-- This site is optimized with the Yoast SEO plugin v21.0 - https:\/\/yoast.com\/wordpress\/plugins\/seo\/ -->\n<title>Le manager de Getafe fait le point sur Mason Greenwood<\/title>\n<meta name=\"robots\" content=\"index, follow, max-snippet:-1, max-image-preview:large, max-video-preview:-1\" \/>\n<link rel=\"canonical\" href=\"https:\/\/footdavant.fr\/actualites\/le-manager-de-getafe-fait-le-point-sur-mason-greenwood\/\" \/>\n<meta property=\"og:locale\" content=\"fr_FR\" \/>\n<meta property=\"og:type\" content=\"article\" \/>\n<meta property=\"og:title\" content=\"Le manager de Getafe fait le point sur Mason Greenwood\" \/>\n<meta property=\"og:description\" content=\"Le patron de Getafe, Jose Bordalas, ne sait pas si Mason Greenwood, pr\u00eat\u00e9 par Manchester United, reviendra dans le club espagnol la saison prochaine. Getafe\" \/>\n<meta property=\"og:url\" content=\"https:\/\/footdavant.fr\/actualites\/le-manager-de-getafe-fait-le-point-sur-mason-greenwood\/\" \/>\n<meta property=\"og:site_name\" content=\"Foot d&#039;avant\" \/>\n<meta property=\"article:publisher\" content=\"https:\/\/www.facebook.com\/Footdavant\/\" \/>\n<meta property=\"article:published_time\" content=\"2024-04-05T00:49:56+00:00\" \/>\n<meta property=\"article:modified_time\" content=\"2024-04-05T00:49:57+00:00\" \/>\n<meta property=\"og:image\" content=\"https:\/\/footdavant.fr\/actualites\/wp-content\/uploads\/2024\/04\/Le-manager-de-Getafe-fait-le-point-sur-Mason-Greenwood.jpg\" \/>\n\t<meta property=\"og:image:width\" content=\"640\" \/>\n\t<meta property=\"og:image:height\" content=\"480\" \/>\n\t<meta property=\"og:image:type\" content=\"image\/jpeg\" \/>\n<meta name=\"author\" content=\"Cl\u00e9ment\" \/>\n<meta name=\"twitter:card\" content=\"summary_large_image\" \/>\n<meta name=\"twitter:creator\" content=\"@FootdavantFr\" \/>\n<meta name=\"twitter:site\" content=\"@FootdavantFr\" \/>\n<meta name=\"twitter:label1\" content=\"\u00c9crit par\" \/>\n\t<meta name=\"twitter:data1\" content=\"Cl\u00e9ment\" \/>\n\t<meta name=\"twitter:label2\" content=\"Dur\u00e9e de lecture estim\u00e9e\" \/>\n\t<meta name=\"twitter:data2\" content=\"2 minutes\" \/>\n<script type=\"application\/ld+json\" class=\"yoast-schema-graph\">{\"@context\":\"https:\/\/schema.org\",\"@graph\":[{\"@type\":\"Article\",\"@id\":\"https:\/\/footdavant.fr\/actualites\/le-manager-de-getafe-fait-le-point-sur-mason-greenwood\/#article\",\"isPartOf\":{\"@id\":\"https:\/\/footdavant.fr\/actualites\/le-manager-de-getafe-fait-le-point-sur-mason-greenwood\/\"},\"author\":{\"name\":\"Cl\u00e9ment\",\"@id\":\"https:\/\/footdavant.fr\/actualites\/#\/schema\/person\/bc222566d95871b37e597b3ed3ba5e1d\"},\"headline\":\"Le manager de Getafe fait le point sur Mason Greenwood\",\"datePublished\":\"2024-04-05T00:49:56+00:00\",\"dateModified\":\"2024-04-05T00:49:57+00:00\",\"mainEntityOfPage\":{\"@id\":\"https:\/\/footdavant.fr\/actualites\/le-manager-de-getafe-fait-le-point-sur-mason-greenwood\/\"},\"wordCount\":448,\"publisher\":{\"@id\":\"https:\/\/footdavant.fr\/actualites\/#organization\"},\"keywords\":[\"fait\",\"Getafe\",\"Greenwood\",\"manager\",\"Mason\",\"point\",\"sur\"],\"articleSection\":[\"Premier League\"],\"inLanguage\":\"fr-FR\"},{\"@type\":\"WebPage\",\"@id\":\"https:\/\/footdavant.fr\/actualites\/le-manager-de-getafe-fait-le-point-sur-mason-greenwood\/\",\"url\":\"https:\/\/footdavant.fr\/actualites\/le-manager-de-getafe-fait-le-point-sur-mason-greenwood\/\",\"name\":\"Le manager de Getafe fait le point sur Mason Greenwood\",\"isPartOf\":{\"@id\":\"https:\/\/footdavant.fr\/actualites\/#website\"},\"datePublished\":\"2024-04-05T00:49:56+00:00\",\"dateModified\":\"2024-04-05T00:49:57+00:00\",\"breadcrumb\":{\"@id\":\"https:\/\/footdavant.fr\/actualites\/le-manager-de-getafe-fait-le-point-sur-mason-greenwood\/#breadcrumb\"},\"inLanguage\":\"fr-FR\",\"potentialAction\":[{\"@type\":\"ReadAction\",\"target\":[\"https:\/\/footdavant.fr\/actualites\/le-manager-de-getafe-fait-le-point-sur-mason-greenwood\/\"]}]},{\"@type\":\"BreadcrumbList\",\"@id\":\"https:\/\/footdavant.fr\/actualites\/le-manager-de-getafe-fait-le-point-sur-mason-greenwood\/#breadcrumb\",\"itemListElement\":[{\"@type\":\"ListItem\",\"position\":1,\"name\":\"Accueil\",\"item\":\"https:\/\/footdavant.fr\/actualites\/\"},{\"@type\":\"ListItem\",\"position\":2,\"name\":\"Le manager de Getafe fait le point sur Mason Greenwood\"}]},{\"@type\":\"WebSite\",\"@id\":\"https:\/\/footdavant.fr\/actualites\/#website\",\"url\":\"https:\/\/footdavant.fr\/actualites\/\",\"name\":\"Foot d'avant\",\"description\":\"\",\"publisher\":{\"@id\":\"https:\/\/footdavant.fr\/actualites\/#organization\"},\"potentialAction\":[{\"@type\":\"SearchAction\",\"target\":{\"@type\":\"EntryPoint\",\"urlTemplate\":\"https:\/\/footdavant.fr\/actualites\/?s={search_term_string}\"},\"query-input\":\"required name=search_term_string\"}],\"inLanguage\":\"fr-FR\"},{\"@type\":\"Organization\",\"@id\":\"https:\/\/footdavant.fr\/actualites\/#organization\",\"name\":\"Foot d'avant\",\"url\":\"https:\/\/footdavant.fr\/actualites\/\",\"logo\":{\"@type\":\"ImageObject\",\"inLanguage\":\"fr-FR\",\"@id\":\"https:\/\/footdavant.fr\/actualites\/#\/schema\/logo\/image\/\",\"url\":\"https:\/\/footdavant.fr\/actualites\/wp-content\/uploads\/2023\/09\/Copy-of-FootDavant-Logo.png\",\"contentUrl\":\"https:\/\/footdavant.fr\/actualites\/wp-content\/uploads\/2023\/09\/Copy-of-FootDavant-Logo.png\",\"width\":936,\"height\":549,\"caption\":\"Foot d'avant\"},\"image\":{\"@id\":\"https:\/\/footdavant.fr\/actualites\/#\/schema\/logo\/image\/\"},\"sameAs\":[\"https:\/\/www.facebook.com\/Footdavant\/\",\"https:\/\/twitter.com\/FootdavantFr\",\"https:\/\/www.instagram.com\/footdavant.fr\/\"]},{\"@type\":\"Person\",\"@id\":\"https:\/\/footdavant.fr\/actualites\/#\/schema\/person\/bc222566d95871b37e597b3ed3ba5e1d\",\"name\":\"Cl\u00e9ment\",\"image\":{\"@type\":\"ImageObject\",\"inLanguage\":\"fr-FR\",\"@id\":\"https:\/\/footdavant.fr\/actualites\/#\/schema\/person\/image\/\",\"url\":\"https:\/\/secure.gravatar.com\/avatar\/7728b29aac2719421e1a9159b2254c44?s=96&d=mm&r=g\",\"contentUrl\":\"https:\/\/secure.gravatar.com\/avatar\/7728b29aac2719421e1a9159b2254c44?s=96&d=mm&r=g\",\"caption\":\"Cl\u00e9ment\"},\"sameAs\":[\"https:\/\/footdavant.fr\/\"]}]}<\/script>\n<!-- \/ Yoast SEO plugin. -->","yoast_head_json":{"title":"Le manager de Getafe fait le point sur Mason Greenwood","robots":{"index":"index","follow":"follow","max-snippet":"max-snippet:-1","max-image-preview":"max-image-preview:large","max-video-preview":"max-video-preview:-1"},"canonical":"https:\/\/footdavant.fr\/actualites\/le-manager-de-getafe-fait-le-point-sur-mason-greenwood\/","og_locale":"fr_FR","og_type":"article","og_title":"Le manager de Getafe fait le point sur Mason Greenwood","og_description":"Le patron de Getafe, Jose Bordalas, ne sait pas si Mason Greenwood, pr\u00eat\u00e9 par Manchester United, reviendra dans le club espagnol la saison prochaine. Getafe","og_url":"https:\/\/footdavant.fr\/actualites\/le-manager-de-getafe-fait-le-point-sur-mason-greenwood\/","og_site_name":"Foot d&#039;avant","article_publisher":"https:\/\/www.facebook.com\/Footdavant\/","article_published_time":"2024-04-05T00:49:56+00:00","article_modified_time":"2024-04-05T00:49:57+00:00","og_image":[{"width":640,"height":480,"url":"https:\/\/footdavant.fr\/actualites\/wp-content\/uploads\/2024\/04\/Le-manager-de-Getafe-fait-le-point-sur-Mason-Greenwood.jpg","type":"image\/jpeg"}],"author":"Cl\u00e9ment","twitter_card":"summary_large_image","twitter_creator":"@FootdavantFr","twitter_site":"@FootdavantFr","twitter_misc":{"\u00c9crit par":"Cl\u00e9ment","Dur\u00e9e de lecture estim\u00e9e":"2 minutes"},"schema":{"@context":"https:\/\/schema.org","@graph":[{"@type":"Article","@id":"https:\/\/footdavant.fr\/actualites\/le-manager-de-getafe-fait-le-point-sur-mason-greenwood\/#article","isPartOf":{"@id":"https:\/\/footdavant.fr\/actualites\/le-manager-de-getafe-fait-le-point-sur-mason-greenwood\/"},"author":{"name":"Cl\u00e9ment","@id":"https:\/\/footdavant.fr\/actualites\/#\/schema\/person\/bc222566d95871b37e597b3ed3ba5e1d"},"headline":"Le manager de Getafe fait le point sur Mason Greenwood","datePublished":"2024-04-05T00:49:56+00:00","dateModified":"2024-04-05T00:49:57+00:00","mainEntityOfPage":{"@id":"https:\/\/footdavant.fr\/actualites\/le-manager-de-getafe-fait-le-point-sur-mason-greenwood\/"},"wordCount":448,"publisher":{"@id":"https:\/\/footdavant.fr\/actualites\/#organization"},"keywords":["fait","Getafe","Greenwood","manager","Mason","point","sur"],"articleSection":["Premier League"],"inLanguage":"fr-FR"},{"@type":"WebPage","@id":"https:\/\/footdavant.fr\/actualites\/le-manager-de-getafe-fait-le-point-sur-mason-greenwood\/","url":"https:\/\/footdavant.fr\/actualites\/le-manager-de-getafe-fait-le-point-sur-mason-greenwood\/","name":"Le manager de Getafe fait le point sur Mason Greenwood","isPartOf":{"@id":"https:\/\/footdavant.fr\/actualites\/#website"},"datePublished":"2024-04-05T00:49:56+00:00","dateModified":"2024-04-05T00:49:57+00:00","breadcrumb":{"@id":"https:\/\/footdavant.fr\/actualites\/le-manager-de-getafe-fait-le-point-sur-mason-greenwood\/#breadcrumb"},"inLanguage":"fr-FR","potentialAction":[{"@type":"ReadAction","target":["https:\/\/footdavant.fr\/actualites\/le-manager-de-getafe-fait-le-point-sur-mason-greenwood\/"]}]},{"@type":"BreadcrumbList","@id":"https:\/\/footdavant.fr\/actualites\/le-manager-de-getafe-fait-le-point-sur-mason-greenwood\/#breadcrumb","itemListElement":[{"@type":"ListItem","position":1,"name":"Accueil","item":"https:\/\/footdavant.fr\/actualites\/"},{"@type":"ListItem","position":2,"name":"Le manager de Getafe fait le point sur Mason Greenwood"}]},{"@type":"WebSite","@id":"https:\/\/footdavant.fr\/actualites\/#website","url":"https:\/\/footdavant.fr\/actualites\/","name":"Foot d'avant","description":"","publisher":{"@id":"https:\/\/footdavant.fr\/actualites\/#organization"},"potentialAction":[{"@type":"SearchAction","target":{"@type":"EntryPoint","urlTemplate":"https:\/\/footdavant.fr\/actualites\/?s={search_term_string}"},"query-input":"required name=search_term_string"}],"inLanguage":"fr-FR"},{"@type":"Organization","@id":"https:\/\/footdavant.fr\/actualites\/#organization","name":"Foot d'avant","url":"https:\/\/footdavant.fr\/actualites\/","logo":{"@type":"ImageObject","inLanguage":"fr-FR","@id":"https:\/\/footdavant.fr\/actualites\/#\/schema\/logo\/image\/","url":"https:\/\/footdavant.fr\/actualites\/wp-content\/uploads\/2023\/09\/Copy-of-FootDavant-Logo.png","contentUrl":"https:\/\/footdavant.fr\/actualites\/wp-content\/uploads\/2023\/09\/Copy-of-FootDavant-Logo.png","width":936,"height":549,"caption":"Foot d'avant"},"image":{"@id":"https:\/\/footdavant.fr\/actualites\/#\/schema\/logo\/image\/"},"sameAs":["https:\/\/www.facebook.com\/Footdavant\/","https:\/\/twitter.com\/FootdavantFr","https:\/\/www.instagram.com\/footdavant.fr\/"]},{"@type":"Person","@id":"https:\/\/footdavant.fr\/actualites\/#\/schema\/person\/bc222566d95871b37e597b3ed3ba5e1d","name":"Cl\u00e9ment","image":{"@type":"ImageObject","inLanguage":"fr-FR","@id":"https:\/\/footdavant.fr\/actualites\/#\/schema\/person\/image\/","url":"https:\/\/secure.gravatar.com\/avatar\/7728b29aac2719421e1a9159b2254c44?s=96&d=mm&r=g","contentUrl":"https:\/\/secure.gravatar.com\/avatar\/7728b29aac2719421e1a9159b2254c44?s=96&d=mm&r=g","caption":"Cl\u00e9ment"},"sameAs":["https:\/\/footdavant.fr\/"]}]}},"_links":{"self":[{"href":"https:\/\/footdavant.fr\/actualites\/wp-json\/wp\/v2\/posts\/7015"}],"collection":[{"href":"https:\/\/footdavant.fr\/actualites\/wp-json\/wp\/v2\/posts"}],"about":[{"href":"https:\/\/footdavant.fr\/actualites\/wp-json\/wp\/v2\/types\/post"}],"author":[{"embeddable":true,"href":"https:\/\/footdavant.fr\/actualites\/wp-json\/wp\/v2\/users\/1"}],"replies":[{"embeddable":true,"href":"https:\/\/footdavant.fr\/actualites\/wp-json\/wp\/v2\/comments?post=7015"}],"version-history":[{"count":1,"href":"https:\/\/footdavant.fr\/actualites\/wp-json\/wp\/v2\/posts\/7015\/revisions"}],"predecessor-version":[{"id":7017,"href":"https:\/\/footdavant.fr\/actualites\/wp-json\/wp\/v2\/posts\/7015\/revisions\/7017"}],"wp:featuredmedia":[{"embeddable":true,"href":"https:\/\/footdavant.fr\/actualites\/wp-json\/wp\/v2\/media\/7016"}],"wp:attachment":[{"href":"https:\/\/footdavant.fr\/actualites\/wp-json\/wp\/v2\/media?parent=7015"}],"wp:term":[{"taxonomy":"category","embeddable":true,"href":"https:\/\/footdavant.fr\/actualites\/wp-json\/wp\/v2\/categories?post=7015"},{"taxonomy":"post_tag","embeddable":true,"href":"https:\/\/footdavant.fr\/actualites\/wp-json\/wp\/v2\/tags?post=7015"}],"curies":[{"name":"wp","href":"https:\/\/api.w.org\/{rel}","templated":true}]}}