{"id":7020,"date":"2024-04-05T06:49:46","date_gmt":"2024-04-05T04:49:46","guid":{"rendered":"https:\/\/footdavant.fr\/actualites\/manchester-united-vise-t-il-une-decision-pour-le-prodige-de-la-ligue-1\/"},"modified":"2024-04-05T06:49:47","modified_gmt":"2024-04-05T04:49:47","slug":"manchester-united-vise-t-il-une-decision-pour-le-prodige-de-la-ligue-1","status":"publish","type":"post","link":"https:\/\/footdavant.fr\/actualites\/manchester-united-vise-t-il-une-decision-pour-le-prodige-de-la-ligue-1\/","title":{"rendered":"Manchester United vise-t-il une d\u00e9cision pour le prodige de la Ligue 1 ?"},"content":{"rendered":"<p>Manchester United envisagerait de d\u00e9m\u00e9nager pour le jeune tr\u00e8s appr\u00e9ci\u00e9 de Port Vale, Baylee Dipepa.<\/p>\n<div id=\"article_body\" itemprop=\"articleBody\">\n<h3 class=\"firstPara\">\n<strong class=\"autotag\">Manchester United<\/strong> seraient int\u00e9ress\u00e9s \u00e0 signer des contrats tr\u00e8s bien not\u00e9s <strong class=\"autotag\">Port-Val\u00e9<\/strong> enfant <strong class=\"autotag\">Baylee Dipepa<\/strong>.<\/h3>\n<p>Les 20 fois champions d&#39;Angleterre devraient se lancer dans le march\u00e9 des transferts cet \u00e9t\u00e9 en vue d&#39;am\u00e9liorer leur \u00e9quipe pour la campagne 2024-25.<\/p>\n<p>En plus de cibler les joueurs seniors, les Diables Rouges sont actuellement \u00e0 la recherche de jeunes joueurs ayant le potentiel de devenir des habitu\u00e9s de la premi\u00e8re \u00e9quipe.<\/p>\n<p>Monsieur, copropri\u00e9taire de New Man United <strong class=\"autotag\">Jim Ratcliffe<\/strong> a pr\u00e9sent\u00e9 sa strat\u00e9gie apr\u00e8s que son groupe INEOS a conclu un accord pour acqu\u00e9rir une participation minoritaire dans le club, leur donnant ainsi le contr\u00f4le des op\u00e9rations de football \u00e0 Old Trafford.<\/p>\n<p>Ratcliffe a indiqu\u00e9 son d\u00e9sir de trouver des talents \u00e9mergents apr\u00e8s avoir d\u00e9clar\u00e9 qu&#39;il souhaitait que le club trouve le \u00ab prochain <strong class=\"autotag\">Kylian Mbapp\u00e9<\/strong>\u00a0\u00bb plut\u00f4t que de se concentrer uniquement sur la signature de stars \u00e9tablies.<\/p>\n<p class=\"imgI\">\n<p>Selon <em>Le soleil<\/em>la recherche de prospects talentueux par Man United les a amen\u00e9s \u00e0 identifier Dipepa comme une cible potentielle. <\/p>\n<p>Le joueur de 17 ans a gravi les \u00e9chelons des jeunes \u00e0 Vale Park avant de faire ses d\u00e9buts seniors lors d&#39;un affrontement pour le Troph\u00e9e EFL avec Crewe Alexandra en septembre 2023.<\/p>\n<p>Ancien patron de Port Vale <strong class=\"autotag\">Andy Crosby<\/strong> a ensuite offert \u00e0 Dipepa sa premi\u00e8re apparition en championnat lors de la victoire 1-0 contre Exeter City en d\u00e9cembre.<\/p>\n<p>Dipepa est devenu un \u00e9l\u00e9ment r\u00e9gulier de l&#39;\u00e9quipe de Port Vale, ses performances lui ayant valu d&#39;\u00eatre convoqu\u00e9 dans l&#39;\u00e9quipe d&#39;Angleterre des moins de 17 ans.<\/p>\n<p>L&#39;attaquant est sorti du banc pour marquer deux buts lors de ses d\u00e9buts, aidant l&#39;Angleterre \u00e0 remporter une victoire 5-0 lors des \u00e9liminatoires du Championnat d&#39;Europe contre l&#39;Irlande du Nord plus t\u00f4t ce mois-ci.<\/p>\n<p>Dipepa a ensuite marqu\u00e9 lors d&#39;une victoire dominante 5-0 contre la Hongrie, avant de jouer 45 minutes d&#39;une d\u00e9faite 2-1 contre la France. <\/p>\n<p class=\"imgI\"><img decoding=\"async\" loading=\"lazy\" class=\"l\" src=\"https:\/\/footdavant.fr\/actualites\/wp-content\/uploads\/2024\/04\/Manchester-United-vise-t-il-une-decision-pour-le-prodige-de-la.jpg\" title=\"Darren Moore, manager de Sheffield Wednesday, avant le match du 7 f\u00e9vrier 2023\" alt=\"Darren Moore, manager de Sheffield Wednesday, avant le match du 7 f\u00e9vrier 2023\" width=\"640\" height=\"480\"><\/p>\n<h2 class=\"k3\">Moore veut faire preuve de prudence avec Dipepa<\/h2>\n<p>Le jeune a ensuite poursuivi sa belle forme lors du match de championnat de vendredi contre Port Vale, sortant du banc pour remplacer le bless\u00e9. <strong class=\"autotag\">James Wilson<\/strong> et trouve le chemin des filets lors d&#39;une victoire 2-0 contre Bristol.<\/p>\n<p>M\u00eame si Dipepa a jou\u00e9 un r\u00f4le cl\u00e9 contre le Gas, le manager de Port Vale <strong class=\"autotag\">Darren Moore<\/strong> a d\u00e9clar\u00e9 apr\u00e8s le match qu&#39;il souhaitait adopter une approche prudente avec l&#39;adolescent.<\/p>\n<p>S&#39;exprimant apr\u00e8s la victoire de vendredi, Moore a d\u00e9clar\u00e9 aux m\u00e9dias du club : \u00ab\u00a0J&#39;\u00e9tais un peu sceptique quant \u00e0 son arriv\u00e9e car, d&#39;un point de vue mental et physiologique, tant de choses lui sont arriv\u00e9es en peu de temps.\u00a0\u00bb <\/p>\n<p>Moore a ajout\u00e9 : \u00ab\u00a0Son titre ne cesse d&#39;augmenter et tant qu&#39;il se comporte ainsi, cela nous donne une chance de sortir de la situation dans laquelle nous nous trouvons actuellement.\u00a0\u00bb<\/p>\n<p>Dipepa a marqu\u00e9 deux buts en 16 matches de championnat pour Port Vale cette saison, et il sera probablement impliqu\u00e9 lorsque les Valiants poursuivront leur tentative de survie lors du match \u00e0 l&#39;ext\u00e9rieur de lundi contre Northampton Town.<\/p>\n<\/div>\n","protected":false},"excerpt":{"rendered":"<p>Manchester United envisagerait de d\u00e9m\u00e9nager pour le jeune tr\u00e8s appr\u00e9ci\u00e9 de Port Vale, Baylee Dipepa. Manchester United seraient int\u00e9ress\u00e9s \u00e0 signer des contrats tr\u00e8s bien<\/p>\n","protected":false},"author":1,"featured_media":7021,"comment_status":"closed","ping_status":"","sticky":false,"template":"","format":"standard","meta":{"footnotes":""},"categories":[5],"tags":[497,30,11,51,4217,92,13,4439],"yoast_head":"<!-- This site is optimized with the Yoast SEO plugin v21.0 - https:\/\/yoast.com\/wordpress\/plugins\/seo\/ -->\n<title>Manchester United vise-t-il une d\u00e9cision pour le prodige de la Ligue 1 ?<\/title>\n<meta name=\"robots\" content=\"index, follow, max-snippet:-1, max-image-preview:large, max-video-preview:-1\" \/>\n<link rel=\"canonical\" href=\"https:\/\/footdavant.fr\/actualites\/manchester-united-vise-t-il-une-decision-pour-le-prodige-de-la-ligue-1\/\" \/>\n<meta property=\"og:locale\" content=\"fr_FR\" \/>\n<meta property=\"og:type\" content=\"article\" \/>\n<meta property=\"og:title\" content=\"Manchester United vise-t-il une d\u00e9cision pour le prodige de la Ligue 1 ?\" \/>\n<meta property=\"og:description\" content=\"Manchester United envisagerait de d\u00e9m\u00e9nager pour le jeune tr\u00e8s appr\u00e9ci\u00e9 de Port Vale, Baylee Dipepa. Manchester United seraient int\u00e9ress\u00e9s \u00e0 signer des contrats tr\u00e8s bien\" \/>\n<meta property=\"og:url\" content=\"https:\/\/footdavant.fr\/actualites\/manchester-united-vise-t-il-une-decision-pour-le-prodige-de-la-ligue-1\/\" \/>\n<meta property=\"og:site_name\" content=\"Foot d&#039;avant\" \/>\n<meta property=\"article:publisher\" content=\"https:\/\/www.facebook.com\/Footdavant\/\" \/>\n<meta property=\"article:published_time\" content=\"2024-04-05T04:49:46+00:00\" \/>\n<meta property=\"article:modified_time\" content=\"2024-04-05T04:49:47+00:00\" \/>\n<meta property=\"og:image\" content=\"https:\/\/footdavant.fr\/actualites\/wp-content\/uploads\/2024\/04\/Manchester-United-vise-t-il-une-decision-pour-le-prodige-de-la.JPG\" \/>\n\t<meta property=\"og:image:width\" content=\"640\" \/>\n\t<meta property=\"og:image:height\" content=\"480\" \/>\n\t<meta property=\"og:image:type\" content=\"image\/jpeg\" \/>\n<meta name=\"author\" content=\"Cl\u00e9ment\" \/>\n<meta name=\"twitter:card\" content=\"summary_large_image\" \/>\n<meta name=\"twitter:creator\" content=\"@FootdavantFr\" \/>\n<meta name=\"twitter:site\" content=\"@FootdavantFr\" \/>\n<meta name=\"twitter:label1\" content=\"\u00c9crit par\" \/>\n\t<meta name=\"twitter:data1\" content=\"Cl\u00e9ment\" \/>\n\t<meta name=\"twitter:label2\" content=\"Dur\u00e9e de lecture estim\u00e9e\" \/>\n\t<meta name=\"twitter:data2\" content=\"3 minutes\" \/>\n<script type=\"application\/ld+json\" class=\"yoast-schema-graph\">{\"@context\":\"https:\/\/schema.org\",\"@graph\":[{\"@type\":\"Article\",\"@id\":\"https:\/\/footdavant.fr\/actualites\/manchester-united-vise-t-il-une-decision-pour-le-prodige-de-la-ligue-1\/#article\",\"isPartOf\":{\"@id\":\"https:\/\/footdavant.fr\/actualites\/manchester-united-vise-t-il-une-decision-pour-le-prodige-de-la-ligue-1\/\"},\"author\":{\"name\":\"Cl\u00e9ment\",\"@id\":\"https:\/\/footdavant.fr\/actualites\/#\/schema\/person\/bc222566d95871b37e597b3ed3ba5e1d\"},\"headline\":\"Manchester United vise-t-il une d\u00e9cision pour le prodige de la Ligue 1 ?\",\"datePublished\":\"2024-04-05T04:49:46+00:00\",\"dateModified\":\"2024-04-05T04:49:47+00:00\",\"mainEntityOfPage\":{\"@id\":\"https:\/\/footdavant.fr\/actualites\/manchester-united-vise-t-il-une-decision-pour-le-prodige-de-la-ligue-1\/\"},\"wordCount\":569,\"publisher\":{\"@id\":\"https:\/\/footdavant.fr\/actualites\/#organization\"},\"keywords\":[\"d\u00e9cision\",\"Ligue\",\"Manchester\",\"pour\",\"prodige\",\"une\",\"United\",\"visetil\"],\"articleSection\":[\"Premier League\"],\"inLanguage\":\"fr-FR\"},{\"@type\":\"WebPage\",\"@id\":\"https:\/\/footdavant.fr\/actualites\/manchester-united-vise-t-il-une-decision-pour-le-prodige-de-la-ligue-1\/\",\"url\":\"https:\/\/footdavant.fr\/actualites\/manchester-united-vise-t-il-une-decision-pour-le-prodige-de-la-ligue-1\/\",\"name\":\"Manchester United vise-t-il une d\u00e9cision pour le prodige de la Ligue 1 ?\",\"isPartOf\":{\"@id\":\"https:\/\/footdavant.fr\/actualites\/#website\"},\"datePublished\":\"2024-04-05T04:49:46+00:00\",\"dateModified\":\"2024-04-05T04:49:47+00:00\",\"breadcrumb\":{\"@id\":\"https:\/\/footdavant.fr\/actualites\/manchester-united-vise-t-il-une-decision-pour-le-prodige-de-la-ligue-1\/#breadcrumb\"},\"inLanguage\":\"fr-FR\",\"potentialAction\":[{\"@type\":\"ReadAction\",\"target\":[\"https:\/\/footdavant.fr\/actualites\/manchester-united-vise-t-il-une-decision-pour-le-prodige-de-la-ligue-1\/\"]}]},{\"@type\":\"BreadcrumbList\",\"@id\":\"https:\/\/footdavant.fr\/actualites\/manchester-united-vise-t-il-une-decision-pour-le-prodige-de-la-ligue-1\/#breadcrumb\",\"itemListElement\":[{\"@type\":\"ListItem\",\"position\":1,\"name\":\"Accueil\",\"item\":\"https:\/\/footdavant.fr\/actualites\/\"},{\"@type\":\"ListItem\",\"position\":2,\"name\":\"Manchester United vise-t-il une d\u00e9cision pour le prodige de la Ligue 1 ?\"}]},{\"@type\":\"WebSite\",\"@id\":\"https:\/\/footdavant.fr\/actualites\/#website\",\"url\":\"https:\/\/footdavant.fr\/actualites\/\",\"name\":\"Foot d'avant\",\"description\":\"\",\"publisher\":{\"@id\":\"https:\/\/footdavant.fr\/actualites\/#organization\"},\"potentialAction\":[{\"@type\":\"SearchAction\",\"target\":{\"@type\":\"EntryPoint\",\"urlTemplate\":\"https:\/\/footdavant.fr\/actualites\/?s={search_term_string}\"},\"query-input\":\"required name=search_term_string\"}],\"inLanguage\":\"fr-FR\"},{\"@type\":\"Organization\",\"@id\":\"https:\/\/footdavant.fr\/actualites\/#organization\",\"name\":\"Foot d'avant\",\"url\":\"https:\/\/footdavant.fr\/actualites\/\",\"logo\":{\"@type\":\"ImageObject\",\"inLanguage\":\"fr-FR\",\"@id\":\"https:\/\/footdavant.fr\/actualites\/#\/schema\/logo\/image\/\",\"url\":\"https:\/\/footdavant.fr\/actualites\/wp-content\/uploads\/2023\/09\/Copy-of-FootDavant-Logo.png\",\"contentUrl\":\"https:\/\/footdavant.fr\/actualites\/wp-content\/uploads\/2023\/09\/Copy-of-FootDavant-Logo.png\",\"width\":936,\"height\":549,\"caption\":\"Foot d'avant\"},\"image\":{\"@id\":\"https:\/\/footdavant.fr\/actualites\/#\/schema\/logo\/image\/\"},\"sameAs\":[\"https:\/\/www.facebook.com\/Footdavant\/\",\"https:\/\/twitter.com\/FootdavantFr\",\"https:\/\/www.instagram.com\/footdavant.fr\/\"]},{\"@type\":\"Person\",\"@id\":\"https:\/\/footdavant.fr\/actualites\/#\/schema\/person\/bc222566d95871b37e597b3ed3ba5e1d\",\"name\":\"Cl\u00e9ment\",\"image\":{\"@type\":\"ImageObject\",\"inLanguage\":\"fr-FR\",\"@id\":\"https:\/\/footdavant.fr\/actualites\/#\/schema\/person\/image\/\",\"url\":\"https:\/\/secure.gravatar.com\/avatar\/7728b29aac2719421e1a9159b2254c44?s=96&d=mm&r=g\",\"contentUrl\":\"https:\/\/secure.gravatar.com\/avatar\/7728b29aac2719421e1a9159b2254c44?s=96&d=mm&r=g\",\"caption\":\"Cl\u00e9ment\"},\"sameAs\":[\"https:\/\/footdavant.fr\/\"]}]}<\/script>\n<!-- \/ Yoast SEO plugin. -->","yoast_head_json":{"title":"Manchester United vise-t-il une d\u00e9cision pour le prodige de la Ligue 1 ?","robots":{"index":"index","follow":"follow","max-snippet":"max-snippet:-1","max-image-preview":"max-image-preview:large","max-video-preview":"max-video-preview:-1"},"canonical":"https:\/\/footdavant.fr\/actualites\/manchester-united-vise-t-il-une-decision-pour-le-prodige-de-la-ligue-1\/","og_locale":"fr_FR","og_type":"article","og_title":"Manchester United vise-t-il une d\u00e9cision pour le prodige de la Ligue 1 ?","og_description":"Manchester United envisagerait de d\u00e9m\u00e9nager pour le jeune tr\u00e8s appr\u00e9ci\u00e9 de Port Vale, Baylee Dipepa. Manchester United seraient int\u00e9ress\u00e9s \u00e0 signer des contrats tr\u00e8s bien","og_url":"https:\/\/footdavant.fr\/actualites\/manchester-united-vise-t-il-une-decision-pour-le-prodige-de-la-ligue-1\/","og_site_name":"Foot d&#039;avant","article_publisher":"https:\/\/www.facebook.com\/Footdavant\/","article_published_time":"2024-04-05T04:49:46+00:00","article_modified_time":"2024-04-05T04:49:47+00:00","og_image":[{"width":640,"height":480,"url":"https:\/\/footdavant.fr\/actualites\/wp-content\/uploads\/2024\/04\/Manchester-United-vise-t-il-une-decision-pour-le-prodige-de-la.JPG","type":"image\/jpeg"}],"author":"Cl\u00e9ment","twitter_card":"summary_large_image","twitter_creator":"@FootdavantFr","twitter_site":"@FootdavantFr","twitter_misc":{"\u00c9crit par":"Cl\u00e9ment","Dur\u00e9e de lecture estim\u00e9e":"3 minutes"},"schema":{"@context":"https:\/\/schema.org","@graph":[{"@type":"Article","@id":"https:\/\/footdavant.fr\/actualites\/manchester-united-vise-t-il-une-decision-pour-le-prodige-de-la-ligue-1\/#article","isPartOf":{"@id":"https:\/\/footdavant.fr\/actualites\/manchester-united-vise-t-il-une-decision-pour-le-prodige-de-la-ligue-1\/"},"author":{"name":"Cl\u00e9ment","@id":"https:\/\/footdavant.fr\/actualites\/#\/schema\/person\/bc222566d95871b37e597b3ed3ba5e1d"},"headline":"Manchester United vise-t-il une d\u00e9cision pour le prodige de la Ligue 1 ?","datePublished":"2024-04-05T04:49:46+00:00","dateModified":"2024-04-05T04:49:47+00:00","mainEntityOfPage":{"@id":"https:\/\/footdavant.fr\/actualites\/manchester-united-vise-t-il-une-decision-pour-le-prodige-de-la-ligue-1\/"},"wordCount":569,"publisher":{"@id":"https:\/\/footdavant.fr\/actualites\/#organization"},"keywords":["d\u00e9cision","Ligue","Manchester","pour","prodige","une","United","visetil"],"articleSection":["Premier League"],"inLanguage":"fr-FR"},{"@type":"WebPage","@id":"https:\/\/footdavant.fr\/actualites\/manchester-united-vise-t-il-une-decision-pour-le-prodige-de-la-ligue-1\/","url":"https:\/\/footdavant.fr\/actualites\/manchester-united-vise-t-il-une-decision-pour-le-prodige-de-la-ligue-1\/","name":"Manchester United vise-t-il une d\u00e9cision pour le prodige de la Ligue 1 ?","isPartOf":{"@id":"https:\/\/footdavant.fr\/actualites\/#website"},"datePublished":"2024-04-05T04:49:46+00:00","dateModified":"2024-04-05T04:49:47+00:00","breadcrumb":{"@id":"https:\/\/footdavant.fr\/actualites\/manchester-united-vise-t-il-une-decision-pour-le-prodige-de-la-ligue-1\/#breadcrumb"},"inLanguage":"fr-FR","potentialAction":[{"@type":"ReadAction","target":["https:\/\/footdavant.fr\/actualites\/manchester-united-vise-t-il-une-decision-pour-le-prodige-de-la-ligue-1\/"]}]},{"@type":"BreadcrumbList","@id":"https:\/\/footdavant.fr\/actualites\/manchester-united-vise-t-il-une-decision-pour-le-prodige-de-la-ligue-1\/#breadcrumb","itemListElement":[{"@type":"ListItem","position":1,"name":"Accueil","item":"https:\/\/footdavant.fr\/actualites\/"},{"@type":"ListItem","position":2,"name":"Manchester United vise-t-il une d\u00e9cision pour le prodige de la Ligue 1 ?"}]},{"@type":"WebSite","@id":"https:\/\/footdavant.fr\/actualites\/#website","url":"https:\/\/footdavant.fr\/actualites\/","name":"Foot d'avant","description":"","publisher":{"@id":"https:\/\/footdavant.fr\/actualites\/#organization"},"potentialAction":[{"@type":"SearchAction","target":{"@type":"EntryPoint","urlTemplate":"https:\/\/footdavant.fr\/actualites\/?s={search_term_string}"},"query-input":"required name=search_term_string"}],"inLanguage":"fr-FR"},{"@type":"Organization","@id":"https:\/\/footdavant.fr\/actualites\/#organization","name":"Foot d'avant","url":"https:\/\/footdavant.fr\/actualites\/","logo":{"@type":"ImageObject","inLanguage":"fr-FR","@id":"https:\/\/footdavant.fr\/actualites\/#\/schema\/logo\/image\/","url":"https:\/\/footdavant.fr\/actualites\/wp-content\/uploads\/2023\/09\/Copy-of-FootDavant-Logo.png","contentUrl":"https:\/\/footdavant.fr\/actualites\/wp-content\/uploads\/2023\/09\/Copy-of-FootDavant-Logo.png","width":936,"height":549,"caption":"Foot d'avant"},"image":{"@id":"https:\/\/footdavant.fr\/actualites\/#\/schema\/logo\/image\/"},"sameAs":["https:\/\/www.facebook.com\/Footdavant\/","https:\/\/twitter.com\/FootdavantFr","https:\/\/www.instagram.com\/footdavant.fr\/"]},{"@type":"Person","@id":"https:\/\/footdavant.fr\/actualites\/#\/schema\/person\/bc222566d95871b37e597b3ed3ba5e1d","name":"Cl\u00e9ment","image":{"@type":"ImageObject","inLanguage":"fr-FR","@id":"https:\/\/footdavant.fr\/actualites\/#\/schema\/person\/image\/","url":"https:\/\/secure.gravatar.com\/avatar\/7728b29aac2719421e1a9159b2254c44?s=96&d=mm&r=g","contentUrl":"https:\/\/secure.gravatar.com\/avatar\/7728b29aac2719421e1a9159b2254c44?s=96&d=mm&r=g","caption":"Cl\u00e9ment"},"sameAs":["https:\/\/footdavant.fr\/"]}]}},"_links":{"self":[{"href":"https:\/\/footdavant.fr\/actualites\/wp-json\/wp\/v2\/posts\/7020"}],"collection":[{"href":"https:\/\/footdavant.fr\/actualites\/wp-json\/wp\/v2\/posts"}],"about":[{"href":"https:\/\/footdavant.fr\/actualites\/wp-json\/wp\/v2\/types\/post"}],"author":[{"embeddable":true,"href":"https:\/\/footdavant.fr\/actualites\/wp-json\/wp\/v2\/users\/1"}],"replies":[{"embeddable":true,"href":"https:\/\/footdavant.fr\/actualites\/wp-json\/wp\/v2\/comments?post=7020"}],"version-history":[{"count":1,"href":"https:\/\/footdavant.fr\/actualites\/wp-json\/wp\/v2\/posts\/7020\/revisions"}],"predecessor-version":[{"id":7022,"href":"https:\/\/footdavant.fr\/actualites\/wp-json\/wp\/v2\/posts\/7020\/revisions\/7022"}],"wp:featuredmedia":[{"embeddable":true,"href":"https:\/\/footdavant.fr\/actualites\/wp-json\/wp\/v2\/media\/7021"}],"wp:attachment":[{"href":"https:\/\/footdavant.fr\/actualites\/wp-json\/wp\/v2\/media?parent=7020"}],"wp:term":[{"taxonomy":"category","embeddable":true,"href":"https:\/\/footdavant.fr\/actualites\/wp-json\/wp\/v2\/categories?post=7020"},{"taxonomy":"post_tag","embeddable":true,"href":"https:\/\/footdavant.fr\/actualites\/wp-json\/wp\/v2\/tags?post=7020"}],"curies":[{"name":"wp","href":"https:\/\/api.w.org\/{rel}","templated":true}]}}