{"id":7026,"date":"2024-04-05T10:48:24","date_gmt":"2024-04-05T08:48:24","guid":{"rendered":"https:\/\/footdavant.fr\/actualites\/manchester-city-et-manchester-united-se-battent-pour-la-star-du-bayer-leverkusen\/"},"modified":"2024-04-05T10:48:25","modified_gmt":"2024-04-05T08:48:25","slug":"manchester-city-et-manchester-united-se-battent-pour-la-star-du-bayer-leverkusen","status":"publish","type":"post","link":"https:\/\/footdavant.fr\/actualites\/manchester-city-et-manchester-united-se-battent-pour-la-star-du-bayer-leverkusen\/","title":{"rendered":"Manchester City et Manchester United se battent pour la star du Bayer Leverkusen ?"},"content":{"rendered":"<p>Manchester City et Manchester United seraient pr\u00eats \u00e0 se battre pour l&#39;ailier du Bayer Leverkusen, J\u00e9r\u00e9mie Frimpong, lors du mercato estival.<\/p>\n<div id=\"article_body\" itemprop=\"articleBody\">\n<h3 class=\"firstPara\">\n<strong class=\"autotag\">Manchester City<\/strong> seraient pr\u00eats \u00e0 affronter leurs rivaux locaux <strong class=\"autotag\">Manchester United<\/strong> pour la signature de <strong class=\"autotag\">Bayer Leverkusen<\/strong> aile arri\u00e8re <strong class=\"autotag\">J\u00e9r\u00e9mie Frimpong<\/strong>.<\/h3>\n<p>Le N\u00e9erlandais retient beaucoup l&#39;attention de plusieurs grands clubs apr\u00e8s avoir fait forte impression lors de la campagne tr\u00e8s r\u00e9ussie de Leverkusen.<\/p>\n<p>Frimpong a \u00e9t\u00e9 un habitu\u00e9 de l&#39;\u00e9quipe de Leverkusen cette saison, marquant 11 buts et fournissant 11 passes d\u00e9cisives en 34 matches de comp\u00e9tition.<\/p>\n<p>Le joueur de 23 ans a aid\u00e9 <strong class=\"autotag\">Xabi Alonso<\/strong>L&#39;\u00e9quipe de s&#39;assure une avance de 13 points en t\u00eate de la Bundesliga et joue son r\u00f4le dans son parcours vers les demi-finales du DFB-Pokal et les quarts de finale de la Ligue Europa.<\/p>\n<p>S&#39;il se concentrera sur la tentative de Leverkusen de remporter trois titres d&#39;argenterie, on ne sait pas encore s&#39;il sera toujours avec le club allemand la saison prochaine.<\/p>\n<p class=\"imgI\">\n<p>Selon <em>Le soleil<\/em>Man City et Man United se pr\u00e9parent \u00e0 s&#39;affronter pour la signature de Frimpong lors du mercato estival.<\/p>\n<p>On pense que les deux rivaux de Manchester surveillent tous deux l\u2019homme de Leverkusen alors qu\u2019ils r\u00e9fl\u00e9chissent \u00e0 l\u2019opportunit\u00e9 de lancer une offre avant la campagne 2024-25.<\/p>\n<p>Bien qu&#39;il soit sous contrat jusqu&#39;\u00e0 l&#39;\u00e9t\u00e9 2028, Frimpong aurait une clause lib\u00e9ratoire de 35 millions de livres sterling qui ne peut \u00eatre d\u00e9clench\u00e9e que cet \u00e9t\u00e9.<\/p>\n<p>Alonso a r\u00e9guli\u00e8rement utilis\u00e9 Frimpong comme ailier cette saison en raison de ses qualit\u00e9s offensives, mais il a une exp\u00e9rience ant\u00e9rieure dans un r\u00f4le d&#39;arri\u00e8re lat\u00e9ral traditionnel.<\/p>\n<p class=\"imgI\"><img decoding=\"async\" loading=\"lazy\" class=\"l\" src=\"https:\/\/footdavant.fr\/actualites\/wp-content\/uploads\/2024\/04\/1712306904_165_Manchester-City-et-Manchester-United-se-battent-pour-la-star.jpg\" title=\"L&#39;entra\u00eeneur du Bayer Leverkusen, Xabi Alonso, r\u00e9agit le 17 mars 2024\" alt=\"L&#39;entra\u00eeneur du Bayer Leverkusen, Xabi Alonso, r\u00e9agit le 17 mars 2024\" width=\"640\" height=\"480\"><\/p>\n<h2 class=\"k3\">Les rivaux de Manchester \u00e0 la recherche d&#39;un nouvel arri\u00e8re droit<\/h2>\n<p>Man United chercherait soi-disant \u00e0 renforcer sa ligne arri\u00e8re dans ce qui sera Sir <strong class=\"autotag\">Jim Ratcliffe<\/strong>C&#39;est le premier mercato officiel du club depuis l&#39;acquisition d&#39;une participation minoritaire dans le club.<\/p>\n<p><strong class=\"autotag\">Aaron Wan-Bissaka<\/strong> fait partie de <strong class=\"autotag\">Erik Ten Hag<\/strong>Les principales options d&#39;arri\u00e8re droit sont, mais il est possible qu&#39;il quitte le club \u00e0 la fin de la saison.<\/p>\n<p>En cas de d\u00e9part du joueur de 23 ans, les Diables Rouges chercheraient \u00e0 recruter un nouvel arri\u00e8re lat\u00e9ral pour concurrencer <strong class=\"autotag\">Diogo Dalot<\/strong>.<\/p>\n<p>Pendant ce temps, Man City consid\u00e9rerait Frimpong comme un successeur potentiel de <strong class=\"autotag\">Kyle Walker<\/strong>qui aura 34 ans fin mai.<\/p>\n<p>Alors que Walker approche des derni\u00e8res \u00e9tapes de sa carri\u00e8re, les Citizens souhaitent profiter de la clause lib\u00e9ratoire relativement basse de Frimpong.<\/p>\n<p>Man City serait en mesure de classer Frimpong parmi les joueurs locaux apr\u00e8s avoir pass\u00e9 plus d&#39;une d\u00e9cennie dans l&#39;acad\u00e9mie du club avant de partir pour le Celtic en 2019.<\/p>\n<\/div>\n","protected":false},"excerpt":{"rendered":"<p>Manchester City et Manchester United seraient pr\u00eats \u00e0 se battre pour l&#39;ailier du Bayer Leverkusen, J\u00e9r\u00e9mie Frimpong, lors du mercato estival. Manchester City seraient pr\u00eats<\/p>\n","protected":false},"author":1,"featured_media":7027,"comment_status":"closed","ping_status":"","sticky":false,"template":"","format":"standard","meta":{"footnotes":""},"categories":[5],"tags":[1418,981,27,982,11,51,1621,13],"yoast_head":"<!-- This site is optimized with the Yoast SEO plugin v21.0 - https:\/\/yoast.com\/wordpress\/plugins\/seo\/ -->\n<title>Manchester City et Manchester United se battent pour la star du Bayer Leverkusen ?<\/title>\n<meta name=\"robots\" content=\"index, follow, max-snippet:-1, max-image-preview:large, max-video-preview:-1\" \/>\n<link rel=\"canonical\" href=\"https:\/\/footdavant.fr\/actualites\/manchester-city-et-manchester-united-se-battent-pour-la-star-du-bayer-leverkusen\/\" \/>\n<meta property=\"og:locale\" content=\"fr_FR\" \/>\n<meta property=\"og:type\" content=\"article\" \/>\n<meta property=\"og:title\" content=\"Manchester City et Manchester United se battent pour la star du Bayer Leverkusen ?\" \/>\n<meta property=\"og:description\" content=\"Manchester City et Manchester United seraient pr\u00eats \u00e0 se battre pour l&#039;ailier du Bayer Leverkusen, J\u00e9r\u00e9mie Frimpong, lors du mercato estival. Manchester City seraient pr\u00eats\" \/>\n<meta property=\"og:url\" content=\"https:\/\/footdavant.fr\/actualites\/manchester-city-et-manchester-united-se-battent-pour-la-star-du-bayer-leverkusen\/\" \/>\n<meta property=\"og:site_name\" content=\"Foot d&#039;avant\" \/>\n<meta property=\"article:publisher\" content=\"https:\/\/www.facebook.com\/Footdavant\/\" \/>\n<meta property=\"article:published_time\" content=\"2024-04-05T08:48:24+00:00\" \/>\n<meta property=\"article:modified_time\" content=\"2024-04-05T08:48:25+00:00\" \/>\n<meta property=\"og:image\" content=\"https:\/\/footdavant.fr\/actualites\/wp-content\/uploads\/2024\/04\/Manchester-City-et-Manchester-United-se-battent-pour-la-star.jpg\" \/>\n\t<meta property=\"og:image:width\" content=\"640\" \/>\n\t<meta property=\"og:image:height\" content=\"480\" \/>\n\t<meta property=\"og:image:type\" content=\"image\/jpeg\" \/>\n<meta name=\"author\" content=\"Cl\u00e9ment\" \/>\n<meta name=\"twitter:card\" content=\"summary_large_image\" \/>\n<meta name=\"twitter:creator\" content=\"@FootdavantFr\" \/>\n<meta name=\"twitter:site\" content=\"@FootdavantFr\" \/>\n<meta name=\"twitter:label1\" content=\"\u00c9crit par\" \/>\n\t<meta name=\"twitter:data1\" content=\"Cl\u00e9ment\" \/>\n\t<meta name=\"twitter:label2\" content=\"Dur\u00e9e de lecture estim\u00e9e\" \/>\n\t<meta name=\"twitter:data2\" content=\"2 minutes\" \/>\n<script type=\"application\/ld+json\" class=\"yoast-schema-graph\">{\"@context\":\"https:\/\/schema.org\",\"@graph\":[{\"@type\":\"Article\",\"@id\":\"https:\/\/footdavant.fr\/actualites\/manchester-city-et-manchester-united-se-battent-pour-la-star-du-bayer-leverkusen\/#article\",\"isPartOf\":{\"@id\":\"https:\/\/footdavant.fr\/actualites\/manchester-city-et-manchester-united-se-battent-pour-la-star-du-bayer-leverkusen\/\"},\"author\":{\"name\":\"Cl\u00e9ment\",\"@id\":\"https:\/\/footdavant.fr\/actualites\/#\/schema\/person\/bc222566d95871b37e597b3ed3ba5e1d\"},\"headline\":\"Manchester City et Manchester United se battent pour la star du Bayer Leverkusen ?\",\"datePublished\":\"2024-04-05T08:48:24+00:00\",\"dateModified\":\"2024-04-05T08:48:25+00:00\",\"mainEntityOfPage\":{\"@id\":\"https:\/\/footdavant.fr\/actualites\/manchester-city-et-manchester-united-se-battent-pour-la-star-du-bayer-leverkusen\/\"},\"wordCount\":481,\"publisher\":{\"@id\":\"https:\/\/footdavant.fr\/actualites\/#organization\"},\"keywords\":[\"battent\",\"Bayer\",\"City\",\"Leverkusen\",\"Manchester\",\"pour\",\"Star\",\"United\"],\"articleSection\":[\"Premier League\"],\"inLanguage\":\"fr-FR\"},{\"@type\":\"WebPage\",\"@id\":\"https:\/\/footdavant.fr\/actualites\/manchester-city-et-manchester-united-se-battent-pour-la-star-du-bayer-leverkusen\/\",\"url\":\"https:\/\/footdavant.fr\/actualites\/manchester-city-et-manchester-united-se-battent-pour-la-star-du-bayer-leverkusen\/\",\"name\":\"Manchester City et Manchester United se battent pour la star du Bayer Leverkusen ?\",\"isPartOf\":{\"@id\":\"https:\/\/footdavant.fr\/actualites\/#website\"},\"datePublished\":\"2024-04-05T08:48:24+00:00\",\"dateModified\":\"2024-04-05T08:48:25+00:00\",\"breadcrumb\":{\"@id\":\"https:\/\/footdavant.fr\/actualites\/manchester-city-et-manchester-united-se-battent-pour-la-star-du-bayer-leverkusen\/#breadcrumb\"},\"inLanguage\":\"fr-FR\",\"potentialAction\":[{\"@type\":\"ReadAction\",\"target\":[\"https:\/\/footdavant.fr\/actualites\/manchester-city-et-manchester-united-se-battent-pour-la-star-du-bayer-leverkusen\/\"]}]},{\"@type\":\"BreadcrumbList\",\"@id\":\"https:\/\/footdavant.fr\/actualites\/manchester-city-et-manchester-united-se-battent-pour-la-star-du-bayer-leverkusen\/#breadcrumb\",\"itemListElement\":[{\"@type\":\"ListItem\",\"position\":1,\"name\":\"Accueil\",\"item\":\"https:\/\/footdavant.fr\/actualites\/\"},{\"@type\":\"ListItem\",\"position\":2,\"name\":\"Manchester City et Manchester United se battent pour la star du Bayer Leverkusen ?\"}]},{\"@type\":\"WebSite\",\"@id\":\"https:\/\/footdavant.fr\/actualites\/#website\",\"url\":\"https:\/\/footdavant.fr\/actualites\/\",\"name\":\"Foot d'avant\",\"description\":\"\",\"publisher\":{\"@id\":\"https:\/\/footdavant.fr\/actualites\/#organization\"},\"potentialAction\":[{\"@type\":\"SearchAction\",\"target\":{\"@type\":\"EntryPoint\",\"urlTemplate\":\"https:\/\/footdavant.fr\/actualites\/?s={search_term_string}\"},\"query-input\":\"required name=search_term_string\"}],\"inLanguage\":\"fr-FR\"},{\"@type\":\"Organization\",\"@id\":\"https:\/\/footdavant.fr\/actualites\/#organization\",\"name\":\"Foot d'avant\",\"url\":\"https:\/\/footdavant.fr\/actualites\/\",\"logo\":{\"@type\":\"ImageObject\",\"inLanguage\":\"fr-FR\",\"@id\":\"https:\/\/footdavant.fr\/actualites\/#\/schema\/logo\/image\/\",\"url\":\"https:\/\/footdavant.fr\/actualites\/wp-content\/uploads\/2023\/09\/Copy-of-FootDavant-Logo.png\",\"contentUrl\":\"https:\/\/footdavant.fr\/actualites\/wp-content\/uploads\/2023\/09\/Copy-of-FootDavant-Logo.png\",\"width\":936,\"height\":549,\"caption\":\"Foot d'avant\"},\"image\":{\"@id\":\"https:\/\/footdavant.fr\/actualites\/#\/schema\/logo\/image\/\"},\"sameAs\":[\"https:\/\/www.facebook.com\/Footdavant\/\",\"https:\/\/twitter.com\/FootdavantFr\",\"https:\/\/www.instagram.com\/footdavant.fr\/\"]},{\"@type\":\"Person\",\"@id\":\"https:\/\/footdavant.fr\/actualites\/#\/schema\/person\/bc222566d95871b37e597b3ed3ba5e1d\",\"name\":\"Cl\u00e9ment\",\"image\":{\"@type\":\"ImageObject\",\"inLanguage\":\"fr-FR\",\"@id\":\"https:\/\/footdavant.fr\/actualites\/#\/schema\/person\/image\/\",\"url\":\"https:\/\/secure.gravatar.com\/avatar\/7728b29aac2719421e1a9159b2254c44?s=96&d=mm&r=g\",\"contentUrl\":\"https:\/\/secure.gravatar.com\/avatar\/7728b29aac2719421e1a9159b2254c44?s=96&d=mm&r=g\",\"caption\":\"Cl\u00e9ment\"},\"sameAs\":[\"https:\/\/footdavant.fr\/\"]}]}<\/script>\n<!-- \/ Yoast SEO plugin. -->","yoast_head_json":{"title":"Manchester City et Manchester United se battent pour la star du Bayer Leverkusen ?","robots":{"index":"index","follow":"follow","max-snippet":"max-snippet:-1","max-image-preview":"max-image-preview:large","max-video-preview":"max-video-preview:-1"},"canonical":"https:\/\/footdavant.fr\/actualites\/manchester-city-et-manchester-united-se-battent-pour-la-star-du-bayer-leverkusen\/","og_locale":"fr_FR","og_type":"article","og_title":"Manchester City et Manchester United se battent pour la star du Bayer Leverkusen ?","og_description":"Manchester City et Manchester United seraient pr\u00eats \u00e0 se battre pour l&#39;ailier du Bayer Leverkusen, J\u00e9r\u00e9mie Frimpong, lors du mercato estival. Manchester City seraient pr\u00eats","og_url":"https:\/\/footdavant.fr\/actualites\/manchester-city-et-manchester-united-se-battent-pour-la-star-du-bayer-leverkusen\/","og_site_name":"Foot d&#039;avant","article_publisher":"https:\/\/www.facebook.com\/Footdavant\/","article_published_time":"2024-04-05T08:48:24+00:00","article_modified_time":"2024-04-05T08:48:25+00:00","og_image":[{"width":640,"height":480,"url":"https:\/\/footdavant.fr\/actualites\/wp-content\/uploads\/2024\/04\/Manchester-City-et-Manchester-United-se-battent-pour-la-star.jpg","type":"image\/jpeg"}],"author":"Cl\u00e9ment","twitter_card":"summary_large_image","twitter_creator":"@FootdavantFr","twitter_site":"@FootdavantFr","twitter_misc":{"\u00c9crit par":"Cl\u00e9ment","Dur\u00e9e de lecture estim\u00e9e":"2 minutes"},"schema":{"@context":"https:\/\/schema.org","@graph":[{"@type":"Article","@id":"https:\/\/footdavant.fr\/actualites\/manchester-city-et-manchester-united-se-battent-pour-la-star-du-bayer-leverkusen\/#article","isPartOf":{"@id":"https:\/\/footdavant.fr\/actualites\/manchester-city-et-manchester-united-se-battent-pour-la-star-du-bayer-leverkusen\/"},"author":{"name":"Cl\u00e9ment","@id":"https:\/\/footdavant.fr\/actualites\/#\/schema\/person\/bc222566d95871b37e597b3ed3ba5e1d"},"headline":"Manchester City et Manchester United se battent pour la star du Bayer Leverkusen ?","datePublished":"2024-04-05T08:48:24+00:00","dateModified":"2024-04-05T08:48:25+00:00","mainEntityOfPage":{"@id":"https:\/\/footdavant.fr\/actualites\/manchester-city-et-manchester-united-se-battent-pour-la-star-du-bayer-leverkusen\/"},"wordCount":481,"publisher":{"@id":"https:\/\/footdavant.fr\/actualites\/#organization"},"keywords":["battent","Bayer","City","Leverkusen","Manchester","pour","Star","United"],"articleSection":["Premier League"],"inLanguage":"fr-FR"},{"@type":"WebPage","@id":"https:\/\/footdavant.fr\/actualites\/manchester-city-et-manchester-united-se-battent-pour-la-star-du-bayer-leverkusen\/","url":"https:\/\/footdavant.fr\/actualites\/manchester-city-et-manchester-united-se-battent-pour-la-star-du-bayer-leverkusen\/","name":"Manchester City et Manchester United se battent pour la star du Bayer Leverkusen ?","isPartOf":{"@id":"https:\/\/footdavant.fr\/actualites\/#website"},"datePublished":"2024-04-05T08:48:24+00:00","dateModified":"2024-04-05T08:48:25+00:00","breadcrumb":{"@id":"https:\/\/footdavant.fr\/actualites\/manchester-city-et-manchester-united-se-battent-pour-la-star-du-bayer-leverkusen\/#breadcrumb"},"inLanguage":"fr-FR","potentialAction":[{"@type":"ReadAction","target":["https:\/\/footdavant.fr\/actualites\/manchester-city-et-manchester-united-se-battent-pour-la-star-du-bayer-leverkusen\/"]}]},{"@type":"BreadcrumbList","@id":"https:\/\/footdavant.fr\/actualites\/manchester-city-et-manchester-united-se-battent-pour-la-star-du-bayer-leverkusen\/#breadcrumb","itemListElement":[{"@type":"ListItem","position":1,"name":"Accueil","item":"https:\/\/footdavant.fr\/actualites\/"},{"@type":"ListItem","position":2,"name":"Manchester City et Manchester United se battent pour la star du Bayer Leverkusen ?"}]},{"@type":"WebSite","@id":"https:\/\/footdavant.fr\/actualites\/#website","url":"https:\/\/footdavant.fr\/actualites\/","name":"Foot d'avant","description":"","publisher":{"@id":"https:\/\/footdavant.fr\/actualites\/#organization"},"potentialAction":[{"@type":"SearchAction","target":{"@type":"EntryPoint","urlTemplate":"https:\/\/footdavant.fr\/actualites\/?s={search_term_string}"},"query-input":"required name=search_term_string"}],"inLanguage":"fr-FR"},{"@type":"Organization","@id":"https:\/\/footdavant.fr\/actualites\/#organization","name":"Foot d'avant","url":"https:\/\/footdavant.fr\/actualites\/","logo":{"@type":"ImageObject","inLanguage":"fr-FR","@id":"https:\/\/footdavant.fr\/actualites\/#\/schema\/logo\/image\/","url":"https:\/\/footdavant.fr\/actualites\/wp-content\/uploads\/2023\/09\/Copy-of-FootDavant-Logo.png","contentUrl":"https:\/\/footdavant.fr\/actualites\/wp-content\/uploads\/2023\/09\/Copy-of-FootDavant-Logo.png","width":936,"height":549,"caption":"Foot d'avant"},"image":{"@id":"https:\/\/footdavant.fr\/actualites\/#\/schema\/logo\/image\/"},"sameAs":["https:\/\/www.facebook.com\/Footdavant\/","https:\/\/twitter.com\/FootdavantFr","https:\/\/www.instagram.com\/footdavant.fr\/"]},{"@type":"Person","@id":"https:\/\/footdavant.fr\/actualites\/#\/schema\/person\/bc222566d95871b37e597b3ed3ba5e1d","name":"Cl\u00e9ment","image":{"@type":"ImageObject","inLanguage":"fr-FR","@id":"https:\/\/footdavant.fr\/actualites\/#\/schema\/person\/image\/","url":"https:\/\/secure.gravatar.com\/avatar\/7728b29aac2719421e1a9159b2254c44?s=96&d=mm&r=g","contentUrl":"https:\/\/secure.gravatar.com\/avatar\/7728b29aac2719421e1a9159b2254c44?s=96&d=mm&r=g","caption":"Cl\u00e9ment"},"sameAs":["https:\/\/footdavant.fr\/"]}]}},"_links":{"self":[{"href":"https:\/\/footdavant.fr\/actualites\/wp-json\/wp\/v2\/posts\/7026"}],"collection":[{"href":"https:\/\/footdavant.fr\/actualites\/wp-json\/wp\/v2\/posts"}],"about":[{"href":"https:\/\/footdavant.fr\/actualites\/wp-json\/wp\/v2\/types\/post"}],"author":[{"embeddable":true,"href":"https:\/\/footdavant.fr\/actualites\/wp-json\/wp\/v2\/users\/1"}],"replies":[{"embeddable":true,"href":"https:\/\/footdavant.fr\/actualites\/wp-json\/wp\/v2\/comments?post=7026"}],"version-history":[{"count":1,"href":"https:\/\/footdavant.fr\/actualites\/wp-json\/wp\/v2\/posts\/7026\/revisions"}],"predecessor-version":[{"id":7028,"href":"https:\/\/footdavant.fr\/actualites\/wp-json\/wp\/v2\/posts\/7026\/revisions\/7028"}],"wp:featuredmedia":[{"embeddable":true,"href":"https:\/\/footdavant.fr\/actualites\/wp-json\/wp\/v2\/media\/7027"}],"wp:attachment":[{"href":"https:\/\/footdavant.fr\/actualites\/wp-json\/wp\/v2\/media?parent=7026"}],"wp:term":[{"taxonomy":"category","embeddable":true,"href":"https:\/\/footdavant.fr\/actualites\/wp-json\/wp\/v2\/categories?post=7026"},{"taxonomy":"post_tag","embeddable":true,"href":"https:\/\/footdavant.fr\/actualites\/wp-json\/wp\/v2\/tags?post=7026"}],"curies":[{"name":"wp","href":"https:\/\/api.w.org\/{rel}","templated":true}]}}