{"id":7032,"date":"2024-04-05T14:50:05","date_gmt":"2024-04-05T12:50:05","guid":{"rendered":"https:\/\/footdavant.fr\/actualites\/les-membres-de-lequipe-de-chelsea-veulent-le-limogeage-de-mauricio-pochettino\/"},"modified":"2024-04-05T14:50:05","modified_gmt":"2024-04-05T12:50:05","slug":"les-membres-de-lequipe-de-chelsea-veulent-le-limogeage-de-mauricio-pochettino","status":"publish","type":"post","link":"https:\/\/footdavant.fr\/actualites\/les-membres-de-lequipe-de-chelsea-veulent-le-limogeage-de-mauricio-pochettino\/","title":{"rendered":"Les membres de l\u2019\u00e9quipe de Chelsea veulent le limogeage de Mauricio Pochettino ?"},"content":{"rendered":"<p>Les membres de l\u2019\u00e9quipe premi\u00e8re de Chelsea souhaiteraient que Mauricio Pochettino quitte son r\u00f4le d\u2019entra\u00eeneur-chef cet \u00e9t\u00e9.<\/p>\n<div id=\"article_body\" itemprop=\"articleBody\">\n<h3 class=\"firstPara\">\n<strong class=\"autotag\">Chelsea<\/strong>L&#39;\u00e9quipe premi\u00e8re de &#39;contiendrait des joueurs qui pr\u00e9f\u00e9reraient <strong class=\"autotag\">Mauricio Pochettino<\/strong> \u00eatre d\u00e9mis de ses fonctions d&#39;entra\u00eeneur-chef.<\/h3>\n<p>Lorsque Pochettino a \u00e9t\u00e9 nomm\u00e9 rempla\u00e7ant permanent de <strong class=\"autotag\">Graham Potter<\/strong>il n&#39;a obtenu qu&#39;un contrat de deux ans avec option d&#39;un troisi\u00e8me.<\/p>\n<p>Cette d\u00e9cision a \u00e9t\u00e9 prise alors que les Blues ont termin\u00e9 dans la moiti\u00e9 inf\u00e9rieure du classement de la Premier League 2022-23 et que Pochettino n\u2019a pas encore remport\u00e9 de troph\u00e9e dans le football anglais.<\/p>\n<p>Le joueur de 52 ans poss\u00e8de un bilan respectable \u00e0 Chelsea, enregistrant 19 victoires, neuf nuls et 12 d\u00e9faites lors de ses 40 matches \u00e0 la t\u00eate, et a \u00e9galement men\u00e9 le club \u00e0 la finale de la Coupe EFL.<\/p>\n<p>Cependant, Chelsea reste \u00e0 la 11e position du classement de premi\u00e8re division, \u00e0 quatre points de West Ham United, septi\u00e8me, alors qu&#39;il tente de remporter le football europ\u00e9en pour la saison prochaine.<\/p>\n<p class=\"imgI\">\n<p>Se s\u00e9parer de Pochettino \u00e0 ce stade comporte ses complexit\u00e9s.  L&#39;Argentin et son \u00e9quipe d&#39;entra\u00eeneurs recevraient une somme substantielle si les dur\u00e9es restantes de leur contrat \u00e9taient pay\u00e9es un an plus t\u00f4t.<\/p>\n<p>En cons\u00e9quence, les Londoniens de l&#39;Ouest subiraient un coup financier qu&#39;ils ne peuvent pas se permettre s&#39;ils souhaitent se donner les meilleures chances de respecter les r\u00e8gles de profit et de durabilit\u00e9 de la Premier League.<\/p>\n<p>N\u00e9anmoins, selon <em>HITC<\/em>certains membres des rangs seniors de Chelsea pr\u00e9f\u00e9reraient que le club nomme un autre entra\u00eeneur-chef.<\/p>\n<p>Le rapport sugg\u00e8re que les joueurs en question ont inform\u00e9 les copropri\u00e9taires du club <strong class=\"autotag\">Todd Boehly<\/strong> et Clearlake Capital vont dans une direction alternative pour 2024-2025.<\/p>\n<p>Si l\u2019on en croit les affirmations pr\u00e9c\u00e9dentes, Boehly et Clearlake Capital ne sont pas press\u00e9s de se s\u00e9parer de Pochettino, sachant qu\u2019ils n\u2019en sont qu\u2019au d\u00e9but d\u2019un projet et que le succ\u00e8s prendra du temps.<\/p>\n<p class=\"imgI\"><img decoding=\"async\" loading=\"lazy\" class=\"l\" src=\"https:\/\/footdavant.fr\/actualites\/wp-content\/uploads\/2024\/04\/Les-membres-de-lequipe-de-Chelsea-veulent-le-limogeage-de.JPG\" title=\"L&#39;entra\u00eeneur-chef de Chelsea, Mauricio Pochettino, lors de la finale de la Coupe EFL le 25 f\u00e9vrier 2024.\" alt=\"L&#39;entra\u00eeneur-chef de Chelsea, Mauricio Pochettino, lors de la finale de la Coupe EFL le 25 f\u00e9vrier 2024.\" width=\"640\" height=\"480\"><\/p>\n<p>D&#39;un autre c\u00f4t\u00e9, les d\u00e9penses de plus d&#39;un milliard de livres sterling au cours des trois premi\u00e8res fen\u00eatres de transfert de leur r\u00e8gne ont oblig\u00e9 la hi\u00e9rarchie du club \u00e0 maximiser autant de sources de revenus que possible, notamment l&#39;argent provenant de la participation en Europe.<\/p>\n<p>Aucune d\u00e9cision ne devrait \u00eatre prise avant la fin de la saison, d&#39;autant plus que le sort de Chelsea reste entre ses mains gr\u00e2ce \u00e0 un match en main contre nombre de ses rivaux et \u00e0 sa participation \u00e0 une demi-finale de la FA Cup.<\/p>\n<h2 class=\"k3\">Chelsea fait face \u00e0 d&#39;autres probl\u00e8mes<\/h2>\n<p>Outre la menace d&#39;une d\u00e9duction de points pour la saison prochaine s&#39;ils ne respectent pas les r\u00e8gles financi\u00e8res actuellement en vigueur, Chelsea pourrait \u00e9galement \u00eatre sanctionn\u00e9 en raison de violations des r\u00e8gles commises sous la direction de <strong class=\"autotag\">Romain Abramovitch<\/strong>.<\/p>\n<p>Plus t\u00f4t cette semaine, il a \u00e9t\u00e9 sugg\u00e9r\u00e9 que Boehly s\u2019attendait \u00e0 ce que Chelsea se voie imposer une interdiction de transfert dans un avenir pr\u00e9visible apr\u00e8s avoir auto-d\u00e9clar\u00e9 les violations d\u00e9couvertes peu de temps apr\u00e8s l\u2019obtention de la propri\u00e9t\u00e9 du club en 2022.<\/p>\n<\/div>\n","protected":false},"excerpt":{"rendered":"<p>Les membres de l\u2019\u00e9quipe premi\u00e8re de Chelsea souhaiteraient que Mauricio Pochettino quitte son r\u00f4le d\u2019entra\u00eeneur-chef cet \u00e9t\u00e9. ChelseaL&#39;\u00e9quipe premi\u00e8re de &#39;contiendrait des joueurs qui pr\u00e9f\u00e9reraient<\/p>\n","protected":false},"author":1,"featured_media":7033,"comment_status":"closed","ping_status":"","sticky":false,"template":"","format":"standard","meta":{"footnotes":""},"categories":[5],"tags":[171,9,93,2679,592,4442,47,70],"yoast_head":"<!-- This site is optimized with the Yoast SEO plugin v21.0 - https:\/\/yoast.com\/wordpress\/plugins\/seo\/ -->\n<title>Les membres de l\u2019\u00e9quipe de Chelsea veulent le limogeage de Mauricio Pochettino ?<\/title>\n<meta name=\"robots\" content=\"index, follow, max-snippet:-1, max-image-preview:large, max-video-preview:-1\" \/>\n<link rel=\"canonical\" href=\"https:\/\/footdavant.fr\/actualites\/les-membres-de-lequipe-de-chelsea-veulent-le-limogeage-de-mauricio-pochettino\/\" \/>\n<meta property=\"og:locale\" content=\"fr_FR\" \/>\n<meta property=\"og:type\" content=\"article\" \/>\n<meta property=\"og:title\" content=\"Les membres de l\u2019\u00e9quipe de Chelsea veulent le limogeage de Mauricio Pochettino ?\" \/>\n<meta property=\"og:description\" content=\"Les membres de l\u2019\u00e9quipe premi\u00e8re de Chelsea souhaiteraient que Mauricio Pochettino quitte son r\u00f4le d\u2019entra\u00eeneur-chef cet \u00e9t\u00e9. ChelseaL&#039;\u00e9quipe premi\u00e8re de &#039;contiendrait des joueurs qui pr\u00e9f\u00e9reraient\" \/>\n<meta property=\"og:url\" content=\"https:\/\/footdavant.fr\/actualites\/les-membres-de-lequipe-de-chelsea-veulent-le-limogeage-de-mauricio-pochettino\/\" \/>\n<meta property=\"og:site_name\" content=\"Foot d&#039;avant\" \/>\n<meta property=\"article:publisher\" content=\"https:\/\/www.facebook.com\/Footdavant\/\" \/>\n<meta property=\"article:published_time\" content=\"2024-04-05T12:50:05+00:00\" \/>\n<meta property=\"og:image\" content=\"https:\/\/footdavant.fr\/actualites\/wp-content\/uploads\/2024\/04\/Les-membres-de-lequipe-de-Chelsea-veulent-le-limogeage-de.jpg\" \/>\n\t<meta property=\"og:image:width\" content=\"640\" \/>\n\t<meta property=\"og:image:height\" content=\"480\" \/>\n\t<meta property=\"og:image:type\" content=\"image\/jpeg\" \/>\n<meta name=\"author\" content=\"Cl\u00e9ment\" \/>\n<meta name=\"twitter:card\" content=\"summary_large_image\" \/>\n<meta name=\"twitter:creator\" content=\"@FootdavantFr\" \/>\n<meta name=\"twitter:site\" content=\"@FootdavantFr\" \/>\n<meta name=\"twitter:label1\" content=\"\u00c9crit par\" \/>\n\t<meta name=\"twitter:data1\" content=\"Cl\u00e9ment\" \/>\n\t<meta name=\"twitter:label2\" content=\"Dur\u00e9e de lecture estim\u00e9e\" \/>\n\t<meta name=\"twitter:data2\" content=\"3 minutes\" \/>\n<script type=\"application\/ld+json\" class=\"yoast-schema-graph\">{\"@context\":\"https:\/\/schema.org\",\"@graph\":[{\"@type\":\"Article\",\"@id\":\"https:\/\/footdavant.fr\/actualites\/les-membres-de-lequipe-de-chelsea-veulent-le-limogeage-de-mauricio-pochettino\/#article\",\"isPartOf\":{\"@id\":\"https:\/\/footdavant.fr\/actualites\/les-membres-de-lequipe-de-chelsea-veulent-le-limogeage-de-mauricio-pochettino\/\"},\"author\":{\"name\":\"Cl\u00e9ment\",\"@id\":\"https:\/\/footdavant.fr\/actualites\/#\/schema\/person\/bc222566d95871b37e597b3ed3ba5e1d\"},\"headline\":\"Les membres de l\u2019\u00e9quipe de Chelsea veulent le limogeage de Mauricio Pochettino ?\",\"datePublished\":\"2024-04-05T12:50:05+00:00\",\"dateModified\":\"2024-04-05T12:50:05+00:00\",\"mainEntityOfPage\":{\"@id\":\"https:\/\/footdavant.fr\/actualites\/les-membres-de-lequipe-de-chelsea-veulent-le-limogeage-de-mauricio-pochettino\/\"},\"wordCount\":571,\"publisher\":{\"@id\":\"https:\/\/footdavant.fr\/actualites\/#organization\"},\"keywords\":[\"Chelsea\",\"l\u00e9quipe\",\"les\",\"limogeage\",\"Mauricio\",\"membres\",\"Pochettino\",\"veulent\"],\"articleSection\":[\"Premier League\"],\"inLanguage\":\"fr-FR\"},{\"@type\":\"WebPage\",\"@id\":\"https:\/\/footdavant.fr\/actualites\/les-membres-de-lequipe-de-chelsea-veulent-le-limogeage-de-mauricio-pochettino\/\",\"url\":\"https:\/\/footdavant.fr\/actualites\/les-membres-de-lequipe-de-chelsea-veulent-le-limogeage-de-mauricio-pochettino\/\",\"name\":\"Les membres de l\u2019\u00e9quipe de Chelsea veulent le limogeage de Mauricio Pochettino ?\",\"isPartOf\":{\"@id\":\"https:\/\/footdavant.fr\/actualites\/#website\"},\"datePublished\":\"2024-04-05T12:50:05+00:00\",\"dateModified\":\"2024-04-05T12:50:05+00:00\",\"breadcrumb\":{\"@id\":\"https:\/\/footdavant.fr\/actualites\/les-membres-de-lequipe-de-chelsea-veulent-le-limogeage-de-mauricio-pochettino\/#breadcrumb\"},\"inLanguage\":\"fr-FR\",\"potentialAction\":[{\"@type\":\"ReadAction\",\"target\":[\"https:\/\/footdavant.fr\/actualites\/les-membres-de-lequipe-de-chelsea-veulent-le-limogeage-de-mauricio-pochettino\/\"]}]},{\"@type\":\"BreadcrumbList\",\"@id\":\"https:\/\/footdavant.fr\/actualites\/les-membres-de-lequipe-de-chelsea-veulent-le-limogeage-de-mauricio-pochettino\/#breadcrumb\",\"itemListElement\":[{\"@type\":\"ListItem\",\"position\":1,\"name\":\"Accueil\",\"item\":\"https:\/\/footdavant.fr\/actualites\/\"},{\"@type\":\"ListItem\",\"position\":2,\"name\":\"Les membres de l\u2019\u00e9quipe de Chelsea veulent le limogeage de Mauricio Pochettino ?\"}]},{\"@type\":\"WebSite\",\"@id\":\"https:\/\/footdavant.fr\/actualites\/#website\",\"url\":\"https:\/\/footdavant.fr\/actualites\/\",\"name\":\"Foot d'avant\",\"description\":\"\",\"publisher\":{\"@id\":\"https:\/\/footdavant.fr\/actualites\/#organization\"},\"potentialAction\":[{\"@type\":\"SearchAction\",\"target\":{\"@type\":\"EntryPoint\",\"urlTemplate\":\"https:\/\/footdavant.fr\/actualites\/?s={search_term_string}\"},\"query-input\":\"required name=search_term_string\"}],\"inLanguage\":\"fr-FR\"},{\"@type\":\"Organization\",\"@id\":\"https:\/\/footdavant.fr\/actualites\/#organization\",\"name\":\"Foot d'avant\",\"url\":\"https:\/\/footdavant.fr\/actualites\/\",\"logo\":{\"@type\":\"ImageObject\",\"inLanguage\":\"fr-FR\",\"@id\":\"https:\/\/footdavant.fr\/actualites\/#\/schema\/logo\/image\/\",\"url\":\"https:\/\/footdavant.fr\/actualites\/wp-content\/uploads\/2023\/09\/Copy-of-FootDavant-Logo.png\",\"contentUrl\":\"https:\/\/footdavant.fr\/actualites\/wp-content\/uploads\/2023\/09\/Copy-of-FootDavant-Logo.png\",\"width\":936,\"height\":549,\"caption\":\"Foot d'avant\"},\"image\":{\"@id\":\"https:\/\/footdavant.fr\/actualites\/#\/schema\/logo\/image\/\"},\"sameAs\":[\"https:\/\/www.facebook.com\/Footdavant\/\",\"https:\/\/twitter.com\/FootdavantFr\",\"https:\/\/www.instagram.com\/footdavant.fr\/\"]},{\"@type\":\"Person\",\"@id\":\"https:\/\/footdavant.fr\/actualites\/#\/schema\/person\/bc222566d95871b37e597b3ed3ba5e1d\",\"name\":\"Cl\u00e9ment\",\"image\":{\"@type\":\"ImageObject\",\"inLanguage\":\"fr-FR\",\"@id\":\"https:\/\/footdavant.fr\/actualites\/#\/schema\/person\/image\/\",\"url\":\"https:\/\/secure.gravatar.com\/avatar\/7728b29aac2719421e1a9159b2254c44?s=96&d=mm&r=g\",\"contentUrl\":\"https:\/\/secure.gravatar.com\/avatar\/7728b29aac2719421e1a9159b2254c44?s=96&d=mm&r=g\",\"caption\":\"Cl\u00e9ment\"},\"sameAs\":[\"https:\/\/footdavant.fr\/\"]}]}<\/script>\n<!-- \/ Yoast SEO plugin. -->","yoast_head_json":{"title":"Les membres de l\u2019\u00e9quipe de Chelsea veulent le limogeage de Mauricio Pochettino ?","robots":{"index":"index","follow":"follow","max-snippet":"max-snippet:-1","max-image-preview":"max-image-preview:large","max-video-preview":"max-video-preview:-1"},"canonical":"https:\/\/footdavant.fr\/actualites\/les-membres-de-lequipe-de-chelsea-veulent-le-limogeage-de-mauricio-pochettino\/","og_locale":"fr_FR","og_type":"article","og_title":"Les membres de l\u2019\u00e9quipe de Chelsea veulent le limogeage de Mauricio Pochettino ?","og_description":"Les membres de l\u2019\u00e9quipe premi\u00e8re de Chelsea souhaiteraient que Mauricio Pochettino quitte son r\u00f4le d\u2019entra\u00eeneur-chef cet \u00e9t\u00e9. ChelseaL&#39;\u00e9quipe premi\u00e8re de &#39;contiendrait des joueurs qui pr\u00e9f\u00e9reraient","og_url":"https:\/\/footdavant.fr\/actualites\/les-membres-de-lequipe-de-chelsea-veulent-le-limogeage-de-mauricio-pochettino\/","og_site_name":"Foot d&#039;avant","article_publisher":"https:\/\/www.facebook.com\/Footdavant\/","article_published_time":"2024-04-05T12:50:05+00:00","og_image":[{"width":640,"height":480,"url":"https:\/\/footdavant.fr\/actualites\/wp-content\/uploads\/2024\/04\/Les-membres-de-lequipe-de-Chelsea-veulent-le-limogeage-de.jpg","type":"image\/jpeg"}],"author":"Cl\u00e9ment","twitter_card":"summary_large_image","twitter_creator":"@FootdavantFr","twitter_site":"@FootdavantFr","twitter_misc":{"\u00c9crit par":"Cl\u00e9ment","Dur\u00e9e de lecture estim\u00e9e":"3 minutes"},"schema":{"@context":"https:\/\/schema.org","@graph":[{"@type":"Article","@id":"https:\/\/footdavant.fr\/actualites\/les-membres-de-lequipe-de-chelsea-veulent-le-limogeage-de-mauricio-pochettino\/#article","isPartOf":{"@id":"https:\/\/footdavant.fr\/actualites\/les-membres-de-lequipe-de-chelsea-veulent-le-limogeage-de-mauricio-pochettino\/"},"author":{"name":"Cl\u00e9ment","@id":"https:\/\/footdavant.fr\/actualites\/#\/schema\/person\/bc222566d95871b37e597b3ed3ba5e1d"},"headline":"Les membres de l\u2019\u00e9quipe de Chelsea veulent le limogeage de Mauricio Pochettino ?","datePublished":"2024-04-05T12:50:05+00:00","dateModified":"2024-04-05T12:50:05+00:00","mainEntityOfPage":{"@id":"https:\/\/footdavant.fr\/actualites\/les-membres-de-lequipe-de-chelsea-veulent-le-limogeage-de-mauricio-pochettino\/"},"wordCount":571,"publisher":{"@id":"https:\/\/footdavant.fr\/actualites\/#organization"},"keywords":["Chelsea","l\u00e9quipe","les","limogeage","Mauricio","membres","Pochettino","veulent"],"articleSection":["Premier League"],"inLanguage":"fr-FR"},{"@type":"WebPage","@id":"https:\/\/footdavant.fr\/actualites\/les-membres-de-lequipe-de-chelsea-veulent-le-limogeage-de-mauricio-pochettino\/","url":"https:\/\/footdavant.fr\/actualites\/les-membres-de-lequipe-de-chelsea-veulent-le-limogeage-de-mauricio-pochettino\/","name":"Les membres de l\u2019\u00e9quipe de Chelsea veulent le limogeage de Mauricio Pochettino ?","isPartOf":{"@id":"https:\/\/footdavant.fr\/actualites\/#website"},"datePublished":"2024-04-05T12:50:05+00:00","dateModified":"2024-04-05T12:50:05+00:00","breadcrumb":{"@id":"https:\/\/footdavant.fr\/actualites\/les-membres-de-lequipe-de-chelsea-veulent-le-limogeage-de-mauricio-pochettino\/#breadcrumb"},"inLanguage":"fr-FR","potentialAction":[{"@type":"ReadAction","target":["https:\/\/footdavant.fr\/actualites\/les-membres-de-lequipe-de-chelsea-veulent-le-limogeage-de-mauricio-pochettino\/"]}]},{"@type":"BreadcrumbList","@id":"https:\/\/footdavant.fr\/actualites\/les-membres-de-lequipe-de-chelsea-veulent-le-limogeage-de-mauricio-pochettino\/#breadcrumb","itemListElement":[{"@type":"ListItem","position":1,"name":"Accueil","item":"https:\/\/footdavant.fr\/actualites\/"},{"@type":"ListItem","position":2,"name":"Les membres de l\u2019\u00e9quipe de Chelsea veulent le limogeage de Mauricio Pochettino ?"}]},{"@type":"WebSite","@id":"https:\/\/footdavant.fr\/actualites\/#website","url":"https:\/\/footdavant.fr\/actualites\/","name":"Foot d'avant","description":"","publisher":{"@id":"https:\/\/footdavant.fr\/actualites\/#organization"},"potentialAction":[{"@type":"SearchAction","target":{"@type":"EntryPoint","urlTemplate":"https:\/\/footdavant.fr\/actualites\/?s={search_term_string}"},"query-input":"required name=search_term_string"}],"inLanguage":"fr-FR"},{"@type":"Organization","@id":"https:\/\/footdavant.fr\/actualites\/#organization","name":"Foot d'avant","url":"https:\/\/footdavant.fr\/actualites\/","logo":{"@type":"ImageObject","inLanguage":"fr-FR","@id":"https:\/\/footdavant.fr\/actualites\/#\/schema\/logo\/image\/","url":"https:\/\/footdavant.fr\/actualites\/wp-content\/uploads\/2023\/09\/Copy-of-FootDavant-Logo.png","contentUrl":"https:\/\/footdavant.fr\/actualites\/wp-content\/uploads\/2023\/09\/Copy-of-FootDavant-Logo.png","width":936,"height":549,"caption":"Foot d'avant"},"image":{"@id":"https:\/\/footdavant.fr\/actualites\/#\/schema\/logo\/image\/"},"sameAs":["https:\/\/www.facebook.com\/Footdavant\/","https:\/\/twitter.com\/FootdavantFr","https:\/\/www.instagram.com\/footdavant.fr\/"]},{"@type":"Person","@id":"https:\/\/footdavant.fr\/actualites\/#\/schema\/person\/bc222566d95871b37e597b3ed3ba5e1d","name":"Cl\u00e9ment","image":{"@type":"ImageObject","inLanguage":"fr-FR","@id":"https:\/\/footdavant.fr\/actualites\/#\/schema\/person\/image\/","url":"https:\/\/secure.gravatar.com\/avatar\/7728b29aac2719421e1a9159b2254c44?s=96&d=mm&r=g","contentUrl":"https:\/\/secure.gravatar.com\/avatar\/7728b29aac2719421e1a9159b2254c44?s=96&d=mm&r=g","caption":"Cl\u00e9ment"},"sameAs":["https:\/\/footdavant.fr\/"]}]}},"_links":{"self":[{"href":"https:\/\/footdavant.fr\/actualites\/wp-json\/wp\/v2\/posts\/7032"}],"collection":[{"href":"https:\/\/footdavant.fr\/actualites\/wp-json\/wp\/v2\/posts"}],"about":[{"href":"https:\/\/footdavant.fr\/actualites\/wp-json\/wp\/v2\/types\/post"}],"author":[{"embeddable":true,"href":"https:\/\/footdavant.fr\/actualites\/wp-json\/wp\/v2\/users\/1"}],"replies":[{"embeddable":true,"href":"https:\/\/footdavant.fr\/actualites\/wp-json\/wp\/v2\/comments?post=7032"}],"version-history":[{"count":1,"href":"https:\/\/footdavant.fr\/actualites\/wp-json\/wp\/v2\/posts\/7032\/revisions"}],"predecessor-version":[{"id":7034,"href":"https:\/\/footdavant.fr\/actualites\/wp-json\/wp\/v2\/posts\/7032\/revisions\/7034"}],"wp:featuredmedia":[{"embeddable":true,"href":"https:\/\/footdavant.fr\/actualites\/wp-json\/wp\/v2\/media\/7033"}],"wp:attachment":[{"href":"https:\/\/footdavant.fr\/actualites\/wp-json\/wp\/v2\/media?parent=7032"}],"wp:term":[{"taxonomy":"category","embeddable":true,"href":"https:\/\/footdavant.fr\/actualites\/wp-json\/wp\/v2\/categories?post=7032"},{"taxonomy":"post_tag","embeddable":true,"href":"https:\/\/footdavant.fr\/actualites\/wp-json\/wp\/v2\/tags?post=7032"}],"curies":[{"name":"wp","href":"https:\/\/api.w.org\/{rel}","templated":true}]}}