{"id":7035,"date":"2024-04-05T16:48:19","date_gmt":"2024-04-05T14:48:19","guid":{"rendered":"https:\/\/footdavant.fr\/actualites\/cole-palmer-sera-t-il-le-joueur-de-lannee-a-chelsea-parlez-de-chelsea\/"},"modified":"2024-04-05T16:48:20","modified_gmt":"2024-04-05T14:48:20","slug":"cole-palmer-sera-t-il-le-joueur-de-lannee-a-chelsea-parlez-de-chelsea","status":"publish","type":"post","link":"https:\/\/footdavant.fr\/actualites\/cole-palmer-sera-t-il-le-joueur-de-lannee-a-chelsea-parlez-de-chelsea\/","title":{"rendered":"Cole Palmer sera-t-il le joueur de l&#39;ann\u00e9e \u00e0 Chelsea ?  \u2013 Parlez de Chelsea"},"content":{"rendered":"<div id=\"mvp-content-main\">\n<p><span style=\"font-weight: 400;\">Chelsea est d\u00e9sormais dans la derni\u00e8re ligne droite de la saison.  Les joueurs ont largement le temps de s&#39;\u00e9lever et de chuter et de transformer une bonne saison en une excellente (ou l&#39;inverse), mais avec les r\u00e9compenses qui seront bient\u00f4t vot\u00e9es au niveau de la ligue et du club, il est d\u00e9j\u00e0 temps de commencer \u00e0 r\u00e9fl\u00e9chir \u00e0 qui. seront les favoris pour une potentielle distinction individuelle.<\/span><\/p>\n<h2><span style=\"font-weight: 400;\">Cole Palmer est un ph\u00e9nom\u00e8ne<\/span><\/h2>\n<p><span style=\"font-weight: 400;\">Qu&#39;il s&#39;agisse du joueur de l&#39;ann\u00e9e, du jeune joueur de l&#39;ann\u00e9e, du joueur de l&#39;ann\u00e9e ou autre, il y a un favori qui a des kilom\u00e8tres d&#39;avance sur les autres.  Si vous aimez soutenir les favoris, claquez votre <\/span><span style=\"font-weight: 400;\">casino mobile bonus gratuit sans d\u00e9p\u00f4t<\/span><span style=\"font-weight: 400;\"> et tout ce que tu as d&#39;autre sur le dossier de ton canap\u00e9 <\/span><b>Cole Palmer<\/b><span style=\"font-weight: 400;\">.<\/span><\/p>\n<p><span style=\"font-weight: 400;\">Tout est de son c\u00f4t\u00e9 \u2013 le <\/span><span style=\"font-weight: 400;\">Statistiques<\/span><span style=\"font-weight: 400;\"> sont ph\u00e9nom\u00e9naux, les moments forts sont superbes et l&#39;histoire est parfaitement mont\u00e9e : il a quitt\u00e9 une situation confortable \u00e0 Man City pour prendre un risque \u00e0 Chelsea, et cela a \u00e9norm\u00e9ment pay\u00e9.  Les gens adoreront ce r\u00e9cit lorsqu&#39;il s&#39;agira de d\u00e9cider qui ont \u00e9t\u00e9 les jeunes stars de cette saison.<\/span><\/p>\n<p><span style=\"font-weight: 400;\">Si vous pr\u00e9f\u00e9rez une option plus risqu\u00e9e et pensez que quelqu&#39;un peut lancer une attaque tardive pour renverser Palmer de son tr\u00f4ne, il existe actuellement quelques options parmi lesquelles choisir dans l&#39;\u00e9quipe qui ont encore le potentiel de terminer la saison suffisamment fort pour rivaliser avec lui.<\/span><\/p>\n<h2><span style=\"font-weight: 400;\">Malo Gusto est mont\u00e9 au cr\u00e9neau<\/span><\/h2>\n<p><b>Malo Gusto<\/b><span style=\"font-weight: 400;\"> a \u00e9t\u00e9 brillant depuis le d\u00e9but de l&#39;ann\u00e9e et semble vraiment cr\u00e9er un certain battage m\u00e9diatique, gagnant <\/span><span style=\"font-weight: 400;\">reconnaissance<\/span><span style=\"font-weight: 400;\"> des fans d&#39;autres clubs pour sa forme impressionnante.  Il sera certainement dans la liste des jeunes joueurs de l&#39;ann\u00e9e en Premier League s&#39;il conserve cette forme jusqu&#39;en mai.<\/span><\/p>\n<p><b>Conor Gallagher<\/b><span style=\"font-weight: 400;\"> sera sans aucun doute \u00e9galement dans la course au prix du joueur de l&#39;ann\u00e9e de Chelsea.  Il est un favori des fans et m\u00eame s&#39;il n&#39;obtient pas de statistiques comme Palmer, ses performances constantes ont \u00e9t\u00e9 le ciment qui a parfois maintenu cette \u00e9quipe ensemble cette saison.  Il est maintenant trop vieux pour les r\u00e9compenses de type jeune joueur, mais il fera certainement partie de la liste du joueur de l&#39;ann\u00e9e du club, et probablement de quelques autres.<\/span><\/p>\n<p><span style=\"font-weight: 400;\">Beaucoup d&#39;autres ont eu de bons matchs ou des moments de forme en cours de route, mais le fait qu&#39;il soit difficile d&#39;aller au-del\u00e0 de ces trois-l\u00e0 pour trouver d&#39;autres qui ont \u00e9t\u00e9 bons toute l&#39;ann\u00e9e montre \u00e0 quel point la campagne a \u00e9t\u00e9 mouvement\u00e9e pour Chelsea. un ensemble.<\/span><\/p>\n<div class=\"feature-box\">Si vous souhaitez figurer sur Talk Chelsea.<\/div>\n<p>\t\t\t\t\t\t\t\t\t<!--mvp-post-tags--><\/p><\/div>\n","protected":false},"excerpt":{"rendered":"<p>Chelsea est d\u00e9sormais dans la derni\u00e8re ligne droite de la saison. Les joueurs ont largement le temps de s&#39;\u00e9lever et de chuter et de transformer<\/p>\n","protected":false},"author":1,"featured_media":971,"comment_status":"closed","ping_status":"","sticky":false,"template":"","format":"standard","meta":{"footnotes":""},"categories":[3],"tags":[171,1122,1221,4443,1123,172,3356],"yoast_head":"<!-- This site is optimized with the Yoast SEO plugin v21.0 - https:\/\/yoast.com\/wordpress\/plugins\/seo\/ -->\n<title>Cole Palmer sera-t-il le joueur de l&#039;ann\u00e9e \u00e0 Chelsea ? \u2013 Parlez de Chelsea<\/title>\n<meta name=\"robots\" content=\"index, follow, max-snippet:-1, max-image-preview:large, max-video-preview:-1\" \/>\n<link rel=\"canonical\" href=\"https:\/\/footdavant.fr\/actualites\/cole-palmer-sera-t-il-le-joueur-de-lannee-a-chelsea-parlez-de-chelsea\/\" \/>\n<meta property=\"og:locale\" content=\"fr_FR\" \/>\n<meta property=\"og:type\" content=\"article\" \/>\n<meta property=\"og:title\" content=\"Cole Palmer sera-t-il le joueur de l&#039;ann\u00e9e \u00e0 Chelsea ? \u2013 Parlez de Chelsea\" \/>\n<meta property=\"og:description\" content=\"Chelsea est d\u00e9sormais dans la derni\u00e8re ligne droite de la saison. Les joueurs ont largement le temps de s&#039;\u00e9lever et de chuter et de transformer\" \/>\n<meta property=\"og:url\" content=\"https:\/\/footdavant.fr\/actualites\/cole-palmer-sera-t-il-le-joueur-de-lannee-a-chelsea-parlez-de-chelsea\/\" \/>\n<meta property=\"og:site_name\" content=\"Foot d&#039;avant\" \/>\n<meta property=\"article:publisher\" content=\"https:\/\/www.facebook.com\/Footdavant\/\" \/>\n<meta property=\"article:published_time\" content=\"2024-04-05T14:48:19+00:00\" \/>\n<meta property=\"article:modified_time\" content=\"2024-04-05T14:48:20+00:00\" \/>\n<meta property=\"og:image\" content=\"https:\/\/footdavant.fr\/actualites\/wp-content\/uploads\/2023\/11\/La-meilleure-semaine-de-Cole-Palmer-en-tant-que-footballeur.jpg\" \/>\n\t<meta property=\"og:image:width\" content=\"1000\" \/>\n\t<meta property=\"og:image:height\" content=\"600\" \/>\n\t<meta property=\"og:image:type\" content=\"image\/jpeg\" \/>\n<meta name=\"author\" content=\"Cl\u00e9ment\" \/>\n<meta name=\"twitter:card\" content=\"summary_large_image\" \/>\n<meta name=\"twitter:creator\" content=\"@FootdavantFr\" \/>\n<meta name=\"twitter:site\" content=\"@FootdavantFr\" \/>\n<meta name=\"twitter:label1\" content=\"\u00c9crit par\" \/>\n\t<meta name=\"twitter:data1\" content=\"Cl\u00e9ment\" \/>\n\t<meta name=\"twitter:label2\" content=\"Dur\u00e9e de lecture estim\u00e9e\" \/>\n\t<meta name=\"twitter:data2\" content=\"2 minutes\" \/>\n<script type=\"application\/ld+json\" class=\"yoast-schema-graph\">{\"@context\":\"https:\/\/schema.org\",\"@graph\":[{\"@type\":\"Article\",\"@id\":\"https:\/\/footdavant.fr\/actualites\/cole-palmer-sera-t-il-le-joueur-de-lannee-a-chelsea-parlez-de-chelsea\/#article\",\"isPartOf\":{\"@id\":\"https:\/\/footdavant.fr\/actualites\/cole-palmer-sera-t-il-le-joueur-de-lannee-a-chelsea-parlez-de-chelsea\/\"},\"author\":{\"name\":\"Cl\u00e9ment\",\"@id\":\"https:\/\/footdavant.fr\/actualites\/#\/schema\/person\/bc222566d95871b37e597b3ed3ba5e1d\"},\"headline\":\"Cole Palmer sera-t-il le joueur de l&#39;ann\u00e9e \u00e0 Chelsea ? \u2013 Parlez de Chelsea\",\"datePublished\":\"2024-04-05T14:48:19+00:00\",\"dateModified\":\"2024-04-05T14:48:20+00:00\",\"mainEntityOfPage\":{\"@id\":\"https:\/\/footdavant.fr\/actualites\/cole-palmer-sera-t-il-le-joueur-de-lannee-a-chelsea-parlez-de-chelsea\/\"},\"wordCount\":500,\"publisher\":{\"@id\":\"https:\/\/footdavant.fr\/actualites\/#organization\"},\"keywords\":[\"Chelsea\",\"Cole\",\"joueur\",\"l39ann\u00e9e\",\"Palmer\",\"Parlez\",\"seratil\"],\"articleSection\":[\"Football\"],\"inLanguage\":\"fr-FR\"},{\"@type\":\"WebPage\",\"@id\":\"https:\/\/footdavant.fr\/actualites\/cole-palmer-sera-t-il-le-joueur-de-lannee-a-chelsea-parlez-de-chelsea\/\",\"url\":\"https:\/\/footdavant.fr\/actualites\/cole-palmer-sera-t-il-le-joueur-de-lannee-a-chelsea-parlez-de-chelsea\/\",\"name\":\"Cole Palmer sera-t-il le joueur de l&#39;ann\u00e9e \u00e0 Chelsea ? \u2013 Parlez de Chelsea\",\"isPartOf\":{\"@id\":\"https:\/\/footdavant.fr\/actualites\/#website\"},\"datePublished\":\"2024-04-05T14:48:19+00:00\",\"dateModified\":\"2024-04-05T14:48:20+00:00\",\"breadcrumb\":{\"@id\":\"https:\/\/footdavant.fr\/actualites\/cole-palmer-sera-t-il-le-joueur-de-lannee-a-chelsea-parlez-de-chelsea\/#breadcrumb\"},\"inLanguage\":\"fr-FR\",\"potentialAction\":[{\"@type\":\"ReadAction\",\"target\":[\"https:\/\/footdavant.fr\/actualites\/cole-palmer-sera-t-il-le-joueur-de-lannee-a-chelsea-parlez-de-chelsea\/\"]}]},{\"@type\":\"BreadcrumbList\",\"@id\":\"https:\/\/footdavant.fr\/actualites\/cole-palmer-sera-t-il-le-joueur-de-lannee-a-chelsea-parlez-de-chelsea\/#breadcrumb\",\"itemListElement\":[{\"@type\":\"ListItem\",\"position\":1,\"name\":\"Accueil\",\"item\":\"https:\/\/footdavant.fr\/actualites\/\"},{\"@type\":\"ListItem\",\"position\":2,\"name\":\"Cole Palmer sera-t-il le joueur de l&#39;ann\u00e9e \u00e0 Chelsea ? \u2013 Parlez de Chelsea\"}]},{\"@type\":\"WebSite\",\"@id\":\"https:\/\/footdavant.fr\/actualites\/#website\",\"url\":\"https:\/\/footdavant.fr\/actualites\/\",\"name\":\"Foot d'avant\",\"description\":\"\",\"publisher\":{\"@id\":\"https:\/\/footdavant.fr\/actualites\/#organization\"},\"potentialAction\":[{\"@type\":\"SearchAction\",\"target\":{\"@type\":\"EntryPoint\",\"urlTemplate\":\"https:\/\/footdavant.fr\/actualites\/?s={search_term_string}\"},\"query-input\":\"required name=search_term_string\"}],\"inLanguage\":\"fr-FR\"},{\"@type\":\"Organization\",\"@id\":\"https:\/\/footdavant.fr\/actualites\/#organization\",\"name\":\"Foot d'avant\",\"url\":\"https:\/\/footdavant.fr\/actualites\/\",\"logo\":{\"@type\":\"ImageObject\",\"inLanguage\":\"fr-FR\",\"@id\":\"https:\/\/footdavant.fr\/actualites\/#\/schema\/logo\/image\/\",\"url\":\"https:\/\/footdavant.fr\/actualites\/wp-content\/uploads\/2023\/09\/Copy-of-FootDavant-Logo.png\",\"contentUrl\":\"https:\/\/footdavant.fr\/actualites\/wp-content\/uploads\/2023\/09\/Copy-of-FootDavant-Logo.png\",\"width\":936,\"height\":549,\"caption\":\"Foot d'avant\"},\"image\":{\"@id\":\"https:\/\/footdavant.fr\/actualites\/#\/schema\/logo\/image\/\"},\"sameAs\":[\"https:\/\/www.facebook.com\/Footdavant\/\",\"https:\/\/twitter.com\/FootdavantFr\",\"https:\/\/www.instagram.com\/footdavant.fr\/\"]},{\"@type\":\"Person\",\"@id\":\"https:\/\/footdavant.fr\/actualites\/#\/schema\/person\/bc222566d95871b37e597b3ed3ba5e1d\",\"name\":\"Cl\u00e9ment\",\"image\":{\"@type\":\"ImageObject\",\"inLanguage\":\"fr-FR\",\"@id\":\"https:\/\/footdavant.fr\/actualites\/#\/schema\/person\/image\/\",\"url\":\"https:\/\/secure.gravatar.com\/avatar\/7728b29aac2719421e1a9159b2254c44?s=96&d=mm&r=g\",\"contentUrl\":\"https:\/\/secure.gravatar.com\/avatar\/7728b29aac2719421e1a9159b2254c44?s=96&d=mm&r=g\",\"caption\":\"Cl\u00e9ment\"},\"sameAs\":[\"https:\/\/footdavant.fr\/\"]}]}<\/script>\n<!-- \/ Yoast SEO plugin. -->","yoast_head_json":{"title":"Cole Palmer sera-t-il le joueur de l&#39;ann\u00e9e \u00e0 Chelsea ? \u2013 Parlez de Chelsea","robots":{"index":"index","follow":"follow","max-snippet":"max-snippet:-1","max-image-preview":"max-image-preview:large","max-video-preview":"max-video-preview:-1"},"canonical":"https:\/\/footdavant.fr\/actualites\/cole-palmer-sera-t-il-le-joueur-de-lannee-a-chelsea-parlez-de-chelsea\/","og_locale":"fr_FR","og_type":"article","og_title":"Cole Palmer sera-t-il le joueur de l&#39;ann\u00e9e \u00e0 Chelsea ? \u2013 Parlez de Chelsea","og_description":"Chelsea est d\u00e9sormais dans la derni\u00e8re ligne droite de la saison. Les joueurs ont largement le temps de s&#39;\u00e9lever et de chuter et de transformer","og_url":"https:\/\/footdavant.fr\/actualites\/cole-palmer-sera-t-il-le-joueur-de-lannee-a-chelsea-parlez-de-chelsea\/","og_site_name":"Foot d&#039;avant","article_publisher":"https:\/\/www.facebook.com\/Footdavant\/","article_published_time":"2024-04-05T14:48:19+00:00","article_modified_time":"2024-04-05T14:48:20+00:00","og_image":[{"width":1000,"height":600,"url":"https:\/\/footdavant.fr\/actualites\/wp-content\/uploads\/2023\/11\/La-meilleure-semaine-de-Cole-Palmer-en-tant-que-footballeur.jpg","type":"image\/jpeg"}],"author":"Cl\u00e9ment","twitter_card":"summary_large_image","twitter_creator":"@FootdavantFr","twitter_site":"@FootdavantFr","twitter_misc":{"\u00c9crit par":"Cl\u00e9ment","Dur\u00e9e de lecture estim\u00e9e":"2 minutes"},"schema":{"@context":"https:\/\/schema.org","@graph":[{"@type":"Article","@id":"https:\/\/footdavant.fr\/actualites\/cole-palmer-sera-t-il-le-joueur-de-lannee-a-chelsea-parlez-de-chelsea\/#article","isPartOf":{"@id":"https:\/\/footdavant.fr\/actualites\/cole-palmer-sera-t-il-le-joueur-de-lannee-a-chelsea-parlez-de-chelsea\/"},"author":{"name":"Cl\u00e9ment","@id":"https:\/\/footdavant.fr\/actualites\/#\/schema\/person\/bc222566d95871b37e597b3ed3ba5e1d"},"headline":"Cole Palmer sera-t-il le joueur de l&#39;ann\u00e9e \u00e0 Chelsea ? \u2013 Parlez de Chelsea","datePublished":"2024-04-05T14:48:19+00:00","dateModified":"2024-04-05T14:48:20+00:00","mainEntityOfPage":{"@id":"https:\/\/footdavant.fr\/actualites\/cole-palmer-sera-t-il-le-joueur-de-lannee-a-chelsea-parlez-de-chelsea\/"},"wordCount":500,"publisher":{"@id":"https:\/\/footdavant.fr\/actualites\/#organization"},"keywords":["Chelsea","Cole","joueur","l39ann\u00e9e","Palmer","Parlez","seratil"],"articleSection":["Football"],"inLanguage":"fr-FR"},{"@type":"WebPage","@id":"https:\/\/footdavant.fr\/actualites\/cole-palmer-sera-t-il-le-joueur-de-lannee-a-chelsea-parlez-de-chelsea\/","url":"https:\/\/footdavant.fr\/actualites\/cole-palmer-sera-t-il-le-joueur-de-lannee-a-chelsea-parlez-de-chelsea\/","name":"Cole Palmer sera-t-il le joueur de l&#39;ann\u00e9e \u00e0 Chelsea ? \u2013 Parlez de Chelsea","isPartOf":{"@id":"https:\/\/footdavant.fr\/actualites\/#website"},"datePublished":"2024-04-05T14:48:19+00:00","dateModified":"2024-04-05T14:48:20+00:00","breadcrumb":{"@id":"https:\/\/footdavant.fr\/actualites\/cole-palmer-sera-t-il-le-joueur-de-lannee-a-chelsea-parlez-de-chelsea\/#breadcrumb"},"inLanguage":"fr-FR","potentialAction":[{"@type":"ReadAction","target":["https:\/\/footdavant.fr\/actualites\/cole-palmer-sera-t-il-le-joueur-de-lannee-a-chelsea-parlez-de-chelsea\/"]}]},{"@type":"BreadcrumbList","@id":"https:\/\/footdavant.fr\/actualites\/cole-palmer-sera-t-il-le-joueur-de-lannee-a-chelsea-parlez-de-chelsea\/#breadcrumb","itemListElement":[{"@type":"ListItem","position":1,"name":"Accueil","item":"https:\/\/footdavant.fr\/actualites\/"},{"@type":"ListItem","position":2,"name":"Cole Palmer sera-t-il le joueur de l&#39;ann\u00e9e \u00e0 Chelsea ? \u2013 Parlez de Chelsea"}]},{"@type":"WebSite","@id":"https:\/\/footdavant.fr\/actualites\/#website","url":"https:\/\/footdavant.fr\/actualites\/","name":"Foot d'avant","description":"","publisher":{"@id":"https:\/\/footdavant.fr\/actualites\/#organization"},"potentialAction":[{"@type":"SearchAction","target":{"@type":"EntryPoint","urlTemplate":"https:\/\/footdavant.fr\/actualites\/?s={search_term_string}"},"query-input":"required name=search_term_string"}],"inLanguage":"fr-FR"},{"@type":"Organization","@id":"https:\/\/footdavant.fr\/actualites\/#organization","name":"Foot d'avant","url":"https:\/\/footdavant.fr\/actualites\/","logo":{"@type":"ImageObject","inLanguage":"fr-FR","@id":"https:\/\/footdavant.fr\/actualites\/#\/schema\/logo\/image\/","url":"https:\/\/footdavant.fr\/actualites\/wp-content\/uploads\/2023\/09\/Copy-of-FootDavant-Logo.png","contentUrl":"https:\/\/footdavant.fr\/actualites\/wp-content\/uploads\/2023\/09\/Copy-of-FootDavant-Logo.png","width":936,"height":549,"caption":"Foot d'avant"},"image":{"@id":"https:\/\/footdavant.fr\/actualites\/#\/schema\/logo\/image\/"},"sameAs":["https:\/\/www.facebook.com\/Footdavant\/","https:\/\/twitter.com\/FootdavantFr","https:\/\/www.instagram.com\/footdavant.fr\/"]},{"@type":"Person","@id":"https:\/\/footdavant.fr\/actualites\/#\/schema\/person\/bc222566d95871b37e597b3ed3ba5e1d","name":"Cl\u00e9ment","image":{"@type":"ImageObject","inLanguage":"fr-FR","@id":"https:\/\/footdavant.fr\/actualites\/#\/schema\/person\/image\/","url":"https:\/\/secure.gravatar.com\/avatar\/7728b29aac2719421e1a9159b2254c44?s=96&d=mm&r=g","contentUrl":"https:\/\/secure.gravatar.com\/avatar\/7728b29aac2719421e1a9159b2254c44?s=96&d=mm&r=g","caption":"Cl\u00e9ment"},"sameAs":["https:\/\/footdavant.fr\/"]}]}},"_links":{"self":[{"href":"https:\/\/footdavant.fr\/actualites\/wp-json\/wp\/v2\/posts\/7035"}],"collection":[{"href":"https:\/\/footdavant.fr\/actualites\/wp-json\/wp\/v2\/posts"}],"about":[{"href":"https:\/\/footdavant.fr\/actualites\/wp-json\/wp\/v2\/types\/post"}],"author":[{"embeddable":true,"href":"https:\/\/footdavant.fr\/actualites\/wp-json\/wp\/v2\/users\/1"}],"replies":[{"embeddable":true,"href":"https:\/\/footdavant.fr\/actualites\/wp-json\/wp\/v2\/comments?post=7035"}],"version-history":[{"count":1,"href":"https:\/\/footdavant.fr\/actualites\/wp-json\/wp\/v2\/posts\/7035\/revisions"}],"predecessor-version":[{"id":7036,"href":"https:\/\/footdavant.fr\/actualites\/wp-json\/wp\/v2\/posts\/7035\/revisions\/7036"}],"wp:featuredmedia":[{"embeddable":true,"href":"https:\/\/footdavant.fr\/actualites\/wp-json\/wp\/v2\/media\/971"}],"wp:attachment":[{"href":"https:\/\/footdavant.fr\/actualites\/wp-json\/wp\/v2\/media?parent=7035"}],"wp:term":[{"taxonomy":"category","embeddable":true,"href":"https:\/\/footdavant.fr\/actualites\/wp-json\/wp\/v2\/categories?post=7035"},{"taxonomy":"post_tag","embeddable":true,"href":"https:\/\/footdavant.fr\/actualites\/wp-json\/wp\/v2\/tags?post=7035"}],"curies":[{"name":"wp","href":"https:\/\/api.w.org\/{rel}","templated":true}]}}