{"id":7037,"date":"2024-04-05T17:53:42","date_gmt":"2024-04-05T15:53:42","guid":{"rendered":"https:\/\/footdavant.fr\/actualites\/apercu-porto-contre-vitoria-de-guimaraes-pronostics-actualites-de-lequipe-compositions\/"},"modified":"2024-04-05T17:53:43","modified_gmt":"2024-04-05T15:53:43","slug":"apercu-porto-contre-vitoria-de-guimaraes-pronostics-actualites-de-lequipe-compositions","status":"publish","type":"post","link":"https:\/\/footdavant.fr\/actualites\/apercu-porto-contre-vitoria-de-guimaraes-pronostics-actualites-de-lequipe-compositions\/","title":{"rendered":"Aper\u00e7u : Porto contre Vitoria de Guimaraes \u2013 pronostics, actualit\u00e9s de l&#39;\u00e9quipe, compositions"},"content":{"rendered":"<p>Sports Mole pr\u00e9sente un aper\u00e7u du choc de Primeira Liga de dimanche entre Porto et Vitoria de Guimaraes, y compris les pronostics, les nouvelles de l&#39;\u00e9quipe et les compositions possibles.<\/p>\n<div id=\"article_body\" itemprop=\"articleBody\">\n<p class=\"firstPara\"><strong class=\"autotag\">Porto<\/strong> et <strong class=\"autotag\">Vitoria de Guimaraes<\/strong> s&#39;affronteront pour la deuxi\u00e8me fois en quatre jours lorsqu&#39;ils se retrouveront dimanche soir en Primeira Liga.<\/p>\n<p>Les h\u00f4tes se sont impos\u00e9s 1-0 lors du match aller de leur <strong class=\"autotag\">Taca du Portugal<\/strong> demi-finale, laissant les visiteurs derri\u00e8re eux lorsqu&#39;ils s&#39;affronteront pour la troisi\u00e8me fois en deux semaines le 17 avril. <\/p>\n<hr class=\"divide\">\n<h2>Aper\u00e7u du match<\/h2>\n<p class=\"imgI\">\n<p>Porto entre dans ce match apr\u00e8s avoir rebondi apr\u00e8s sa d\u00e9faite lors de son pr\u00e9c\u00e9dent match de Primeira Liga, lorsqu&#39;il a perdu 1-0 contre le modeste Estoril, en battant Guimaraes 1-0 \u00e0 la Taca de Portugal gr\u00e2ce \u00e0 un but de Pepe en seconde p\u00e9riode. <\/p>\n<p>Cette d\u00e9faite contre Estoril a permis \u00e0 Benfica, deuxi\u00e8me, de prendre neuf points d&#39;avance sur Porto, laissant <strong class=\"autotag\">Sergio Conceicao<\/strong>les hommes ont une faible chance de se qualifier pour le <strong class=\"autotag\">Ligue des champions<\/strong> \u00e0 travers la Primeira Liga.<\/p>\n<p>Leur objectif de qualification pour la Ligue des champions semblant improbable, ils devront d\u00e9sormais se concentrer sur la d\u00e9fense de leur troisi\u00e8me place actuelle en championnat, car Braga n&#39;a que deux points de retard sur eux avec sept matches de championnat \u00e0 jouer. <\/p>\n<p>Alors que Braga n&#39;a que deux points de retard, Guimaraes n&#39;a \u00e9galement que cinq points de moins que les h\u00f4tes, ce qui signifie que ce match est crucial pour les deux \u00e9quipes alors qu&#39;elles cherchent \u00e0 terminer aux places europ\u00e9ennes \u00e0 la fin de la saison.<\/p>\n<p>Malgr\u00e9 deux d\u00e9faites lors de ses quatre derni\u00e8res sorties, Porto reste un grand favori pour celle-ci, n&#39;ayant plus perdu contre les visiteurs depuis ao\u00fbt 2018, les laissant invaincus lors des 12 derni\u00e8res rencontres, remportant 11 d&#39;entre elles.<\/p>\n<p class=\"imgI\"><img decoding=\"async\" loading=\"lazy\" class=\"l\" src=\"https:\/\/footdavant.fr\/actualites\/wp-content\/uploads\/2024\/04\/1712332422_854_Apercu-Porto-contre-Vitoria-de-Guimaraes-\u2013-pronostics-actualites.jpg\" title=\"Tiago Silva de Vitoria Guimaraes c\u00e9l\u00e8bre son premier but avec ses co\u00e9quipiers le 11 f\u00e9vrier 2024\" alt=\"Tiago Silva de Vitoria Guimaraes c\u00e9l\u00e8bre son premier but avec ses co\u00e9quipiers le 11 f\u00e9vrier 2024\" width=\"640\" height=\"480\"><\/p>\n<p>Quant \u00e0 Guimaraes, ils entrent dans celui-ci apr\u00e8s une s\u00e9quence de quatre victoires cons\u00e9cutives en championnat, ce qui les a aid\u00e9s \u00e0 rester en lice pour une \u00e9ventuelle quatri\u00e8me ou troisi\u00e8me place. <\/p>\n<p>Ils n&#39;ont perdu que trois fois \u00e0 l&#39;ext\u00e9rieur jusqu&#39;\u00e0 pr\u00e9sent cette saison, r\u00e9coltant le cinqui\u00e8me plus grand total de points de toutes les \u00e9quipes de la ligue lorsqu&#39;ils jouent sur la route. <\/p>\n<p>Malgr\u00e9 cette forme \u00e0 l&#39;ext\u00e9rieur, ils ont toujours connu des difficult\u00e9s \u00e0 l&#39;Estadio Do Dragao, remportant une seule des 18 visites pr\u00e9c\u00e9dentes toutes comp\u00e9titions confondues, alors qu&#39;ils n&#39;ont pas non plus r\u00e9ussi \u00e0 marquer lors de trois des quatre derni\u00e8res. <\/p>\n<p>Guimaraes esp\u00e8re mettre fin \u00e0 cette mauvaise s\u00e9rie lors du prochain match car ils ont une chance de se rapprocher de Braga, qui aura une rencontre difficile contre Arouca, septi\u00e8me, alors qu&#39;ils recherchent le football europ\u00e9en pour la premi\u00e8re fois depuis 2019-20.<\/p>\n<p>Forme de la Primeira Liga de Porto\u00a0:<\/p>\n<p>Forme Porto (toutes comp\u00e9titions) :<\/p>\n<p>Forme de Vitoria de Guimaraes Primeira Liga :<\/p>\n<p>Forme Vitoria de Guimaraes (toutes comp\u00e9titions) :<\/p>\n<hr class=\"divide\">\n<h2>Nouvelles de l&#39;\u00e9quipe<\/h2>\n<p class=\"imgI\"><img decoding=\"async\" loading=\"lazy\" class=\"l\" src=\"https:\/\/footdavant.fr\/actualites\/wp-content\/uploads\/2024\/04\/1712332422_610_Apercu-Porto-contre-Vitoria-de-Guimaraes-\u2013-pronostics-actualites.jpg\" title=\"L&#39;entra\u00eeneur de Porto, Sergio Conceicao, r\u00e9agit le 21 f\u00e9vrier 2024\" alt=\"L&#39;entra\u00eeneur de Porto, Sergio Conceicao, r\u00e9agit le 21 f\u00e9vrier 2024\" width=\"640\" height=\"480\"><\/p>\n<p>Porto entrera dans celui-ci sans une multitude de joueurs en raison de blessures et de suspensions. <\/p>\n<p><strong class=\"autotag\">Ivan Marcano<\/strong> et <strong class=\"autotag\">Zaidu Sanusi<\/strong> devraient rater le reste de la saison apr\u00e8s avoir tous deux subi des blessures aux ligaments crois\u00e9s plus t\u00f4t dans la campagne.<\/p>\n<p>Ils seront \u00e9galement sans <strong class=\"autotag\">Otavio<\/strong> et <strong class=\"autotag\">Evanilson<\/strong> pour cause de suspension, mais ils seront boost\u00e9s d\u00e8s le retour de <strong class=\"autotag\">Diogo Costa<\/strong> et <strong class=\"autotag\">Francisco Conceicao<\/strong>.<\/p>\n<p>Quant \u00e0 Guimaraes, il aborde ce match avec un groupe en pleine forme, sortant <strong class=\"autotag\">\u00c1lvaro Pacheco<\/strong> avec beaucoup de choses \u00e0 penser concernant la s\u00e9lection de son \u00e9quipe. <\/p>\n<p>Meilleur buteur <strong class=\"autotag\">Jota Silva<\/strong> est susceptible de mener la ligne de son \u00e9quipe dans celui-ci, et l&#39;attaquant entre dans ce match en grande forme apr\u00e8s avoir marqu\u00e9 quatre fois lors de ses cinq derniers matchs pour le club.<\/p>\n<p><strong>Onze de d\u00e9part possibles \u00e0 Porto\u00a0:<\/strong><br \/>Costa\u00a0;  Mario, Cardoso, P\u00e9p\u00e9, Wendell\u00a0;  Gonz\u00e1lez, Varela;  Conceicao, Aquino, Galeno\u00a0;  Tar\u00e9mi<\/p>\n<p><strong>Onze de d\u00e9part possibles pour le Vitoria de Guimaraes\u00a0:<\/strong><br \/>Varela\u00a0;  Ribeiro, Borevkovic, Fernandes\u00a0;  Gaspar, T. Silva, Haendel, Mendes, Mangas\u00a0;  Oliveira, J Silva<\/p>\n<hr class=\"divide\">\n<p class=\"sm_center\"><img decoding=\"async\" loading=\"lazy\" class=\"l\" src=\"https:\/\/footdavant.fr\/actualites\/wp-content\/uploads\/2024\/04\/Apercu-Porto-contre-Vitoria-de-Guimaraes-\u2013-pronostics-actualites.png\" title=\"Mots SM fond vert\" alt=\"Mots SM fond vert\" width=\"210\" height=\"53\"><\/p>\n<h2 class=\"sm_center\">Nous disons : Porto 2-0 Vitoria de Guimaraes<\/h2>\n<p>Les h\u00f4tes ont appr\u00e9ci\u00e9 ce match dans leur histoire r\u00e9cente, remportant toutes les 20 rencontres entre les deux \u00e9quipes depuis novembre 2008, sauf deux, pour une d\u00e9faite et un match nul. <\/p>\n<p>Les visiteurs n&#39;ont pas r\u00e9ussi \u00e0 marquer lors de trois de leurs quatre derni\u00e8res visites dans ce stade, et nous constatons que cela se produit une fois de plus dans celui-ci.<\/p>\n<p>Pour l\u2019analyse des donn\u00e9es des r\u00e9sultats les plus probables, des scores et plus encore pour ce match, veuillez cliquer ici.<\/p>\n<hr class=\"divide\">\n<hr class=\"divide\">\n<hr class=\"divide\">\n<h2>Aper\u00e7us par email<\/h2>\n<div>Cliquez ici pour obtenir <strong>Taupe de sport<\/strong>L&#39;e-mail quotidien d&#39;avant-premi\u00e8res et de pronostics pour chaque jeu majeur\u00a0!<\/div>\n<p><\/p>\n<hr class=\"divide\"><\/div>\n","protected":false},"excerpt":{"rendered":"<p>Sports Mole pr\u00e9sente un aper\u00e7u du choc de Primeira Liga de dimanche entre Porto et Vitoria de Guimaraes, y compris les pronostics, les nouvelles de<\/p>\n","protected":false},"author":1,"featured_media":7038,"comment_status":"closed","ping_status":"","sticky":false,"template":"","format":"standard","meta":{"footnotes":""},"categories":[4],"tags":[7,284,383,20,2116,4219,381,382,4444],"yoast_head":"<!-- This site is optimized with the Yoast SEO plugin v21.0 - https:\/\/yoast.com\/wordpress\/plugins\/seo\/ -->\n<title>Aper\u00e7u : Porto contre Vitoria de Guimaraes \u2013 pronostics, actualit\u00e9s de l&#039;\u00e9quipe, compositions<\/title>\n<meta name=\"robots\" content=\"index, follow, max-snippet:-1, max-image-preview:large, max-video-preview:-1\" \/>\n<link rel=\"canonical\" href=\"https:\/\/footdavant.fr\/actualites\/apercu-porto-contre-vitoria-de-guimaraes-pronostics-actualites-de-lequipe-compositions\/\" \/>\n<meta property=\"og:locale\" content=\"fr_FR\" \/>\n<meta property=\"og:type\" content=\"article\" \/>\n<meta property=\"og:title\" content=\"Aper\u00e7u : Porto contre Vitoria de Guimaraes \u2013 pronostics, actualit\u00e9s de l&#039;\u00e9quipe, compositions\" \/>\n<meta property=\"og:description\" content=\"Sports Mole pr\u00e9sente un aper\u00e7u du choc de Primeira Liga de dimanche entre Porto et Vitoria de Guimaraes, y compris les pronostics, les nouvelles de\" \/>\n<meta property=\"og:url\" content=\"https:\/\/footdavant.fr\/actualites\/apercu-porto-contre-vitoria-de-guimaraes-pronostics-actualites-de-lequipe-compositions\/\" \/>\n<meta property=\"og:site_name\" content=\"Foot d&#039;avant\" \/>\n<meta property=\"article:publisher\" content=\"https:\/\/www.facebook.com\/Footdavant\/\" \/>\n<meta property=\"article:published_time\" content=\"2024-04-05T15:53:42+00:00\" \/>\n<meta property=\"article:modified_time\" content=\"2024-04-05T15:53:43+00:00\" \/>\n<meta property=\"og:image\" content=\"https:\/\/footdavant.fr\/actualites\/wp-content\/uploads\/2024\/04\/Apercu-Porto-contre-Vitoria-de-Guimaraes-\u2013-pronostics-actualites.jpg\" \/>\n\t<meta property=\"og:image:width\" content=\"640\" \/>\n\t<meta property=\"og:image:height\" content=\"480\" \/>\n\t<meta property=\"og:image:type\" content=\"image\/jpeg\" \/>\n<meta name=\"author\" content=\"Cl\u00e9ment\" \/>\n<meta name=\"twitter:card\" content=\"summary_large_image\" \/>\n<meta name=\"twitter:creator\" content=\"@FootdavantFr\" \/>\n<meta name=\"twitter:site\" content=\"@FootdavantFr\" \/>\n<meta name=\"twitter:label1\" content=\"\u00c9crit par\" \/>\n\t<meta name=\"twitter:data1\" content=\"Cl\u00e9ment\" \/>\n\t<meta name=\"twitter:label2\" content=\"Dur\u00e9e de lecture estim\u00e9e\" \/>\n\t<meta name=\"twitter:data2\" content=\"4 minutes\" \/>\n<script type=\"application\/ld+json\" class=\"yoast-schema-graph\">{\"@context\":\"https:\/\/schema.org\",\"@graph\":[{\"@type\":\"Article\",\"@id\":\"https:\/\/footdavant.fr\/actualites\/apercu-porto-contre-vitoria-de-guimaraes-pronostics-actualites-de-lequipe-compositions\/#article\",\"isPartOf\":{\"@id\":\"https:\/\/footdavant.fr\/actualites\/apercu-porto-contre-vitoria-de-guimaraes-pronostics-actualites-de-lequipe-compositions\/\"},\"author\":{\"name\":\"Cl\u00e9ment\",\"@id\":\"https:\/\/footdavant.fr\/actualites\/#\/schema\/person\/bc222566d95871b37e597b3ed3ba5e1d\"},\"headline\":\"Aper\u00e7u : Porto contre Vitoria de Guimaraes \u2013 pronostics, actualit\u00e9s de l&#39;\u00e9quipe, compositions\",\"datePublished\":\"2024-04-05T15:53:42+00:00\",\"dateModified\":\"2024-04-05T15:53:43+00:00\",\"mainEntityOfPage\":{\"@id\":\"https:\/\/footdavant.fr\/actualites\/apercu-porto-contre-vitoria-de-guimaraes-pronostics-actualites-de-lequipe-compositions\/\"},\"wordCount\":836,\"publisher\":{\"@id\":\"https:\/\/footdavant.fr\/actualites\/#organization\"},\"keywords\":[\"Actualit\u00e9s\",\"Aper\u00e7u\",\"compositions\",\"contre\",\"Guimaraes\",\"l39\u00e9quipe\",\"Porto\",\"pronostics\",\"Vitoria\"],\"articleSection\":[\"Champions League\"],\"inLanguage\":\"fr-FR\"},{\"@type\":\"WebPage\",\"@id\":\"https:\/\/footdavant.fr\/actualites\/apercu-porto-contre-vitoria-de-guimaraes-pronostics-actualites-de-lequipe-compositions\/\",\"url\":\"https:\/\/footdavant.fr\/actualites\/apercu-porto-contre-vitoria-de-guimaraes-pronostics-actualites-de-lequipe-compositions\/\",\"name\":\"Aper\u00e7u : Porto contre Vitoria de Guimaraes \u2013 pronostics, actualit\u00e9s de l&#39;\u00e9quipe, compositions\",\"isPartOf\":{\"@id\":\"https:\/\/footdavant.fr\/actualites\/#website\"},\"datePublished\":\"2024-04-05T15:53:42+00:00\",\"dateModified\":\"2024-04-05T15:53:43+00:00\",\"breadcrumb\":{\"@id\":\"https:\/\/footdavant.fr\/actualites\/apercu-porto-contre-vitoria-de-guimaraes-pronostics-actualites-de-lequipe-compositions\/#breadcrumb\"},\"inLanguage\":\"fr-FR\",\"potentialAction\":[{\"@type\":\"ReadAction\",\"target\":[\"https:\/\/footdavant.fr\/actualites\/apercu-porto-contre-vitoria-de-guimaraes-pronostics-actualites-de-lequipe-compositions\/\"]}]},{\"@type\":\"BreadcrumbList\",\"@id\":\"https:\/\/footdavant.fr\/actualites\/apercu-porto-contre-vitoria-de-guimaraes-pronostics-actualites-de-lequipe-compositions\/#breadcrumb\",\"itemListElement\":[{\"@type\":\"ListItem\",\"position\":1,\"name\":\"Accueil\",\"item\":\"https:\/\/footdavant.fr\/actualites\/\"},{\"@type\":\"ListItem\",\"position\":2,\"name\":\"Aper\u00e7u : Porto contre Vitoria de Guimaraes \u2013 pronostics, actualit\u00e9s de l&#39;\u00e9quipe, compositions\"}]},{\"@type\":\"WebSite\",\"@id\":\"https:\/\/footdavant.fr\/actualites\/#website\",\"url\":\"https:\/\/footdavant.fr\/actualites\/\",\"name\":\"Foot d'avant\",\"description\":\"\",\"publisher\":{\"@id\":\"https:\/\/footdavant.fr\/actualites\/#organization\"},\"potentialAction\":[{\"@type\":\"SearchAction\",\"target\":{\"@type\":\"EntryPoint\",\"urlTemplate\":\"https:\/\/footdavant.fr\/actualites\/?s={search_term_string}\"},\"query-input\":\"required name=search_term_string\"}],\"inLanguage\":\"fr-FR\"},{\"@type\":\"Organization\",\"@id\":\"https:\/\/footdavant.fr\/actualites\/#organization\",\"name\":\"Foot d'avant\",\"url\":\"https:\/\/footdavant.fr\/actualites\/\",\"logo\":{\"@type\":\"ImageObject\",\"inLanguage\":\"fr-FR\",\"@id\":\"https:\/\/footdavant.fr\/actualites\/#\/schema\/logo\/image\/\",\"url\":\"https:\/\/footdavant.fr\/actualites\/wp-content\/uploads\/2023\/09\/Copy-of-FootDavant-Logo.png\",\"contentUrl\":\"https:\/\/footdavant.fr\/actualites\/wp-content\/uploads\/2023\/09\/Copy-of-FootDavant-Logo.png\",\"width\":936,\"height\":549,\"caption\":\"Foot d'avant\"},\"image\":{\"@id\":\"https:\/\/footdavant.fr\/actualites\/#\/schema\/logo\/image\/\"},\"sameAs\":[\"https:\/\/www.facebook.com\/Footdavant\/\",\"https:\/\/twitter.com\/FootdavantFr\",\"https:\/\/www.instagram.com\/footdavant.fr\/\"]},{\"@type\":\"Person\",\"@id\":\"https:\/\/footdavant.fr\/actualites\/#\/schema\/person\/bc222566d95871b37e597b3ed3ba5e1d\",\"name\":\"Cl\u00e9ment\",\"image\":{\"@type\":\"ImageObject\",\"inLanguage\":\"fr-FR\",\"@id\":\"https:\/\/footdavant.fr\/actualites\/#\/schema\/person\/image\/\",\"url\":\"https:\/\/secure.gravatar.com\/avatar\/7728b29aac2719421e1a9159b2254c44?s=96&d=mm&r=g\",\"contentUrl\":\"https:\/\/secure.gravatar.com\/avatar\/7728b29aac2719421e1a9159b2254c44?s=96&d=mm&r=g\",\"caption\":\"Cl\u00e9ment\"},\"sameAs\":[\"https:\/\/footdavant.fr\/\"]}]}<\/script>\n<!-- \/ Yoast SEO plugin. -->","yoast_head_json":{"title":"Aper\u00e7u : Porto contre Vitoria de Guimaraes \u2013 pronostics, actualit\u00e9s de l&#39;\u00e9quipe, compositions","robots":{"index":"index","follow":"follow","max-snippet":"max-snippet:-1","max-image-preview":"max-image-preview:large","max-video-preview":"max-video-preview:-1"},"canonical":"https:\/\/footdavant.fr\/actualites\/apercu-porto-contre-vitoria-de-guimaraes-pronostics-actualites-de-lequipe-compositions\/","og_locale":"fr_FR","og_type":"article","og_title":"Aper\u00e7u : Porto contre Vitoria de Guimaraes \u2013 pronostics, actualit\u00e9s de l&#39;\u00e9quipe, compositions","og_description":"Sports Mole pr\u00e9sente un aper\u00e7u du choc de Primeira Liga de dimanche entre Porto et Vitoria de Guimaraes, y compris les pronostics, les nouvelles de","og_url":"https:\/\/footdavant.fr\/actualites\/apercu-porto-contre-vitoria-de-guimaraes-pronostics-actualites-de-lequipe-compositions\/","og_site_name":"Foot d&#039;avant","article_publisher":"https:\/\/www.facebook.com\/Footdavant\/","article_published_time":"2024-04-05T15:53:42+00:00","article_modified_time":"2024-04-05T15:53:43+00:00","og_image":[{"width":640,"height":480,"url":"https:\/\/footdavant.fr\/actualites\/wp-content\/uploads\/2024\/04\/Apercu-Porto-contre-Vitoria-de-Guimaraes-\u2013-pronostics-actualites.jpg","type":"image\/jpeg"}],"author":"Cl\u00e9ment","twitter_card":"summary_large_image","twitter_creator":"@FootdavantFr","twitter_site":"@FootdavantFr","twitter_misc":{"\u00c9crit par":"Cl\u00e9ment","Dur\u00e9e de lecture estim\u00e9e":"4 minutes"},"schema":{"@context":"https:\/\/schema.org","@graph":[{"@type":"Article","@id":"https:\/\/footdavant.fr\/actualites\/apercu-porto-contre-vitoria-de-guimaraes-pronostics-actualites-de-lequipe-compositions\/#article","isPartOf":{"@id":"https:\/\/footdavant.fr\/actualites\/apercu-porto-contre-vitoria-de-guimaraes-pronostics-actualites-de-lequipe-compositions\/"},"author":{"name":"Cl\u00e9ment","@id":"https:\/\/footdavant.fr\/actualites\/#\/schema\/person\/bc222566d95871b37e597b3ed3ba5e1d"},"headline":"Aper\u00e7u : Porto contre Vitoria de Guimaraes \u2013 pronostics, actualit\u00e9s de l&#39;\u00e9quipe, compositions","datePublished":"2024-04-05T15:53:42+00:00","dateModified":"2024-04-05T15:53:43+00:00","mainEntityOfPage":{"@id":"https:\/\/footdavant.fr\/actualites\/apercu-porto-contre-vitoria-de-guimaraes-pronostics-actualites-de-lequipe-compositions\/"},"wordCount":836,"publisher":{"@id":"https:\/\/footdavant.fr\/actualites\/#organization"},"keywords":["Actualit\u00e9s","Aper\u00e7u","compositions","contre","Guimaraes","l39\u00e9quipe","Porto","pronostics","Vitoria"],"articleSection":["Champions League"],"inLanguage":"fr-FR"},{"@type":"WebPage","@id":"https:\/\/footdavant.fr\/actualites\/apercu-porto-contre-vitoria-de-guimaraes-pronostics-actualites-de-lequipe-compositions\/","url":"https:\/\/footdavant.fr\/actualites\/apercu-porto-contre-vitoria-de-guimaraes-pronostics-actualites-de-lequipe-compositions\/","name":"Aper\u00e7u : Porto contre Vitoria de Guimaraes \u2013 pronostics, actualit\u00e9s de l&#39;\u00e9quipe, compositions","isPartOf":{"@id":"https:\/\/footdavant.fr\/actualites\/#website"},"datePublished":"2024-04-05T15:53:42+00:00","dateModified":"2024-04-05T15:53:43+00:00","breadcrumb":{"@id":"https:\/\/footdavant.fr\/actualites\/apercu-porto-contre-vitoria-de-guimaraes-pronostics-actualites-de-lequipe-compositions\/#breadcrumb"},"inLanguage":"fr-FR","potentialAction":[{"@type":"ReadAction","target":["https:\/\/footdavant.fr\/actualites\/apercu-porto-contre-vitoria-de-guimaraes-pronostics-actualites-de-lequipe-compositions\/"]}]},{"@type":"BreadcrumbList","@id":"https:\/\/footdavant.fr\/actualites\/apercu-porto-contre-vitoria-de-guimaraes-pronostics-actualites-de-lequipe-compositions\/#breadcrumb","itemListElement":[{"@type":"ListItem","position":1,"name":"Accueil","item":"https:\/\/footdavant.fr\/actualites\/"},{"@type":"ListItem","position":2,"name":"Aper\u00e7u : Porto contre Vitoria de Guimaraes \u2013 pronostics, actualit\u00e9s de l&#39;\u00e9quipe, compositions"}]},{"@type":"WebSite","@id":"https:\/\/footdavant.fr\/actualites\/#website","url":"https:\/\/footdavant.fr\/actualites\/","name":"Foot d'avant","description":"","publisher":{"@id":"https:\/\/footdavant.fr\/actualites\/#organization"},"potentialAction":[{"@type":"SearchAction","target":{"@type":"EntryPoint","urlTemplate":"https:\/\/footdavant.fr\/actualites\/?s={search_term_string}"},"query-input":"required name=search_term_string"}],"inLanguage":"fr-FR"},{"@type":"Organization","@id":"https:\/\/footdavant.fr\/actualites\/#organization","name":"Foot d'avant","url":"https:\/\/footdavant.fr\/actualites\/","logo":{"@type":"ImageObject","inLanguage":"fr-FR","@id":"https:\/\/footdavant.fr\/actualites\/#\/schema\/logo\/image\/","url":"https:\/\/footdavant.fr\/actualites\/wp-content\/uploads\/2023\/09\/Copy-of-FootDavant-Logo.png","contentUrl":"https:\/\/footdavant.fr\/actualites\/wp-content\/uploads\/2023\/09\/Copy-of-FootDavant-Logo.png","width":936,"height":549,"caption":"Foot d'avant"},"image":{"@id":"https:\/\/footdavant.fr\/actualites\/#\/schema\/logo\/image\/"},"sameAs":["https:\/\/www.facebook.com\/Footdavant\/","https:\/\/twitter.com\/FootdavantFr","https:\/\/www.instagram.com\/footdavant.fr\/"]},{"@type":"Person","@id":"https:\/\/footdavant.fr\/actualites\/#\/schema\/person\/bc222566d95871b37e597b3ed3ba5e1d","name":"Cl\u00e9ment","image":{"@type":"ImageObject","inLanguage":"fr-FR","@id":"https:\/\/footdavant.fr\/actualites\/#\/schema\/person\/image\/","url":"https:\/\/secure.gravatar.com\/avatar\/7728b29aac2719421e1a9159b2254c44?s=96&d=mm&r=g","contentUrl":"https:\/\/secure.gravatar.com\/avatar\/7728b29aac2719421e1a9159b2254c44?s=96&d=mm&r=g","caption":"Cl\u00e9ment"},"sameAs":["https:\/\/footdavant.fr\/"]}]}},"_links":{"self":[{"href":"https:\/\/footdavant.fr\/actualites\/wp-json\/wp\/v2\/posts\/7037"}],"collection":[{"href":"https:\/\/footdavant.fr\/actualites\/wp-json\/wp\/v2\/posts"}],"about":[{"href":"https:\/\/footdavant.fr\/actualites\/wp-json\/wp\/v2\/types\/post"}],"author":[{"embeddable":true,"href":"https:\/\/footdavant.fr\/actualites\/wp-json\/wp\/v2\/users\/1"}],"replies":[{"embeddable":true,"href":"https:\/\/footdavant.fr\/actualites\/wp-json\/wp\/v2\/comments?post=7037"}],"version-history":[{"count":1,"href":"https:\/\/footdavant.fr\/actualites\/wp-json\/wp\/v2\/posts\/7037\/revisions"}],"predecessor-version":[{"id":7039,"href":"https:\/\/footdavant.fr\/actualites\/wp-json\/wp\/v2\/posts\/7037\/revisions\/7039"}],"wp:featuredmedia":[{"embeddable":true,"href":"https:\/\/footdavant.fr\/actualites\/wp-json\/wp\/v2\/media\/7038"}],"wp:attachment":[{"href":"https:\/\/footdavant.fr\/actualites\/wp-json\/wp\/v2\/media?parent=7037"}],"wp:term":[{"taxonomy":"category","embeddable":true,"href":"https:\/\/footdavant.fr\/actualites\/wp-json\/wp\/v2\/categories?post=7037"},{"taxonomy":"post_tag","embeddable":true,"href":"https:\/\/footdavant.fr\/actualites\/wp-json\/wp\/v2\/tags?post=7037"}],"curies":[{"name":"wp","href":"https:\/\/api.w.org\/{rel}","templated":true}]}}