{"id":7046,"date":"2024-04-05T21:49:16","date_gmt":"2024-04-05T19:49:16","guid":{"rendered":"https:\/\/footdavant.fr\/actualites\/pep-guardiola-fait-le-point-sur-kyle-walker-pour-le-choc-avec-le-real-madrid\/"},"modified":"2024-04-05T21:49:17","modified_gmt":"2024-04-05T19:49:17","slug":"pep-guardiola-fait-le-point-sur-kyle-walker-pour-le-choc-avec-le-real-madrid","status":"publish","type":"post","link":"https:\/\/footdavant.fr\/actualites\/pep-guardiola-fait-le-point-sur-kyle-walker-pour-le-choc-avec-le-real-madrid\/","title":{"rendered":"Pep Guardiola fait le point sur Kyle Walker pour le choc avec le Real Madrid"},"content":{"rendered":"<p>Le manager de Manchester City, Pep Guardiola, publie une mise \u00e0 jour inqui\u00e9tante sur la forme physique de Kyle Walker avant le quart de finale aller de la Ligue des champions la semaine prochaine avec le Real Madrid.<\/p>\n<div id=\"article_body\" itemprop=\"articleBody\">\n<h3 class=\"firstPara\">\n<strong class=\"autotag\">Manchester City<\/strong> l&#39;entra\u00eeneur-chef <strong class=\"autotag\">Pep Guardiola<\/strong> a minimis\u00e9 <strong class=\"autotag\">Kyle Walker<\/strong>&#39;les chances d&#39;\u00eatre apte pour les Citizens&#39; <strong class=\"autotag\">Ligue des champions<\/strong> quart de finale aller avec <strong class=\"autotag\">Real Madrid<\/strong> la semaine prochaine.<\/h3>\n<p>L&#39;ancien joueur de Tottenham Hotspur a \u00e9t\u00e9 absent des deux derniers matches des Citizens en raison d&#39;une blessure \u00e0 la cuisse qu&#39;il a subie lors du match amical entre l&#39;Angleterre et le Br\u00e9sil le mois dernier.<\/p>\n<p>City a pris quatre points sur six possibles contre Aston Villa et Arsenal sous le regard de Walker dans l&#39;infirmerie, o\u00f9 <strong class=\"autotag\">Nathan Ak\u00e9<\/strong> (veau) et <strong class=\"autotag\">Ederson<\/strong> (cuisse) r\u00e9sident \u00e9galement.<\/p>\n<p>S&#39;adressant aux m\u00e9dias avant la victoire 4-1 contre Villa mercredi soir, Guardiola a r\u00e9v\u00e9l\u00e9 que les m\u00e9decins de Man City avaient exclu la possibilit\u00e9 que Walker affronte les leaders de la Liga le 9 avril, mais que le joueur de 33 ans est toujours titulaire. dans l&#39;espoir d&#39;une apparition.<\/p>\n<p>\u00ab\u00a0Les m\u00e9decins disent non, mais Kyle est Kyle, il a une g\u00e9n\u00e9tique sp\u00e9ciale. Le m\u00e9decin m&#39;a dit que c&#39;\u00e9tait assez grave, mais j&#39;ai dit que Kyle est Kyle\u00a0\u00bb, a d\u00e9clar\u00e9 le m\u00e9decin. <em>Nouvelles du soir de Manchester<\/em> cite Guardiola en disant.<\/p>\n<h2>\u00c0 quel point l&#39;absence de Walker serait-elle un coup dur ?<\/h2>\n<p class=\"imgI\">\n<p>Le match amical de l&#39;Angleterre contre le Br\u00e9sil le mois dernier aurait d\u00fb \u00eatre une pr\u00e9paration \u00e0 une bataille individuelle fascinante au Bernabeu entre le capitaine de City, Walker, et l&#39;ailier effervescent du Real. <strong class=\"autotag\">Vinicius Junior<\/strong>.<\/p>\n<p>Les deux hommes s&#39;\u00e9taient d\u00e9j\u00e0 engag\u00e9s dans un face-\u00e0-face tr\u00e8s attendu lors des demi-finales de l&#39;ann\u00e9e derni\u00e8re, et Vinicius a salu\u00e9 Walker comme le meilleur d\u00e9fenseur contre lequel il ait jamais jou\u00e9 apr\u00e8s la victoire du Br\u00e9sil contre les Trois Lions \u00e0 Wembley.<\/p>\n<p>L&#39;ancien joueur des Spurs f\u00eatera peut-\u00eatre son 34e anniversaire le mois prochain, mais son rythme exceptionnel et sa conscience d\u00e9fensive ne l&#39;ont pas abandonn\u00e9, alors qu&#39;il a \u00e9galement contribu\u00e9 avec trois passes d\u00e9cisives en 38 matches cette saison.<\/p>\n<p>Il n&#39;y a pas si longtemps, Guardiola affirmait que Walker ne pouvait pas jouer dans son nouveau syst\u00e8me de City, car <strong class=\"autotag\">John Pierres<\/strong> et <strong class=\"autotag\">Jo\u00e3o Cancelo<\/strong> a trouv\u00e9 le succ\u00e8s en tant qu&#39;arri\u00e8res lat\u00e9raux invers\u00e9s, mais la brouille de ce dernier avec son manager a permis \u00e0 Walker de revenir r\u00e9guli\u00e8rement dans l&#39;\u00e9quipe.<\/p>\n<p>Le capitaine des Citizens \u2013 qui a assum\u00e9 les fonctions de brassard apr\u00e8s <strong class=\"autotag\">Ilkay G\u00fcndogan<\/strong>La sortie de Guardiola &#8211; a certainement r\u00e9compens\u00e9 la confiance renouvel\u00e9e de Guardiola en lui, et son absence probable du match aller du Bernabeu serait un revers massif pour les chances des champions de glaner un avantage rapide.<\/p>\n<h2>Qui pourrait remplacer Walker contre le Real Madrid ?<\/h2>\n<p class=\"imgI\"><img decoding=\"async\" loading=\"lazy\" class=\"l\" src=\"https:\/\/footdavant.fr\/actualites\/wp-content\/uploads\/2024\/04\/Pep-Guardiola-fait-le-point-sur-Kyle-Walker-pour-le.JPG\" title=\"Rico Lewis c\u00e9l\u00e8bre son but pour Manchester City le 16 d\u00e9cembre 2023\" alt=\"Rico Lewis c\u00e9l\u00e8bre son but pour Manchester City le 16 d\u00e9cembre 2023\" width=\"640\" height=\"480\"><\/p>\n<p>Alors que Walker est presque certain de manquer une place dans le onze de d\u00e9part dans la capitale espagnole, Guardiola pourrait travailler avec le seul arri\u00e8re droit reconnu la semaine prochaine, en la personne de 19 ans. <strong class=\"autotag\">Rico Lewis<\/strong>.<\/p>\n<p>Bien qu&#39;il ne soit pas aussi intimidant physiquement avec seulement 5 pieds 6 pouces, Lewis a d\u00e9j\u00e0 prouv\u00e9 sa valeur \u00e0 Guardiola lors de la Ligue des champions 2023-24, en commen\u00e7ant cinq des matchs de groupe des Citizens et le match retour de leur victoire en huiti\u00e8mes de finale contre Copenhague.<\/p>\n<p>Le test de Vinicius sera sans aucun doute le plus difficile auquel Lewis ait \u00e9t\u00e9 confront\u00e9 au cours de sa carri\u00e8re embryonnaire \u00e0 City, et Guardiola pourrait d\u00e9cider de parier sur l\u2019une des deux options les plus imposantes pour le match aller.<\/p>\n<p><strong class=\"autotag\">Manuel Akanji<\/strong> a commenc\u00e9 le match nul avec Arsenal \u00e0 l&#39;arri\u00e8re droit avant de se d\u00e9placer au centre en raison de la blessure d&#39;Ake, tandis que Stones \u00e9tait de nouveau sur le banc pour la visite de Villa et s&#39;efforce apparemment d&#39;\u00eatre en pleine forme pour le match aller, mais cela peut encore \u00eatre consid\u00e9r\u00e9 comme trop bient\u00f4t pour que l&#39;Anglais revienne dans le premier XI.<\/p>\n<\/div>\n","protected":false},"excerpt":{"rendered":"<p>Le manager de Manchester City, Pep Guardiola, publie une mise \u00e0 jour inqui\u00e9tante sur la forme physique de Kyle Walker avant le quart de finale<\/p>\n","protected":false},"author":1,"featured_media":7047,"comment_status":"closed","ping_status":"","sticky":false,"template":"","format":"standard","meta":{"footnotes":""},"categories":[4],"tags":[91,332,152,8,1193,303,6,153,51,302,103,1194],"yoast_head":"<!-- This site is optimized with the Yoast SEO plugin v21.0 - https:\/\/yoast.com\/wordpress\/plugins\/seo\/ -->\n<title>Pep Guardiola fait le point sur Kyle Walker pour le choc avec le Real Madrid<\/title>\n<meta name=\"robots\" content=\"index, follow, max-snippet:-1, max-image-preview:large, max-video-preview:-1\" \/>\n<link rel=\"canonical\" href=\"https:\/\/footdavant.fr\/actualites\/pep-guardiola-fait-le-point-sur-kyle-walker-pour-le-choc-avec-le-real-madrid\/\" \/>\n<meta property=\"og:locale\" content=\"fr_FR\" \/>\n<meta property=\"og:type\" content=\"article\" \/>\n<meta property=\"og:title\" content=\"Pep Guardiola fait le point sur Kyle Walker pour le choc avec le Real Madrid\" \/>\n<meta property=\"og:description\" content=\"Le manager de Manchester City, Pep Guardiola, publie une mise \u00e0 jour inqui\u00e9tante sur la forme physique de Kyle Walker avant le quart de finale\" \/>\n<meta property=\"og:url\" content=\"https:\/\/footdavant.fr\/actualites\/pep-guardiola-fait-le-point-sur-kyle-walker-pour-le-choc-avec-le-real-madrid\/\" \/>\n<meta property=\"og:site_name\" content=\"Foot d&#039;avant\" \/>\n<meta property=\"article:publisher\" content=\"https:\/\/www.facebook.com\/Footdavant\/\" \/>\n<meta property=\"article:published_time\" content=\"2024-04-05T19:49:16+00:00\" \/>\n<meta property=\"article:modified_time\" content=\"2024-04-05T19:49:17+00:00\" \/>\n<meta property=\"og:image\" content=\"https:\/\/footdavant.fr\/actualites\/wp-content\/uploads\/2024\/04\/Pep-Guardiola-fait-le-point-sur-Kyle-Walker-pour-le.jpg\" \/>\n\t<meta property=\"og:image:width\" content=\"640\" \/>\n\t<meta property=\"og:image:height\" content=\"480\" \/>\n\t<meta property=\"og:image:type\" content=\"image\/jpeg\" \/>\n<meta name=\"author\" content=\"Cl\u00e9ment\" \/>\n<meta name=\"twitter:card\" content=\"summary_large_image\" \/>\n<meta name=\"twitter:creator\" content=\"@FootdavantFr\" \/>\n<meta name=\"twitter:site\" content=\"@FootdavantFr\" \/>\n<meta name=\"twitter:label1\" content=\"\u00c9crit par\" \/>\n\t<meta name=\"twitter:data1\" content=\"Cl\u00e9ment\" \/>\n\t<meta name=\"twitter:label2\" content=\"Dur\u00e9e de lecture estim\u00e9e\" \/>\n\t<meta name=\"twitter:data2\" content=\"4 minutes\" \/>\n<script type=\"application\/ld+json\" class=\"yoast-schema-graph\">{\"@context\":\"https:\/\/schema.org\",\"@graph\":[{\"@type\":\"Article\",\"@id\":\"https:\/\/footdavant.fr\/actualites\/pep-guardiola-fait-le-point-sur-kyle-walker-pour-le-choc-avec-le-real-madrid\/#article\",\"isPartOf\":{\"@id\":\"https:\/\/footdavant.fr\/actualites\/pep-guardiola-fait-le-point-sur-kyle-walker-pour-le-choc-avec-le-real-madrid\/\"},\"author\":{\"name\":\"Cl\u00e9ment\",\"@id\":\"https:\/\/footdavant.fr\/actualites\/#\/schema\/person\/bc222566d95871b37e597b3ed3ba5e1d\"},\"headline\":\"Pep Guardiola fait le point sur Kyle Walker pour le choc avec le Real Madrid\",\"datePublished\":\"2024-04-05T19:49:16+00:00\",\"dateModified\":\"2024-04-05T19:49:17+00:00\",\"mainEntityOfPage\":{\"@id\":\"https:\/\/footdavant.fr\/actualites\/pep-guardiola-fait-le-point-sur-kyle-walker-pour-le-choc-avec-le-real-madrid\/\"},\"wordCount\":743,\"publisher\":{\"@id\":\"https:\/\/footdavant.fr\/actualites\/#organization\"},\"keywords\":[\"avec\",\"choc\",\"fait\",\"Guardiola\",\"Kyle\",\"Madrid\",\"Pep\",\"point\",\"pour\",\"Real\",\"sur\",\"Walker\"],\"articleSection\":[\"Champions League\"],\"inLanguage\":\"fr-FR\"},{\"@type\":\"WebPage\",\"@id\":\"https:\/\/footdavant.fr\/actualites\/pep-guardiola-fait-le-point-sur-kyle-walker-pour-le-choc-avec-le-real-madrid\/\",\"url\":\"https:\/\/footdavant.fr\/actualites\/pep-guardiola-fait-le-point-sur-kyle-walker-pour-le-choc-avec-le-real-madrid\/\",\"name\":\"Pep Guardiola fait le point sur Kyle Walker pour le choc avec le Real Madrid\",\"isPartOf\":{\"@id\":\"https:\/\/footdavant.fr\/actualites\/#website\"},\"datePublished\":\"2024-04-05T19:49:16+00:00\",\"dateModified\":\"2024-04-05T19:49:17+00:00\",\"breadcrumb\":{\"@id\":\"https:\/\/footdavant.fr\/actualites\/pep-guardiola-fait-le-point-sur-kyle-walker-pour-le-choc-avec-le-real-madrid\/#breadcrumb\"},\"inLanguage\":\"fr-FR\",\"potentialAction\":[{\"@type\":\"ReadAction\",\"target\":[\"https:\/\/footdavant.fr\/actualites\/pep-guardiola-fait-le-point-sur-kyle-walker-pour-le-choc-avec-le-real-madrid\/\"]}]},{\"@type\":\"BreadcrumbList\",\"@id\":\"https:\/\/footdavant.fr\/actualites\/pep-guardiola-fait-le-point-sur-kyle-walker-pour-le-choc-avec-le-real-madrid\/#breadcrumb\",\"itemListElement\":[{\"@type\":\"ListItem\",\"position\":1,\"name\":\"Accueil\",\"item\":\"https:\/\/footdavant.fr\/actualites\/\"},{\"@type\":\"ListItem\",\"position\":2,\"name\":\"Pep Guardiola fait le point sur Kyle Walker pour le choc avec le Real Madrid\"}]},{\"@type\":\"WebSite\",\"@id\":\"https:\/\/footdavant.fr\/actualites\/#website\",\"url\":\"https:\/\/footdavant.fr\/actualites\/\",\"name\":\"Foot d'avant\",\"description\":\"\",\"publisher\":{\"@id\":\"https:\/\/footdavant.fr\/actualites\/#organization\"},\"potentialAction\":[{\"@type\":\"SearchAction\",\"target\":{\"@type\":\"EntryPoint\",\"urlTemplate\":\"https:\/\/footdavant.fr\/actualites\/?s={search_term_string}\"},\"query-input\":\"required name=search_term_string\"}],\"inLanguage\":\"fr-FR\"},{\"@type\":\"Organization\",\"@id\":\"https:\/\/footdavant.fr\/actualites\/#organization\",\"name\":\"Foot d'avant\",\"url\":\"https:\/\/footdavant.fr\/actualites\/\",\"logo\":{\"@type\":\"ImageObject\",\"inLanguage\":\"fr-FR\",\"@id\":\"https:\/\/footdavant.fr\/actualites\/#\/schema\/logo\/image\/\",\"url\":\"https:\/\/footdavant.fr\/actualites\/wp-content\/uploads\/2023\/09\/Copy-of-FootDavant-Logo.png\",\"contentUrl\":\"https:\/\/footdavant.fr\/actualites\/wp-content\/uploads\/2023\/09\/Copy-of-FootDavant-Logo.png\",\"width\":936,\"height\":549,\"caption\":\"Foot d'avant\"},\"image\":{\"@id\":\"https:\/\/footdavant.fr\/actualites\/#\/schema\/logo\/image\/\"},\"sameAs\":[\"https:\/\/www.facebook.com\/Footdavant\/\",\"https:\/\/twitter.com\/FootdavantFr\",\"https:\/\/www.instagram.com\/footdavant.fr\/\"]},{\"@type\":\"Person\",\"@id\":\"https:\/\/footdavant.fr\/actualites\/#\/schema\/person\/bc222566d95871b37e597b3ed3ba5e1d\",\"name\":\"Cl\u00e9ment\",\"image\":{\"@type\":\"ImageObject\",\"inLanguage\":\"fr-FR\",\"@id\":\"https:\/\/footdavant.fr\/actualites\/#\/schema\/person\/image\/\",\"url\":\"https:\/\/secure.gravatar.com\/avatar\/7728b29aac2719421e1a9159b2254c44?s=96&d=mm&r=g\",\"contentUrl\":\"https:\/\/secure.gravatar.com\/avatar\/7728b29aac2719421e1a9159b2254c44?s=96&d=mm&r=g\",\"caption\":\"Cl\u00e9ment\"},\"sameAs\":[\"https:\/\/footdavant.fr\/\"]}]}<\/script>\n<!-- \/ Yoast SEO plugin. -->","yoast_head_json":{"title":"Pep Guardiola fait le point sur Kyle Walker pour le choc avec le Real Madrid","robots":{"index":"index","follow":"follow","max-snippet":"max-snippet:-1","max-image-preview":"max-image-preview:large","max-video-preview":"max-video-preview:-1"},"canonical":"https:\/\/footdavant.fr\/actualites\/pep-guardiola-fait-le-point-sur-kyle-walker-pour-le-choc-avec-le-real-madrid\/","og_locale":"fr_FR","og_type":"article","og_title":"Pep Guardiola fait le point sur Kyle Walker pour le choc avec le Real Madrid","og_description":"Le manager de Manchester City, Pep Guardiola, publie une mise \u00e0 jour inqui\u00e9tante sur la forme physique de Kyle Walker avant le quart de finale","og_url":"https:\/\/footdavant.fr\/actualites\/pep-guardiola-fait-le-point-sur-kyle-walker-pour-le-choc-avec-le-real-madrid\/","og_site_name":"Foot d&#039;avant","article_publisher":"https:\/\/www.facebook.com\/Footdavant\/","article_published_time":"2024-04-05T19:49:16+00:00","article_modified_time":"2024-04-05T19:49:17+00:00","og_image":[{"width":640,"height":480,"url":"https:\/\/footdavant.fr\/actualites\/wp-content\/uploads\/2024\/04\/Pep-Guardiola-fait-le-point-sur-Kyle-Walker-pour-le.jpg","type":"image\/jpeg"}],"author":"Cl\u00e9ment","twitter_card":"summary_large_image","twitter_creator":"@FootdavantFr","twitter_site":"@FootdavantFr","twitter_misc":{"\u00c9crit par":"Cl\u00e9ment","Dur\u00e9e de lecture estim\u00e9e":"4 minutes"},"schema":{"@context":"https:\/\/schema.org","@graph":[{"@type":"Article","@id":"https:\/\/footdavant.fr\/actualites\/pep-guardiola-fait-le-point-sur-kyle-walker-pour-le-choc-avec-le-real-madrid\/#article","isPartOf":{"@id":"https:\/\/footdavant.fr\/actualites\/pep-guardiola-fait-le-point-sur-kyle-walker-pour-le-choc-avec-le-real-madrid\/"},"author":{"name":"Cl\u00e9ment","@id":"https:\/\/footdavant.fr\/actualites\/#\/schema\/person\/bc222566d95871b37e597b3ed3ba5e1d"},"headline":"Pep Guardiola fait le point sur Kyle Walker pour le choc avec le Real Madrid","datePublished":"2024-04-05T19:49:16+00:00","dateModified":"2024-04-05T19:49:17+00:00","mainEntityOfPage":{"@id":"https:\/\/footdavant.fr\/actualites\/pep-guardiola-fait-le-point-sur-kyle-walker-pour-le-choc-avec-le-real-madrid\/"},"wordCount":743,"publisher":{"@id":"https:\/\/footdavant.fr\/actualites\/#organization"},"keywords":["avec","choc","fait","Guardiola","Kyle","Madrid","Pep","point","pour","Real","sur","Walker"],"articleSection":["Champions League"],"inLanguage":"fr-FR"},{"@type":"WebPage","@id":"https:\/\/footdavant.fr\/actualites\/pep-guardiola-fait-le-point-sur-kyle-walker-pour-le-choc-avec-le-real-madrid\/","url":"https:\/\/footdavant.fr\/actualites\/pep-guardiola-fait-le-point-sur-kyle-walker-pour-le-choc-avec-le-real-madrid\/","name":"Pep Guardiola fait le point sur Kyle Walker pour le choc avec le Real Madrid","isPartOf":{"@id":"https:\/\/footdavant.fr\/actualites\/#website"},"datePublished":"2024-04-05T19:49:16+00:00","dateModified":"2024-04-05T19:49:17+00:00","breadcrumb":{"@id":"https:\/\/footdavant.fr\/actualites\/pep-guardiola-fait-le-point-sur-kyle-walker-pour-le-choc-avec-le-real-madrid\/#breadcrumb"},"inLanguage":"fr-FR","potentialAction":[{"@type":"ReadAction","target":["https:\/\/footdavant.fr\/actualites\/pep-guardiola-fait-le-point-sur-kyle-walker-pour-le-choc-avec-le-real-madrid\/"]}]},{"@type":"BreadcrumbList","@id":"https:\/\/footdavant.fr\/actualites\/pep-guardiola-fait-le-point-sur-kyle-walker-pour-le-choc-avec-le-real-madrid\/#breadcrumb","itemListElement":[{"@type":"ListItem","position":1,"name":"Accueil","item":"https:\/\/footdavant.fr\/actualites\/"},{"@type":"ListItem","position":2,"name":"Pep Guardiola fait le point sur Kyle Walker pour le choc avec le Real Madrid"}]},{"@type":"WebSite","@id":"https:\/\/footdavant.fr\/actualites\/#website","url":"https:\/\/footdavant.fr\/actualites\/","name":"Foot d'avant","description":"","publisher":{"@id":"https:\/\/footdavant.fr\/actualites\/#organization"},"potentialAction":[{"@type":"SearchAction","target":{"@type":"EntryPoint","urlTemplate":"https:\/\/footdavant.fr\/actualites\/?s={search_term_string}"},"query-input":"required name=search_term_string"}],"inLanguage":"fr-FR"},{"@type":"Organization","@id":"https:\/\/footdavant.fr\/actualites\/#organization","name":"Foot d'avant","url":"https:\/\/footdavant.fr\/actualites\/","logo":{"@type":"ImageObject","inLanguage":"fr-FR","@id":"https:\/\/footdavant.fr\/actualites\/#\/schema\/logo\/image\/","url":"https:\/\/footdavant.fr\/actualites\/wp-content\/uploads\/2023\/09\/Copy-of-FootDavant-Logo.png","contentUrl":"https:\/\/footdavant.fr\/actualites\/wp-content\/uploads\/2023\/09\/Copy-of-FootDavant-Logo.png","width":936,"height":549,"caption":"Foot d'avant"},"image":{"@id":"https:\/\/footdavant.fr\/actualites\/#\/schema\/logo\/image\/"},"sameAs":["https:\/\/www.facebook.com\/Footdavant\/","https:\/\/twitter.com\/FootdavantFr","https:\/\/www.instagram.com\/footdavant.fr\/"]},{"@type":"Person","@id":"https:\/\/footdavant.fr\/actualites\/#\/schema\/person\/bc222566d95871b37e597b3ed3ba5e1d","name":"Cl\u00e9ment","image":{"@type":"ImageObject","inLanguage":"fr-FR","@id":"https:\/\/footdavant.fr\/actualites\/#\/schema\/person\/image\/","url":"https:\/\/secure.gravatar.com\/avatar\/7728b29aac2719421e1a9159b2254c44?s=96&d=mm&r=g","contentUrl":"https:\/\/secure.gravatar.com\/avatar\/7728b29aac2719421e1a9159b2254c44?s=96&d=mm&r=g","caption":"Cl\u00e9ment"},"sameAs":["https:\/\/footdavant.fr\/"]}]}},"_links":{"self":[{"href":"https:\/\/footdavant.fr\/actualites\/wp-json\/wp\/v2\/posts\/7046"}],"collection":[{"href":"https:\/\/footdavant.fr\/actualites\/wp-json\/wp\/v2\/posts"}],"about":[{"href":"https:\/\/footdavant.fr\/actualites\/wp-json\/wp\/v2\/types\/post"}],"author":[{"embeddable":true,"href":"https:\/\/footdavant.fr\/actualites\/wp-json\/wp\/v2\/users\/1"}],"replies":[{"embeddable":true,"href":"https:\/\/footdavant.fr\/actualites\/wp-json\/wp\/v2\/comments?post=7046"}],"version-history":[{"count":1,"href":"https:\/\/footdavant.fr\/actualites\/wp-json\/wp\/v2\/posts\/7046\/revisions"}],"predecessor-version":[{"id":7048,"href":"https:\/\/footdavant.fr\/actualites\/wp-json\/wp\/v2\/posts\/7046\/revisions\/7048"}],"wp:featuredmedia":[{"embeddable":true,"href":"https:\/\/footdavant.fr\/actualites\/wp-json\/wp\/v2\/media\/7047"}],"wp:attachment":[{"href":"https:\/\/footdavant.fr\/actualites\/wp-json\/wp\/v2\/media?parent=7046"}],"wp:term":[{"taxonomy":"category","embeddable":true,"href":"https:\/\/footdavant.fr\/actualites\/wp-json\/wp\/v2\/categories?post=7046"},{"taxonomy":"post_tag","embeddable":true,"href":"https:\/\/footdavant.fr\/actualites\/wp-json\/wp\/v2\/tags?post=7046"}],"curies":[{"name":"wp","href":"https:\/\/api.w.org\/{rel}","templated":true}]}}