{"id":7119,"date":"2024-04-07T14:50:45","date_gmt":"2024-04-07T12:50:45","guid":{"rendered":"https:\/\/footdavant.fr\/actualites\/man-city-prepare-un-nouveau-contrat-lucratif-pour-garder-le-milieu-de-terrain-cle-a-vie\/"},"modified":"2024-04-07T14:50:45","modified_gmt":"2024-04-07T12:50:45","slug":"man-city-prepare-un-nouveau-contrat-lucratif-pour-garder-le-milieu-de-terrain-cle-a-vie","status":"publish","type":"post","link":"https:\/\/footdavant.fr\/actualites\/man-city-prepare-un-nouveau-contrat-lucratif-pour-garder-le-milieu-de-terrain-cle-a-vie\/","title":{"rendered":"Man City \u00ab pr\u00e9pare un nouveau contrat lucratif pour garder le milieu de terrain cl\u00e9 \u00e0 vie \u00bb"},"content":{"rendered":"<p>Manchester City aurait l&#39;intention d&#39;offrir \u00e0 Rodri un contrat gigantesque de 300 000 \u00a3 par semaine afin de le garder au stade Etihad pour le reste de sa carri\u00e8re.<\/p>\n<div id=\"article_body\" itemprop=\"articleBody\">\n<h3 class=\"firstPara\">\n<strong class=\"autotag\">Manchester City<\/strong> envisageraient d&#39;offrir un milieu de terrain influent <strong class=\"autotag\">Rodri<\/strong> un nouvel accord gigantesque qui le maintiendrait \u00e0 l\u2019Etihad pour le reste de sa carri\u00e8re.<\/h3>\n<p>Le joueur de 27 ans est souvent pr\u00e9sent\u00e9 comme le meilleur milieu de terrain du football mondial, ayant consid\u00e9rablement augment\u00e9 sa puissance offensive en plus d&#39;afficher ses prouesses d\u00e9fensives bien document\u00e9es.<\/p>\n<p>Rodri a particip\u00e9 directement \u00e0 20 buts en 40 matches cette saison \u2013 huit de son propre compte et 12 passes d\u00e9cisives \u2013 en marquant sept et en cr\u00e9ant autant en 28 matches de Premier League au cours de la campagne en cours.<\/p>\n<p>Apr\u00e8s avoir termin\u00e9 avec insistance dans la lucarne et aid\u00e9 <strong class=\"autotag\">Phil Foden<\/strong> lors de la victoire 4-1 contre Aston Villa en milieu de semaine, Rodri a fait sentir sa pr\u00e9sence dans le dernier tiers contre Crystal Palace samedi, \u00e9tablissant <strong class=\"autotag\">K\u00e9vin De Bruyne<\/strong>C&#39;est le deuxi\u00e8me d&#39;un succ\u00e8s 4-2.<\/p>\n<p>D\u00e9sormais assis avec 25 buts et 27 passes d\u00e9cisives en 246 matchs sous le maillot de Man City, l&#39;ancien joueur de l&#39;Atletico Madrid a \u00e9galement 10 troph\u00e9es majeurs \u00e0 montrer pour son passage sous <strong class=\"autotag\">Pep Guardiola<\/strong>dont la couronne de la Ligue des champions 2022-23 apr\u00e8s avoir marqu\u00e9 le but vainqueur contre l&#39;Inter Milan en finale.<\/p>\n<p class=\"imgI\">\n<h2>Rodri s&#39;appr\u00eate \u00e0 augmenter consid\u00e9rablement son salaire pour un contrat de 180 000 \u00a3 par semaine<\/h2>\n<p>Rodri a prolong\u00e9 son mandat \u00e0 Man City pas plus tard qu&#39;\u00e0 l&#39;\u00e9t\u00e9 2022 et ne devrait pas devenir agent libre avant trois ans, mais selon <em>Le miroir<\/em>un autre renouvellement est en pr\u00e9paration.<\/p>\n<p>L&#39;international espagnol gagnerait environ 180 000 \u00a3 par semaine selon ses conditions actuelles, mais il peut s&#39;attendre \u00e0 une \u00e9norme augmentation pour atteindre un taux de base de 300 000 \u00a3 par semaine.<\/p>\n<p>Man City, qui estime d\u00e9sormais que Rodri est le meilleur milieu de terrain d\u00e9fensif de la plan\u00e8te, devrait bient\u00f4t entamer des discussions avec le camp du joueur de 27 ans et esp\u00e8re le convaincre de rester \u00e0 l&#39;Etihad pour le reste de son mandat. jours de jeu.<\/p>\n<p>De plus, les champions en titre de la Premier League croient soi-disant qu&#39;il sera un candidat naturel pour le poste de capitaine une fois <strong class=\"autotag\">Kyle Walker<\/strong> et De Bruyne \u2013 tous deux dans la trentaine \u2013 passent \u00e0 autre chose.<\/p>\n<p>De Bruyne est un autre milieu de terrain cl\u00e9 de City dont la situation contractuelle a \u00e9t\u00e9 un sujet de d\u00e9bat br\u00fblant, car le joueur de 32 ans est maintenant entr\u00e9 dans les 18 derniers mois de son mandat actuel.<\/p>\n<p class=\"imgI\"><img decoding=\"async\" loading=\"lazy\" class=\"l\" src=\"https:\/\/footdavant.fr\/actualites\/wp-content\/uploads\/2024\/04\/1712494245_403_Man-City-prepare-un-nouveau-contrat-lucratif-pour-garder.jpg\" title=\"Kevin De Bruyne de Manchester City c\u00e9l\u00e8bre son premier but le 6 avril 2024\" alt=\"Kevin De Bruyne de Manchester City c\u00e9l\u00e8bre son premier but le 6 avril 2024\" width=\"640\" height=\"480\"><\/p>\n<h2>Les n\u00e9gociations sur le contrat de De Bruyne suspendues<\/h2>\n<p>L&#39;ancien joueur de Chelsea a \u00e9t\u00e9 limit\u00e9 \u00e0 seulement 16 apparitions cette saison en raison d&#39;une blessure, mais il a produit une performance scintillante lors de la victoire de samedi contre Palace, marquant ainsi 100 buts pour City.<\/p>\n<p>De Bruyne a d&#39;abord \u00e9galis\u00e9 le triple vainqueur avec un superbe curleur apr\u00e8s <strong class=\"autotag\">Jean-Philippe Mateta<\/strong>&#39;s open, avant de mettre en place <strong class=\"autotag\">Erling Haaland<\/strong> et a tir\u00e9 son but marquant pour ent\u00e9riner une victoire 4-2.<\/p>\n<p>Malgr\u00e9 son temps de jeu limit\u00e9 cette saison, l&#39;international belge reste toujours aussi fondamental avec quatre buts et 14 passes d\u00e9cisives en seulement 16 matchs, mais City risque de le perdre pour rien en 2025.<\/p>\n<p>Des pourparlers avec les repr\u00e9sentants de De Bruyne devraient avoir lieu dans un avenir proche, mais les discussions auraient \u00e9t\u00e9 suspendues pendant que Man City se concentre sur la tentative de remporter un autre tripl\u00e9 historique au cours des derni\u00e8res semaines de la campagne.<\/p>\n<p>Les hommes de Guardiola restent \u00e0 la troisi\u00e8me place du classement de la Premier League et affronteront le Real Madrid lors du match aller des quarts de finale de la Ligue des champions mardi \u00e0 l&#39;Etihad.<\/p>\n<\/div>\n","protected":false},"excerpt":{"rendered":"<p>Manchester City aurait l&#39;intention d&#39;offrir \u00e0 Rodri un contrat gigantesque de 300 000 \u00a3 par semaine afin de le garder au stade Etihad pour le<\/p>\n","protected":false},"author":1,"featured_media":7120,"comment_status":"closed","ping_status":"","sticky":false,"template":"","format":"standard","meta":{"footnotes":""},"categories":[5],"tags":[27,443,1218,1993,4468,24,441,199,51,1098,442,4018],"yoast_head":"<!-- This site is optimized with the Yoast SEO plugin v21.0 - https:\/\/yoast.com\/wordpress\/plugins\/seo\/ -->\n<title>Man City \u00ab pr\u00e9pare un nouveau contrat lucratif pour garder le milieu de terrain cl\u00e9 \u00e0 vie \u00bb<\/title>\n<meta name=\"robots\" content=\"index, follow, max-snippet:-1, max-image-preview:large, max-video-preview:-1\" \/>\n<link rel=\"canonical\" href=\"https:\/\/footdavant.fr\/actualites\/man-city-prepare-un-nouveau-contrat-lucratif-pour-garder-le-milieu-de-terrain-cle-a-vie\/\" \/>\n<meta property=\"og:locale\" content=\"fr_FR\" \/>\n<meta property=\"og:type\" content=\"article\" \/>\n<meta property=\"og:title\" content=\"Man City \u00ab pr\u00e9pare un nouveau contrat lucratif pour garder le milieu de terrain cl\u00e9 \u00e0 vie \u00bb\" \/>\n<meta property=\"og:description\" content=\"Manchester City aurait l&#039;intention d&#039;offrir \u00e0 Rodri un contrat gigantesque de 300 000 \u00a3 par semaine afin de le garder au stade Etihad pour le\" \/>\n<meta property=\"og:url\" content=\"https:\/\/footdavant.fr\/actualites\/man-city-prepare-un-nouveau-contrat-lucratif-pour-garder-le-milieu-de-terrain-cle-a-vie\/\" \/>\n<meta property=\"og:site_name\" content=\"Foot d&#039;avant\" \/>\n<meta property=\"article:publisher\" content=\"https:\/\/www.facebook.com\/Footdavant\/\" \/>\n<meta property=\"article:published_time\" content=\"2024-04-07T12:50:45+00:00\" \/>\n<meta property=\"og:image\" content=\"https:\/\/footdavant.fr\/actualites\/wp-content\/uploads\/2024\/04\/Man-City-prepare-un-nouveau-contrat-lucratif-pour-garder.jpg\" \/>\n\t<meta property=\"og:image:width\" content=\"640\" \/>\n\t<meta property=\"og:image:height\" content=\"480\" \/>\n\t<meta property=\"og:image:type\" content=\"image\/jpeg\" \/>\n<meta name=\"author\" content=\"Cl\u00e9ment\" \/>\n<meta name=\"twitter:card\" content=\"summary_large_image\" \/>\n<meta name=\"twitter:creator\" content=\"@FootdavantFr\" \/>\n<meta name=\"twitter:site\" content=\"@FootdavantFr\" \/>\n<meta name=\"twitter:label1\" content=\"\u00c9crit par\" \/>\n\t<meta name=\"twitter:data1\" content=\"Cl\u00e9ment\" \/>\n\t<meta name=\"twitter:label2\" content=\"Dur\u00e9e de lecture estim\u00e9e\" \/>\n\t<meta name=\"twitter:data2\" content=\"3 minutes\" \/>\n<script type=\"application\/ld+json\" class=\"yoast-schema-graph\">{\"@context\":\"https:\/\/schema.org\",\"@graph\":[{\"@type\":\"Article\",\"@id\":\"https:\/\/footdavant.fr\/actualites\/man-city-prepare-un-nouveau-contrat-lucratif-pour-garder-le-milieu-de-terrain-cle-a-vie\/#article\",\"isPartOf\":{\"@id\":\"https:\/\/footdavant.fr\/actualites\/man-city-prepare-un-nouveau-contrat-lucratif-pour-garder-le-milieu-de-terrain-cle-a-vie\/\"},\"author\":{\"name\":\"Cl\u00e9ment\",\"@id\":\"https:\/\/footdavant.fr\/actualites\/#\/schema\/person\/bc222566d95871b37e597b3ed3ba5e1d\"},\"headline\":\"Man City \u00ab pr\u00e9pare un nouveau contrat lucratif pour garder le milieu de terrain cl\u00e9 \u00e0 vie \u00bb\",\"datePublished\":\"2024-04-07T12:50:45+00:00\",\"dateModified\":\"2024-04-07T12:50:45+00:00\",\"mainEntityOfPage\":{\"@id\":\"https:\/\/footdavant.fr\/actualites\/man-city-prepare-un-nouveau-contrat-lucratif-pour-garder-le-milieu-de-terrain-cle-a-vie\/\"},\"wordCount\":661,\"publisher\":{\"@id\":\"https:\/\/footdavant.fr\/actualites\/#organization\"},\"keywords\":[\"City\",\"cl\u00e9..\",\"contrat\",\"garder\",\"lucratif\",\"Man\",\"milieu\",\"nouveau\",\"pour\",\"pr\u00e9pare\",\"terrain\",\"vie\"],\"articleSection\":[\"Premier League\"],\"inLanguage\":\"fr-FR\"},{\"@type\":\"WebPage\",\"@id\":\"https:\/\/footdavant.fr\/actualites\/man-city-prepare-un-nouveau-contrat-lucratif-pour-garder-le-milieu-de-terrain-cle-a-vie\/\",\"url\":\"https:\/\/footdavant.fr\/actualites\/man-city-prepare-un-nouveau-contrat-lucratif-pour-garder-le-milieu-de-terrain-cle-a-vie\/\",\"name\":\"Man City \u00ab pr\u00e9pare un nouveau contrat lucratif pour garder le milieu de terrain cl\u00e9 \u00e0 vie \u00bb\",\"isPartOf\":{\"@id\":\"https:\/\/footdavant.fr\/actualites\/#website\"},\"datePublished\":\"2024-04-07T12:50:45+00:00\",\"dateModified\":\"2024-04-07T12:50:45+00:00\",\"breadcrumb\":{\"@id\":\"https:\/\/footdavant.fr\/actualites\/man-city-prepare-un-nouveau-contrat-lucratif-pour-garder-le-milieu-de-terrain-cle-a-vie\/#breadcrumb\"},\"inLanguage\":\"fr-FR\",\"potentialAction\":[{\"@type\":\"ReadAction\",\"target\":[\"https:\/\/footdavant.fr\/actualites\/man-city-prepare-un-nouveau-contrat-lucratif-pour-garder-le-milieu-de-terrain-cle-a-vie\/\"]}]},{\"@type\":\"BreadcrumbList\",\"@id\":\"https:\/\/footdavant.fr\/actualites\/man-city-prepare-un-nouveau-contrat-lucratif-pour-garder-le-milieu-de-terrain-cle-a-vie\/#breadcrumb\",\"itemListElement\":[{\"@type\":\"ListItem\",\"position\":1,\"name\":\"Accueil\",\"item\":\"https:\/\/footdavant.fr\/actualites\/\"},{\"@type\":\"ListItem\",\"position\":2,\"name\":\"Man City \u00ab pr\u00e9pare un nouveau contrat lucratif pour garder le milieu de terrain cl\u00e9 \u00e0 vie \u00bb\"}]},{\"@type\":\"WebSite\",\"@id\":\"https:\/\/footdavant.fr\/actualites\/#website\",\"url\":\"https:\/\/footdavant.fr\/actualites\/\",\"name\":\"Foot d'avant\",\"description\":\"\",\"publisher\":{\"@id\":\"https:\/\/footdavant.fr\/actualites\/#organization\"},\"potentialAction\":[{\"@type\":\"SearchAction\",\"target\":{\"@type\":\"EntryPoint\",\"urlTemplate\":\"https:\/\/footdavant.fr\/actualites\/?s={search_term_string}\"},\"query-input\":\"required name=search_term_string\"}],\"inLanguage\":\"fr-FR\"},{\"@type\":\"Organization\",\"@id\":\"https:\/\/footdavant.fr\/actualites\/#organization\",\"name\":\"Foot d'avant\",\"url\":\"https:\/\/footdavant.fr\/actualites\/\",\"logo\":{\"@type\":\"ImageObject\",\"inLanguage\":\"fr-FR\",\"@id\":\"https:\/\/footdavant.fr\/actualites\/#\/schema\/logo\/image\/\",\"url\":\"https:\/\/footdavant.fr\/actualites\/wp-content\/uploads\/2023\/09\/Copy-of-FootDavant-Logo.png\",\"contentUrl\":\"https:\/\/footdavant.fr\/actualites\/wp-content\/uploads\/2023\/09\/Copy-of-FootDavant-Logo.png\",\"width\":936,\"height\":549,\"caption\":\"Foot d'avant\"},\"image\":{\"@id\":\"https:\/\/footdavant.fr\/actualites\/#\/schema\/logo\/image\/\"},\"sameAs\":[\"https:\/\/www.facebook.com\/Footdavant\/\",\"https:\/\/twitter.com\/FootdavantFr\",\"https:\/\/www.instagram.com\/footdavant.fr\/\"]},{\"@type\":\"Person\",\"@id\":\"https:\/\/footdavant.fr\/actualites\/#\/schema\/person\/bc222566d95871b37e597b3ed3ba5e1d\",\"name\":\"Cl\u00e9ment\",\"image\":{\"@type\":\"ImageObject\",\"inLanguage\":\"fr-FR\",\"@id\":\"https:\/\/footdavant.fr\/actualites\/#\/schema\/person\/image\/\",\"url\":\"https:\/\/secure.gravatar.com\/avatar\/7728b29aac2719421e1a9159b2254c44?s=96&d=mm&r=g\",\"contentUrl\":\"https:\/\/secure.gravatar.com\/avatar\/7728b29aac2719421e1a9159b2254c44?s=96&d=mm&r=g\",\"caption\":\"Cl\u00e9ment\"},\"sameAs\":[\"https:\/\/footdavant.fr\/\"]}]}<\/script>\n<!-- \/ Yoast SEO plugin. -->","yoast_head_json":{"title":"Man City \u00ab pr\u00e9pare un nouveau contrat lucratif pour garder le milieu de terrain cl\u00e9 \u00e0 vie \u00bb","robots":{"index":"index","follow":"follow","max-snippet":"max-snippet:-1","max-image-preview":"max-image-preview:large","max-video-preview":"max-video-preview:-1"},"canonical":"https:\/\/footdavant.fr\/actualites\/man-city-prepare-un-nouveau-contrat-lucratif-pour-garder-le-milieu-de-terrain-cle-a-vie\/","og_locale":"fr_FR","og_type":"article","og_title":"Man City \u00ab pr\u00e9pare un nouveau contrat lucratif pour garder le milieu de terrain cl\u00e9 \u00e0 vie \u00bb","og_description":"Manchester City aurait l&#39;intention d&#39;offrir \u00e0 Rodri un contrat gigantesque de 300 000 \u00a3 par semaine afin de le garder au stade Etihad pour le","og_url":"https:\/\/footdavant.fr\/actualites\/man-city-prepare-un-nouveau-contrat-lucratif-pour-garder-le-milieu-de-terrain-cle-a-vie\/","og_site_name":"Foot d&#039;avant","article_publisher":"https:\/\/www.facebook.com\/Footdavant\/","article_published_time":"2024-04-07T12:50:45+00:00","og_image":[{"width":640,"height":480,"url":"https:\/\/footdavant.fr\/actualites\/wp-content\/uploads\/2024\/04\/Man-City-prepare-un-nouveau-contrat-lucratif-pour-garder.jpg","type":"image\/jpeg"}],"author":"Cl\u00e9ment","twitter_card":"summary_large_image","twitter_creator":"@FootdavantFr","twitter_site":"@FootdavantFr","twitter_misc":{"\u00c9crit par":"Cl\u00e9ment","Dur\u00e9e de lecture estim\u00e9e":"3 minutes"},"schema":{"@context":"https:\/\/schema.org","@graph":[{"@type":"Article","@id":"https:\/\/footdavant.fr\/actualites\/man-city-prepare-un-nouveau-contrat-lucratif-pour-garder-le-milieu-de-terrain-cle-a-vie\/#article","isPartOf":{"@id":"https:\/\/footdavant.fr\/actualites\/man-city-prepare-un-nouveau-contrat-lucratif-pour-garder-le-milieu-de-terrain-cle-a-vie\/"},"author":{"name":"Cl\u00e9ment","@id":"https:\/\/footdavant.fr\/actualites\/#\/schema\/person\/bc222566d95871b37e597b3ed3ba5e1d"},"headline":"Man City \u00ab pr\u00e9pare un nouveau contrat lucratif pour garder le milieu de terrain cl\u00e9 \u00e0 vie \u00bb","datePublished":"2024-04-07T12:50:45+00:00","dateModified":"2024-04-07T12:50:45+00:00","mainEntityOfPage":{"@id":"https:\/\/footdavant.fr\/actualites\/man-city-prepare-un-nouveau-contrat-lucratif-pour-garder-le-milieu-de-terrain-cle-a-vie\/"},"wordCount":661,"publisher":{"@id":"https:\/\/footdavant.fr\/actualites\/#organization"},"keywords":["City","cl\u00e9..","contrat","garder","lucratif","Man","milieu","nouveau","pour","pr\u00e9pare","terrain","vie"],"articleSection":["Premier League"],"inLanguage":"fr-FR"},{"@type":"WebPage","@id":"https:\/\/footdavant.fr\/actualites\/man-city-prepare-un-nouveau-contrat-lucratif-pour-garder-le-milieu-de-terrain-cle-a-vie\/","url":"https:\/\/footdavant.fr\/actualites\/man-city-prepare-un-nouveau-contrat-lucratif-pour-garder-le-milieu-de-terrain-cle-a-vie\/","name":"Man City \u00ab pr\u00e9pare un nouveau contrat lucratif pour garder le milieu de terrain cl\u00e9 \u00e0 vie \u00bb","isPartOf":{"@id":"https:\/\/footdavant.fr\/actualites\/#website"},"datePublished":"2024-04-07T12:50:45+00:00","dateModified":"2024-04-07T12:50:45+00:00","breadcrumb":{"@id":"https:\/\/footdavant.fr\/actualites\/man-city-prepare-un-nouveau-contrat-lucratif-pour-garder-le-milieu-de-terrain-cle-a-vie\/#breadcrumb"},"inLanguage":"fr-FR","potentialAction":[{"@type":"ReadAction","target":["https:\/\/footdavant.fr\/actualites\/man-city-prepare-un-nouveau-contrat-lucratif-pour-garder-le-milieu-de-terrain-cle-a-vie\/"]}]},{"@type":"BreadcrumbList","@id":"https:\/\/footdavant.fr\/actualites\/man-city-prepare-un-nouveau-contrat-lucratif-pour-garder-le-milieu-de-terrain-cle-a-vie\/#breadcrumb","itemListElement":[{"@type":"ListItem","position":1,"name":"Accueil","item":"https:\/\/footdavant.fr\/actualites\/"},{"@type":"ListItem","position":2,"name":"Man City \u00ab pr\u00e9pare un nouveau contrat lucratif pour garder le milieu de terrain cl\u00e9 \u00e0 vie \u00bb"}]},{"@type":"WebSite","@id":"https:\/\/footdavant.fr\/actualites\/#website","url":"https:\/\/footdavant.fr\/actualites\/","name":"Foot d'avant","description":"","publisher":{"@id":"https:\/\/footdavant.fr\/actualites\/#organization"},"potentialAction":[{"@type":"SearchAction","target":{"@type":"EntryPoint","urlTemplate":"https:\/\/footdavant.fr\/actualites\/?s={search_term_string}"},"query-input":"required name=search_term_string"}],"inLanguage":"fr-FR"},{"@type":"Organization","@id":"https:\/\/footdavant.fr\/actualites\/#organization","name":"Foot d'avant","url":"https:\/\/footdavant.fr\/actualites\/","logo":{"@type":"ImageObject","inLanguage":"fr-FR","@id":"https:\/\/footdavant.fr\/actualites\/#\/schema\/logo\/image\/","url":"https:\/\/footdavant.fr\/actualites\/wp-content\/uploads\/2023\/09\/Copy-of-FootDavant-Logo.png","contentUrl":"https:\/\/footdavant.fr\/actualites\/wp-content\/uploads\/2023\/09\/Copy-of-FootDavant-Logo.png","width":936,"height":549,"caption":"Foot d'avant"},"image":{"@id":"https:\/\/footdavant.fr\/actualites\/#\/schema\/logo\/image\/"},"sameAs":["https:\/\/www.facebook.com\/Footdavant\/","https:\/\/twitter.com\/FootdavantFr","https:\/\/www.instagram.com\/footdavant.fr\/"]},{"@type":"Person","@id":"https:\/\/footdavant.fr\/actualites\/#\/schema\/person\/bc222566d95871b37e597b3ed3ba5e1d","name":"Cl\u00e9ment","image":{"@type":"ImageObject","inLanguage":"fr-FR","@id":"https:\/\/footdavant.fr\/actualites\/#\/schema\/person\/image\/","url":"https:\/\/secure.gravatar.com\/avatar\/7728b29aac2719421e1a9159b2254c44?s=96&d=mm&r=g","contentUrl":"https:\/\/secure.gravatar.com\/avatar\/7728b29aac2719421e1a9159b2254c44?s=96&d=mm&r=g","caption":"Cl\u00e9ment"},"sameAs":["https:\/\/footdavant.fr\/"]}]}},"_links":{"self":[{"href":"https:\/\/footdavant.fr\/actualites\/wp-json\/wp\/v2\/posts\/7119"}],"collection":[{"href":"https:\/\/footdavant.fr\/actualites\/wp-json\/wp\/v2\/posts"}],"about":[{"href":"https:\/\/footdavant.fr\/actualites\/wp-json\/wp\/v2\/types\/post"}],"author":[{"embeddable":true,"href":"https:\/\/footdavant.fr\/actualites\/wp-json\/wp\/v2\/users\/1"}],"replies":[{"embeddable":true,"href":"https:\/\/footdavant.fr\/actualites\/wp-json\/wp\/v2\/comments?post=7119"}],"version-history":[{"count":1,"href":"https:\/\/footdavant.fr\/actualites\/wp-json\/wp\/v2\/posts\/7119\/revisions"}],"predecessor-version":[{"id":7121,"href":"https:\/\/footdavant.fr\/actualites\/wp-json\/wp\/v2\/posts\/7119\/revisions\/7121"}],"wp:featuredmedia":[{"embeddable":true,"href":"https:\/\/footdavant.fr\/actualites\/wp-json\/wp\/v2\/media\/7120"}],"wp:attachment":[{"href":"https:\/\/footdavant.fr\/actualites\/wp-json\/wp\/v2\/media?parent=7119"}],"wp:term":[{"taxonomy":"category","embeddable":true,"href":"https:\/\/footdavant.fr\/actualites\/wp-json\/wp\/v2\/categories?post=7119"},{"taxonomy":"post_tag","embeddable":true,"href":"https:\/\/footdavant.fr\/actualites\/wp-json\/wp\/v2\/tags?post=7119"}],"curies":[{"name":"wp","href":"https:\/\/api.w.org\/{rel}","templated":true}]}}