{"id":7125,"date":"2024-04-07T17:50:58","date_gmt":"2024-04-07T15:50:58","guid":{"rendered":"https:\/\/footdavant.fr\/actualites\/manchester-city-frappe-par-un-nouveau-coup-defensif-avant-le-choc-contre-le-real-madrid\/"},"modified":"2024-04-07T17:50:59","modified_gmt":"2024-04-07T15:50:59","slug":"manchester-city-frappe-par-un-nouveau-coup-defensif-avant-le-choc-contre-le-real-madrid","status":"publish","type":"post","link":"https:\/\/footdavant.fr\/actualites\/manchester-city-frappe-par-un-nouveau-coup-defensif-avant-le-choc-contre-le-real-madrid\/","title":{"rendered":"Manchester City frapp\u00e9 par un nouveau coup d\u00e9fensif avant le choc contre le Real Madrid"},"content":{"rendered":"<p>L&#39;arri\u00e8re central de Manchester City, Josko Gvardiol, s&#39;est bless\u00e9 lors du match de Premier League de son \u00e9quipe avec Crystal Palace.<\/p>\n<div id=\"article_body\" itemprop=\"articleBody\">\n<h3 class=\"firstPara\">\n<strong class=\"autotag\">Manchester City<\/strong> d\u00e9fenseur central <strong class=\"autotag\">Josko Gvardiol<\/strong> a eu \u00ab\u00a0un reproche\u00a0\u00bb lors du match de son \u00e9quipe en Premier League avec <strong class=\"autotag\">Palais de Cristal<\/strong> samedi apr\u00e8s-midi.<\/h3>\n<p>Le joueur de 22 ans a fait sa 32e apparition de la saison lors du choc \u00e0 Selhurst Park, mais il a \u00e9t\u00e9 remplac\u00e9 \u00e0 la pause, avec <strong class=\"autotag\">Manuel Akanji<\/strong> son remplacement dans la capitale anglaise.<\/p>\n<p>Man City est actuellement priv\u00e9 des services de <strong class=\"autotag\">Kyle Walker<\/strong> et <strong class=\"autotag\">Nathan Ak\u00e9<\/strong> suite \u00e0 une blessure, et le club a d\u00e9sormais re\u00e7u un autre coup dur d\u00e9fensif avant son <strong class=\"autotag\">Ligue des champions<\/strong> entrer en conflit avec <strong class=\"autotag\">Real Madrid<\/strong>.<\/p>\n<p>Les Citizens se rendront en Espagne la semaine prochaine pour le match aller de leur quart de finale de Coupe d&#39;Europe contre le Real Madrid.<\/p>\n<p>Entra\u00eeneur principal de Man City <strong class=\"autotag\">Pep Guardiola<\/strong> a r\u00e9v\u00e9l\u00e9 qu&#39;il n&#39;\u00e9tait pas pr\u00eat \u00e0 prendre de risques avec la forme physique du Croate pendant une \u00e9tape cruciale de la campagne.<\/p>\n<p class=\"imgI\">\n<h2>Guardiola esp\u00e8re que Gvardiol sera pr\u00eat pour le match contre le Real Madrid<\/h2>\n<p>\u00ab\u00a0La raison pour laquelle Josko est sorti, c&#39;est parce qu&#39;il ressentait un probl\u00e8me et nous ne voulions pas risquer de blessures\u00a0\u00bb, a d\u00e9clar\u00e9 Guardiola. <em>TNT Sports<\/em> apr\u00e8s le succ\u00e8s 4-2 contre Palace.<\/p>\n<p>\u00ab\u00a0Nous verrons quels joueurs nous avons disponibles car Josko a eu un petit probl\u00e8me. Nous verrons. Le prochain. Nous n&#39;avons pas eu de chance de jouer t\u00f4t apr\u00e8s Aston Villa mais maintenant nous avons la chance d&#39;avoir le temps de r\u00e9cup\u00e9rer avant le Real Madrid. Nous allons essayer de donner eux un bon jeu.<\/p>\n<p>\u00ab\u00a0Manuel Akanji pousse beaucoup et est incroyable en jouant \u00e0 l&#39;arri\u00e8re gauche. C&#39;est un joueur incroyable. <strong class=\"autotag\">Rico Lewis<\/strong> et <strong class=\"autotag\">Oscar Bob<\/strong> \u00e9taient vraiment bons de ce c\u00f4t\u00e9-l\u00e0 en premi\u00e8re mi-temps.  Nous voulions marquer en d\u00e9but de seconde p\u00e9riode et ensuite nous pourrions cl\u00f4turer le match.\u00a0\u00bb<\/p>\n<p><strong class=\"autotag\">K\u00e9vin De Bruyne<\/strong> a marqu\u00e9 un doubl\u00e9 \u00e0 Selhurst Park pour passer aux 100 buts du club, et Guardiola a fait l&#39;\u00e9loge de l&#39;international belge apr\u00e8s la comp\u00e9tition.<\/p>\n<p class=\"imgI\"><img decoding=\"async\" loading=\"lazy\" class=\"l\" src=\"https:\/\/footdavant.fr\/actualites\/wp-content\/uploads\/2024\/04\/1712505058_126_Manchester-City-frappe-par-un-nouveau-coup-defensif-avant-le.jpg\" title=\"Kevin De Bruyne de Manchester City c\u00e9l\u00e8bre son premier but le 6 avril 2024\" alt=\"Kevin De Bruyne de Manchester City c\u00e9l\u00e8bre son premier but le 6 avril 2024\" width=\"640\" height=\"480\"><\/p>\n<h2>Guardiola qualifie De Bruyne de \u00ab\u00a0l&#39;un des meilleurs joueurs du club\u00a0\u00bb<\/h2>\n<p>\u00ab\u00a0Sans lui, nous ne pourrions pas gagner cela. Vous parlez de managers mais des joueurs comme Kevin rendent ce match facile\u00a0\u00bb, a d\u00e9clar\u00e9 Guardiola apr\u00e8s le succ\u00e8s dans la capitale anglaise.<\/p>\n<p>\u00ab\u00a0Il a \u00e9t\u00e9 l&#39;un des meilleurs joueurs de l&#39;histoire de City. Maintenir cela pendant neuf ans \u00e0 City et avoir cette r\u00e9gularit\u00e9 est incroyable. Le premier but est incroyable. La passe d\u00e9cisive est incroyable. Vraiment bien.<\/p>\n<p>\u00ab\u00a0Mentalement, c&#39;est s\u00fbr [Kevin is fresh].  Kevin est comme tout le monde, dans le bus, dans les vestiaires et rigole.  Le langage corporel dicte en grande partie comment il est.  Tous les joueurs, en particulier Kevin, esp\u00e8rent pouvoir tenir le coup.<\/p>\n<p>\u00ab\u00a0100 buts, c&#39;est beaucoup et beaucoup de passes d\u00e9cisives aussi. Vraiment bien. Nous n&#39;avons pas \u00e9t\u00e9 solides comme d&#39;habitude en termes de d\u00e9fense et de transition, c&#39;est comme \u00e7a que nous avons conc\u00e9d\u00e9 le premier but. [Playing] Trois jours, trois jours, trois jours.  Nous avions l\u2019\u00e9nergie mentale.  C&#39;est plus que physique, c&#39;est exigeant.\u00a0\u00bb<\/p>\n<p>De Bruyne a d\u00e9sormais r\u00e9ussi 100 buts et 167 passes d\u00e9cisives en 372 apparitions pour Man City depuis son arriv\u00e9e au club en provenance de Wolfsburg \u00e0 l&#39;\u00e9t\u00e9 2015.<\/p>\n<\/div>\n","protected":false},"excerpt":{"rendered":"<p>L&#39;arri\u00e8re central de Manchester City, Josko Gvardiol, s&#39;est bless\u00e9 lors du match de Premier League de son \u00e9quipe avec Crystal Palace. Manchester City d\u00e9fenseur central<\/p>\n","protected":false},"author":1,"featured_media":7126,"comment_status":"closed","ping_status":"","sticky":false,"template":"","format":"standard","meta":{"footnotes":""},"categories":[4],"tags":[491,332,27,20,489,2285,386,303,11,199,75,302],"yoast_head":"<!-- This site is optimized with the Yoast SEO plugin v21.0 - https:\/\/yoast.com\/wordpress\/plugins\/seo\/ -->\n<title>Manchester City frapp\u00e9 par un nouveau coup d\u00e9fensif avant le choc contre le Real Madrid<\/title>\n<meta name=\"robots\" content=\"index, follow, max-snippet:-1, max-image-preview:large, max-video-preview:-1\" \/>\n<link rel=\"canonical\" href=\"https:\/\/footdavant.fr\/actualites\/manchester-city-frappe-par-un-nouveau-coup-defensif-avant-le-choc-contre-le-real-madrid\/\" \/>\n<meta property=\"og:locale\" content=\"fr_FR\" \/>\n<meta property=\"og:type\" content=\"article\" \/>\n<meta property=\"og:title\" content=\"Manchester City frapp\u00e9 par un nouveau coup d\u00e9fensif avant le choc contre le Real Madrid\" \/>\n<meta property=\"og:description\" content=\"L&#039;arri\u00e8re central de Manchester City, Josko Gvardiol, s&#039;est bless\u00e9 lors du match de Premier League de son \u00e9quipe avec Crystal Palace. Manchester City d\u00e9fenseur central\" \/>\n<meta property=\"og:url\" content=\"https:\/\/footdavant.fr\/actualites\/manchester-city-frappe-par-un-nouveau-coup-defensif-avant-le-choc-contre-le-real-madrid\/\" \/>\n<meta property=\"og:site_name\" content=\"Foot d&#039;avant\" \/>\n<meta property=\"article:publisher\" content=\"https:\/\/www.facebook.com\/Footdavant\/\" \/>\n<meta property=\"article:published_time\" content=\"2024-04-07T15:50:58+00:00\" \/>\n<meta property=\"article:modified_time\" content=\"2024-04-07T15:50:59+00:00\" \/>\n<meta property=\"og:image\" content=\"https:\/\/footdavant.fr\/actualites\/wp-content\/uploads\/2024\/04\/Manchester-City-frappe-par-un-nouveau-coup-defensif-avant-le.jpg\" \/>\n\t<meta property=\"og:image:width\" content=\"640\" \/>\n\t<meta property=\"og:image:height\" content=\"480\" \/>\n\t<meta property=\"og:image:type\" content=\"image\/jpeg\" \/>\n<meta name=\"author\" content=\"Cl\u00e9ment\" \/>\n<meta name=\"twitter:card\" content=\"summary_large_image\" \/>\n<meta name=\"twitter:creator\" content=\"@FootdavantFr\" \/>\n<meta name=\"twitter:site\" content=\"@FootdavantFr\" \/>\n<meta name=\"twitter:label1\" content=\"\u00c9crit par\" \/>\n\t<meta name=\"twitter:data1\" content=\"Cl\u00e9ment\" \/>\n\t<meta name=\"twitter:label2\" content=\"Dur\u00e9e de lecture estim\u00e9e\" \/>\n\t<meta name=\"twitter:data2\" content=\"3 minutes\" \/>\n<script type=\"application\/ld+json\" class=\"yoast-schema-graph\">{\"@context\":\"https:\/\/schema.org\",\"@graph\":[{\"@type\":\"Article\",\"@id\":\"https:\/\/footdavant.fr\/actualites\/manchester-city-frappe-par-un-nouveau-coup-defensif-avant-le-choc-contre-le-real-madrid\/#article\",\"isPartOf\":{\"@id\":\"https:\/\/footdavant.fr\/actualites\/manchester-city-frappe-par-un-nouveau-coup-defensif-avant-le-choc-contre-le-real-madrid\/\"},\"author\":{\"name\":\"Cl\u00e9ment\",\"@id\":\"https:\/\/footdavant.fr\/actualites\/#\/schema\/person\/bc222566d95871b37e597b3ed3ba5e1d\"},\"headline\":\"Manchester City frapp\u00e9 par un nouveau coup d\u00e9fensif avant le choc contre le Real Madrid\",\"datePublished\":\"2024-04-07T15:50:58+00:00\",\"dateModified\":\"2024-04-07T15:50:59+00:00\",\"mainEntityOfPage\":{\"@id\":\"https:\/\/footdavant.fr\/actualites\/manchester-city-frappe-par-un-nouveau-coup-defensif-avant-le-choc-contre-le-real-madrid\/\"},\"wordCount\":620,\"publisher\":{\"@id\":\"https:\/\/footdavant.fr\/actualites\/#organization\"},\"keywords\":[\"avant\",\"choc\",\"City\",\"contre\",\"coup\",\"d\u00e9fensif\",\"frappe\",\"Madrid\",\"Manchester\",\"nouveau\",\"par\",\"Real\"],\"articleSection\":[\"Champions League\"],\"inLanguage\":\"fr-FR\"},{\"@type\":\"WebPage\",\"@id\":\"https:\/\/footdavant.fr\/actualites\/manchester-city-frappe-par-un-nouveau-coup-defensif-avant-le-choc-contre-le-real-madrid\/\",\"url\":\"https:\/\/footdavant.fr\/actualites\/manchester-city-frappe-par-un-nouveau-coup-defensif-avant-le-choc-contre-le-real-madrid\/\",\"name\":\"Manchester City frapp\u00e9 par un nouveau coup d\u00e9fensif avant le choc contre le Real Madrid\",\"isPartOf\":{\"@id\":\"https:\/\/footdavant.fr\/actualites\/#website\"},\"datePublished\":\"2024-04-07T15:50:58+00:00\",\"dateModified\":\"2024-04-07T15:50:59+00:00\",\"breadcrumb\":{\"@id\":\"https:\/\/footdavant.fr\/actualites\/manchester-city-frappe-par-un-nouveau-coup-defensif-avant-le-choc-contre-le-real-madrid\/#breadcrumb\"},\"inLanguage\":\"fr-FR\",\"potentialAction\":[{\"@type\":\"ReadAction\",\"target\":[\"https:\/\/footdavant.fr\/actualites\/manchester-city-frappe-par-un-nouveau-coup-defensif-avant-le-choc-contre-le-real-madrid\/\"]}]},{\"@type\":\"BreadcrumbList\",\"@id\":\"https:\/\/footdavant.fr\/actualites\/manchester-city-frappe-par-un-nouveau-coup-defensif-avant-le-choc-contre-le-real-madrid\/#breadcrumb\",\"itemListElement\":[{\"@type\":\"ListItem\",\"position\":1,\"name\":\"Accueil\",\"item\":\"https:\/\/footdavant.fr\/actualites\/\"},{\"@type\":\"ListItem\",\"position\":2,\"name\":\"Manchester City frapp\u00e9 par un nouveau coup d\u00e9fensif avant le choc contre le Real Madrid\"}]},{\"@type\":\"WebSite\",\"@id\":\"https:\/\/footdavant.fr\/actualites\/#website\",\"url\":\"https:\/\/footdavant.fr\/actualites\/\",\"name\":\"Foot d'avant\",\"description\":\"\",\"publisher\":{\"@id\":\"https:\/\/footdavant.fr\/actualites\/#organization\"},\"potentialAction\":[{\"@type\":\"SearchAction\",\"target\":{\"@type\":\"EntryPoint\",\"urlTemplate\":\"https:\/\/footdavant.fr\/actualites\/?s={search_term_string}\"},\"query-input\":\"required name=search_term_string\"}],\"inLanguage\":\"fr-FR\"},{\"@type\":\"Organization\",\"@id\":\"https:\/\/footdavant.fr\/actualites\/#organization\",\"name\":\"Foot d'avant\",\"url\":\"https:\/\/footdavant.fr\/actualites\/\",\"logo\":{\"@type\":\"ImageObject\",\"inLanguage\":\"fr-FR\",\"@id\":\"https:\/\/footdavant.fr\/actualites\/#\/schema\/logo\/image\/\",\"url\":\"https:\/\/footdavant.fr\/actualites\/wp-content\/uploads\/2023\/09\/Copy-of-FootDavant-Logo.png\",\"contentUrl\":\"https:\/\/footdavant.fr\/actualites\/wp-content\/uploads\/2023\/09\/Copy-of-FootDavant-Logo.png\",\"width\":936,\"height\":549,\"caption\":\"Foot d'avant\"},\"image\":{\"@id\":\"https:\/\/footdavant.fr\/actualites\/#\/schema\/logo\/image\/\"},\"sameAs\":[\"https:\/\/www.facebook.com\/Footdavant\/\",\"https:\/\/twitter.com\/FootdavantFr\",\"https:\/\/www.instagram.com\/footdavant.fr\/\"]},{\"@type\":\"Person\",\"@id\":\"https:\/\/footdavant.fr\/actualites\/#\/schema\/person\/bc222566d95871b37e597b3ed3ba5e1d\",\"name\":\"Cl\u00e9ment\",\"image\":{\"@type\":\"ImageObject\",\"inLanguage\":\"fr-FR\",\"@id\":\"https:\/\/footdavant.fr\/actualites\/#\/schema\/person\/image\/\",\"url\":\"https:\/\/secure.gravatar.com\/avatar\/7728b29aac2719421e1a9159b2254c44?s=96&d=mm&r=g\",\"contentUrl\":\"https:\/\/secure.gravatar.com\/avatar\/7728b29aac2719421e1a9159b2254c44?s=96&d=mm&r=g\",\"caption\":\"Cl\u00e9ment\"},\"sameAs\":[\"https:\/\/footdavant.fr\/\"]}]}<\/script>\n<!-- \/ Yoast SEO plugin. -->","yoast_head_json":{"title":"Manchester City frapp\u00e9 par un nouveau coup d\u00e9fensif avant le choc contre le Real Madrid","robots":{"index":"index","follow":"follow","max-snippet":"max-snippet:-1","max-image-preview":"max-image-preview:large","max-video-preview":"max-video-preview:-1"},"canonical":"https:\/\/footdavant.fr\/actualites\/manchester-city-frappe-par-un-nouveau-coup-defensif-avant-le-choc-contre-le-real-madrid\/","og_locale":"fr_FR","og_type":"article","og_title":"Manchester City frapp\u00e9 par un nouveau coup d\u00e9fensif avant le choc contre le Real Madrid","og_description":"L&#39;arri\u00e8re central de Manchester City, Josko Gvardiol, s&#39;est bless\u00e9 lors du match de Premier League de son \u00e9quipe avec Crystal Palace. Manchester City d\u00e9fenseur central","og_url":"https:\/\/footdavant.fr\/actualites\/manchester-city-frappe-par-un-nouveau-coup-defensif-avant-le-choc-contre-le-real-madrid\/","og_site_name":"Foot d&#039;avant","article_publisher":"https:\/\/www.facebook.com\/Footdavant\/","article_published_time":"2024-04-07T15:50:58+00:00","article_modified_time":"2024-04-07T15:50:59+00:00","og_image":[{"width":640,"height":480,"url":"https:\/\/footdavant.fr\/actualites\/wp-content\/uploads\/2024\/04\/Manchester-City-frappe-par-un-nouveau-coup-defensif-avant-le.jpg","type":"image\/jpeg"}],"author":"Cl\u00e9ment","twitter_card":"summary_large_image","twitter_creator":"@FootdavantFr","twitter_site":"@FootdavantFr","twitter_misc":{"\u00c9crit par":"Cl\u00e9ment","Dur\u00e9e de lecture estim\u00e9e":"3 minutes"},"schema":{"@context":"https:\/\/schema.org","@graph":[{"@type":"Article","@id":"https:\/\/footdavant.fr\/actualites\/manchester-city-frappe-par-un-nouveau-coup-defensif-avant-le-choc-contre-le-real-madrid\/#article","isPartOf":{"@id":"https:\/\/footdavant.fr\/actualites\/manchester-city-frappe-par-un-nouveau-coup-defensif-avant-le-choc-contre-le-real-madrid\/"},"author":{"name":"Cl\u00e9ment","@id":"https:\/\/footdavant.fr\/actualites\/#\/schema\/person\/bc222566d95871b37e597b3ed3ba5e1d"},"headline":"Manchester City frapp\u00e9 par un nouveau coup d\u00e9fensif avant le choc contre le Real Madrid","datePublished":"2024-04-07T15:50:58+00:00","dateModified":"2024-04-07T15:50:59+00:00","mainEntityOfPage":{"@id":"https:\/\/footdavant.fr\/actualites\/manchester-city-frappe-par-un-nouveau-coup-defensif-avant-le-choc-contre-le-real-madrid\/"},"wordCount":620,"publisher":{"@id":"https:\/\/footdavant.fr\/actualites\/#organization"},"keywords":["avant","choc","City","contre","coup","d\u00e9fensif","frappe","Madrid","Manchester","nouveau","par","Real"],"articleSection":["Champions League"],"inLanguage":"fr-FR"},{"@type":"WebPage","@id":"https:\/\/footdavant.fr\/actualites\/manchester-city-frappe-par-un-nouveau-coup-defensif-avant-le-choc-contre-le-real-madrid\/","url":"https:\/\/footdavant.fr\/actualites\/manchester-city-frappe-par-un-nouveau-coup-defensif-avant-le-choc-contre-le-real-madrid\/","name":"Manchester City frapp\u00e9 par un nouveau coup d\u00e9fensif avant le choc contre le Real Madrid","isPartOf":{"@id":"https:\/\/footdavant.fr\/actualites\/#website"},"datePublished":"2024-04-07T15:50:58+00:00","dateModified":"2024-04-07T15:50:59+00:00","breadcrumb":{"@id":"https:\/\/footdavant.fr\/actualites\/manchester-city-frappe-par-un-nouveau-coup-defensif-avant-le-choc-contre-le-real-madrid\/#breadcrumb"},"inLanguage":"fr-FR","potentialAction":[{"@type":"ReadAction","target":["https:\/\/footdavant.fr\/actualites\/manchester-city-frappe-par-un-nouveau-coup-defensif-avant-le-choc-contre-le-real-madrid\/"]}]},{"@type":"BreadcrumbList","@id":"https:\/\/footdavant.fr\/actualites\/manchester-city-frappe-par-un-nouveau-coup-defensif-avant-le-choc-contre-le-real-madrid\/#breadcrumb","itemListElement":[{"@type":"ListItem","position":1,"name":"Accueil","item":"https:\/\/footdavant.fr\/actualites\/"},{"@type":"ListItem","position":2,"name":"Manchester City frapp\u00e9 par un nouveau coup d\u00e9fensif avant le choc contre le Real Madrid"}]},{"@type":"WebSite","@id":"https:\/\/footdavant.fr\/actualites\/#website","url":"https:\/\/footdavant.fr\/actualites\/","name":"Foot d'avant","description":"","publisher":{"@id":"https:\/\/footdavant.fr\/actualites\/#organization"},"potentialAction":[{"@type":"SearchAction","target":{"@type":"EntryPoint","urlTemplate":"https:\/\/footdavant.fr\/actualites\/?s={search_term_string}"},"query-input":"required name=search_term_string"}],"inLanguage":"fr-FR"},{"@type":"Organization","@id":"https:\/\/footdavant.fr\/actualites\/#organization","name":"Foot d'avant","url":"https:\/\/footdavant.fr\/actualites\/","logo":{"@type":"ImageObject","inLanguage":"fr-FR","@id":"https:\/\/footdavant.fr\/actualites\/#\/schema\/logo\/image\/","url":"https:\/\/footdavant.fr\/actualites\/wp-content\/uploads\/2023\/09\/Copy-of-FootDavant-Logo.png","contentUrl":"https:\/\/footdavant.fr\/actualites\/wp-content\/uploads\/2023\/09\/Copy-of-FootDavant-Logo.png","width":936,"height":549,"caption":"Foot d'avant"},"image":{"@id":"https:\/\/footdavant.fr\/actualites\/#\/schema\/logo\/image\/"},"sameAs":["https:\/\/www.facebook.com\/Footdavant\/","https:\/\/twitter.com\/FootdavantFr","https:\/\/www.instagram.com\/footdavant.fr\/"]},{"@type":"Person","@id":"https:\/\/footdavant.fr\/actualites\/#\/schema\/person\/bc222566d95871b37e597b3ed3ba5e1d","name":"Cl\u00e9ment","image":{"@type":"ImageObject","inLanguage":"fr-FR","@id":"https:\/\/footdavant.fr\/actualites\/#\/schema\/person\/image\/","url":"https:\/\/secure.gravatar.com\/avatar\/7728b29aac2719421e1a9159b2254c44?s=96&d=mm&r=g","contentUrl":"https:\/\/secure.gravatar.com\/avatar\/7728b29aac2719421e1a9159b2254c44?s=96&d=mm&r=g","caption":"Cl\u00e9ment"},"sameAs":["https:\/\/footdavant.fr\/"]}]}},"_links":{"self":[{"href":"https:\/\/footdavant.fr\/actualites\/wp-json\/wp\/v2\/posts\/7125"}],"collection":[{"href":"https:\/\/footdavant.fr\/actualites\/wp-json\/wp\/v2\/posts"}],"about":[{"href":"https:\/\/footdavant.fr\/actualites\/wp-json\/wp\/v2\/types\/post"}],"author":[{"embeddable":true,"href":"https:\/\/footdavant.fr\/actualites\/wp-json\/wp\/v2\/users\/1"}],"replies":[{"embeddable":true,"href":"https:\/\/footdavant.fr\/actualites\/wp-json\/wp\/v2\/comments?post=7125"}],"version-history":[{"count":1,"href":"https:\/\/footdavant.fr\/actualites\/wp-json\/wp\/v2\/posts\/7125\/revisions"}],"predecessor-version":[{"id":7127,"href":"https:\/\/footdavant.fr\/actualites\/wp-json\/wp\/v2\/posts\/7125\/revisions\/7127"}],"wp:featuredmedia":[{"embeddable":true,"href":"https:\/\/footdavant.fr\/actualites\/wp-json\/wp\/v2\/media\/7126"}],"wp:attachment":[{"href":"https:\/\/footdavant.fr\/actualites\/wp-json\/wp\/v2\/media?parent=7125"}],"wp:term":[{"taxonomy":"category","embeddable":true,"href":"https:\/\/footdavant.fr\/actualites\/wp-json\/wp\/v2\/categories?post=7125"},{"taxonomy":"post_tag","embeddable":true,"href":"https:\/\/footdavant.fr\/actualites\/wp-json\/wp\/v2\/tags?post=7125"}],"curies":[{"name":"wp","href":"https:\/\/api.w.org\/{rel}","templated":true}]}}