{"id":716,"date":"2023-11-11T05:48:04","date_gmt":"2023-11-11T04:48:04","guid":{"rendered":"https:\/\/footdavant.fr\/actualites\/le-double-de-harry-kane-envoie-le-bayern-munich-en-huitiemes-de-finale-de-la-ligue-des-champions\/"},"modified":"2023-11-11T05:48:05","modified_gmt":"2023-11-11T04:48:05","slug":"le-double-de-harry-kane-envoie-le-bayern-munich-en-huitiemes-de-finale-de-la-ligue-des-champions","status":"publish","type":"post","link":"https:\/\/footdavant.fr\/actualites\/le-double-de-harry-kane-envoie-le-bayern-munich-en-huitiemes-de-finale-de-la-ligue-des-champions\/","title":{"rendered":"Le doubl\u00e9 de Harry Kane envoie le Bayern Munich en huiti\u00e8mes de finale de la Ligue des champions"},"content":{"rendered":"<p>Harry Kane marque deux fois pour envoyer le Bayern Munich en huiti\u00e8mes de finale de la Ligue des champions avec une victoire 2-1 sur Galatasaray.<\/p>\n<div id=\"article_body\" itemprop=\"articleBody\">\n<p class=\"firstPara\"><strong class=\"autotag\">Harry Kane<\/strong> a poursuivi son r\u00eave de commencer sa vie \u00e0 <strong class=\"autotag\">Bayern Munich<\/strong> avec une attelle contre <strong class=\"autotag\">Galatasaray<\/strong> pour renvoyer les g\u00e9ants allemands dans le <strong class=\"autotag\">Ligue des champions<\/strong> 16 derniers ce soir.<\/p>\n<p>Le Bayern a \u00e9t\u00e9 frustr\u00e9 pendant de longues p\u00e9riodes du match \u00e0 l&rsquo;Allianz Arena, mais le doubl\u00e9 tardif de Kane &#8211; les deux buts ont \u00e9t\u00e9 marqu\u00e9s dans les 10 derni\u00e8res minutes &#8211; a finalement scell\u00e9 un triomphe 2-1 qui lui a valu quatre victoires sur quatre et a assur\u00e9 sa place en huiti\u00e8mes de finale. avec deux jeux \u00e0 perdre.<\/p>\n<p>Galatasaray s&rsquo;est donn\u00e9 un peu d&rsquo;espoir tardivement <strong class=\"autotag\">C\u00e9dric Bakambu<\/strong> en a retir\u00e9 un \u00e0 la troisi\u00e8me minute du temps additionnel, mais il n&rsquo;y avait pas de temps pour une \u00e9galisation tardive spectaculaire.<\/p>\n<p>Kane entrait dans le match apr\u00e8s avoir marqu\u00e9 des tripl\u00e9s lors de ses deux derni\u00e8res apparitions, et il a presque pris un d\u00e9part pr\u00e9coce vers un autre lorsqu&rsquo;il a piqu\u00e9 les paumes de <strong class=\"autotag\">Fernando Muslera<\/strong> hors de port\u00e9e apr\u00e8s cinq minutes.<\/p>\n<p>Muslera a de nouveau \u00e9t\u00e9 appel\u00e9 \u00e0 l&rsquo;action pour contrecarrer <strong class=\"autotag\">Leroy San\u00e9<\/strong> en t\u00eate-\u00e0-t\u00eate \u00e0 la demi-heure, avant <strong class=\"autotag\">Manuel Neuer<\/strong> j&rsquo;ai fait la m\u00eame chose pour nier <strong class=\"autotag\">Mauro Icardi<\/strong> \u00e0 l&rsquo;autre bout du terrain peu avant la mi-temps.<\/p>\n<p>Kane s&rsquo;est encore rapproch\u00e9 huit minutes apr\u00e8s le d\u00e9but de la seconde p\u00e9riode alors qu&rsquo;il ne pouvait d\u00e9tourner le ballon contre le poteau qu&rsquo;\u00e0 pleine puissance apr\u00e8s <strong class=\"autotag\">Kingsley Coman<\/strong>La dangereuse croix de <strong class=\"autotag\">L\u00e9on Goretzka<\/strong>.<\/p>\n<p>Galatasaray avait le ballon au fond des filets peu de temps apr\u00e8s, seulement pour <strong class=\"autotag\">Baris Yilmaz<\/strong>Le but de \u00e9tait refus\u00e9 pour hors-jeu, mais les visiteurs semblaient bien partis pour marquer un point important alors que le chronom\u00e8tre avan\u00e7ait dans les 10 derni\u00e8res minutes.<\/p>\n<p class=\"imgI\">\n<p>Cependant, Kane a d\u00e9j\u00e0 soulign\u00e9 son statut de faiseur de diff\u00e9rence au cours de son court s\u00e9jour en Bavi\u00e8re, et il s&rsquo;est \u00e0 nouveau impos\u00e9 pour l&rsquo;\u00e9quipe locale avec un doubl\u00e9 rapide en l&rsquo;espace de six minutes.<\/p>\n<p>Le premier du capitaine anglais &#8211; une t\u00eate glaciale de <strong class=\"autotag\">Josu\u00e9 Kimmich<\/strong>Le coup franc de &#8211; a \u00e9t\u00e9 initialement exclu pour hors-jeu, mais VAR a annul\u00e9 la d\u00e9cision sur le terrain apr\u00e8s que les rediffusions ont montr\u00e9 que Kane \u00e9tait clairement en jeu lorsque le ballon a \u00e9t\u00e9 jou\u00e9.<\/p>\n<p>Kane a ensuite doubl\u00e9 son total personnel dans la soir\u00e9e en apportant une simple touche finale \u00e0 un mouvement de passe astucieux impliquant <strong class=\"autotag\">Thomas M\u00fcller<\/strong> et <strong class=\"autotag\">Mathys T\u00e9l<\/strong>soit 19 buts en seulement 15 apparitions pour le Bayern depuis son arriv\u00e9e cet \u00e9t\u00e9.<\/p>\n<p>Muller a rat\u00e9 une glorieuse occasion d&rsquo;en marquer un troisi\u00e8me lorsqu&rsquo;il a envoy\u00e9 une finition rat\u00e9e tournant terriblement large depuis l&rsquo;int\u00e9rieur de la surface, et cela aurait pu s&rsquo;av\u00e9rer co\u00fbteux puisque Galatasaray en a rapidement retir\u00e9 un, Bakambu s&rsquo;accrochant \u00e0 une simple passe par-dessus avant de diriger son effort vers l&rsquo;autre c\u00f4t\u00e9. Neuer et dans le coin inf\u00e9rieur le plus \u00e9loign\u00e9.<\/p>\n<p>Le Bayern a cependant tenu bon, se qualifiant pour la 20e fois pour les huiti\u00e8mes de finale et rejoignant Manchester City, le RB Leipzig, le Real Madrid, l&rsquo;Inter Milan et la Real Sociedad en huiti\u00e8mes de finale, ces trois derniers obtenant \u00e9galement leur ticket mercredi soir.<\/p>\n<p>Galatasaray, quant \u00e0 lui, chute \u00e0 la troisi\u00e8me place du Groupe A apr\u00e8s la victoire spectaculaire de Copenhague 4-3 sur Manchester United, m\u00eame si un seul point s\u00e9pare d\u00e9sormais les trois autres \u00e9quipes du classement.<\/p>\n<\/div>\n","protected":false},"excerpt":{"rendered":"<p>Harry Kane marque deux fois pour envoyer le Bayern Munich en huiti\u00e8mes de finale de la Ligue des champions avec une victoire 2-1 sur Galatasaray.<\/p>\n","protected":false},"author":1,"featured_media":717,"comment_status":"closed","ping_status":"","sticky":false,"template":"","format":"standard","meta":{"footnotes":""},"categories":[4],"tags":[340,31,12,317,677,897,32,896,862,30,341],"yoast_head":"<!-- This site is optimized with the Yoast SEO plugin v21.0 - https:\/\/yoast.com\/wordpress\/plugins\/seo\/ -->\n<title>Le doubl\u00e9 de Harry Kane envoie le Bayern Munich en huiti\u00e8mes de finale de la Ligue des champions<\/title>\n<meta name=\"robots\" content=\"index, follow, max-snippet:-1, max-image-preview:large, max-video-preview:-1\" \/>\n<link rel=\"canonical\" href=\"https:\/\/footdavant.fr\/actualites\/le-double-de-harry-kane-envoie-le-bayern-munich-en-huitiemes-de-finale-de-la-ligue-des-champions\/\" \/>\n<meta property=\"og:locale\" content=\"fr_FR\" \/>\n<meta property=\"og:type\" content=\"article\" \/>\n<meta property=\"og:title\" content=\"Le doubl\u00e9 de Harry Kane envoie le Bayern Munich en huiti\u00e8mes de finale de la Ligue des champions\" \/>\n<meta property=\"og:description\" content=\"Harry Kane marque deux fois pour envoyer le Bayern Munich en huiti\u00e8mes de finale de la Ligue des champions avec une victoire 2-1 sur Galatasaray.\" \/>\n<meta property=\"og:url\" content=\"https:\/\/footdavant.fr\/actualites\/le-double-de-harry-kane-envoie-le-bayern-munich-en-huitiemes-de-finale-de-la-ligue-des-champions\/\" \/>\n<meta property=\"og:site_name\" content=\"Foot d&#039;avant\" \/>\n<meta property=\"article:publisher\" content=\"https:\/\/www.facebook.com\/Footdavant\/\" \/>\n<meta property=\"article:published_time\" content=\"2023-11-11T04:48:04+00:00\" \/>\n<meta property=\"article:modified_time\" content=\"2023-11-11T04:48:05+00:00\" \/>\n<meta property=\"og:image\" content=\"https:\/\/footdavant.fr\/actualites\/wp-content\/uploads\/2023\/11\/Le-double-de-Harry-Kane-envoie-le-Bayern-Munich-en.jpg\" \/>\n\t<meta property=\"og:image:width\" content=\"640\" \/>\n\t<meta property=\"og:image:height\" content=\"480\" \/>\n\t<meta property=\"og:image:type\" content=\"image\/jpeg\" \/>\n<meta name=\"author\" content=\"Cl\u00e9ment\" \/>\n<meta name=\"twitter:card\" content=\"summary_large_image\" \/>\n<meta name=\"twitter:creator\" content=\"@FootdavantFr\" \/>\n<meta name=\"twitter:site\" content=\"@FootdavantFr\" \/>\n<meta name=\"twitter:label1\" content=\"\u00c9crit par\" \/>\n\t<meta name=\"twitter:data1\" content=\"Cl\u00e9ment\" \/>\n\t<meta name=\"twitter:label2\" content=\"Dur\u00e9e de lecture estim\u00e9e\" \/>\n\t<meta name=\"twitter:data2\" content=\"3 minutes\" \/>\n<script type=\"application\/ld+json\" class=\"yoast-schema-graph\">{\"@context\":\"https:\/\/schema.org\",\"@graph\":[{\"@type\":\"Article\",\"@id\":\"https:\/\/footdavant.fr\/actualites\/le-double-de-harry-kane-envoie-le-bayern-munich-en-huitiemes-de-finale-de-la-ligue-des-champions\/#article\",\"isPartOf\":{\"@id\":\"https:\/\/footdavant.fr\/actualites\/le-double-de-harry-kane-envoie-le-bayern-munich-en-huitiemes-de-finale-de-la-ligue-des-champions\/\"},\"author\":{\"name\":\"Cl\u00e9ment\",\"@id\":\"https:\/\/footdavant.fr\/actualites\/#\/schema\/person\/bc222566d95871b37e597b3ed3ba5e1d\"},\"headline\":\"Le doubl\u00e9 de Harry Kane envoie le Bayern Munich en huiti\u00e8mes de finale de la Ligue des champions\",\"datePublished\":\"2023-11-11T04:48:04+00:00\",\"dateModified\":\"2023-11-11T04:48:05+00:00\",\"mainEntityOfPage\":{\"@id\":\"https:\/\/footdavant.fr\/actualites\/le-double-de-harry-kane-envoie-le-bayern-munich-en-huitiemes-de-finale-de-la-ligue-des-champions\/\"},\"wordCount\":634,\"publisher\":{\"@id\":\"https:\/\/footdavant.fr\/actualites\/#organization\"},\"keywords\":[\"Bayern\",\"champions\",\"des\",\"doubl\u00e9\",\"envoie\",\"finale\",\"Harry\",\"huiti\u00e8mes\",\"Kane\",\"Ligue\",\"Munich\"],\"articleSection\":[\"Champions League\"],\"inLanguage\":\"fr-FR\"},{\"@type\":\"WebPage\",\"@id\":\"https:\/\/footdavant.fr\/actualites\/le-double-de-harry-kane-envoie-le-bayern-munich-en-huitiemes-de-finale-de-la-ligue-des-champions\/\",\"url\":\"https:\/\/footdavant.fr\/actualites\/le-double-de-harry-kane-envoie-le-bayern-munich-en-huitiemes-de-finale-de-la-ligue-des-champions\/\",\"name\":\"Le doubl\u00e9 de Harry Kane envoie le Bayern Munich en huiti\u00e8mes de finale de la Ligue des champions\",\"isPartOf\":{\"@id\":\"https:\/\/footdavant.fr\/actualites\/#website\"},\"datePublished\":\"2023-11-11T04:48:04+00:00\",\"dateModified\":\"2023-11-11T04:48:05+00:00\",\"breadcrumb\":{\"@id\":\"https:\/\/footdavant.fr\/actualites\/le-double-de-harry-kane-envoie-le-bayern-munich-en-huitiemes-de-finale-de-la-ligue-des-champions\/#breadcrumb\"},\"inLanguage\":\"fr-FR\",\"potentialAction\":[{\"@type\":\"ReadAction\",\"target\":[\"https:\/\/footdavant.fr\/actualites\/le-double-de-harry-kane-envoie-le-bayern-munich-en-huitiemes-de-finale-de-la-ligue-des-champions\/\"]}]},{\"@type\":\"BreadcrumbList\",\"@id\":\"https:\/\/footdavant.fr\/actualites\/le-double-de-harry-kane-envoie-le-bayern-munich-en-huitiemes-de-finale-de-la-ligue-des-champions\/#breadcrumb\",\"itemListElement\":[{\"@type\":\"ListItem\",\"position\":1,\"name\":\"Accueil\",\"item\":\"https:\/\/footdavant.fr\/actualites\/\"},{\"@type\":\"ListItem\",\"position\":2,\"name\":\"Le doubl\u00e9 de Harry Kane envoie le Bayern Munich en huiti\u00e8mes de finale de la Ligue des champions\"}]},{\"@type\":\"WebSite\",\"@id\":\"https:\/\/footdavant.fr\/actualites\/#website\",\"url\":\"https:\/\/footdavant.fr\/actualites\/\",\"name\":\"Foot d'avant\",\"description\":\"\",\"publisher\":{\"@id\":\"https:\/\/footdavant.fr\/actualites\/#organization\"},\"potentialAction\":[{\"@type\":\"SearchAction\",\"target\":{\"@type\":\"EntryPoint\",\"urlTemplate\":\"https:\/\/footdavant.fr\/actualites\/?s={search_term_string}\"},\"query-input\":\"required name=search_term_string\"}],\"inLanguage\":\"fr-FR\"},{\"@type\":\"Organization\",\"@id\":\"https:\/\/footdavant.fr\/actualites\/#organization\",\"name\":\"Foot d'avant\",\"url\":\"https:\/\/footdavant.fr\/actualites\/\",\"logo\":{\"@type\":\"ImageObject\",\"inLanguage\":\"fr-FR\",\"@id\":\"https:\/\/footdavant.fr\/actualites\/#\/schema\/logo\/image\/\",\"url\":\"https:\/\/footdavant.fr\/actualites\/wp-content\/uploads\/2023\/09\/Copy-of-FootDavant-Logo.png\",\"contentUrl\":\"https:\/\/footdavant.fr\/actualites\/wp-content\/uploads\/2023\/09\/Copy-of-FootDavant-Logo.png\",\"width\":936,\"height\":549,\"caption\":\"Foot d'avant\"},\"image\":{\"@id\":\"https:\/\/footdavant.fr\/actualites\/#\/schema\/logo\/image\/\"},\"sameAs\":[\"https:\/\/www.facebook.com\/Footdavant\/\",\"https:\/\/twitter.com\/FootdavantFr\",\"https:\/\/www.instagram.com\/footdavant.fr\/\"]},{\"@type\":\"Person\",\"@id\":\"https:\/\/footdavant.fr\/actualites\/#\/schema\/person\/bc222566d95871b37e597b3ed3ba5e1d\",\"name\":\"Cl\u00e9ment\",\"image\":{\"@type\":\"ImageObject\",\"inLanguage\":\"fr-FR\",\"@id\":\"https:\/\/footdavant.fr\/actualites\/#\/schema\/person\/image\/\",\"url\":\"https:\/\/secure.gravatar.com\/avatar\/7728b29aac2719421e1a9159b2254c44?s=96&d=mm&r=g\",\"contentUrl\":\"https:\/\/secure.gravatar.com\/avatar\/7728b29aac2719421e1a9159b2254c44?s=96&d=mm&r=g\",\"caption\":\"Cl\u00e9ment\"},\"sameAs\":[\"https:\/\/footdavant.fr\/\"]}]}<\/script>\n<!-- \/ Yoast SEO plugin. -->","yoast_head_json":{"title":"Le doubl\u00e9 de Harry Kane envoie le Bayern Munich en huiti\u00e8mes de finale de la Ligue des champions","robots":{"index":"index","follow":"follow","max-snippet":"max-snippet:-1","max-image-preview":"max-image-preview:large","max-video-preview":"max-video-preview:-1"},"canonical":"https:\/\/footdavant.fr\/actualites\/le-double-de-harry-kane-envoie-le-bayern-munich-en-huitiemes-de-finale-de-la-ligue-des-champions\/","og_locale":"fr_FR","og_type":"article","og_title":"Le doubl\u00e9 de Harry Kane envoie le Bayern Munich en huiti\u00e8mes de finale de la Ligue des champions","og_description":"Harry Kane marque deux fois pour envoyer le Bayern Munich en huiti\u00e8mes de finale de la Ligue des champions avec une victoire 2-1 sur Galatasaray.","og_url":"https:\/\/footdavant.fr\/actualites\/le-double-de-harry-kane-envoie-le-bayern-munich-en-huitiemes-de-finale-de-la-ligue-des-champions\/","og_site_name":"Foot d&#039;avant","article_publisher":"https:\/\/www.facebook.com\/Footdavant\/","article_published_time":"2023-11-11T04:48:04+00:00","article_modified_time":"2023-11-11T04:48:05+00:00","og_image":[{"width":640,"height":480,"url":"https:\/\/footdavant.fr\/actualites\/wp-content\/uploads\/2023\/11\/Le-double-de-Harry-Kane-envoie-le-Bayern-Munich-en.jpg","type":"image\/jpeg"}],"author":"Cl\u00e9ment","twitter_card":"summary_large_image","twitter_creator":"@FootdavantFr","twitter_site":"@FootdavantFr","twitter_misc":{"\u00c9crit par":"Cl\u00e9ment","Dur\u00e9e de lecture estim\u00e9e":"3 minutes"},"schema":{"@context":"https:\/\/schema.org","@graph":[{"@type":"Article","@id":"https:\/\/footdavant.fr\/actualites\/le-double-de-harry-kane-envoie-le-bayern-munich-en-huitiemes-de-finale-de-la-ligue-des-champions\/#article","isPartOf":{"@id":"https:\/\/footdavant.fr\/actualites\/le-double-de-harry-kane-envoie-le-bayern-munich-en-huitiemes-de-finale-de-la-ligue-des-champions\/"},"author":{"name":"Cl\u00e9ment","@id":"https:\/\/footdavant.fr\/actualites\/#\/schema\/person\/bc222566d95871b37e597b3ed3ba5e1d"},"headline":"Le doubl\u00e9 de Harry Kane envoie le Bayern Munich en huiti\u00e8mes de finale de la Ligue des champions","datePublished":"2023-11-11T04:48:04+00:00","dateModified":"2023-11-11T04:48:05+00:00","mainEntityOfPage":{"@id":"https:\/\/footdavant.fr\/actualites\/le-double-de-harry-kane-envoie-le-bayern-munich-en-huitiemes-de-finale-de-la-ligue-des-champions\/"},"wordCount":634,"publisher":{"@id":"https:\/\/footdavant.fr\/actualites\/#organization"},"keywords":["Bayern","champions","des","doubl\u00e9","envoie","finale","Harry","huiti\u00e8mes","Kane","Ligue","Munich"],"articleSection":["Champions League"],"inLanguage":"fr-FR"},{"@type":"WebPage","@id":"https:\/\/footdavant.fr\/actualites\/le-double-de-harry-kane-envoie-le-bayern-munich-en-huitiemes-de-finale-de-la-ligue-des-champions\/","url":"https:\/\/footdavant.fr\/actualites\/le-double-de-harry-kane-envoie-le-bayern-munich-en-huitiemes-de-finale-de-la-ligue-des-champions\/","name":"Le doubl\u00e9 de Harry Kane envoie le Bayern Munich en huiti\u00e8mes de finale de la Ligue des champions","isPartOf":{"@id":"https:\/\/footdavant.fr\/actualites\/#website"},"datePublished":"2023-11-11T04:48:04+00:00","dateModified":"2023-11-11T04:48:05+00:00","breadcrumb":{"@id":"https:\/\/footdavant.fr\/actualites\/le-double-de-harry-kane-envoie-le-bayern-munich-en-huitiemes-de-finale-de-la-ligue-des-champions\/#breadcrumb"},"inLanguage":"fr-FR","potentialAction":[{"@type":"ReadAction","target":["https:\/\/footdavant.fr\/actualites\/le-double-de-harry-kane-envoie-le-bayern-munich-en-huitiemes-de-finale-de-la-ligue-des-champions\/"]}]},{"@type":"BreadcrumbList","@id":"https:\/\/footdavant.fr\/actualites\/le-double-de-harry-kane-envoie-le-bayern-munich-en-huitiemes-de-finale-de-la-ligue-des-champions\/#breadcrumb","itemListElement":[{"@type":"ListItem","position":1,"name":"Accueil","item":"https:\/\/footdavant.fr\/actualites\/"},{"@type":"ListItem","position":2,"name":"Le doubl\u00e9 de Harry Kane envoie le Bayern Munich en huiti\u00e8mes de finale de la Ligue des champions"}]},{"@type":"WebSite","@id":"https:\/\/footdavant.fr\/actualites\/#website","url":"https:\/\/footdavant.fr\/actualites\/","name":"Foot d'avant","description":"","publisher":{"@id":"https:\/\/footdavant.fr\/actualites\/#organization"},"potentialAction":[{"@type":"SearchAction","target":{"@type":"EntryPoint","urlTemplate":"https:\/\/footdavant.fr\/actualites\/?s={search_term_string}"},"query-input":"required name=search_term_string"}],"inLanguage":"fr-FR"},{"@type":"Organization","@id":"https:\/\/footdavant.fr\/actualites\/#organization","name":"Foot d'avant","url":"https:\/\/footdavant.fr\/actualites\/","logo":{"@type":"ImageObject","inLanguage":"fr-FR","@id":"https:\/\/footdavant.fr\/actualites\/#\/schema\/logo\/image\/","url":"https:\/\/footdavant.fr\/actualites\/wp-content\/uploads\/2023\/09\/Copy-of-FootDavant-Logo.png","contentUrl":"https:\/\/footdavant.fr\/actualites\/wp-content\/uploads\/2023\/09\/Copy-of-FootDavant-Logo.png","width":936,"height":549,"caption":"Foot d'avant"},"image":{"@id":"https:\/\/footdavant.fr\/actualites\/#\/schema\/logo\/image\/"},"sameAs":["https:\/\/www.facebook.com\/Footdavant\/","https:\/\/twitter.com\/FootdavantFr","https:\/\/www.instagram.com\/footdavant.fr\/"]},{"@type":"Person","@id":"https:\/\/footdavant.fr\/actualites\/#\/schema\/person\/bc222566d95871b37e597b3ed3ba5e1d","name":"Cl\u00e9ment","image":{"@type":"ImageObject","inLanguage":"fr-FR","@id":"https:\/\/footdavant.fr\/actualites\/#\/schema\/person\/image\/","url":"https:\/\/secure.gravatar.com\/avatar\/7728b29aac2719421e1a9159b2254c44?s=96&d=mm&r=g","contentUrl":"https:\/\/secure.gravatar.com\/avatar\/7728b29aac2719421e1a9159b2254c44?s=96&d=mm&r=g","caption":"Cl\u00e9ment"},"sameAs":["https:\/\/footdavant.fr\/"]}]}},"_links":{"self":[{"href":"https:\/\/footdavant.fr\/actualites\/wp-json\/wp\/v2\/posts\/716"}],"collection":[{"href":"https:\/\/footdavant.fr\/actualites\/wp-json\/wp\/v2\/posts"}],"about":[{"href":"https:\/\/footdavant.fr\/actualites\/wp-json\/wp\/v2\/types\/post"}],"author":[{"embeddable":true,"href":"https:\/\/footdavant.fr\/actualites\/wp-json\/wp\/v2\/users\/1"}],"replies":[{"embeddable":true,"href":"https:\/\/footdavant.fr\/actualites\/wp-json\/wp\/v2\/comments?post=716"}],"version-history":[{"count":1,"href":"https:\/\/footdavant.fr\/actualites\/wp-json\/wp\/v2\/posts\/716\/revisions"}],"predecessor-version":[{"id":718,"href":"https:\/\/footdavant.fr\/actualites\/wp-json\/wp\/v2\/posts\/716\/revisions\/718"}],"wp:featuredmedia":[{"embeddable":true,"href":"https:\/\/footdavant.fr\/actualites\/wp-json\/wp\/v2\/media\/717"}],"wp:attachment":[{"href":"https:\/\/footdavant.fr\/actualites\/wp-json\/wp\/v2\/media?parent=716"}],"wp:term":[{"taxonomy":"category","embeddable":true,"href":"https:\/\/footdavant.fr\/actualites\/wp-json\/wp\/v2\/categories?post=716"},{"taxonomy":"post_tag","embeddable":true,"href":"https:\/\/footdavant.fr\/actualites\/wp-json\/wp\/v2\/tags?post=716"}],"curies":[{"name":"wp","href":"https:\/\/api.w.org\/{rel}","templated":true}]}}