{"id":7182,"date":"2024-04-08T20:48:21","date_gmt":"2024-04-08T18:48:21","guid":{"rendered":"https:\/\/footdavant.fr\/actualites\/aouna-considere-que-ce-demenagement-nest-quune-formalite\/"},"modified":"2024-04-08T20:48:28","modified_gmt":"2024-04-08T18:48:28","slug":"aouna-considere-que-ce-demenagement-nest-quune-formalite","status":"publish","type":"post","link":"https:\/\/footdavant.fr\/actualites\/aouna-considere-que-ce-demenagement-nest-quune-formalite\/","title":{"rendered":"Aouna consid\u00e8re que ce d\u00e9m\u00e9nagement n&#39;est qu&#39;une formalit\u00e9"},"content":{"rendered":"<p><\/p>\n<div id=\"article-body\">\n<!-- Article Start --><\/p>\n<p>Attention, les comptes des Sky Blues sugg\u00e8rent qu&#39;ils gagnent plus d&#39;argent gr\u00e2ce aux accords commerciaux que le Real Madrid et Liverpool, alors que savons-nous ?<\/p>\n<p>Les hommes de Pep Guardiola auraient d\u00e9sormais suivi la signature de Cavan Sullivan avec une d\u00e9cision pour Lucas Paqueta.  Santi Aouna de Foot Mercato rapporte sur X (anciennement Twitter) que les champions sortants ont \u00ab\u00a0un accord \u00e0 des conditions personnelles\u00a0\u00bb avec les clubs qui devraient entamer des n\u00e9gociations cet \u00e9t\u00e9.<\/p>\n<blockquote class=\"twitter-lazy tweet-img lazyload\" data-width=\"500\" data-dnt=\"true\">\n<p lang=\"en\" dir=\"ltr\">\ud83d\udea8EXCL : \ud83d\udc99\ud83c\udde7\ud83c\uddf7 <a rel=\"nofollow\" href=\"https:\/\/twitter.com\/hashtag\/PL?src=hash&amp;ref_src=twsrc%5Etfw\">#PL<\/a> |<\/p>\n<p>\ud83e\udd1d\ud83d\udcb0 Manchester City a un accord sur les conditions personnelles (dur\u00e9e du contrat, salaire) avec Lucas Paquet\u00e1 sur un contrat \u00e0 long terme<\/p>\n<p>\u23f3\ufe0f Aucune n\u00e9gociation ni pourparlers n&#39;ont lieu entre West Ham et Manchester City mais les agents du joueur s&#39;attendent \u00e0 ce que les clubs n\u00e9gocient un\u2026 <a rel=\"nofollow\" href=\"https:\/\/t.co\/lxupqcgXbK\">pic.twitter.com\/lxupqcgXbK<\/a><\/p>\n<p>\u2013Santi Aouna (@Santi_J_FM) <a rel=\"nofollow\" href=\"https:\/\/twitter.com\/Santi_J_FM\/status\/1777387575298150540?ref_src=twsrc%5Etfw\">8 avril 2024<\/a><\/p>\n<\/blockquote>\n<p><iframe class=\"lazyload\" style=\"border-radius: 12px\" width=\"100%\" height=\"152\" title=\"Spotify Embed: #Ep104 of The Empire of the Kop Podcast: EOTK Insider with Neil Jones\ud83c\udf99\ufe0f\" frameborder=\"0\" allowfullscreen=\"\" allow=\"autoplay; clipboard-write; encrypted-media; fullscreen; picture-in-picture\" data-src=\"https:\/\/open.spotify.com\/embed\/episode\/4DU30pxz7loE4WTmO52PVc?go=1&amp;sp_cid=fc71a35029710e9943c0848fbefad798&amp;utm_source=oembed&amp;utm_medium=desktop\"><\/iframe><\/p>\n<\/p>\n<h2>Qui int\u00e9resse Liverpool ?<\/h2>\n<p>Jacque Talbot de Football Transfers a fait part de notre int\u00e9r\u00eat pour l&#39;homme de Leeds United, Crysencio Summerville.<\/p>\n<p>Le transfert potentiel du N\u00e9erlandais \u00e0 Anfield pourrait cependant \u00eatre directement li\u00e9 \u00e0 l&#39;avenir de Luis Diaz et de Mo Salah.<\/p>\n<p>Notre int\u00e9r\u00eat pour les d\u00e9fenseurs centraux de Ruben Amorim au Sporting Lisbonne, Goncalo Inacio et Ousmane Diomande, est document\u00e9 de longue date.  Nous serons particuli\u00e8rement intrigu\u00e9s de voir si l&#39;un des deux joueurs rejoint l&#39;entra\u00eeneur-chef portugais, s&#39;il assume un r\u00f4le \u00e0 Liverpool cet \u00e9t\u00e9.<\/p>\n<\/p>\n<p><span class=\"embed-youtube\" style=\"text-align:center; display: block;\"><\/span><\/p>\n<p><!-- Article End -->\t\t\t\t<\/div>\n<p><script async src=\"https:\/\/platform.twitter.com\/widgets.js\" charset=\"utf-8\"><\/script><script async src=\"\/\/www.instagram.com\/embed.js\"><\/script><\/p>\n","protected":false},"excerpt":{"rendered":"<p>Attention, les comptes des Sky Blues sugg\u00e8rent qu&#39;ils gagnent plus d&#39;argent gr\u00e2ce aux accords commerciaux que le Real Madrid et Liverpool, alors que savons-nous ?<\/p>\n","protected":false},"author":1,"featured_media":7183,"comment_status":"closed","ping_status":"","sticky":false,"template":"","format":"standard","meta":{"footnotes":""},"categories":[3],"tags":[4489,4490,1856,4492,4321,4491],"yoast_head":"<!-- This site is optimized with the Yoast SEO plugin v21.0 - https:\/\/yoast.com\/wordpress\/plugins\/seo\/ -->\n<title>Aouna consid\u00e8re que ce d\u00e9m\u00e9nagement n&#039;est qu&#039;une formalit\u00e9<\/title>\n<meta name=\"robots\" content=\"index, follow, max-snippet:-1, max-image-preview:large, max-video-preview:-1\" \/>\n<link rel=\"canonical\" href=\"https:\/\/footdavant.fr\/actualites\/aouna-considere-que-ce-demenagement-nest-quune-formalite\/\" \/>\n<meta property=\"og:locale\" content=\"fr_FR\" \/>\n<meta property=\"og:type\" content=\"article\" \/>\n<meta property=\"og:title\" content=\"Aouna consid\u00e8re que ce d\u00e9m\u00e9nagement n&#039;est qu&#039;une formalit\u00e9\" \/>\n<meta property=\"og:description\" content=\"Attention, les comptes des Sky Blues sugg\u00e8rent qu&#039;ils gagnent plus d&#039;argent gr\u00e2ce aux accords commerciaux que le Real Madrid et Liverpool, alors que savons-nous ?\" \/>\n<meta property=\"og:url\" content=\"https:\/\/footdavant.fr\/actualites\/aouna-considere-que-ce-demenagement-nest-quune-formalite\/\" \/>\n<meta property=\"og:site_name\" content=\"Foot d&#039;avant\" \/>\n<meta property=\"article:publisher\" content=\"https:\/\/www.facebook.com\/Footdavant\/\" \/>\n<meta property=\"article:published_time\" content=\"2024-04-08T18:48:21+00:00\" \/>\n<meta property=\"article:modified_time\" content=\"2024-04-08T18:48:28+00:00\" \/>\n<meta property=\"og:image\" content=\"https:\/\/footdavant.fr\/actualites\/wp-content\/uploads\/2024\/04\/Aouna-considere-que-ce-demenagement-n39est-qu39une-formalite-scaled.jpg\" \/>\n\t<meta property=\"og:image:width\" content=\"2560\" \/>\n\t<meta property=\"og:image:height\" content=\"1749\" \/>\n\t<meta property=\"og:image:type\" content=\"image\/jpeg\" \/>\n<meta name=\"author\" content=\"Cl\u00e9ment\" \/>\n<meta name=\"twitter:card\" content=\"summary_large_image\" \/>\n<meta name=\"twitter:creator\" content=\"@FootdavantFr\" \/>\n<meta name=\"twitter:site\" content=\"@FootdavantFr\" \/>\n<meta name=\"twitter:label1\" content=\"\u00c9crit par\" \/>\n\t<meta name=\"twitter:data1\" content=\"Cl\u00e9ment\" \/>\n\t<meta name=\"twitter:label2\" content=\"Dur\u00e9e de lecture estim\u00e9e\" \/>\n\t<meta name=\"twitter:data2\" content=\"1 minute\" \/>\n<script type=\"application\/ld+json\" class=\"yoast-schema-graph\">{\"@context\":\"https:\/\/schema.org\",\"@graph\":[{\"@type\":\"Article\",\"@id\":\"https:\/\/footdavant.fr\/actualites\/aouna-considere-que-ce-demenagement-nest-quune-formalite\/#article\",\"isPartOf\":{\"@id\":\"https:\/\/footdavant.fr\/actualites\/aouna-considere-que-ce-demenagement-nest-quune-formalite\/\"},\"author\":{\"name\":\"Cl\u00e9ment\",\"@id\":\"https:\/\/footdavant.fr\/actualites\/#\/schema\/person\/bc222566d95871b37e597b3ed3ba5e1d\"},\"headline\":\"Aouna consid\u00e8re que ce d\u00e9m\u00e9nagement n&#39;est qu&#39;une formalit\u00e9\",\"datePublished\":\"2024-04-08T18:48:21+00:00\",\"dateModified\":\"2024-04-08T18:48:28+00:00\",\"mainEntityOfPage\":{\"@id\":\"https:\/\/footdavant.fr\/actualites\/aouna-considere-que-ce-demenagement-nest-quune-formalite\/\"},\"wordCount\":254,\"publisher\":{\"@id\":\"https:\/\/footdavant.fr\/actualites\/#organization\"},\"keywords\":[\"Aouna\",\"consid\u00e8re\",\"d\u00e9m\u00e9nagement\",\"formalit\u00e9\",\"n39est\",\"qu39une\"],\"articleSection\":[\"Football\"],\"inLanguage\":\"fr-FR\"},{\"@type\":\"WebPage\",\"@id\":\"https:\/\/footdavant.fr\/actualites\/aouna-considere-que-ce-demenagement-nest-quune-formalite\/\",\"url\":\"https:\/\/footdavant.fr\/actualites\/aouna-considere-que-ce-demenagement-nest-quune-formalite\/\",\"name\":\"Aouna consid\u00e8re que ce d\u00e9m\u00e9nagement n&#39;est qu&#39;une formalit\u00e9\",\"isPartOf\":{\"@id\":\"https:\/\/footdavant.fr\/actualites\/#website\"},\"datePublished\":\"2024-04-08T18:48:21+00:00\",\"dateModified\":\"2024-04-08T18:48:28+00:00\",\"breadcrumb\":{\"@id\":\"https:\/\/footdavant.fr\/actualites\/aouna-considere-que-ce-demenagement-nest-quune-formalite\/#breadcrumb\"},\"inLanguage\":\"fr-FR\",\"potentialAction\":[{\"@type\":\"ReadAction\",\"target\":[\"https:\/\/footdavant.fr\/actualites\/aouna-considere-que-ce-demenagement-nest-quune-formalite\/\"]}]},{\"@type\":\"BreadcrumbList\",\"@id\":\"https:\/\/footdavant.fr\/actualites\/aouna-considere-que-ce-demenagement-nest-quune-formalite\/#breadcrumb\",\"itemListElement\":[{\"@type\":\"ListItem\",\"position\":1,\"name\":\"Accueil\",\"item\":\"https:\/\/footdavant.fr\/actualites\/\"},{\"@type\":\"ListItem\",\"position\":2,\"name\":\"Aouna consid\u00e8re que ce d\u00e9m\u00e9nagement n&#39;est qu&#39;une formalit\u00e9\"}]},{\"@type\":\"WebSite\",\"@id\":\"https:\/\/footdavant.fr\/actualites\/#website\",\"url\":\"https:\/\/footdavant.fr\/actualites\/\",\"name\":\"Foot d'avant\",\"description\":\"\",\"publisher\":{\"@id\":\"https:\/\/footdavant.fr\/actualites\/#organization\"},\"potentialAction\":[{\"@type\":\"SearchAction\",\"target\":{\"@type\":\"EntryPoint\",\"urlTemplate\":\"https:\/\/footdavant.fr\/actualites\/?s={search_term_string}\"},\"query-input\":\"required name=search_term_string\"}],\"inLanguage\":\"fr-FR\"},{\"@type\":\"Organization\",\"@id\":\"https:\/\/footdavant.fr\/actualites\/#organization\",\"name\":\"Foot d'avant\",\"url\":\"https:\/\/footdavant.fr\/actualites\/\",\"logo\":{\"@type\":\"ImageObject\",\"inLanguage\":\"fr-FR\",\"@id\":\"https:\/\/footdavant.fr\/actualites\/#\/schema\/logo\/image\/\",\"url\":\"https:\/\/footdavant.fr\/actualites\/wp-content\/uploads\/2023\/09\/Copy-of-FootDavant-Logo.png\",\"contentUrl\":\"https:\/\/footdavant.fr\/actualites\/wp-content\/uploads\/2023\/09\/Copy-of-FootDavant-Logo.png\",\"width\":936,\"height\":549,\"caption\":\"Foot d'avant\"},\"image\":{\"@id\":\"https:\/\/footdavant.fr\/actualites\/#\/schema\/logo\/image\/\"},\"sameAs\":[\"https:\/\/www.facebook.com\/Footdavant\/\",\"https:\/\/twitter.com\/FootdavantFr\",\"https:\/\/www.instagram.com\/footdavant.fr\/\"]},{\"@type\":\"Person\",\"@id\":\"https:\/\/footdavant.fr\/actualites\/#\/schema\/person\/bc222566d95871b37e597b3ed3ba5e1d\",\"name\":\"Cl\u00e9ment\",\"image\":{\"@type\":\"ImageObject\",\"inLanguage\":\"fr-FR\",\"@id\":\"https:\/\/footdavant.fr\/actualites\/#\/schema\/person\/image\/\",\"url\":\"https:\/\/secure.gravatar.com\/avatar\/7728b29aac2719421e1a9159b2254c44?s=96&d=mm&r=g\",\"contentUrl\":\"https:\/\/secure.gravatar.com\/avatar\/7728b29aac2719421e1a9159b2254c44?s=96&d=mm&r=g\",\"caption\":\"Cl\u00e9ment\"},\"sameAs\":[\"https:\/\/footdavant.fr\/\"]}]}<\/script>\n<!-- \/ Yoast SEO plugin. -->","yoast_head_json":{"title":"Aouna consid\u00e8re que ce d\u00e9m\u00e9nagement n&#39;est qu&#39;une formalit\u00e9","robots":{"index":"index","follow":"follow","max-snippet":"max-snippet:-1","max-image-preview":"max-image-preview:large","max-video-preview":"max-video-preview:-1"},"canonical":"https:\/\/footdavant.fr\/actualites\/aouna-considere-que-ce-demenagement-nest-quune-formalite\/","og_locale":"fr_FR","og_type":"article","og_title":"Aouna consid\u00e8re que ce d\u00e9m\u00e9nagement n&#39;est qu&#39;une formalit\u00e9","og_description":"Attention, les comptes des Sky Blues sugg\u00e8rent qu&#39;ils gagnent plus d&#39;argent gr\u00e2ce aux accords commerciaux que le Real Madrid et Liverpool, alors que savons-nous ?","og_url":"https:\/\/footdavant.fr\/actualites\/aouna-considere-que-ce-demenagement-nest-quune-formalite\/","og_site_name":"Foot d&#039;avant","article_publisher":"https:\/\/www.facebook.com\/Footdavant\/","article_published_time":"2024-04-08T18:48:21+00:00","article_modified_time":"2024-04-08T18:48:28+00:00","og_image":[{"width":2560,"height":1749,"url":"https:\/\/footdavant.fr\/actualites\/wp-content\/uploads\/2024\/04\/Aouna-considere-que-ce-demenagement-n39est-qu39une-formalite-scaled.jpg","type":"image\/jpeg"}],"author":"Cl\u00e9ment","twitter_card":"summary_large_image","twitter_creator":"@FootdavantFr","twitter_site":"@FootdavantFr","twitter_misc":{"\u00c9crit par":"Cl\u00e9ment","Dur\u00e9e de lecture estim\u00e9e":"1 minute"},"schema":{"@context":"https:\/\/schema.org","@graph":[{"@type":"Article","@id":"https:\/\/footdavant.fr\/actualites\/aouna-considere-que-ce-demenagement-nest-quune-formalite\/#article","isPartOf":{"@id":"https:\/\/footdavant.fr\/actualites\/aouna-considere-que-ce-demenagement-nest-quune-formalite\/"},"author":{"name":"Cl\u00e9ment","@id":"https:\/\/footdavant.fr\/actualites\/#\/schema\/person\/bc222566d95871b37e597b3ed3ba5e1d"},"headline":"Aouna consid\u00e8re que ce d\u00e9m\u00e9nagement n&#39;est qu&#39;une formalit\u00e9","datePublished":"2024-04-08T18:48:21+00:00","dateModified":"2024-04-08T18:48:28+00:00","mainEntityOfPage":{"@id":"https:\/\/footdavant.fr\/actualites\/aouna-considere-que-ce-demenagement-nest-quune-formalite\/"},"wordCount":254,"publisher":{"@id":"https:\/\/footdavant.fr\/actualites\/#organization"},"keywords":["Aouna","consid\u00e8re","d\u00e9m\u00e9nagement","formalit\u00e9","n39est","qu39une"],"articleSection":["Football"],"inLanguage":"fr-FR"},{"@type":"WebPage","@id":"https:\/\/footdavant.fr\/actualites\/aouna-considere-que-ce-demenagement-nest-quune-formalite\/","url":"https:\/\/footdavant.fr\/actualites\/aouna-considere-que-ce-demenagement-nest-quune-formalite\/","name":"Aouna consid\u00e8re que ce d\u00e9m\u00e9nagement n&#39;est qu&#39;une formalit\u00e9","isPartOf":{"@id":"https:\/\/footdavant.fr\/actualites\/#website"},"datePublished":"2024-04-08T18:48:21+00:00","dateModified":"2024-04-08T18:48:28+00:00","breadcrumb":{"@id":"https:\/\/footdavant.fr\/actualites\/aouna-considere-que-ce-demenagement-nest-quune-formalite\/#breadcrumb"},"inLanguage":"fr-FR","potentialAction":[{"@type":"ReadAction","target":["https:\/\/footdavant.fr\/actualites\/aouna-considere-que-ce-demenagement-nest-quune-formalite\/"]}]},{"@type":"BreadcrumbList","@id":"https:\/\/footdavant.fr\/actualites\/aouna-considere-que-ce-demenagement-nest-quune-formalite\/#breadcrumb","itemListElement":[{"@type":"ListItem","position":1,"name":"Accueil","item":"https:\/\/footdavant.fr\/actualites\/"},{"@type":"ListItem","position":2,"name":"Aouna consid\u00e8re que ce d\u00e9m\u00e9nagement n&#39;est qu&#39;une formalit\u00e9"}]},{"@type":"WebSite","@id":"https:\/\/footdavant.fr\/actualites\/#website","url":"https:\/\/footdavant.fr\/actualites\/","name":"Foot d'avant","description":"","publisher":{"@id":"https:\/\/footdavant.fr\/actualites\/#organization"},"potentialAction":[{"@type":"SearchAction","target":{"@type":"EntryPoint","urlTemplate":"https:\/\/footdavant.fr\/actualites\/?s={search_term_string}"},"query-input":"required name=search_term_string"}],"inLanguage":"fr-FR"},{"@type":"Organization","@id":"https:\/\/footdavant.fr\/actualites\/#organization","name":"Foot d'avant","url":"https:\/\/footdavant.fr\/actualites\/","logo":{"@type":"ImageObject","inLanguage":"fr-FR","@id":"https:\/\/footdavant.fr\/actualites\/#\/schema\/logo\/image\/","url":"https:\/\/footdavant.fr\/actualites\/wp-content\/uploads\/2023\/09\/Copy-of-FootDavant-Logo.png","contentUrl":"https:\/\/footdavant.fr\/actualites\/wp-content\/uploads\/2023\/09\/Copy-of-FootDavant-Logo.png","width":936,"height":549,"caption":"Foot d'avant"},"image":{"@id":"https:\/\/footdavant.fr\/actualites\/#\/schema\/logo\/image\/"},"sameAs":["https:\/\/www.facebook.com\/Footdavant\/","https:\/\/twitter.com\/FootdavantFr","https:\/\/www.instagram.com\/footdavant.fr\/"]},{"@type":"Person","@id":"https:\/\/footdavant.fr\/actualites\/#\/schema\/person\/bc222566d95871b37e597b3ed3ba5e1d","name":"Cl\u00e9ment","image":{"@type":"ImageObject","inLanguage":"fr-FR","@id":"https:\/\/footdavant.fr\/actualites\/#\/schema\/person\/image\/","url":"https:\/\/secure.gravatar.com\/avatar\/7728b29aac2719421e1a9159b2254c44?s=96&d=mm&r=g","contentUrl":"https:\/\/secure.gravatar.com\/avatar\/7728b29aac2719421e1a9159b2254c44?s=96&d=mm&r=g","caption":"Cl\u00e9ment"},"sameAs":["https:\/\/footdavant.fr\/"]}]}},"_links":{"self":[{"href":"https:\/\/footdavant.fr\/actualites\/wp-json\/wp\/v2\/posts\/7182"}],"collection":[{"href":"https:\/\/footdavant.fr\/actualites\/wp-json\/wp\/v2\/posts"}],"about":[{"href":"https:\/\/footdavant.fr\/actualites\/wp-json\/wp\/v2\/types\/post"}],"author":[{"embeddable":true,"href":"https:\/\/footdavant.fr\/actualites\/wp-json\/wp\/v2\/users\/1"}],"replies":[{"embeddable":true,"href":"https:\/\/footdavant.fr\/actualites\/wp-json\/wp\/v2\/comments?post=7182"}],"version-history":[{"count":1,"href":"https:\/\/footdavant.fr\/actualites\/wp-json\/wp\/v2\/posts\/7182\/revisions"}],"predecessor-version":[{"id":7184,"href":"https:\/\/footdavant.fr\/actualites\/wp-json\/wp\/v2\/posts\/7182\/revisions\/7184"}],"wp:featuredmedia":[{"embeddable":true,"href":"https:\/\/footdavant.fr\/actualites\/wp-json\/wp\/v2\/media\/7183"}],"wp:attachment":[{"href":"https:\/\/footdavant.fr\/actualites\/wp-json\/wp\/v2\/media?parent=7182"}],"wp:term":[{"taxonomy":"category","embeddable":true,"href":"https:\/\/footdavant.fr\/actualites\/wp-json\/wp\/v2\/categories?post=7182"},{"taxonomy":"post_tag","embeddable":true,"href":"https:\/\/footdavant.fr\/actualites\/wp-json\/wp\/v2\/tags?post=7182"}],"curies":[{"name":"wp","href":"https:\/\/api.w.org\/{rel}","templated":true}]}}