{"id":7279,"date":"2024-04-10T17:48:12","date_gmt":"2024-04-10T15:48:12","guid":{"rendered":"https:\/\/footdavant.fr\/actualites\/pep-guardiola-fait-le-point-sur-ses-blessures-defensives-avant-le-choc-avec-le-real-madrid\/"},"modified":"2024-04-10T17:48:13","modified_gmt":"2024-04-10T15:48:13","slug":"pep-guardiola-fait-le-point-sur-ses-blessures-defensives-avant-le-choc-avec-le-real-madrid","status":"publish","type":"post","link":"https:\/\/footdavant.fr\/actualites\/pep-guardiola-fait-le-point-sur-ses-blessures-defensives-avant-le-choc-avec-le-real-madrid\/","title":{"rendered":"Pep Guardiola fait le point sur ses blessures d\u00e9fensives avant le choc avec le Real Madrid"},"content":{"rendered":"<p>Pep Guardiola fait le point sur les blessures de Josko Gvardiol, Kyle Walker et Nathan Ake avant le quart de finale aller de la Ligue des champions de Manchester City contre le Real Madrid mardi.<\/p>\n<div id=\"article_body\" itemprop=\"articleBody\">\n<h3 class=\"firstPara\">\n<strong class=\"autotag\">Pep Guardiola<\/strong> a confirm\u00e9 que <strong class=\"autotag\">Josko Gvardiol<\/strong> c&#39;est un doute pour mardi <strong class=\"autotag\">Ligue des champions<\/strong> quart de finale aller contre <strong class=\"autotag\">Real Madrid<\/strong> au Santiago Bernab\u00e9u.<\/h3>\n<p>Le d\u00e9fenseur croate est devenu un habitu\u00e9 de l&#39;\u00e9quipe premi\u00e8re \u00e0 l&#39;arri\u00e8re gauche des Citizens depuis qu&#39;il a rejoint le club en provenance du RB Leipzig l&#39;\u00e9t\u00e9 dernier, titulaire 28 fois dans toutes les comp\u00e9titions.<\/p>\n<p>Gvardiol, qui a \u00e9galement jou\u00e9 en d\u00e9fense centrale, a \u00e9t\u00e9 nomm\u00e9 dans la formation de d\u00e9part pour la victoire 4-2 de City \u00e0 Crystal Palace en Premier League le week-end dernier.<\/p>\n<p>Cependant, le joueur de 22 ans a \u00e9t\u00e9 expuls\u00e9 \u00e0 la mi-temps, Guardiola d\u00e9clarant apr\u00e8s le match que le d\u00e9fenseur \u00ab\u00a0avait ressenti un probl\u00e8me et nous ne voulions pas risquer de blessures\u00a0\u00bb.<\/p>\n<p>Gvardiol n&#39;a pas \u00e9t\u00e9 rep\u00e9r\u00e9 lors d&#39;une s\u00e9ance d&#39;entra\u00eenement ouverte lundi apr\u00e8s-midi, mais il a \u00e9t\u00e9 s\u00e9lectionn\u00e9 dans l&#39;\u00e9quipe itin\u00e9rante de 21 joueurs de Man City, contrairement aux deux. <strong class=\"autotag\">Kyle Walker<\/strong> et <strong class=\"autotag\">Nathan Ak\u00e9<\/strong> qui n&#39;ont pas fait le voyage en Espagne.<\/p>\n<p class=\"imgI\">\n<h2 class=\"k3\">Guardiola publie le point sur les blessures de Gvardiol, Walker et Ake<\/h2>\n<p>Avant la confrontation de mardi en Ligue des champions, Guardiola a confirm\u00e9 que Walker (ischio-jambiers) et Ake (non pr\u00e9cis\u00e9) sont toujours bless\u00e9s, tandis qu&#39;un appel tardif sera effectu\u00e9 sur la disponibilit\u00e9 de Gvardiol.<\/p>\n<p>\u00ab\u00a0[Gvardiol] \u00ab\u00a0J&#39;ai voyag\u00e9 mais il a un doute\u00a0\u00bb, a d\u00e9clar\u00e9 Guardiola lors d&#39;une conf\u00e9rence de presse lundi soir.<\/p>\n<p>\u00ab\u00a0C&#39;est comme \u00e7a. Madrid aussi a [Thibaut] Courtois, [Eder] Militao et [David] Alaba, ils sont rest\u00e9s longtemps sans joueurs.<\/p>\n<p>\u00ab\u00a0C&#39;est vrai que le meilleur joueur pour contr\u00f4ler un joueur comme <strong class=\"autotag\">Vinicius Junior<\/strong> c&#39;est Kyle.  Malheureusement, lors d&#39;un match amical (en mission internationale avec l&#39;Angleterre), il s&#39;est bless\u00e9.  Nous serions ravis de l\u2019avoir mais que dire ?<\/p>\n<p>\u00ab\u00a0Les blessures font partie d&#39;une longue saison, mais malheureusement, dans une partie d\u00e9cisive de la saison, nous avons un certain nombre de blessures dans la m\u00eame zone et nous devons trouver une solution.\u00a0\u00bb<\/p>\n<p class=\"imgI\"><img decoding=\"async\" loading=\"lazy\" class=\"l\" src=\"https:\/\/footdavant.fr\/actualites\/wp-content\/uploads\/2024\/04\/1712764092_408_Pep-Guardiola-fait-le-point-sur-ses-blessures-defensives-avant.jpg\" title=\"Manuel Akanji de Manchester City r\u00e9agit apr\u00e8s son expulsion le 21 octobre 2023\" alt=\"Manuel Akanji de Manchester City r\u00e9agit apr\u00e8s son expulsion le 21 octobre 2023\" width=\"640\" height=\"480\"><\/p>\n<h2 class=\"k3\">Qui jouera en d\u00e9fense pour Man City contre le Real Madrid ?<\/h2>\n<p>Guardiola a \u00e9t\u00e9 boost\u00e9 par le retour du gardien de premier choix <strong class=\"autotag\">Ederson<\/strong>qui a jou\u00e9 le r\u00f4le de rempla\u00e7ant inutilis\u00e9 contre Crystal Palace le week-end dernier apr\u00e8s avoir rat\u00e9 les trois matchs pr\u00e9c\u00e9dents en raison d&#39;une blessure musculaire.<\/p>\n<p>Cependant, Guardiola a admis qu&#39;il n&#39;avait pas encore d\u00e9cid\u00e9 s&#39;il devait rappeler le Br\u00e9silien ou le garder. <strong class=\"autotag\">Stefan Ortega<\/strong> entre les b\u00e2tons contre Los Blancos.<\/p>\n<p>Quant aux quatre derniers, <strong class=\"autotag\">Rub\u00e9n Dias<\/strong> et <strong class=\"autotag\">John Pierres<\/strong> &#8211; ce dernier s&#39;est r\u00e9cemment remis d&#39;une blessure \u00e0 l&#39;aine &#8211; sont les candidats les plus susceptibles de d\u00e9buter en d\u00e9fense centrale.<\/p>\n<p>Gvardiol d\u00e9butera \u00e0 l&#39;arri\u00e8re gauche s&#39;il est jug\u00e9 apte \u00e0 100% \u00e0 d\u00e9buter le match, mais son absence potentielle pourrait voir <strong class=\"autotag\">Manuel Akanji<\/strong> jouer sur le c\u00f4t\u00e9 gauche d\u2019un d\u00e9fenseur \u00e0 quatre, comme il l\u2019a fait en seconde p\u00e9riode contre Palace.<\/p>\n<p>Akanji est \u00e9galement une option pour jouer \u00e0 l&#39;arri\u00e8re droit et faire face \u00e0 la menace de l&#39;ailier vedette du Real Madrid, Vinicius Junior, mais s&#39;il doit jouer \u00e0 gauche, alors le joueur de 19 ans <strong class=\"autotag\">Rico Lewis<\/strong> devrait obtenir le feu vert \u00e0 l\u2019arri\u00e8re droit.<\/p>\n<\/div>\n","protected":false},"excerpt":{"rendered":"<p>Pep Guardiola fait le point sur les blessures de Josko Gvardiol, Kyle Walker et Nathan Ake avant le quart de finale aller de la Ligue<\/p>\n","protected":false},"author":1,"featured_media":7280,"comment_status":"closed","ping_status":"","sticky":false,"template":"","format":"standard","meta":{"footnotes":""},"categories":[4],"tags":[491,91,155,332,4522,152,8,303,6,153,302,154,103],"yoast_head":"<!-- This site is optimized with the Yoast SEO plugin v21.0 - https:\/\/yoast.com\/wordpress\/plugins\/seo\/ -->\n<title>Pep Guardiola fait le point sur ses blessures d\u00e9fensives avant le choc avec le Real Madrid<\/title>\n<meta name=\"robots\" content=\"index, follow, max-snippet:-1, max-image-preview:large, max-video-preview:-1\" \/>\n<link rel=\"canonical\" href=\"https:\/\/footdavant.fr\/actualites\/pep-guardiola-fait-le-point-sur-ses-blessures-defensives-avant-le-choc-avec-le-real-madrid\/\" \/>\n<meta property=\"og:locale\" content=\"fr_FR\" \/>\n<meta property=\"og:type\" content=\"article\" \/>\n<meta property=\"og:title\" content=\"Pep Guardiola fait le point sur ses blessures d\u00e9fensives avant le choc avec le Real Madrid\" \/>\n<meta property=\"og:description\" content=\"Pep Guardiola fait le point sur les blessures de Josko Gvardiol, Kyle Walker et Nathan Ake avant le quart de finale aller de la Ligue\" \/>\n<meta property=\"og:url\" content=\"https:\/\/footdavant.fr\/actualites\/pep-guardiola-fait-le-point-sur-ses-blessures-defensives-avant-le-choc-avec-le-real-madrid\/\" \/>\n<meta property=\"og:site_name\" content=\"Foot d&#039;avant\" \/>\n<meta property=\"article:publisher\" content=\"https:\/\/www.facebook.com\/Footdavant\/\" \/>\n<meta property=\"article:published_time\" content=\"2024-04-10T15:48:12+00:00\" \/>\n<meta property=\"article:modified_time\" content=\"2024-04-10T15:48:13+00:00\" \/>\n<meta property=\"og:image\" content=\"https:\/\/footdavant.fr\/actualites\/wp-content\/uploads\/2024\/04\/Pep-Guardiola-fait-le-point-sur-ses-blessures-defensives-avant.jpg\" \/>\n\t<meta property=\"og:image:width\" content=\"640\" \/>\n\t<meta property=\"og:image:height\" content=\"480\" \/>\n\t<meta property=\"og:image:type\" content=\"image\/jpeg\" \/>\n<meta name=\"author\" content=\"Cl\u00e9ment\" \/>\n<meta name=\"twitter:card\" content=\"summary_large_image\" \/>\n<meta name=\"twitter:creator\" content=\"@FootdavantFr\" \/>\n<meta name=\"twitter:site\" content=\"@FootdavantFr\" \/>\n<meta name=\"twitter:label1\" content=\"\u00c9crit par\" \/>\n\t<meta name=\"twitter:data1\" content=\"Cl\u00e9ment\" \/>\n\t<meta name=\"twitter:label2\" content=\"Dur\u00e9e de lecture estim\u00e9e\" \/>\n\t<meta name=\"twitter:data2\" content=\"3 minutes\" \/>\n<script type=\"application\/ld+json\" class=\"yoast-schema-graph\">{\"@context\":\"https:\/\/schema.org\",\"@graph\":[{\"@type\":\"Article\",\"@id\":\"https:\/\/footdavant.fr\/actualites\/pep-guardiola-fait-le-point-sur-ses-blessures-defensives-avant-le-choc-avec-le-real-madrid\/#article\",\"isPartOf\":{\"@id\":\"https:\/\/footdavant.fr\/actualites\/pep-guardiola-fait-le-point-sur-ses-blessures-defensives-avant-le-choc-avec-le-real-madrid\/\"},\"author\":{\"name\":\"Cl\u00e9ment\",\"@id\":\"https:\/\/footdavant.fr\/actualites\/#\/schema\/person\/bc222566d95871b37e597b3ed3ba5e1d\"},\"headline\":\"Pep Guardiola fait le point sur ses blessures d\u00e9fensives avant le choc avec le Real Madrid\",\"datePublished\":\"2024-04-10T15:48:12+00:00\",\"dateModified\":\"2024-04-10T15:48:13+00:00\",\"mainEntityOfPage\":{\"@id\":\"https:\/\/footdavant.fr\/actualites\/pep-guardiola-fait-le-point-sur-ses-blessures-defensives-avant-le-choc-avec-le-real-madrid\/\"},\"wordCount\":625,\"publisher\":{\"@id\":\"https:\/\/footdavant.fr\/actualites\/#organization\"},\"keywords\":[\"avant\",\"avec\",\"blessures\",\"choc\",\"d\u00e9fensives\",\"fait\",\"Guardiola\",\"Madrid\",\"Pep\",\"point\",\"Real\",\"ses\",\"sur\"],\"articleSection\":[\"Champions League\"],\"inLanguage\":\"fr-FR\"},{\"@type\":\"WebPage\",\"@id\":\"https:\/\/footdavant.fr\/actualites\/pep-guardiola-fait-le-point-sur-ses-blessures-defensives-avant-le-choc-avec-le-real-madrid\/\",\"url\":\"https:\/\/footdavant.fr\/actualites\/pep-guardiola-fait-le-point-sur-ses-blessures-defensives-avant-le-choc-avec-le-real-madrid\/\",\"name\":\"Pep Guardiola fait le point sur ses blessures d\u00e9fensives avant le choc avec le Real Madrid\",\"isPartOf\":{\"@id\":\"https:\/\/footdavant.fr\/actualites\/#website\"},\"datePublished\":\"2024-04-10T15:48:12+00:00\",\"dateModified\":\"2024-04-10T15:48:13+00:00\",\"breadcrumb\":{\"@id\":\"https:\/\/footdavant.fr\/actualites\/pep-guardiola-fait-le-point-sur-ses-blessures-defensives-avant-le-choc-avec-le-real-madrid\/#breadcrumb\"},\"inLanguage\":\"fr-FR\",\"potentialAction\":[{\"@type\":\"ReadAction\",\"target\":[\"https:\/\/footdavant.fr\/actualites\/pep-guardiola-fait-le-point-sur-ses-blessures-defensives-avant-le-choc-avec-le-real-madrid\/\"]}]},{\"@type\":\"BreadcrumbList\",\"@id\":\"https:\/\/footdavant.fr\/actualites\/pep-guardiola-fait-le-point-sur-ses-blessures-defensives-avant-le-choc-avec-le-real-madrid\/#breadcrumb\",\"itemListElement\":[{\"@type\":\"ListItem\",\"position\":1,\"name\":\"Accueil\",\"item\":\"https:\/\/footdavant.fr\/actualites\/\"},{\"@type\":\"ListItem\",\"position\":2,\"name\":\"Pep Guardiola fait le point sur ses blessures d\u00e9fensives avant le choc avec le Real Madrid\"}]},{\"@type\":\"WebSite\",\"@id\":\"https:\/\/footdavant.fr\/actualites\/#website\",\"url\":\"https:\/\/footdavant.fr\/actualites\/\",\"name\":\"Foot d'avant\",\"description\":\"\",\"publisher\":{\"@id\":\"https:\/\/footdavant.fr\/actualites\/#organization\"},\"potentialAction\":[{\"@type\":\"SearchAction\",\"target\":{\"@type\":\"EntryPoint\",\"urlTemplate\":\"https:\/\/footdavant.fr\/actualites\/?s={search_term_string}\"},\"query-input\":\"required name=search_term_string\"}],\"inLanguage\":\"fr-FR\"},{\"@type\":\"Organization\",\"@id\":\"https:\/\/footdavant.fr\/actualites\/#organization\",\"name\":\"Foot d'avant\",\"url\":\"https:\/\/footdavant.fr\/actualites\/\",\"logo\":{\"@type\":\"ImageObject\",\"inLanguage\":\"fr-FR\",\"@id\":\"https:\/\/footdavant.fr\/actualites\/#\/schema\/logo\/image\/\",\"url\":\"https:\/\/footdavant.fr\/actualites\/wp-content\/uploads\/2023\/09\/Copy-of-FootDavant-Logo.png\",\"contentUrl\":\"https:\/\/footdavant.fr\/actualites\/wp-content\/uploads\/2023\/09\/Copy-of-FootDavant-Logo.png\",\"width\":936,\"height\":549,\"caption\":\"Foot d'avant\"},\"image\":{\"@id\":\"https:\/\/footdavant.fr\/actualites\/#\/schema\/logo\/image\/\"},\"sameAs\":[\"https:\/\/www.facebook.com\/Footdavant\/\",\"https:\/\/twitter.com\/FootdavantFr\",\"https:\/\/www.instagram.com\/footdavant.fr\/\"]},{\"@type\":\"Person\",\"@id\":\"https:\/\/footdavant.fr\/actualites\/#\/schema\/person\/bc222566d95871b37e597b3ed3ba5e1d\",\"name\":\"Cl\u00e9ment\",\"image\":{\"@type\":\"ImageObject\",\"inLanguage\":\"fr-FR\",\"@id\":\"https:\/\/footdavant.fr\/actualites\/#\/schema\/person\/image\/\",\"url\":\"https:\/\/secure.gravatar.com\/avatar\/7728b29aac2719421e1a9159b2254c44?s=96&d=mm&r=g\",\"contentUrl\":\"https:\/\/secure.gravatar.com\/avatar\/7728b29aac2719421e1a9159b2254c44?s=96&d=mm&r=g\",\"caption\":\"Cl\u00e9ment\"},\"sameAs\":[\"https:\/\/footdavant.fr\/\"]}]}<\/script>\n<!-- \/ Yoast SEO plugin. -->","yoast_head_json":{"title":"Pep Guardiola fait le point sur ses blessures d\u00e9fensives avant le choc avec le Real Madrid","robots":{"index":"index","follow":"follow","max-snippet":"max-snippet:-1","max-image-preview":"max-image-preview:large","max-video-preview":"max-video-preview:-1"},"canonical":"https:\/\/footdavant.fr\/actualites\/pep-guardiola-fait-le-point-sur-ses-blessures-defensives-avant-le-choc-avec-le-real-madrid\/","og_locale":"fr_FR","og_type":"article","og_title":"Pep Guardiola fait le point sur ses blessures d\u00e9fensives avant le choc avec le Real Madrid","og_description":"Pep Guardiola fait le point sur les blessures de Josko Gvardiol, Kyle Walker et Nathan Ake avant le quart de finale aller de la Ligue","og_url":"https:\/\/footdavant.fr\/actualites\/pep-guardiola-fait-le-point-sur-ses-blessures-defensives-avant-le-choc-avec-le-real-madrid\/","og_site_name":"Foot d&#039;avant","article_publisher":"https:\/\/www.facebook.com\/Footdavant\/","article_published_time":"2024-04-10T15:48:12+00:00","article_modified_time":"2024-04-10T15:48:13+00:00","og_image":[{"width":640,"height":480,"url":"https:\/\/footdavant.fr\/actualites\/wp-content\/uploads\/2024\/04\/Pep-Guardiola-fait-le-point-sur-ses-blessures-defensives-avant.jpg","type":"image\/jpeg"}],"author":"Cl\u00e9ment","twitter_card":"summary_large_image","twitter_creator":"@FootdavantFr","twitter_site":"@FootdavantFr","twitter_misc":{"\u00c9crit par":"Cl\u00e9ment","Dur\u00e9e de lecture estim\u00e9e":"3 minutes"},"schema":{"@context":"https:\/\/schema.org","@graph":[{"@type":"Article","@id":"https:\/\/footdavant.fr\/actualites\/pep-guardiola-fait-le-point-sur-ses-blessures-defensives-avant-le-choc-avec-le-real-madrid\/#article","isPartOf":{"@id":"https:\/\/footdavant.fr\/actualites\/pep-guardiola-fait-le-point-sur-ses-blessures-defensives-avant-le-choc-avec-le-real-madrid\/"},"author":{"name":"Cl\u00e9ment","@id":"https:\/\/footdavant.fr\/actualites\/#\/schema\/person\/bc222566d95871b37e597b3ed3ba5e1d"},"headline":"Pep Guardiola fait le point sur ses blessures d\u00e9fensives avant le choc avec le Real Madrid","datePublished":"2024-04-10T15:48:12+00:00","dateModified":"2024-04-10T15:48:13+00:00","mainEntityOfPage":{"@id":"https:\/\/footdavant.fr\/actualites\/pep-guardiola-fait-le-point-sur-ses-blessures-defensives-avant-le-choc-avec-le-real-madrid\/"},"wordCount":625,"publisher":{"@id":"https:\/\/footdavant.fr\/actualites\/#organization"},"keywords":["avant","avec","blessures","choc","d\u00e9fensives","fait","Guardiola","Madrid","Pep","point","Real","ses","sur"],"articleSection":["Champions League"],"inLanguage":"fr-FR"},{"@type":"WebPage","@id":"https:\/\/footdavant.fr\/actualites\/pep-guardiola-fait-le-point-sur-ses-blessures-defensives-avant-le-choc-avec-le-real-madrid\/","url":"https:\/\/footdavant.fr\/actualites\/pep-guardiola-fait-le-point-sur-ses-blessures-defensives-avant-le-choc-avec-le-real-madrid\/","name":"Pep Guardiola fait le point sur ses blessures d\u00e9fensives avant le choc avec le Real Madrid","isPartOf":{"@id":"https:\/\/footdavant.fr\/actualites\/#website"},"datePublished":"2024-04-10T15:48:12+00:00","dateModified":"2024-04-10T15:48:13+00:00","breadcrumb":{"@id":"https:\/\/footdavant.fr\/actualites\/pep-guardiola-fait-le-point-sur-ses-blessures-defensives-avant-le-choc-avec-le-real-madrid\/#breadcrumb"},"inLanguage":"fr-FR","potentialAction":[{"@type":"ReadAction","target":["https:\/\/footdavant.fr\/actualites\/pep-guardiola-fait-le-point-sur-ses-blessures-defensives-avant-le-choc-avec-le-real-madrid\/"]}]},{"@type":"BreadcrumbList","@id":"https:\/\/footdavant.fr\/actualites\/pep-guardiola-fait-le-point-sur-ses-blessures-defensives-avant-le-choc-avec-le-real-madrid\/#breadcrumb","itemListElement":[{"@type":"ListItem","position":1,"name":"Accueil","item":"https:\/\/footdavant.fr\/actualites\/"},{"@type":"ListItem","position":2,"name":"Pep Guardiola fait le point sur ses blessures d\u00e9fensives avant le choc avec le Real Madrid"}]},{"@type":"WebSite","@id":"https:\/\/footdavant.fr\/actualites\/#website","url":"https:\/\/footdavant.fr\/actualites\/","name":"Foot d'avant","description":"","publisher":{"@id":"https:\/\/footdavant.fr\/actualites\/#organization"},"potentialAction":[{"@type":"SearchAction","target":{"@type":"EntryPoint","urlTemplate":"https:\/\/footdavant.fr\/actualites\/?s={search_term_string}"},"query-input":"required name=search_term_string"}],"inLanguage":"fr-FR"},{"@type":"Organization","@id":"https:\/\/footdavant.fr\/actualites\/#organization","name":"Foot d'avant","url":"https:\/\/footdavant.fr\/actualites\/","logo":{"@type":"ImageObject","inLanguage":"fr-FR","@id":"https:\/\/footdavant.fr\/actualites\/#\/schema\/logo\/image\/","url":"https:\/\/footdavant.fr\/actualites\/wp-content\/uploads\/2023\/09\/Copy-of-FootDavant-Logo.png","contentUrl":"https:\/\/footdavant.fr\/actualites\/wp-content\/uploads\/2023\/09\/Copy-of-FootDavant-Logo.png","width":936,"height":549,"caption":"Foot d'avant"},"image":{"@id":"https:\/\/footdavant.fr\/actualites\/#\/schema\/logo\/image\/"},"sameAs":["https:\/\/www.facebook.com\/Footdavant\/","https:\/\/twitter.com\/FootdavantFr","https:\/\/www.instagram.com\/footdavant.fr\/"]},{"@type":"Person","@id":"https:\/\/footdavant.fr\/actualites\/#\/schema\/person\/bc222566d95871b37e597b3ed3ba5e1d","name":"Cl\u00e9ment","image":{"@type":"ImageObject","inLanguage":"fr-FR","@id":"https:\/\/footdavant.fr\/actualites\/#\/schema\/person\/image\/","url":"https:\/\/secure.gravatar.com\/avatar\/7728b29aac2719421e1a9159b2254c44?s=96&d=mm&r=g","contentUrl":"https:\/\/secure.gravatar.com\/avatar\/7728b29aac2719421e1a9159b2254c44?s=96&d=mm&r=g","caption":"Cl\u00e9ment"},"sameAs":["https:\/\/footdavant.fr\/"]}]}},"_links":{"self":[{"href":"https:\/\/footdavant.fr\/actualites\/wp-json\/wp\/v2\/posts\/7279"}],"collection":[{"href":"https:\/\/footdavant.fr\/actualites\/wp-json\/wp\/v2\/posts"}],"about":[{"href":"https:\/\/footdavant.fr\/actualites\/wp-json\/wp\/v2\/types\/post"}],"author":[{"embeddable":true,"href":"https:\/\/footdavant.fr\/actualites\/wp-json\/wp\/v2\/users\/1"}],"replies":[{"embeddable":true,"href":"https:\/\/footdavant.fr\/actualites\/wp-json\/wp\/v2\/comments?post=7279"}],"version-history":[{"count":1,"href":"https:\/\/footdavant.fr\/actualites\/wp-json\/wp\/v2\/posts\/7279\/revisions"}],"predecessor-version":[{"id":7281,"href":"https:\/\/footdavant.fr\/actualites\/wp-json\/wp\/v2\/posts\/7279\/revisions\/7281"}],"wp:featuredmedia":[{"embeddable":true,"href":"https:\/\/footdavant.fr\/actualites\/wp-json\/wp\/v2\/media\/7280"}],"wp:attachment":[{"href":"https:\/\/footdavant.fr\/actualites\/wp-json\/wp\/v2\/media?parent=7279"}],"wp:term":[{"taxonomy":"category","embeddable":true,"href":"https:\/\/footdavant.fr\/actualites\/wp-json\/wp\/v2\/categories?post=7279"},{"taxonomy":"post_tag","embeddable":true,"href":"https:\/\/footdavant.fr\/actualites\/wp-json\/wp\/v2\/tags?post=7279"}],"curies":[{"name":"wp","href":"https:\/\/api.w.org\/{rel}","templated":true}]}}