{"id":7288,"date":"2024-04-10T21:48:12","date_gmt":"2024-04-10T19:48:12","guid":{"rendered":"https:\/\/footdavant.fr\/actualites\/cest-de-lhistoire-ancienne-mikel-arteta-elimine-les-defaites-5-1-du-bayern-munich\/"},"modified":"2024-04-10T21:48:13","modified_gmt":"2024-04-10T19:48:13","slug":"cest-de-lhistoire-ancienne-mikel-arteta-elimine-les-defaites-5-1-du-bayern-munich","status":"publish","type":"post","link":"https:\/\/footdavant.fr\/actualites\/cest-de-lhistoire-ancienne-mikel-arteta-elimine-les-defaites-5-1-du-bayern-munich\/","title":{"rendered":"\u00ab\u00a0C&#39;est de l&#39;histoire ancienne\u00a0\u00bb &#8211; Mikel Arteta \u00e9limine les d\u00e9faites 5-1 du Bayern Munich"},"content":{"rendered":"<p>Mikel Arteta insiste sur le fait que les r\u00e9centes d\u00e9faites 5-1 d&#39;Arsenal contre le Bayern Munich appartiennent \u00e0 \u00ab\u00a0l&#39;histoire\u00a0\u00bb avant le match aller des quarts de finale aller de la Ligue des Champions mardi.<\/p>\n<div id=\"article_body\" itemprop=\"articleBody\">\n<h3 class=\"firstPara\">\n<strong class=\"autotag\">Arsenal<\/strong> l&#39;entra\u00eeneur-chef <strong class=\"autotag\">Mikel Arteta<\/strong> ne se soucie pas des pr\u00e9c\u00e9dentes d\u00e9cimations des Gunners aux mains de <strong class=\"autotag\">Bayern Munich<\/strong> avant celui de mardi <strong class=\"autotag\">Ligue des champions<\/strong> quart de finale aller.<\/h3>\n<p>Apr\u00e8s 14 ann\u00e9es angoissantes et sept \u00e9liminations cons\u00e9cutives en huiti\u00e8mes de finale de la Ligue des champions, Arsenal a finalement banni ses d\u00e9mons europ\u00e9ens en battant Porto aux tirs au but lors du match retour de ses huiti\u00e8mes de finale.<\/p>\n<p>Un premier quart de finale de Ligue des champions depuis la saison 2009-10 attend d\u00e9sormais les g\u00e9ants du nord de Londres, qui ont affront\u00e9 un visage familier du Bayern, champion d&#39;Allemagne, pour leur huiti\u00e8me de finale.<\/p>\n<p>Les Gooners ont \u00e9t\u00e9 soumis \u00e0 plusieurs montres douloureuses contre les Bavarois dans le pass\u00e9, leur plus r\u00e9cente \u00e9limination de la Ligue des champions lors de la saison 2016-17 \u00e9tant survenue aux mains de leurs prochains visiteurs lors d&#39;un \u00e9crasement total de 10-2.<\/p>\n<p>Les Gunners ont perdu 5-1 lors des deux matches cette ann\u00e9e-l\u00e0 \u2013 la d\u00e9faite \u00e0 domicile reste leur plus lourde d\u00e9faite aux Emirats \u2013 avant quoi ils avaient \u00e9t\u00e9 condamn\u00e9s \u00e0 une d\u00e9faite tout aussi embarrassante lors de la phase de groupes 2015-16.<\/p>\n<p class=\"imgI\">\n<h2>Mikel Arteta : \u00ab\u00a0Arsenal doit prouver ses r\u00e9f\u00e9rences en Ligue des champions\u00a0\u00bb<\/h2>\n<p>Arteta a \u00e9galement \u00e9t\u00e9 impliqu\u00e9 en tant que joueur lorsque le Bayern a \u00e9limin\u00e9 Arsenal lors des huiti\u00e8mes de finale des campagnes 2012-13 et 2013-14, et les Gunners ont \u00e9t\u00e9 \u00e9limin\u00e9s de leurs quatre matches \u00e0 \u00e9limination directe contre les visiteurs de mardi en Ligue des champions.<\/p>\n<p>Cependant, le Bayern a perdu son statut de champion incontest\u00e9 de Bundesliga cette saison, le Bayer Leverkusen n&#39;ayant besoin que d&#39;un match de plus pour mettre fin au r\u00e8gne de 11 ans de domination des Bavarois dans le football allemand.<\/p>\n<p>Pendant ce temps, le titre de Premier League est actuellement \u00e0 perdre pour Arsenal alors qu&#39;ils occupent la t\u00eate du classement &#8211; au-dessus de Liverpool sur la diff\u00e9rence de buts et un point de mieux que Manchester City &#8211; alors que les hommes d&#39;Arteta tentent de d\u00e9crocher un doubl\u00e9 historique.<\/p>\n<p>Les trajectoires diff\u00e9rentes des deux \u00e9quipes signifient qu&#39;Arsenal pourrait se pr\u00e9senter aux retrouvailles de mardi en tant que l\u00e9ger favori, et Arteta a pr\u00eat\u00e9 peu d&#39;attention aux pr\u00e9c\u00e9dentes racl\u00e9es de son \u00e9quipe contre les puissances de Munich.<\/p>\n<p>\u00ab\u00a0C&#39;est l\u00e0, c&#39;est l&#39;histoire et quand on regarde l&#39;histoire de la comp\u00e9tition, c&#39;est clair. La nature et la capacit\u00e9 de se produire sur les plus grandes sc\u00e8nes &#8211; nous devons le prouver, c&#39;est s\u00fbr\u00a0\u00bb, a d\u00e9clar\u00e9 Arteta lors de sa conf\u00e9rence de presse d&#39;avant-match. conf\u00e9rence.<\/p>\n<p class=\"imgI\"><img decoding=\"async\" loading=\"lazy\" class=\"l\" src=\"https:\/\/footdavant.fr\/actualites\/wp-content\/uploads\/2024\/04\/C39est-de-l39histoire-ancienne-Mikel-Arteta-elimine-les-defaites.JPG\" title=\"Bukayo Saka d&#39;Arsenal c\u00e9l\u00e8bre son premier but le 6 avril 2024\" alt=\"Bukayo Saka d&#39;Arsenal c\u00e9l\u00e8bre son premier but le 6 avril 2024\" width=\"640\" height=\"480\"><\/p>\n<h2>Arteta souriante r\u00e9pond \u00e0 \u00ab\u00a0super\u00a0\u00bb <strong class=\"autotag\">Xabi Alonso<\/strong> question<\/h2>\n<p>L&#39;Espagnol a \u00e9galement rejet\u00e9 les suggestions selon lesquelles les difficult\u00e9s du Bayern au niveau national pourraient lui nuire apr\u00e8s <strong class=\"autotag\">Thomas Tuchel<\/strong>Les hommes de ont subi une d\u00e9faite choc 3-2 contre Heidenheim ce week-end, ajoutant : \u00ab\u00a0De mon c\u00f4t\u00e9, le num\u00e9ro 1. <\/p>\n<p>\u00ab\u00a0De plus, c&#39;est quelque chose sur lequel nous n&#39;avons aucun mot \u00e0 dire ni aucun contr\u00f4le et nous attendons toujours le meilleur de notre adversaire, contre le Bayern, Brighton ou Aston Villa. Peu importe o\u00f9 ils se trouvent, vous devez toujours vous attendre \u00e0 ce qu&#39;ils jouent \u00e0 leur meilleur. mani\u00e8re possible et soyez pr\u00eat \u00e0 les surpasser.<\/p>\n<p>La couronne de Bundesliga du Bayern leur \u00e9chappe gr\u00e2ce aux exploits sensationnels du Bayer Leverkusen de Xabi Alonso, qui a pris quatre points en deux matches avec les champions actuels cette saison, triomphant 3-0 en f\u00e9vrier pour faire un pas de g\u00e9ant vers le titre.<\/p>\n<p>Lorsqu&#39;on lui a demand\u00e9 s&#39;il avait demand\u00e9 des conseils \u00e0 son compatriote Alonso sur la fa\u00e7on de battre le Bayern, Arteta a vu le c\u00f4t\u00e9 dr\u00f4le mais n&#39;a donn\u00e9 qu&#39;une br\u00e8ve r\u00e9ponse en disant : \u00ab\u00a0Excellente question mais je ne vais pas y r\u00e9pondre !\u00a0\u00bb<\/p>\n<p>Les Gunners avaient tous les joueurs de la premi\u00e8re \u00e9quipe disponibles lors de la s\u00e9ance d&#39;entra\u00eenement de lundi, y compris <strong class=\"autotag\">Jurrien Bois<\/strong>mais le N\u00e9erlandais n&#39;est toujours pas en forme apr\u00e8s pr\u00e8s de huit mois d&#39;absence en raison d&#39;une blessure au LCA.<\/p>\n<\/div>\n","protected":false},"excerpt":{"rendered":"<p>Mikel Arteta insiste sur le fait que les r\u00e9centes d\u00e9faites 5-1 d&#39;Arsenal contre le Bayern Munich appartiennent \u00e0 \u00ab\u00a0l&#39;histoire\u00a0\u00bb avant le match aller des quarts<\/p>\n","protected":false},"author":1,"featured_media":7289,"comment_status":"closed","ping_status":"","sticky":false,"template":"","format":"standard","meta":{"footnotes":""},"categories":[4],"tags":[4523,211,340,4417,2528,2275,4296,93,210,341],"yoast_head":"<!-- This site is optimized with the Yoast SEO plugin v21.0 - https:\/\/yoast.com\/wordpress\/plugins\/seo\/ -->\n<title>&quot;C&#039;est de l&#039;histoire ancienne&quot; - Mikel Arteta \u00e9limine les d\u00e9faites 5-1 du Bayern Munich<\/title>\n<meta name=\"robots\" content=\"index, follow, max-snippet:-1, max-image-preview:large, max-video-preview:-1\" \/>\n<link rel=\"canonical\" href=\"https:\/\/footdavant.fr\/actualites\/cest-de-lhistoire-ancienne-mikel-arteta-elimine-les-defaites-5-1-du-bayern-munich\/\" \/>\n<meta property=\"og:locale\" content=\"fr_FR\" \/>\n<meta property=\"og:type\" content=\"article\" \/>\n<meta property=\"og:title\" content=\"&quot;C&#039;est de l&#039;histoire ancienne&quot; - Mikel Arteta \u00e9limine les d\u00e9faites 5-1 du Bayern Munich\" \/>\n<meta property=\"og:description\" content=\"Mikel Arteta insiste sur le fait que les r\u00e9centes d\u00e9faites 5-1 d&#039;Arsenal contre le Bayern Munich appartiennent \u00e0 \u00ab\u00a0l&#039;histoire\u00a0\u00bb avant le match aller des quarts\" \/>\n<meta property=\"og:url\" content=\"https:\/\/footdavant.fr\/actualites\/cest-de-lhistoire-ancienne-mikel-arteta-elimine-les-defaites-5-1-du-bayern-munich\/\" \/>\n<meta property=\"og:site_name\" content=\"Foot d&#039;avant\" \/>\n<meta property=\"article:publisher\" content=\"https:\/\/www.facebook.com\/Footdavant\/\" \/>\n<meta property=\"article:published_time\" content=\"2024-04-10T19:48:12+00:00\" \/>\n<meta property=\"article:modified_time\" content=\"2024-04-10T19:48:13+00:00\" \/>\n<meta property=\"og:image\" content=\"https:\/\/footdavant.fr\/actualites\/wp-content\/uploads\/2024\/04\/C39est-de-l39histoire-ancienne-Mikel-Arteta-elimine-les-defaites.jpg\" \/>\n\t<meta property=\"og:image:width\" content=\"640\" \/>\n\t<meta property=\"og:image:height\" content=\"480\" \/>\n\t<meta property=\"og:image:type\" content=\"image\/jpeg\" \/>\n<meta name=\"author\" content=\"Cl\u00e9ment\" \/>\n<meta name=\"twitter:card\" content=\"summary_large_image\" \/>\n<meta name=\"twitter:creator\" content=\"@FootdavantFr\" \/>\n<meta name=\"twitter:site\" content=\"@FootdavantFr\" \/>\n<meta name=\"twitter:label1\" content=\"\u00c9crit par\" \/>\n\t<meta name=\"twitter:data1\" content=\"Cl\u00e9ment\" \/>\n\t<meta name=\"twitter:label2\" content=\"Dur\u00e9e de lecture estim\u00e9e\" \/>\n\t<meta name=\"twitter:data2\" content=\"4 minutes\" \/>\n<script type=\"application\/ld+json\" class=\"yoast-schema-graph\">{\"@context\":\"https:\/\/schema.org\",\"@graph\":[{\"@type\":\"Article\",\"@id\":\"https:\/\/footdavant.fr\/actualites\/cest-de-lhistoire-ancienne-mikel-arteta-elimine-les-defaites-5-1-du-bayern-munich\/#article\",\"isPartOf\":{\"@id\":\"https:\/\/footdavant.fr\/actualites\/cest-de-lhistoire-ancienne-mikel-arteta-elimine-les-defaites-5-1-du-bayern-munich\/\"},\"author\":{\"name\":\"Cl\u00e9ment\",\"@id\":\"https:\/\/footdavant.fr\/actualites\/#\/schema\/person\/bc222566d95871b37e597b3ed3ba5e1d\"},\"headline\":\"\u00ab\u00a0C&#39;est de l&#39;histoire ancienne\u00a0\u00bb &#8211; Mikel Arteta \u00e9limine les d\u00e9faites 5-1 du Bayern Munich\",\"datePublished\":\"2024-04-10T19:48:12+00:00\",\"dateModified\":\"2024-04-10T19:48:13+00:00\",\"mainEntityOfPage\":{\"@id\":\"https:\/\/footdavant.fr\/actualites\/cest-de-lhistoire-ancienne-mikel-arteta-elimine-les-defaites-5-1-du-bayern-munich\/\"},\"wordCount\":787,\"publisher\":{\"@id\":\"https:\/\/footdavant.fr\/actualites\/#organization\"},\"keywords\":[\"ancienne\",\"Arteta\",\"Bayern\",\"C39est\",\"d\u00e9faites\",\"\u00e9limine\",\"l39histoire\",\"les\",\"Mikel\",\"Munich\"],\"articleSection\":[\"Champions League\"],\"inLanguage\":\"fr-FR\"},{\"@type\":\"WebPage\",\"@id\":\"https:\/\/footdavant.fr\/actualites\/cest-de-lhistoire-ancienne-mikel-arteta-elimine-les-defaites-5-1-du-bayern-munich\/\",\"url\":\"https:\/\/footdavant.fr\/actualites\/cest-de-lhistoire-ancienne-mikel-arteta-elimine-les-defaites-5-1-du-bayern-munich\/\",\"name\":\"\\\"C&#39;est de l&#39;histoire ancienne\\\" - Mikel Arteta \u00e9limine les d\u00e9faites 5-1 du Bayern Munich\",\"isPartOf\":{\"@id\":\"https:\/\/footdavant.fr\/actualites\/#website\"},\"datePublished\":\"2024-04-10T19:48:12+00:00\",\"dateModified\":\"2024-04-10T19:48:13+00:00\",\"breadcrumb\":{\"@id\":\"https:\/\/footdavant.fr\/actualites\/cest-de-lhistoire-ancienne-mikel-arteta-elimine-les-defaites-5-1-du-bayern-munich\/#breadcrumb\"},\"inLanguage\":\"fr-FR\",\"potentialAction\":[{\"@type\":\"ReadAction\",\"target\":[\"https:\/\/footdavant.fr\/actualites\/cest-de-lhistoire-ancienne-mikel-arteta-elimine-les-defaites-5-1-du-bayern-munich\/\"]}]},{\"@type\":\"BreadcrumbList\",\"@id\":\"https:\/\/footdavant.fr\/actualites\/cest-de-lhistoire-ancienne-mikel-arteta-elimine-les-defaites-5-1-du-bayern-munich\/#breadcrumb\",\"itemListElement\":[{\"@type\":\"ListItem\",\"position\":1,\"name\":\"Accueil\",\"item\":\"https:\/\/footdavant.fr\/actualites\/\"},{\"@type\":\"ListItem\",\"position\":2,\"name\":\"\u00ab\u00a0C&#39;est de l&#39;histoire ancienne\u00a0\u00bb &#8211; Mikel Arteta \u00e9limine les d\u00e9faites 5-1 du Bayern Munich\"}]},{\"@type\":\"WebSite\",\"@id\":\"https:\/\/footdavant.fr\/actualites\/#website\",\"url\":\"https:\/\/footdavant.fr\/actualites\/\",\"name\":\"Foot d'avant\",\"description\":\"\",\"publisher\":{\"@id\":\"https:\/\/footdavant.fr\/actualites\/#organization\"},\"potentialAction\":[{\"@type\":\"SearchAction\",\"target\":{\"@type\":\"EntryPoint\",\"urlTemplate\":\"https:\/\/footdavant.fr\/actualites\/?s={search_term_string}\"},\"query-input\":\"required name=search_term_string\"}],\"inLanguage\":\"fr-FR\"},{\"@type\":\"Organization\",\"@id\":\"https:\/\/footdavant.fr\/actualites\/#organization\",\"name\":\"Foot d'avant\",\"url\":\"https:\/\/footdavant.fr\/actualites\/\",\"logo\":{\"@type\":\"ImageObject\",\"inLanguage\":\"fr-FR\",\"@id\":\"https:\/\/footdavant.fr\/actualites\/#\/schema\/logo\/image\/\",\"url\":\"https:\/\/footdavant.fr\/actualites\/wp-content\/uploads\/2023\/09\/Copy-of-FootDavant-Logo.png\",\"contentUrl\":\"https:\/\/footdavant.fr\/actualites\/wp-content\/uploads\/2023\/09\/Copy-of-FootDavant-Logo.png\",\"width\":936,\"height\":549,\"caption\":\"Foot d'avant\"},\"image\":{\"@id\":\"https:\/\/footdavant.fr\/actualites\/#\/schema\/logo\/image\/\"},\"sameAs\":[\"https:\/\/www.facebook.com\/Footdavant\/\",\"https:\/\/twitter.com\/FootdavantFr\",\"https:\/\/www.instagram.com\/footdavant.fr\/\"]},{\"@type\":\"Person\",\"@id\":\"https:\/\/footdavant.fr\/actualites\/#\/schema\/person\/bc222566d95871b37e597b3ed3ba5e1d\",\"name\":\"Cl\u00e9ment\",\"image\":{\"@type\":\"ImageObject\",\"inLanguage\":\"fr-FR\",\"@id\":\"https:\/\/footdavant.fr\/actualites\/#\/schema\/person\/image\/\",\"url\":\"https:\/\/secure.gravatar.com\/avatar\/7728b29aac2719421e1a9159b2254c44?s=96&d=mm&r=g\",\"contentUrl\":\"https:\/\/secure.gravatar.com\/avatar\/7728b29aac2719421e1a9159b2254c44?s=96&d=mm&r=g\",\"caption\":\"Cl\u00e9ment\"},\"sameAs\":[\"https:\/\/footdavant.fr\/\"]}]}<\/script>\n<!-- \/ Yoast SEO plugin. -->","yoast_head_json":{"title":"\"C&#39;est de l&#39;histoire ancienne\" - Mikel Arteta \u00e9limine les d\u00e9faites 5-1 du Bayern Munich","robots":{"index":"index","follow":"follow","max-snippet":"max-snippet:-1","max-image-preview":"max-image-preview:large","max-video-preview":"max-video-preview:-1"},"canonical":"https:\/\/footdavant.fr\/actualites\/cest-de-lhistoire-ancienne-mikel-arteta-elimine-les-defaites-5-1-du-bayern-munich\/","og_locale":"fr_FR","og_type":"article","og_title":"\"C&#39;est de l&#39;histoire ancienne\" - Mikel Arteta \u00e9limine les d\u00e9faites 5-1 du Bayern Munich","og_description":"Mikel Arteta insiste sur le fait que les r\u00e9centes d\u00e9faites 5-1 d&#39;Arsenal contre le Bayern Munich appartiennent \u00e0 \u00ab\u00a0l&#39;histoire\u00a0\u00bb avant le match aller des quarts","og_url":"https:\/\/footdavant.fr\/actualites\/cest-de-lhistoire-ancienne-mikel-arteta-elimine-les-defaites-5-1-du-bayern-munich\/","og_site_name":"Foot d&#039;avant","article_publisher":"https:\/\/www.facebook.com\/Footdavant\/","article_published_time":"2024-04-10T19:48:12+00:00","article_modified_time":"2024-04-10T19:48:13+00:00","og_image":[{"width":640,"height":480,"url":"https:\/\/footdavant.fr\/actualites\/wp-content\/uploads\/2024\/04\/C39est-de-l39histoire-ancienne-Mikel-Arteta-elimine-les-defaites.jpg","type":"image\/jpeg"}],"author":"Cl\u00e9ment","twitter_card":"summary_large_image","twitter_creator":"@FootdavantFr","twitter_site":"@FootdavantFr","twitter_misc":{"\u00c9crit par":"Cl\u00e9ment","Dur\u00e9e de lecture estim\u00e9e":"4 minutes"},"schema":{"@context":"https:\/\/schema.org","@graph":[{"@type":"Article","@id":"https:\/\/footdavant.fr\/actualites\/cest-de-lhistoire-ancienne-mikel-arteta-elimine-les-defaites-5-1-du-bayern-munich\/#article","isPartOf":{"@id":"https:\/\/footdavant.fr\/actualites\/cest-de-lhistoire-ancienne-mikel-arteta-elimine-les-defaites-5-1-du-bayern-munich\/"},"author":{"name":"Cl\u00e9ment","@id":"https:\/\/footdavant.fr\/actualites\/#\/schema\/person\/bc222566d95871b37e597b3ed3ba5e1d"},"headline":"\u00ab\u00a0C&#39;est de l&#39;histoire ancienne\u00a0\u00bb &#8211; Mikel Arteta \u00e9limine les d\u00e9faites 5-1 du Bayern Munich","datePublished":"2024-04-10T19:48:12+00:00","dateModified":"2024-04-10T19:48:13+00:00","mainEntityOfPage":{"@id":"https:\/\/footdavant.fr\/actualites\/cest-de-lhistoire-ancienne-mikel-arteta-elimine-les-defaites-5-1-du-bayern-munich\/"},"wordCount":787,"publisher":{"@id":"https:\/\/footdavant.fr\/actualites\/#organization"},"keywords":["ancienne","Arteta","Bayern","C39est","d\u00e9faites","\u00e9limine","l39histoire","les","Mikel","Munich"],"articleSection":["Champions League"],"inLanguage":"fr-FR"},{"@type":"WebPage","@id":"https:\/\/footdavant.fr\/actualites\/cest-de-lhistoire-ancienne-mikel-arteta-elimine-les-defaites-5-1-du-bayern-munich\/","url":"https:\/\/footdavant.fr\/actualites\/cest-de-lhistoire-ancienne-mikel-arteta-elimine-les-defaites-5-1-du-bayern-munich\/","name":"\"C&#39;est de l&#39;histoire ancienne\" - Mikel Arteta \u00e9limine les d\u00e9faites 5-1 du Bayern Munich","isPartOf":{"@id":"https:\/\/footdavant.fr\/actualites\/#website"},"datePublished":"2024-04-10T19:48:12+00:00","dateModified":"2024-04-10T19:48:13+00:00","breadcrumb":{"@id":"https:\/\/footdavant.fr\/actualites\/cest-de-lhistoire-ancienne-mikel-arteta-elimine-les-defaites-5-1-du-bayern-munich\/#breadcrumb"},"inLanguage":"fr-FR","potentialAction":[{"@type":"ReadAction","target":["https:\/\/footdavant.fr\/actualites\/cest-de-lhistoire-ancienne-mikel-arteta-elimine-les-defaites-5-1-du-bayern-munich\/"]}]},{"@type":"BreadcrumbList","@id":"https:\/\/footdavant.fr\/actualites\/cest-de-lhistoire-ancienne-mikel-arteta-elimine-les-defaites-5-1-du-bayern-munich\/#breadcrumb","itemListElement":[{"@type":"ListItem","position":1,"name":"Accueil","item":"https:\/\/footdavant.fr\/actualites\/"},{"@type":"ListItem","position":2,"name":"\u00ab\u00a0C&#39;est de l&#39;histoire ancienne\u00a0\u00bb &#8211; Mikel Arteta \u00e9limine les d\u00e9faites 5-1 du Bayern Munich"}]},{"@type":"WebSite","@id":"https:\/\/footdavant.fr\/actualites\/#website","url":"https:\/\/footdavant.fr\/actualites\/","name":"Foot d'avant","description":"","publisher":{"@id":"https:\/\/footdavant.fr\/actualites\/#organization"},"potentialAction":[{"@type":"SearchAction","target":{"@type":"EntryPoint","urlTemplate":"https:\/\/footdavant.fr\/actualites\/?s={search_term_string}"},"query-input":"required name=search_term_string"}],"inLanguage":"fr-FR"},{"@type":"Organization","@id":"https:\/\/footdavant.fr\/actualites\/#organization","name":"Foot d'avant","url":"https:\/\/footdavant.fr\/actualites\/","logo":{"@type":"ImageObject","inLanguage":"fr-FR","@id":"https:\/\/footdavant.fr\/actualites\/#\/schema\/logo\/image\/","url":"https:\/\/footdavant.fr\/actualites\/wp-content\/uploads\/2023\/09\/Copy-of-FootDavant-Logo.png","contentUrl":"https:\/\/footdavant.fr\/actualites\/wp-content\/uploads\/2023\/09\/Copy-of-FootDavant-Logo.png","width":936,"height":549,"caption":"Foot d'avant"},"image":{"@id":"https:\/\/footdavant.fr\/actualites\/#\/schema\/logo\/image\/"},"sameAs":["https:\/\/www.facebook.com\/Footdavant\/","https:\/\/twitter.com\/FootdavantFr","https:\/\/www.instagram.com\/footdavant.fr\/"]},{"@type":"Person","@id":"https:\/\/footdavant.fr\/actualites\/#\/schema\/person\/bc222566d95871b37e597b3ed3ba5e1d","name":"Cl\u00e9ment","image":{"@type":"ImageObject","inLanguage":"fr-FR","@id":"https:\/\/footdavant.fr\/actualites\/#\/schema\/person\/image\/","url":"https:\/\/secure.gravatar.com\/avatar\/7728b29aac2719421e1a9159b2254c44?s=96&d=mm&r=g","contentUrl":"https:\/\/secure.gravatar.com\/avatar\/7728b29aac2719421e1a9159b2254c44?s=96&d=mm&r=g","caption":"Cl\u00e9ment"},"sameAs":["https:\/\/footdavant.fr\/"]}]}},"_links":{"self":[{"href":"https:\/\/footdavant.fr\/actualites\/wp-json\/wp\/v2\/posts\/7288"}],"collection":[{"href":"https:\/\/footdavant.fr\/actualites\/wp-json\/wp\/v2\/posts"}],"about":[{"href":"https:\/\/footdavant.fr\/actualites\/wp-json\/wp\/v2\/types\/post"}],"author":[{"embeddable":true,"href":"https:\/\/footdavant.fr\/actualites\/wp-json\/wp\/v2\/users\/1"}],"replies":[{"embeddable":true,"href":"https:\/\/footdavant.fr\/actualites\/wp-json\/wp\/v2\/comments?post=7288"}],"version-history":[{"count":1,"href":"https:\/\/footdavant.fr\/actualites\/wp-json\/wp\/v2\/posts\/7288\/revisions"}],"predecessor-version":[{"id":7290,"href":"https:\/\/footdavant.fr\/actualites\/wp-json\/wp\/v2\/posts\/7288\/revisions\/7290"}],"wp:featuredmedia":[{"embeddable":true,"href":"https:\/\/footdavant.fr\/actualites\/wp-json\/wp\/v2\/media\/7289"}],"wp:attachment":[{"href":"https:\/\/footdavant.fr\/actualites\/wp-json\/wp\/v2\/media?parent=7288"}],"wp:term":[{"taxonomy":"category","embeddable":true,"href":"https:\/\/footdavant.fr\/actualites\/wp-json\/wp\/v2\/categories?post=7288"},{"taxonomy":"post_tag","embeddable":true,"href":"https:\/\/footdavant.fr\/actualites\/wp-json\/wp\/v2\/tags?post=7288"}],"curies":[{"name":"wp","href":"https:\/\/api.w.org\/{rel}","templated":true}]}}