{"id":7291,"date":"2024-04-10T22:48:04","date_gmt":"2024-04-10T20:48:04","guid":{"rendered":"https:\/\/footdavant.fr\/actualites\/les-prix-de-manchester-united-sont-instables-apres-le-demenagement-estival\/"},"modified":"2024-04-10T22:48:05","modified_gmt":"2024-04-10T20:48:05","slug":"les-prix-de-manchester-united-sont-instables-apres-le-demenagement-estival","status":"publish","type":"post","link":"https:\/\/footdavant.fr\/actualites\/les-prix-de-manchester-united-sont-instables-apres-le-demenagement-estival\/","title":{"rendered":"Les prix de Manchester United sont instables apr\u00e8s le d\u00e9m\u00e9nagement estival"},"content":{"rendered":"<p>Le Borussia Dortmund pourrait \u00eatre exclu d&#39;un transfert permanent pour l&#39;attaquant de Manchester United Jadon Sancho cet \u00e9t\u00e9, selon un rapport.<\/p>\n<div id=\"article_body\" itemprop=\"articleBody\">\n<h3 class=\"firstPara\">\n<strong class=\"autotag\">Borussia Dortmund<\/strong> pourrait \u00eatre exclu d&#39;un d\u00e9m\u00e9nagement permanent pour <strong class=\"autotag\">Manchester United<\/strong> attaquant <strong class=\"autotag\">Jadon Sancho<\/strong> lors du mercato de cet \u00e9t\u00e9.<\/h3>\n<p>Le joueur de 24 ans est revenu au BVB en pr\u00eat en janvier et a jou\u00e9 11 fois pour le club au cours de la seconde moiti\u00e9 de la saison, marquant deux fois et enregistrant deux passes d\u00e9cisives.<\/p>\n<p>On pense que Dortmund est d\u00e9termin\u00e9 \u00e0 signer \u00e0 nouveau Sancho de mani\u00e8re permanente, mais le prix demand\u00e9 par Man United pour l&#39;Anglais serait un probl\u00e8me pour les g\u00e9ants de la Bundesliga.<\/p>\n<p>Selon <em>Ciel Allemagne<\/em>les Red Devils ne sont pas pr\u00eats \u00e0 laisser l&#39;ancien jeune de Manchester City quitter Old Trafford cet \u00e9t\u00e9 pour moins de 40 millions d&#39;euros (34,3 millions de livres sterling).<\/p>\n<p>Le rapport affirme que Dortmund n&#39;a pas abandonn\u00e9 l&#39;espoir de garder Sancho, mais le prix demand\u00e9 par Man United a rendu improbable un retour permanent dans l&#39;\u00e9quipe de Bundesliga cet \u00e9t\u00e9.<\/p>\n<p class=\"imgI\">\n<h2>Man United a une grande d\u00e9cision \u00e0 prendre pour Sancho cet \u00e9t\u00e9<\/h2>\n<p>Sancho n&#39;a fait que trois apparitions pour Man United au cours de la premi\u00e8re moiti\u00e9 de la campagne 2023-24, l&#39;attaquant se disputant avec l&#39;entra\u00eeneur-chef. <strong class=\"autotag\">Erik Ten Hag<\/strong> d\u00e9but septembre.<\/p>\n<p>L&#39;Anglais avait \u00e9t\u00e9 rempla\u00e7ant lors des trois premiers matches de l&#39;\u00e9quipe de la saison actuelle de Premier League avant d&#39;\u00eatre compl\u00e8tement exclu contre Arsenal d\u00e9but septembre.<\/p>\n<p>Ten Hag a d\u00e9clar\u00e9 que les performances de Sancho \u00e0 l&#39;entra\u00eenement, qui \u00e9taient inf\u00e9rieures aux normes requises aux yeux de son manager, l&#39;avaient exclu du choc \u00e0 l&#39;Emirates Stadium.<\/p>\n<p>Cependant, Sancho s&#39;est adress\u00e9 aux m\u00e9dias sociaux pour insister sur le fait que ce n&#39;\u00e9tait pas le cas, affirmant qu&#39;il avait \u00e9t\u00e9 fait \u00ab\u00a0un bouc \u00e9missaire\u00a0\u00bb, et il a refus\u00e9 de s&#39;excuser aupr\u00e8s de son entra\u00eeneur-chef pour l&#39;avoir trait\u00e9 de menteur.<\/p>\n<p>Ten Hag devrait rester \u00e0 la t\u00eate de Man United cet \u00e9t\u00e9 malgr\u00e9 les difficult\u00e9s de l&#39;\u00e9quipe cette saison, ce qui pourrait rendre difficile pour Sancho de relancer sa carri\u00e8re \u00e0 Old Trafford.<\/p>\n<p class=\"imgI\"><img decoding=\"async\" loading=\"lazy\" class=\"l\" src=\"https:\/\/footdavant.fr\/actualites\/wp-content\/uploads\/2024\/04\/1712782084_929_Les-prix-de-Manchester-United-sont-instables-apres-le-demenagement.JPG\" title=\"L&#39;attaquant de Manchester United Jadon Sancho le 30 juillet 2023\" alt=\"L&#39;attaquant de Manchester United Jadon Sancho le 30 juillet 2023\" width=\"640\" height=\"480\"><\/p>\n<h2>Sancho se verra remettre une bou\u00e9e de sauvetage par le nouveau Wilcox ?<\/h2>\n<p>Cependant, il a \u00e9t\u00e9 sugg\u00e9r\u00e9 que l&#39;attaquant pourrait b\u00e9n\u00e9ficier d&#39;une bou\u00e9e de sauvetage en <strong class=\"autotag\">Jason Wilcox<\/strong>si le joueur de 53 ans arrive prochainement \u00e0 Man United en provenance de Southampton.<\/p>\n<p>Wilcox est recherch\u00e9 par les Red Devils comme nouveau directeur technique, et il aurait une relation solide avec Sancho, ayant dirig\u00e9 le joueur au niveau des moins de 18 ans pour Manchester City.<\/p>\n<p>Un rapport r\u00e9cent affirmait que Wilcox pourrait faire pression pour que Sancho soit ramen\u00e9 dans l&#39;\u00e9quipe, m\u00eame si des excuses aupr\u00e8s de Ten Hag seraient probablement encore n\u00e9cessaires.<\/p>\n<p>L&#39;Anglais a eu du mal \u00e0 s&#39;imposer pour Man United depuis son arriv\u00e9e de Dortmund \u00e0 l&#39;\u00e9t\u00e9 2021, ne r\u00e9ussissant que 12 buts et six passes d\u00e9cisives en 82 apparitions toutes comp\u00e9titions confondues.<\/p>\n<p>Sancho a jou\u00e9 84 minutes lors de la victoire 2-0 du BVB contre le Bayern Munich en Bundesliga le week-end dernier.<\/p>\n<\/div>\n","protected":false},"excerpt":{"rendered":"<p>Le Borussia Dortmund pourrait \u00eatre exclu d&#39;un transfert permanent pour l&#39;attaquant de Manchester United Jadon Sancho cet \u00e9t\u00e9, selon un rapport. Borussia Dortmund pourrait \u00eatre<\/p>\n","protected":false},"author":1,"featured_media":7292,"comment_status":"closed","ping_status":"","sticky":false,"template":"","format":"standard","meta":{"footnotes":""},"categories":[5],"tags":[25,1856,2750,4524,93,11,73,45,13],"yoast_head":"<!-- This site is optimized with the Yoast SEO plugin v21.0 - https:\/\/yoast.com\/wordpress\/plugins\/seo\/ -->\n<title>Les prix de Manchester United sont instables apr\u00e8s le d\u00e9m\u00e9nagement estival<\/title>\n<meta name=\"robots\" content=\"index, follow, max-snippet:-1, max-image-preview:large, max-video-preview:-1\" \/>\n<link rel=\"canonical\" href=\"https:\/\/footdavant.fr\/actualites\/les-prix-de-manchester-united-sont-instables-apres-le-demenagement-estival\/\" \/>\n<meta property=\"og:locale\" content=\"fr_FR\" \/>\n<meta property=\"og:type\" content=\"article\" \/>\n<meta property=\"og:title\" content=\"Les prix de Manchester United sont instables apr\u00e8s le d\u00e9m\u00e9nagement estival\" \/>\n<meta property=\"og:description\" content=\"Le Borussia Dortmund pourrait \u00eatre exclu d&#039;un transfert permanent pour l&#039;attaquant de Manchester United Jadon Sancho cet \u00e9t\u00e9, selon un rapport. Borussia Dortmund pourrait \u00eatre\" \/>\n<meta property=\"og:url\" content=\"https:\/\/footdavant.fr\/actualites\/les-prix-de-manchester-united-sont-instables-apres-le-demenagement-estival\/\" \/>\n<meta property=\"og:site_name\" content=\"Foot d&#039;avant\" \/>\n<meta property=\"article:publisher\" content=\"https:\/\/www.facebook.com\/Footdavant\/\" \/>\n<meta property=\"article:published_time\" content=\"2024-04-10T20:48:04+00:00\" \/>\n<meta property=\"article:modified_time\" content=\"2024-04-10T20:48:05+00:00\" \/>\n<meta property=\"og:image\" content=\"https:\/\/footdavant.fr\/actualites\/wp-content\/uploads\/2024\/04\/Les-prix-de-Manchester-United-sont-instables-apres-le-demenagement.JPG\" \/>\n\t<meta property=\"og:image:width\" content=\"640\" \/>\n\t<meta property=\"og:image:height\" content=\"480\" \/>\n\t<meta property=\"og:image:type\" content=\"image\/jpeg\" \/>\n<meta name=\"author\" content=\"Cl\u00e9ment\" \/>\n<meta name=\"twitter:card\" content=\"summary_large_image\" \/>\n<meta name=\"twitter:creator\" content=\"@FootdavantFr\" \/>\n<meta name=\"twitter:site\" content=\"@FootdavantFr\" \/>\n<meta name=\"twitter:label1\" content=\"\u00c9crit par\" \/>\n\t<meta name=\"twitter:data1\" content=\"Cl\u00e9ment\" \/>\n\t<meta name=\"twitter:label2\" content=\"Dur\u00e9e de lecture estim\u00e9e\" \/>\n\t<meta name=\"twitter:data2\" content=\"3 minutes\" \/>\n<script type=\"application\/ld+json\" class=\"yoast-schema-graph\">{\"@context\":\"https:\/\/schema.org\",\"@graph\":[{\"@type\":\"Article\",\"@id\":\"https:\/\/footdavant.fr\/actualites\/les-prix-de-manchester-united-sont-instables-apres-le-demenagement-estival\/#article\",\"isPartOf\":{\"@id\":\"https:\/\/footdavant.fr\/actualites\/les-prix-de-manchester-united-sont-instables-apres-le-demenagement-estival\/\"},\"author\":{\"name\":\"Cl\u00e9ment\",\"@id\":\"https:\/\/footdavant.fr\/actualites\/#\/schema\/person\/bc222566d95871b37e597b3ed3ba5e1d\"},\"headline\":\"Les prix de Manchester United sont instables apr\u00e8s le d\u00e9m\u00e9nagement estival\",\"datePublished\":\"2024-04-10T20:48:04+00:00\",\"dateModified\":\"2024-04-10T20:48:05+00:00\",\"mainEntityOfPage\":{\"@id\":\"https:\/\/footdavant.fr\/actualites\/les-prix-de-manchester-united-sont-instables-apres-le-demenagement-estival\/\"},\"wordCount\":562,\"publisher\":{\"@id\":\"https:\/\/footdavant.fr\/actualites\/#organization\"},\"keywords\":[\"apr\u00e8s\",\"d\u00e9m\u00e9nagement\",\"estival\",\"instables\",\"les\",\"Manchester\",\"prix\",\"sont\",\"United\"],\"articleSection\":[\"Premier League\"],\"inLanguage\":\"fr-FR\"},{\"@type\":\"WebPage\",\"@id\":\"https:\/\/footdavant.fr\/actualites\/les-prix-de-manchester-united-sont-instables-apres-le-demenagement-estival\/\",\"url\":\"https:\/\/footdavant.fr\/actualites\/les-prix-de-manchester-united-sont-instables-apres-le-demenagement-estival\/\",\"name\":\"Les prix de Manchester United sont instables apr\u00e8s le d\u00e9m\u00e9nagement estival\",\"isPartOf\":{\"@id\":\"https:\/\/footdavant.fr\/actualites\/#website\"},\"datePublished\":\"2024-04-10T20:48:04+00:00\",\"dateModified\":\"2024-04-10T20:48:05+00:00\",\"breadcrumb\":{\"@id\":\"https:\/\/footdavant.fr\/actualites\/les-prix-de-manchester-united-sont-instables-apres-le-demenagement-estival\/#breadcrumb\"},\"inLanguage\":\"fr-FR\",\"potentialAction\":[{\"@type\":\"ReadAction\",\"target\":[\"https:\/\/footdavant.fr\/actualites\/les-prix-de-manchester-united-sont-instables-apres-le-demenagement-estival\/\"]}]},{\"@type\":\"BreadcrumbList\",\"@id\":\"https:\/\/footdavant.fr\/actualites\/les-prix-de-manchester-united-sont-instables-apres-le-demenagement-estival\/#breadcrumb\",\"itemListElement\":[{\"@type\":\"ListItem\",\"position\":1,\"name\":\"Accueil\",\"item\":\"https:\/\/footdavant.fr\/actualites\/\"},{\"@type\":\"ListItem\",\"position\":2,\"name\":\"Les prix de Manchester United sont instables apr\u00e8s le d\u00e9m\u00e9nagement estival\"}]},{\"@type\":\"WebSite\",\"@id\":\"https:\/\/footdavant.fr\/actualites\/#website\",\"url\":\"https:\/\/footdavant.fr\/actualites\/\",\"name\":\"Foot d'avant\",\"description\":\"\",\"publisher\":{\"@id\":\"https:\/\/footdavant.fr\/actualites\/#organization\"},\"potentialAction\":[{\"@type\":\"SearchAction\",\"target\":{\"@type\":\"EntryPoint\",\"urlTemplate\":\"https:\/\/footdavant.fr\/actualites\/?s={search_term_string}\"},\"query-input\":\"required name=search_term_string\"}],\"inLanguage\":\"fr-FR\"},{\"@type\":\"Organization\",\"@id\":\"https:\/\/footdavant.fr\/actualites\/#organization\",\"name\":\"Foot d'avant\",\"url\":\"https:\/\/footdavant.fr\/actualites\/\",\"logo\":{\"@type\":\"ImageObject\",\"inLanguage\":\"fr-FR\",\"@id\":\"https:\/\/footdavant.fr\/actualites\/#\/schema\/logo\/image\/\",\"url\":\"https:\/\/footdavant.fr\/actualites\/wp-content\/uploads\/2023\/09\/Copy-of-FootDavant-Logo.png\",\"contentUrl\":\"https:\/\/footdavant.fr\/actualites\/wp-content\/uploads\/2023\/09\/Copy-of-FootDavant-Logo.png\",\"width\":936,\"height\":549,\"caption\":\"Foot d'avant\"},\"image\":{\"@id\":\"https:\/\/footdavant.fr\/actualites\/#\/schema\/logo\/image\/\"},\"sameAs\":[\"https:\/\/www.facebook.com\/Footdavant\/\",\"https:\/\/twitter.com\/FootdavantFr\",\"https:\/\/www.instagram.com\/footdavant.fr\/\"]},{\"@type\":\"Person\",\"@id\":\"https:\/\/footdavant.fr\/actualites\/#\/schema\/person\/bc222566d95871b37e597b3ed3ba5e1d\",\"name\":\"Cl\u00e9ment\",\"image\":{\"@type\":\"ImageObject\",\"inLanguage\":\"fr-FR\",\"@id\":\"https:\/\/footdavant.fr\/actualites\/#\/schema\/person\/image\/\",\"url\":\"https:\/\/secure.gravatar.com\/avatar\/7728b29aac2719421e1a9159b2254c44?s=96&d=mm&r=g\",\"contentUrl\":\"https:\/\/secure.gravatar.com\/avatar\/7728b29aac2719421e1a9159b2254c44?s=96&d=mm&r=g\",\"caption\":\"Cl\u00e9ment\"},\"sameAs\":[\"https:\/\/footdavant.fr\/\"]}]}<\/script>\n<!-- \/ Yoast SEO plugin. -->","yoast_head_json":{"title":"Les prix de Manchester United sont instables apr\u00e8s le d\u00e9m\u00e9nagement estival","robots":{"index":"index","follow":"follow","max-snippet":"max-snippet:-1","max-image-preview":"max-image-preview:large","max-video-preview":"max-video-preview:-1"},"canonical":"https:\/\/footdavant.fr\/actualites\/les-prix-de-manchester-united-sont-instables-apres-le-demenagement-estival\/","og_locale":"fr_FR","og_type":"article","og_title":"Les prix de Manchester United sont instables apr\u00e8s le d\u00e9m\u00e9nagement estival","og_description":"Le Borussia Dortmund pourrait \u00eatre exclu d&#39;un transfert permanent pour l&#39;attaquant de Manchester United Jadon Sancho cet \u00e9t\u00e9, selon un rapport. Borussia Dortmund pourrait \u00eatre","og_url":"https:\/\/footdavant.fr\/actualites\/les-prix-de-manchester-united-sont-instables-apres-le-demenagement-estival\/","og_site_name":"Foot d&#039;avant","article_publisher":"https:\/\/www.facebook.com\/Footdavant\/","article_published_time":"2024-04-10T20:48:04+00:00","article_modified_time":"2024-04-10T20:48:05+00:00","og_image":[{"width":640,"height":480,"url":"https:\/\/footdavant.fr\/actualites\/wp-content\/uploads\/2024\/04\/Les-prix-de-Manchester-United-sont-instables-apres-le-demenagement.JPG","type":"image\/jpeg"}],"author":"Cl\u00e9ment","twitter_card":"summary_large_image","twitter_creator":"@FootdavantFr","twitter_site":"@FootdavantFr","twitter_misc":{"\u00c9crit par":"Cl\u00e9ment","Dur\u00e9e de lecture estim\u00e9e":"3 minutes"},"schema":{"@context":"https:\/\/schema.org","@graph":[{"@type":"Article","@id":"https:\/\/footdavant.fr\/actualites\/les-prix-de-manchester-united-sont-instables-apres-le-demenagement-estival\/#article","isPartOf":{"@id":"https:\/\/footdavant.fr\/actualites\/les-prix-de-manchester-united-sont-instables-apres-le-demenagement-estival\/"},"author":{"name":"Cl\u00e9ment","@id":"https:\/\/footdavant.fr\/actualites\/#\/schema\/person\/bc222566d95871b37e597b3ed3ba5e1d"},"headline":"Les prix de Manchester United sont instables apr\u00e8s le d\u00e9m\u00e9nagement estival","datePublished":"2024-04-10T20:48:04+00:00","dateModified":"2024-04-10T20:48:05+00:00","mainEntityOfPage":{"@id":"https:\/\/footdavant.fr\/actualites\/les-prix-de-manchester-united-sont-instables-apres-le-demenagement-estival\/"},"wordCount":562,"publisher":{"@id":"https:\/\/footdavant.fr\/actualites\/#organization"},"keywords":["apr\u00e8s","d\u00e9m\u00e9nagement","estival","instables","les","Manchester","prix","sont","United"],"articleSection":["Premier League"],"inLanguage":"fr-FR"},{"@type":"WebPage","@id":"https:\/\/footdavant.fr\/actualites\/les-prix-de-manchester-united-sont-instables-apres-le-demenagement-estival\/","url":"https:\/\/footdavant.fr\/actualites\/les-prix-de-manchester-united-sont-instables-apres-le-demenagement-estival\/","name":"Les prix de Manchester United sont instables apr\u00e8s le d\u00e9m\u00e9nagement estival","isPartOf":{"@id":"https:\/\/footdavant.fr\/actualites\/#website"},"datePublished":"2024-04-10T20:48:04+00:00","dateModified":"2024-04-10T20:48:05+00:00","breadcrumb":{"@id":"https:\/\/footdavant.fr\/actualites\/les-prix-de-manchester-united-sont-instables-apres-le-demenagement-estival\/#breadcrumb"},"inLanguage":"fr-FR","potentialAction":[{"@type":"ReadAction","target":["https:\/\/footdavant.fr\/actualites\/les-prix-de-manchester-united-sont-instables-apres-le-demenagement-estival\/"]}]},{"@type":"BreadcrumbList","@id":"https:\/\/footdavant.fr\/actualites\/les-prix-de-manchester-united-sont-instables-apres-le-demenagement-estival\/#breadcrumb","itemListElement":[{"@type":"ListItem","position":1,"name":"Accueil","item":"https:\/\/footdavant.fr\/actualites\/"},{"@type":"ListItem","position":2,"name":"Les prix de Manchester United sont instables apr\u00e8s le d\u00e9m\u00e9nagement estival"}]},{"@type":"WebSite","@id":"https:\/\/footdavant.fr\/actualites\/#website","url":"https:\/\/footdavant.fr\/actualites\/","name":"Foot d'avant","description":"","publisher":{"@id":"https:\/\/footdavant.fr\/actualites\/#organization"},"potentialAction":[{"@type":"SearchAction","target":{"@type":"EntryPoint","urlTemplate":"https:\/\/footdavant.fr\/actualites\/?s={search_term_string}"},"query-input":"required name=search_term_string"}],"inLanguage":"fr-FR"},{"@type":"Organization","@id":"https:\/\/footdavant.fr\/actualites\/#organization","name":"Foot d'avant","url":"https:\/\/footdavant.fr\/actualites\/","logo":{"@type":"ImageObject","inLanguage":"fr-FR","@id":"https:\/\/footdavant.fr\/actualites\/#\/schema\/logo\/image\/","url":"https:\/\/footdavant.fr\/actualites\/wp-content\/uploads\/2023\/09\/Copy-of-FootDavant-Logo.png","contentUrl":"https:\/\/footdavant.fr\/actualites\/wp-content\/uploads\/2023\/09\/Copy-of-FootDavant-Logo.png","width":936,"height":549,"caption":"Foot d'avant"},"image":{"@id":"https:\/\/footdavant.fr\/actualites\/#\/schema\/logo\/image\/"},"sameAs":["https:\/\/www.facebook.com\/Footdavant\/","https:\/\/twitter.com\/FootdavantFr","https:\/\/www.instagram.com\/footdavant.fr\/"]},{"@type":"Person","@id":"https:\/\/footdavant.fr\/actualites\/#\/schema\/person\/bc222566d95871b37e597b3ed3ba5e1d","name":"Cl\u00e9ment","image":{"@type":"ImageObject","inLanguage":"fr-FR","@id":"https:\/\/footdavant.fr\/actualites\/#\/schema\/person\/image\/","url":"https:\/\/secure.gravatar.com\/avatar\/7728b29aac2719421e1a9159b2254c44?s=96&d=mm&r=g","contentUrl":"https:\/\/secure.gravatar.com\/avatar\/7728b29aac2719421e1a9159b2254c44?s=96&d=mm&r=g","caption":"Cl\u00e9ment"},"sameAs":["https:\/\/footdavant.fr\/"]}]}},"_links":{"self":[{"href":"https:\/\/footdavant.fr\/actualites\/wp-json\/wp\/v2\/posts\/7291"}],"collection":[{"href":"https:\/\/footdavant.fr\/actualites\/wp-json\/wp\/v2\/posts"}],"about":[{"href":"https:\/\/footdavant.fr\/actualites\/wp-json\/wp\/v2\/types\/post"}],"author":[{"embeddable":true,"href":"https:\/\/footdavant.fr\/actualites\/wp-json\/wp\/v2\/users\/1"}],"replies":[{"embeddable":true,"href":"https:\/\/footdavant.fr\/actualites\/wp-json\/wp\/v2\/comments?post=7291"}],"version-history":[{"count":1,"href":"https:\/\/footdavant.fr\/actualites\/wp-json\/wp\/v2\/posts\/7291\/revisions"}],"predecessor-version":[{"id":7293,"href":"https:\/\/footdavant.fr\/actualites\/wp-json\/wp\/v2\/posts\/7291\/revisions\/7293"}],"wp:featuredmedia":[{"embeddable":true,"href":"https:\/\/footdavant.fr\/actualites\/wp-json\/wp\/v2\/media\/7292"}],"wp:attachment":[{"href":"https:\/\/footdavant.fr\/actualites\/wp-json\/wp\/v2\/media?parent=7291"}],"wp:term":[{"taxonomy":"category","embeddable":true,"href":"https:\/\/footdavant.fr\/actualites\/wp-json\/wp\/v2\/categories?post=7291"},{"taxonomy":"post_tag","embeddable":true,"href":"https:\/\/footdavant.fr\/actualites\/wp-json\/wp\/v2\/tags?post=7291"}],"curies":[{"name":"wp","href":"https:\/\/api.w.org\/{rel}","templated":true}]}}