{"id":7294,"date":"2024-04-11T00:50:19","date_gmt":"2024-04-10T22:50:19","guid":{"rendered":"https:\/\/footdavant.fr\/actualites\/florent-malouda-dit-ce-que-la-plupart-pensent-mais-chelsea-ne-le-voit-pas\/"},"modified":"2024-04-11T00:50:23","modified_gmt":"2024-04-10T22:50:23","slug":"florent-malouda-dit-ce-que-la-plupart-pensent-mais-chelsea-ne-le-voit-pas","status":"publish","type":"post","link":"https:\/\/footdavant.fr\/actualites\/florent-malouda-dit-ce-que-la-plupart-pensent-mais-chelsea-ne-le-voit-pas\/","title":{"rendered":"Florent Malouda dit ce que la plupart pensent, mais Chelsea ne le voit pas \u2013"},"content":{"rendered":"<div id=\"mvp-content-main\">\n<p>Les probl\u00e8mes actuels de Chelsea sont pour moi assez \u00e9vidents, et plus je regarde autour de moi, j&#39;entends et je lis, plus la plupart des fans de Chelsea pensent la m\u00eame chose.<\/p>\n<p>Pour moi, Mauricio Pochettino n&#39;est pas assez bon tactiquement en tant qu&#39;entra\u00eeneur et doit \u00eatre remplac\u00e9 cet \u00e9t\u00e9.  Mais les probl\u00e8mes sont plus importants et plus larges que cela, le principal \u00e9tant la reconstruction na\u00efve de l\u2019\u00e9quipe.<\/p>\n<p>J\u2019ai vu TELLEMENT d\u2019experts, d\u2019anciens pros, d\u2019anciens joueurs de Chelsea et TELLEMENT de fans de Chelsea dire la m\u00eame chose.  Mais les d\u00e9cideurs de Chelsea ne le voient pas, ou s\u2019ils le font, ils s\u2019ent\u00eatent, l\u2019ignorent et soutiennent b\u00eatement leurs propres d\u00e9cisions.<\/p>\n<p>Je vais cependant laisser l&#39;ancien joueur de Chelsea Florent Malouda l&#39;expliquer, car c&#39;est quelqu&#39;un qui a r\u00e9ellement jou\u00e9 au plus haut niveau et pour une \u00e9quipe de Chelsea \u00e0 succ\u00e8s, et il sait certainement de quoi il parle ici.<\/p>\n<p>Dans une r\u00e9cente interview, Malouda a d\u00e9clar\u00e9 :<\/p>\n<blockquote>\n<p>\u00ab\u00a0J&#39;\u00e9tais \u00e0 Stamford Bridge pour regarder le match de Leicester en FA Cup, Chelsea jouait avec beaucoup d&#39;intensit\u00e9 et tout semblait brillant jusqu&#39;\u00e0 ce que ce ne soit plus le cas.  Il suffit d\u2019une seule erreur pour d\u00e9truire la confiance de cette \u00e9quipe de Chelsea et c\u2019est alors que le chaos commence.<\/p>\n<p>\u00ab Les joueurs de Chelsea doivent d\u00e9velopper une capacit\u00e9 \u00e0 contr\u00f4ler leurs \u00e9motions sur le terrain.  Ils n&#39;ont pas l&#39;\u00e9quilibre \u00e9motionnel qui permet de garder le contr\u00f4le du jeu, et cela est d\u00fb \u00e0 la composition de l&#39;\u00e9quipe.  Quand on choisit de se concentrer sur un projet avec majoritairement des jeunes joueurs, on retrouve toujours cette incoh\u00e9rence car tous ces joueurs apprennent en m\u00eame temps.<\/p>\n<p>\u00ab\u00a0Je pense qu&#39;un joueur comme Toni Kroos du Real Madrid est le type de cible que Chelsea devrait chercher \u00e0 attirer cet \u00e9t\u00e9.  C\u2019est un joueur exp\u00e9riment\u00e9 avec beaucoup de pedigree.  Chelsea a besoin d&#39;un ou deux joueurs comme Kroos.  Des joueurs qui ont un QI footballistique si \u00e9lev\u00e9 qu\u2019ils peuvent analyser chaque sc\u00e9nario sur le terrain, prendre les bonnes d\u00e9cisions et diriger l\u2019\u00e9quipe.  C\u2019est le type de profil que je chercherais \u00e0 int\u00e9grer au club au cours de l\u2019\u00e9t\u00e9.  Nous avons besoin de joueurs exp\u00e9riment\u00e9s et ambitieux qui souhaitent faire partie d\u2019un projet tr\u00e8s excitant de Chelsea l\u2019ann\u00e9e prochaine.<\/p>\n<\/blockquote>\n<p>Donc, en un mot, il dit que Chelsea a recrut\u00e9 de jeunes joueurs inexp\u00e9riment\u00e9s et bruts, ce qui est un fait, et qu\u2019ils ont ignor\u00e9 l\u2019exp\u00e9rience et la qualit\u00e9 \u00e9prouv\u00e9es pour \u00e9quilibrer le tout, ce qui est \u00e9galement un fait.<\/p>\n<p>C\u2019est pourquoi je dis que la reconstruction de l\u2019\u00e9quipe a \u00e9t\u00e9, au mieux, na\u00efve.  Et comme je l\u2019ai dit plus haut, j\u2019ai vu TELLEMENT de gens dire exactement la m\u00eame chose.  Nous manquons de leaders, de mentalit\u00e9s fortes et de joueurs qui ont \u00e9t\u00e9 l\u00e0 et qui ont r\u00e9ussi.  L&#39;\u00e9quilibre est TELLEMENT important, et nous ne l&#39;avons pas, et comme Malouda l&#39;explique ci-dessus, cela a \u00e9t\u00e9 si clair et \u00e9vident dans les matchs cette saison.<\/p>\n<p>Alors, si nous pouvons tous le voir, pourquoi les d\u00e9cideurs ne le peuvent-ils pas ?  Comme je l&#39;ai dit, il semble qu&#39;ils mettent tout en \u0153uvre pour soutenir leurs propres d\u00e9cisions en mati\u00e8re de recrutement et ne veulent pas accepter que cela \u00e9choue.  Je suis s\u00fbr que les donn\u00e9es indiquent que nous devrions \u00eatre dans une meilleure situation que l\u00e0 o\u00f9 nous sommes actuellement (c&#39;est le cas, car Pochettino s&#39;en est \u00e9galement d\u00e9sesp\u00e9r\u00e9ment inspir\u00e9 dans une r\u00e9cente interview).  Mais le fait est que, que nous devions \u00eatre meilleurs dans la ligue en ce moment ou non, si nous avions \u00e9t\u00e9 plus intelligents dans notre recrutement et n&#39;avions pas ignor\u00e9 une exp\u00e9rience de qualit\u00e9, alors je crois sinc\u00e8rement que nous serions bien meilleurs qu&#39;aujourd&#39;hui, et meilleurs que n&#39;importe qui d&#39;autre. les donn\u00e9es pourraient \u00e9galement le pr\u00e9tendre.<\/p>\n<p>Pour moi, et pour TANT d\u2019autres, c\u2019est AUSSI simple, et Chelsea DOIT le corriger cet \u00e9t\u00e9.<\/p>\n<div class=\"feature-box\">Si vous souhaitez figurer sur Talk Chelsea.<\/div>\n<p>\t\t\t\t\t\t\t\t\t<!--mvp-post-tags--><\/p><\/div>\n","protected":false},"excerpt":{"rendered":"<p>Les probl\u00e8mes actuels de Chelsea sont pour moi assez \u00e9vidents, et plus je regarde autour de moi, j&#39;entends et je lis, plus la plupart des<\/p>\n","protected":false},"author":1,"featured_media":7295,"comment_status":"closed","ping_status":"","sticky":false,"template":"","format":"standard","meta":{"footnotes":""},"categories":[3],"tags":[171,125,4525,365,4526,71,3956,4527,2099],"yoast_head":"<!-- This site is optimized with the Yoast SEO plugin v21.0 - https:\/\/yoast.com\/wordpress\/plugins\/seo\/ -->\n<title>Florent Malouda dit ce que la plupart pensent, mais Chelsea ne le voit pas \u2013<\/title>\n<meta name=\"robots\" content=\"index, follow, max-snippet:-1, max-image-preview:large, max-video-preview:-1\" \/>\n<link rel=\"canonical\" href=\"https:\/\/footdavant.fr\/actualites\/florent-malouda-dit-ce-que-la-plupart-pensent-mais-chelsea-ne-le-voit-pas\/\" \/>\n<meta property=\"og:locale\" content=\"fr_FR\" \/>\n<meta property=\"og:type\" content=\"article\" \/>\n<meta property=\"og:title\" content=\"Florent Malouda dit ce que la plupart pensent, mais Chelsea ne le voit pas \u2013\" \/>\n<meta property=\"og:description\" content=\"Les probl\u00e8mes actuels de Chelsea sont pour moi assez \u00e9vidents, et plus je regarde autour de moi, j&#039;entends et je lis, plus la plupart des\" \/>\n<meta property=\"og:url\" content=\"https:\/\/footdavant.fr\/actualites\/florent-malouda-dit-ce-que-la-plupart-pensent-mais-chelsea-ne-le-voit-pas\/\" \/>\n<meta property=\"og:site_name\" content=\"Foot d&#039;avant\" \/>\n<meta property=\"article:publisher\" content=\"https:\/\/www.facebook.com\/Footdavant\/\" \/>\n<meta property=\"article:published_time\" content=\"2024-04-10T22:50:19+00:00\" \/>\n<meta property=\"article:modified_time\" content=\"2024-04-10T22:50:23+00:00\" \/>\n<meta property=\"og:image\" content=\"https:\/\/footdavant.fr\/actualites\/wp-content\/uploads\/2024\/04\/Florent-Malouda-dit-ce-que-la-plupart-pensent-mais-Chelsea.jpeg\" \/>\n\t<meta property=\"og:image:width\" content=\"2560\" \/>\n\t<meta property=\"og:image:height\" content=\"1706\" \/>\n\t<meta property=\"og:image:type\" content=\"image\/jpeg\" \/>\n<meta name=\"author\" content=\"Cl\u00e9ment\" \/>\n<meta name=\"twitter:card\" content=\"summary_large_image\" \/>\n<meta name=\"twitter:creator\" content=\"@FootdavantFr\" \/>\n<meta name=\"twitter:site\" content=\"@FootdavantFr\" \/>\n<meta name=\"twitter:label1\" content=\"\u00c9crit par\" \/>\n\t<meta name=\"twitter:data1\" content=\"Cl\u00e9ment\" \/>\n\t<meta name=\"twitter:label2\" content=\"Dur\u00e9e de lecture estim\u00e9e\" \/>\n\t<meta name=\"twitter:data2\" content=\"4 minutes\" \/>\n<script type=\"application\/ld+json\" class=\"yoast-schema-graph\">{\"@context\":\"https:\/\/schema.org\",\"@graph\":[{\"@type\":\"Article\",\"@id\":\"https:\/\/footdavant.fr\/actualites\/florent-malouda-dit-ce-que-la-plupart-pensent-mais-chelsea-ne-le-voit-pas\/#article\",\"isPartOf\":{\"@id\":\"https:\/\/footdavant.fr\/actualites\/florent-malouda-dit-ce-que-la-plupart-pensent-mais-chelsea-ne-le-voit-pas\/\"},\"author\":{\"name\":\"Cl\u00e9ment\",\"@id\":\"https:\/\/footdavant.fr\/actualites\/#\/schema\/person\/bc222566d95871b37e597b3ed3ba5e1d\"},\"headline\":\"Florent Malouda dit ce que la plupart pensent, mais Chelsea ne le voit pas \u2013\",\"datePublished\":\"2024-04-10T22:50:19+00:00\",\"dateModified\":\"2024-04-10T22:50:23+00:00\",\"mainEntityOfPage\":{\"@id\":\"https:\/\/footdavant.fr\/actualites\/florent-malouda-dit-ce-que-la-plupart-pensent-mais-chelsea-ne-le-voit-pas\/\"},\"wordCount\":753,\"publisher\":{\"@id\":\"https:\/\/footdavant.fr\/actualites\/#organization\"},\"keywords\":[\"Chelsea\",\"dit\",\"Florent\",\"mais\",\"Malouda\",\"pas\",\"pensent\",\"plupart\",\"voit\"],\"articleSection\":[\"Football\"],\"inLanguage\":\"fr-FR\"},{\"@type\":\"WebPage\",\"@id\":\"https:\/\/footdavant.fr\/actualites\/florent-malouda-dit-ce-que-la-plupart-pensent-mais-chelsea-ne-le-voit-pas\/\",\"url\":\"https:\/\/footdavant.fr\/actualites\/florent-malouda-dit-ce-que-la-plupart-pensent-mais-chelsea-ne-le-voit-pas\/\",\"name\":\"Florent Malouda dit ce que la plupart pensent, mais Chelsea ne le voit pas \u2013\",\"isPartOf\":{\"@id\":\"https:\/\/footdavant.fr\/actualites\/#website\"},\"datePublished\":\"2024-04-10T22:50:19+00:00\",\"dateModified\":\"2024-04-10T22:50:23+00:00\",\"breadcrumb\":{\"@id\":\"https:\/\/footdavant.fr\/actualites\/florent-malouda-dit-ce-que-la-plupart-pensent-mais-chelsea-ne-le-voit-pas\/#breadcrumb\"},\"inLanguage\":\"fr-FR\",\"potentialAction\":[{\"@type\":\"ReadAction\",\"target\":[\"https:\/\/footdavant.fr\/actualites\/florent-malouda-dit-ce-que-la-plupart-pensent-mais-chelsea-ne-le-voit-pas\/\"]}]},{\"@type\":\"BreadcrumbList\",\"@id\":\"https:\/\/footdavant.fr\/actualites\/florent-malouda-dit-ce-que-la-plupart-pensent-mais-chelsea-ne-le-voit-pas\/#breadcrumb\",\"itemListElement\":[{\"@type\":\"ListItem\",\"position\":1,\"name\":\"Accueil\",\"item\":\"https:\/\/footdavant.fr\/actualites\/\"},{\"@type\":\"ListItem\",\"position\":2,\"name\":\"Florent Malouda dit ce que la plupart pensent, mais Chelsea ne le voit pas \u2013\"}]},{\"@type\":\"WebSite\",\"@id\":\"https:\/\/footdavant.fr\/actualites\/#website\",\"url\":\"https:\/\/footdavant.fr\/actualites\/\",\"name\":\"Foot d'avant\",\"description\":\"\",\"publisher\":{\"@id\":\"https:\/\/footdavant.fr\/actualites\/#organization\"},\"potentialAction\":[{\"@type\":\"SearchAction\",\"target\":{\"@type\":\"EntryPoint\",\"urlTemplate\":\"https:\/\/footdavant.fr\/actualites\/?s={search_term_string}\"},\"query-input\":\"required name=search_term_string\"}],\"inLanguage\":\"fr-FR\"},{\"@type\":\"Organization\",\"@id\":\"https:\/\/footdavant.fr\/actualites\/#organization\",\"name\":\"Foot d'avant\",\"url\":\"https:\/\/footdavant.fr\/actualites\/\",\"logo\":{\"@type\":\"ImageObject\",\"inLanguage\":\"fr-FR\",\"@id\":\"https:\/\/footdavant.fr\/actualites\/#\/schema\/logo\/image\/\",\"url\":\"https:\/\/footdavant.fr\/actualites\/wp-content\/uploads\/2023\/09\/Copy-of-FootDavant-Logo.png\",\"contentUrl\":\"https:\/\/footdavant.fr\/actualites\/wp-content\/uploads\/2023\/09\/Copy-of-FootDavant-Logo.png\",\"width\":936,\"height\":549,\"caption\":\"Foot d'avant\"},\"image\":{\"@id\":\"https:\/\/footdavant.fr\/actualites\/#\/schema\/logo\/image\/\"},\"sameAs\":[\"https:\/\/www.facebook.com\/Footdavant\/\",\"https:\/\/twitter.com\/FootdavantFr\",\"https:\/\/www.instagram.com\/footdavant.fr\/\"]},{\"@type\":\"Person\",\"@id\":\"https:\/\/footdavant.fr\/actualites\/#\/schema\/person\/bc222566d95871b37e597b3ed3ba5e1d\",\"name\":\"Cl\u00e9ment\",\"image\":{\"@type\":\"ImageObject\",\"inLanguage\":\"fr-FR\",\"@id\":\"https:\/\/footdavant.fr\/actualites\/#\/schema\/person\/image\/\",\"url\":\"https:\/\/secure.gravatar.com\/avatar\/7728b29aac2719421e1a9159b2254c44?s=96&d=mm&r=g\",\"contentUrl\":\"https:\/\/secure.gravatar.com\/avatar\/7728b29aac2719421e1a9159b2254c44?s=96&d=mm&r=g\",\"caption\":\"Cl\u00e9ment\"},\"sameAs\":[\"https:\/\/footdavant.fr\/\"]}]}<\/script>\n<!-- \/ Yoast SEO plugin. -->","yoast_head_json":{"title":"Florent Malouda dit ce que la plupart pensent, mais Chelsea ne le voit pas \u2013","robots":{"index":"index","follow":"follow","max-snippet":"max-snippet:-1","max-image-preview":"max-image-preview:large","max-video-preview":"max-video-preview:-1"},"canonical":"https:\/\/footdavant.fr\/actualites\/florent-malouda-dit-ce-que-la-plupart-pensent-mais-chelsea-ne-le-voit-pas\/","og_locale":"fr_FR","og_type":"article","og_title":"Florent Malouda dit ce que la plupart pensent, mais Chelsea ne le voit pas \u2013","og_description":"Les probl\u00e8mes actuels de Chelsea sont pour moi assez \u00e9vidents, et plus je regarde autour de moi, j&#39;entends et je lis, plus la plupart des","og_url":"https:\/\/footdavant.fr\/actualites\/florent-malouda-dit-ce-que-la-plupart-pensent-mais-chelsea-ne-le-voit-pas\/","og_site_name":"Foot d&#039;avant","article_publisher":"https:\/\/www.facebook.com\/Footdavant\/","article_published_time":"2024-04-10T22:50:19+00:00","article_modified_time":"2024-04-10T22:50:23+00:00","og_image":[{"width":2560,"height":1706,"url":"https:\/\/footdavant.fr\/actualites\/wp-content\/uploads\/2024\/04\/Florent-Malouda-dit-ce-que-la-plupart-pensent-mais-Chelsea.jpeg","type":"image\/jpeg"}],"author":"Cl\u00e9ment","twitter_card":"summary_large_image","twitter_creator":"@FootdavantFr","twitter_site":"@FootdavantFr","twitter_misc":{"\u00c9crit par":"Cl\u00e9ment","Dur\u00e9e de lecture estim\u00e9e":"4 minutes"},"schema":{"@context":"https:\/\/schema.org","@graph":[{"@type":"Article","@id":"https:\/\/footdavant.fr\/actualites\/florent-malouda-dit-ce-que-la-plupart-pensent-mais-chelsea-ne-le-voit-pas\/#article","isPartOf":{"@id":"https:\/\/footdavant.fr\/actualites\/florent-malouda-dit-ce-que-la-plupart-pensent-mais-chelsea-ne-le-voit-pas\/"},"author":{"name":"Cl\u00e9ment","@id":"https:\/\/footdavant.fr\/actualites\/#\/schema\/person\/bc222566d95871b37e597b3ed3ba5e1d"},"headline":"Florent Malouda dit ce que la plupart pensent, mais Chelsea ne le voit pas \u2013","datePublished":"2024-04-10T22:50:19+00:00","dateModified":"2024-04-10T22:50:23+00:00","mainEntityOfPage":{"@id":"https:\/\/footdavant.fr\/actualites\/florent-malouda-dit-ce-que-la-plupart-pensent-mais-chelsea-ne-le-voit-pas\/"},"wordCount":753,"publisher":{"@id":"https:\/\/footdavant.fr\/actualites\/#organization"},"keywords":["Chelsea","dit","Florent","mais","Malouda","pas","pensent","plupart","voit"],"articleSection":["Football"],"inLanguage":"fr-FR"},{"@type":"WebPage","@id":"https:\/\/footdavant.fr\/actualites\/florent-malouda-dit-ce-que-la-plupart-pensent-mais-chelsea-ne-le-voit-pas\/","url":"https:\/\/footdavant.fr\/actualites\/florent-malouda-dit-ce-que-la-plupart-pensent-mais-chelsea-ne-le-voit-pas\/","name":"Florent Malouda dit ce que la plupart pensent, mais Chelsea ne le voit pas \u2013","isPartOf":{"@id":"https:\/\/footdavant.fr\/actualites\/#website"},"datePublished":"2024-04-10T22:50:19+00:00","dateModified":"2024-04-10T22:50:23+00:00","breadcrumb":{"@id":"https:\/\/footdavant.fr\/actualites\/florent-malouda-dit-ce-que-la-plupart-pensent-mais-chelsea-ne-le-voit-pas\/#breadcrumb"},"inLanguage":"fr-FR","potentialAction":[{"@type":"ReadAction","target":["https:\/\/footdavant.fr\/actualites\/florent-malouda-dit-ce-que-la-plupart-pensent-mais-chelsea-ne-le-voit-pas\/"]}]},{"@type":"BreadcrumbList","@id":"https:\/\/footdavant.fr\/actualites\/florent-malouda-dit-ce-que-la-plupart-pensent-mais-chelsea-ne-le-voit-pas\/#breadcrumb","itemListElement":[{"@type":"ListItem","position":1,"name":"Accueil","item":"https:\/\/footdavant.fr\/actualites\/"},{"@type":"ListItem","position":2,"name":"Florent Malouda dit ce que la plupart pensent, mais Chelsea ne le voit pas \u2013"}]},{"@type":"WebSite","@id":"https:\/\/footdavant.fr\/actualites\/#website","url":"https:\/\/footdavant.fr\/actualites\/","name":"Foot d'avant","description":"","publisher":{"@id":"https:\/\/footdavant.fr\/actualites\/#organization"},"potentialAction":[{"@type":"SearchAction","target":{"@type":"EntryPoint","urlTemplate":"https:\/\/footdavant.fr\/actualites\/?s={search_term_string}"},"query-input":"required name=search_term_string"}],"inLanguage":"fr-FR"},{"@type":"Organization","@id":"https:\/\/footdavant.fr\/actualites\/#organization","name":"Foot d'avant","url":"https:\/\/footdavant.fr\/actualites\/","logo":{"@type":"ImageObject","inLanguage":"fr-FR","@id":"https:\/\/footdavant.fr\/actualites\/#\/schema\/logo\/image\/","url":"https:\/\/footdavant.fr\/actualites\/wp-content\/uploads\/2023\/09\/Copy-of-FootDavant-Logo.png","contentUrl":"https:\/\/footdavant.fr\/actualites\/wp-content\/uploads\/2023\/09\/Copy-of-FootDavant-Logo.png","width":936,"height":549,"caption":"Foot d'avant"},"image":{"@id":"https:\/\/footdavant.fr\/actualites\/#\/schema\/logo\/image\/"},"sameAs":["https:\/\/www.facebook.com\/Footdavant\/","https:\/\/twitter.com\/FootdavantFr","https:\/\/www.instagram.com\/footdavant.fr\/"]},{"@type":"Person","@id":"https:\/\/footdavant.fr\/actualites\/#\/schema\/person\/bc222566d95871b37e597b3ed3ba5e1d","name":"Cl\u00e9ment","image":{"@type":"ImageObject","inLanguage":"fr-FR","@id":"https:\/\/footdavant.fr\/actualites\/#\/schema\/person\/image\/","url":"https:\/\/secure.gravatar.com\/avatar\/7728b29aac2719421e1a9159b2254c44?s=96&d=mm&r=g","contentUrl":"https:\/\/secure.gravatar.com\/avatar\/7728b29aac2719421e1a9159b2254c44?s=96&d=mm&r=g","caption":"Cl\u00e9ment"},"sameAs":["https:\/\/footdavant.fr\/"]}]}},"_links":{"self":[{"href":"https:\/\/footdavant.fr\/actualites\/wp-json\/wp\/v2\/posts\/7294"}],"collection":[{"href":"https:\/\/footdavant.fr\/actualites\/wp-json\/wp\/v2\/posts"}],"about":[{"href":"https:\/\/footdavant.fr\/actualites\/wp-json\/wp\/v2\/types\/post"}],"author":[{"embeddable":true,"href":"https:\/\/footdavant.fr\/actualites\/wp-json\/wp\/v2\/users\/1"}],"replies":[{"embeddable":true,"href":"https:\/\/footdavant.fr\/actualites\/wp-json\/wp\/v2\/comments?post=7294"}],"version-history":[{"count":1,"href":"https:\/\/footdavant.fr\/actualites\/wp-json\/wp\/v2\/posts\/7294\/revisions"}],"predecessor-version":[{"id":7296,"href":"https:\/\/footdavant.fr\/actualites\/wp-json\/wp\/v2\/posts\/7294\/revisions\/7296"}],"wp:featuredmedia":[{"embeddable":true,"href":"https:\/\/footdavant.fr\/actualites\/wp-json\/wp\/v2\/media\/7295"}],"wp:attachment":[{"href":"https:\/\/footdavant.fr\/actualites\/wp-json\/wp\/v2\/media?parent=7294"}],"wp:term":[{"taxonomy":"category","embeddable":true,"href":"https:\/\/footdavant.fr\/actualites\/wp-json\/wp\/v2\/categories?post=7294"},{"taxonomy":"post_tag","embeddable":true,"href":"https:\/\/footdavant.fr\/actualites\/wp-json\/wp\/v2\/tags?post=7294"}],"curies":[{"name":"wp","href":"https:\/\/api.w.org\/{rel}","templated":true}]}}