{"id":7297,"date":"2024-04-11T01:48:24","date_gmt":"2024-04-10T23:48:24","guid":{"rendered":"https:\/\/footdavant.fr\/actualites\/manchester-city-confirme-que-deux-joueurs-cles-rateront-le-match-de-ligue-des-champions-du-real-madrid\/"},"modified":"2024-04-11T01:48:25","modified_gmt":"2024-04-10T23:48:25","slug":"manchester-city-confirme-que-deux-joueurs-cles-rateront-le-match-de-ligue-des-champions-du-real-madrid","status":"publish","type":"post","link":"https:\/\/footdavant.fr\/actualites\/manchester-city-confirme-que-deux-joueurs-cles-rateront-le-match-de-ligue-des-champions-du-real-madrid\/","title":{"rendered":"Manchester City confirme que deux joueurs cl\u00e9s rateront le match de Ligue des Champions du Real Madrid"},"content":{"rendered":"<p>Deux joueurs cl\u00e9s de Manchester City sont exclus de l&#39;\u00e9quipe de 21 joueurs de Pep Guardiola pour le quart de finale aller de la Ligue des champions mardi contre le Real Madrid au Santiago Bernabeu.<\/p>\n<div id=\"article_body\" itemprop=\"articleBody\">\n<h3 class=\"firstPara\">\n<strong class=\"autotag\">Manchester City<\/strong> ont nomm\u00e9 leur \u00e9quipe itin\u00e9rante de 21 hommes pour le match de mardi <strong class=\"autotag\">Ligue des champions<\/strong> match aller des quarts de finale contre <strong class=\"autotag\">Real Madrid<\/strong> au Santiago Bernab\u00e9u.<\/h3>\n<p>Cependant, deux joueurs cl\u00e9s ne feront pas le d\u00e9placement en Espagne, dont l&#39;arri\u00e8re droit. <strong class=\"autotag\">Kyle Walker<\/strong> qui ne s&#39;est pas encore remis d&#39;une blessure aux ischio-jambiers.<\/p>\n<p>Le joueur de 33 ans s&#39;est bless\u00e9 alors qu&#39;il \u00e9tait en mission internationale avec l&#39;Angleterre le mois dernier et a par la suite rat\u00e9 chacun des quatre derniers matches de Man City, toutes comp\u00e9titions confondues.<\/p>\n<p>Walker a assum\u00e9 un r\u00f4le de leadership plus important au stade Etihad cette saison, portant le brassard de capitaine lors de 36 de ses 38 apparitions pour les Citizens, toutes comp\u00e9titions confondues.<\/p>\n<p>L&#39;athl\u00e9tisme et le rythme \u00e9lectrique de l&#39;Anglais ont \u00e9t\u00e9 un \u00e9norme atout pour Man City face \u00e0 la menace de la star du Real Madrid. <strong class=\"autotag\">Vinicius Junior<\/strong> lors des r\u00e9unions pr\u00e9c\u00e9dentes, mais <strong class=\"autotag\">Pep Guardiola<\/strong> devra chercher ailleurs pour tenter d\u2019arr\u00eater l\u2019ailier br\u00e9silien.<\/p>\n<p>Arri\u00e8re droit adolescent <strong class=\"autotag\">Rico Lewis<\/strong>qui a marqu\u00e9 lors de la victoire 4-2 de Man City en Premier League \u00e0 Crystal Palace le week-end dernier, et <strong class=\"autotag\">Manuel Akanji<\/strong> sont les candidats les plus susceptibles de d\u00e9buter du c\u00f4t\u00e9 droit de la d\u00e9fense mardi.<\/p>\n<p class=\"imgI\">\n<h2 class=\"k3\">Kyle Walker, <strong class=\"autotag\">Nathan Ak\u00e9<\/strong> rater le choc contre le Real Madrid<\/h2>\n<p>Walker n&#39;est pas le seul d\u00e9fenseur qui manquera le voyage de City \u00e0 Madrid puisque Nathan Ake a \u00e9galement \u00e9t\u00e9 exclu de l&#39;\u00e9quipe itin\u00e9rante de 21 joueurs du club.<\/p>\n<p>Ake a \u00e9t\u00e9 expuls\u00e9 en raison d&#39;une blessure non pr\u00e9cis\u00e9e lors du match nul et vierge des Citizens contre Arsenal le 31 mars et a depuis rat\u00e9 les deux derniers matchs de Premier League contre Aston Villa et Crystal Palace. <\/p>\n<p>Le N\u00e9erlandais a jou\u00e9 r\u00e9guli\u00e8rement sous Guardiola cette saison, commen\u00e7ant 27 matchs toutes comp\u00e9titions confondues, et a principalement jou\u00e9 comme d\u00e9fenseur central gauche pour permettre <strong class=\"autotag\">Josko Gvardiol<\/strong> pour op\u00e9rer \u00e0 l\u2019arri\u00e8re gauche.<\/p>\n<p>On craignait que Gvardiol ne soit pas apte \u00e0 faire le voyage en Espagne apr\u00e8s avoir \u00e9t\u00e9 expuls\u00e9 \u00e0 la mi-temps contre Crystal Palace parce qu&#39;il \u00ab\u00a0avait ressenti un probl\u00e8me\u00a0\u00bb, selon Guardiola.<\/p>\n<p>Comme Walker et Ake, Gvardiol n&#39;a pas \u00e9t\u00e9 rep\u00e9r\u00e9 lors d&#39;une s\u00e9ance d&#39;entra\u00eenement ouverte lundi apr\u00e8s-midi, mais le Croate a \u00e9t\u00e9 s\u00e9lectionn\u00e9 dans l&#39;\u00e9quipe de Man City.<\/p>\n<p>Ailleurs, Man City a \u00e9t\u00e9 stimul\u00e9 par l&#39;annonce du gardien de but <strong class=\"autotag\">Ederson<\/strong> a \u00e9t\u00e9 nomm\u00e9 dans l&#39;\u00e9quipe, bien que Guardiola ait d\u00e9clar\u00e9 dimanche qu&#39;il n&#39;avait pas encore d\u00e9cid\u00e9 si le Br\u00e9silien d\u00e9buterait dans le but avant <strong class=\"autotag\">Stefan Ortega<\/strong>.<\/p>\n<hr>\n<h2 class=\"k3\">L&#39;\u00e9quipe compl\u00e8te de 21 joueurs de Man City :<\/h2>\n<p><strong>Gardiens de but :<\/strong> Ederson, Stefan Ortega, <strong class=\"autotag\">Scott Carson<\/strong><\/p>\n<p><strong>D\u00e9fenseurs\u00a0:<\/strong> <strong class=\"autotag\">Rub\u00e9n Dias<\/strong>, <strong class=\"autotag\">John Pierres<\/strong>, <strong class=\"autotag\">Sergio G\u00f3mez<\/strong>Josko Gvardiol, Manuel Akanji, Rico Lewis<\/p>\n<p><strong>Milieu de terrain :<\/strong> <strong class=\"autotag\">Mateo Kovacic<\/strong>, <strong class=\"autotag\">Rodri<\/strong>, <strong class=\"autotag\">K\u00e9vin De Bruyne<\/strong>, <strong class=\"autotag\">Bernardo Silva<\/strong>, <strong class=\"autotag\">Matheus Nunes<\/strong>, <strong class=\"autotag\">Phil Foden<\/strong>, <strong class=\"autotag\">Mahamadou Susoho<\/strong><\/p>\n<p><strong>Attaquants\u00a0:<\/strong> <strong class=\"autotag\">Erling Haaland<\/strong>, <strong class=\"autotag\">Jack Grealish<\/strong>, <strong class=\"autotag\">J\u00e9r\u00e9mie Doku<\/strong>, <strong class=\"autotag\">Julien \u00c1lvarez<\/strong>, <strong class=\"autotag\">Oscar Bob<\/strong><\/p>\n<\/div>\n","protected":false},"excerpt":{"rendered":"<p>Deux joueurs cl\u00e9s de Manchester City sont exclus de l&#39;\u00e9quipe de 21 joueurs de Pep Guardiola pour le quart de finale aller de la Ligue<\/p>\n","protected":false},"author":1,"featured_media":7298,"comment_status":"closed","ping_status":"","sticky":false,"template":"","format":"standard","meta":{"footnotes":""},"categories":[4],"tags":[31,27,2142,40,12,857,220,30,303,11,257,4528,302],"yoast_head":"<!-- This site is optimized with the Yoast SEO plugin v21.0 - https:\/\/yoast.com\/wordpress\/plugins\/seo\/ -->\n<title>Manchester City confirme que deux joueurs cl\u00e9s rateront le match de Ligue des Champions du Real Madrid<\/title>\n<meta name=\"robots\" content=\"index, follow, max-snippet:-1, max-image-preview:large, max-video-preview:-1\" \/>\n<link rel=\"canonical\" href=\"https:\/\/footdavant.fr\/actualites\/manchester-city-confirme-que-deux-joueurs-cles-rateront-le-match-de-ligue-des-champions-du-real-madrid\/\" \/>\n<meta property=\"og:locale\" content=\"fr_FR\" \/>\n<meta property=\"og:type\" content=\"article\" \/>\n<meta property=\"og:title\" content=\"Manchester City confirme que deux joueurs cl\u00e9s rateront le match de Ligue des Champions du Real Madrid\" \/>\n<meta property=\"og:description\" content=\"Deux joueurs cl\u00e9s de Manchester City sont exclus de l&#039;\u00e9quipe de 21 joueurs de Pep Guardiola pour le quart de finale aller de la Ligue\" \/>\n<meta property=\"og:url\" content=\"https:\/\/footdavant.fr\/actualites\/manchester-city-confirme-que-deux-joueurs-cles-rateront-le-match-de-ligue-des-champions-du-real-madrid\/\" \/>\n<meta property=\"og:site_name\" content=\"Foot d&#039;avant\" \/>\n<meta property=\"article:publisher\" content=\"https:\/\/www.facebook.com\/Footdavant\/\" \/>\n<meta property=\"article:published_time\" content=\"2024-04-10T23:48:24+00:00\" \/>\n<meta property=\"article:modified_time\" content=\"2024-04-10T23:48:25+00:00\" \/>\n<meta property=\"og:image\" content=\"https:\/\/footdavant.fr\/actualites\/wp-content\/uploads\/2024\/04\/Manchester-City-confirme-que-deux-joueurs-cles-rateront-le-match.jpg\" \/>\n\t<meta property=\"og:image:width\" content=\"640\" \/>\n\t<meta property=\"og:image:height\" content=\"480\" \/>\n\t<meta property=\"og:image:type\" content=\"image\/jpeg\" \/>\n<meta name=\"author\" content=\"Cl\u00e9ment\" \/>\n<meta name=\"twitter:card\" content=\"summary_large_image\" \/>\n<meta name=\"twitter:creator\" content=\"@FootdavantFr\" \/>\n<meta name=\"twitter:site\" content=\"@FootdavantFr\" \/>\n<meta name=\"twitter:label1\" content=\"\u00c9crit par\" \/>\n\t<meta name=\"twitter:data1\" content=\"Cl\u00e9ment\" \/>\n\t<meta name=\"twitter:label2\" content=\"Dur\u00e9e de lecture estim\u00e9e\" \/>\n\t<meta name=\"twitter:data2\" content=\"3 minutes\" \/>\n<script type=\"application\/ld+json\" class=\"yoast-schema-graph\">{\"@context\":\"https:\/\/schema.org\",\"@graph\":[{\"@type\":\"Article\",\"@id\":\"https:\/\/footdavant.fr\/actualites\/manchester-city-confirme-que-deux-joueurs-cles-rateront-le-match-de-ligue-des-champions-du-real-madrid\/#article\",\"isPartOf\":{\"@id\":\"https:\/\/footdavant.fr\/actualites\/manchester-city-confirme-que-deux-joueurs-cles-rateront-le-match-de-ligue-des-champions-du-real-madrid\/\"},\"author\":{\"name\":\"Cl\u00e9ment\",\"@id\":\"https:\/\/footdavant.fr\/actualites\/#\/schema\/person\/bc222566d95871b37e597b3ed3ba5e1d\"},\"headline\":\"Manchester City confirme que deux joueurs cl\u00e9s rateront le match de Ligue des Champions du Real Madrid\",\"datePublished\":\"2024-04-10T23:48:24+00:00\",\"dateModified\":\"2024-04-10T23:48:25+00:00\",\"mainEntityOfPage\":{\"@id\":\"https:\/\/footdavant.fr\/actualites\/manchester-city-confirme-que-deux-joueurs-cles-rateront-le-match-de-ligue-des-champions-du-real-madrid\/\"},\"wordCount\":585,\"publisher\":{\"@id\":\"https:\/\/footdavant.fr\/actualites\/#organization\"},\"keywords\":[\"champions\",\"City\",\"cl\u00e9s\",\"confirme\",\"des\",\"deux\",\"joueurs\",\"Ligue\",\"Madrid\",\"Manchester\",\"match\",\"rateront\",\"Real\"],\"articleSection\":[\"Champions League\"],\"inLanguage\":\"fr-FR\"},{\"@type\":\"WebPage\",\"@id\":\"https:\/\/footdavant.fr\/actualites\/manchester-city-confirme-que-deux-joueurs-cles-rateront-le-match-de-ligue-des-champions-du-real-madrid\/\",\"url\":\"https:\/\/footdavant.fr\/actualites\/manchester-city-confirme-que-deux-joueurs-cles-rateront-le-match-de-ligue-des-champions-du-real-madrid\/\",\"name\":\"Manchester City confirme que deux joueurs cl\u00e9s rateront le match de Ligue des Champions du Real Madrid\",\"isPartOf\":{\"@id\":\"https:\/\/footdavant.fr\/actualites\/#website\"},\"datePublished\":\"2024-04-10T23:48:24+00:00\",\"dateModified\":\"2024-04-10T23:48:25+00:00\",\"breadcrumb\":{\"@id\":\"https:\/\/footdavant.fr\/actualites\/manchester-city-confirme-que-deux-joueurs-cles-rateront-le-match-de-ligue-des-champions-du-real-madrid\/#breadcrumb\"},\"inLanguage\":\"fr-FR\",\"potentialAction\":[{\"@type\":\"ReadAction\",\"target\":[\"https:\/\/footdavant.fr\/actualites\/manchester-city-confirme-que-deux-joueurs-cles-rateront-le-match-de-ligue-des-champions-du-real-madrid\/\"]}]},{\"@type\":\"BreadcrumbList\",\"@id\":\"https:\/\/footdavant.fr\/actualites\/manchester-city-confirme-que-deux-joueurs-cles-rateront-le-match-de-ligue-des-champions-du-real-madrid\/#breadcrumb\",\"itemListElement\":[{\"@type\":\"ListItem\",\"position\":1,\"name\":\"Accueil\",\"item\":\"https:\/\/footdavant.fr\/actualites\/\"},{\"@type\":\"ListItem\",\"position\":2,\"name\":\"Manchester City confirme que deux joueurs cl\u00e9s rateront le match de Ligue des Champions du Real Madrid\"}]},{\"@type\":\"WebSite\",\"@id\":\"https:\/\/footdavant.fr\/actualites\/#website\",\"url\":\"https:\/\/footdavant.fr\/actualites\/\",\"name\":\"Foot d'avant\",\"description\":\"\",\"publisher\":{\"@id\":\"https:\/\/footdavant.fr\/actualites\/#organization\"},\"potentialAction\":[{\"@type\":\"SearchAction\",\"target\":{\"@type\":\"EntryPoint\",\"urlTemplate\":\"https:\/\/footdavant.fr\/actualites\/?s={search_term_string}\"},\"query-input\":\"required name=search_term_string\"}],\"inLanguage\":\"fr-FR\"},{\"@type\":\"Organization\",\"@id\":\"https:\/\/footdavant.fr\/actualites\/#organization\",\"name\":\"Foot d'avant\",\"url\":\"https:\/\/footdavant.fr\/actualites\/\",\"logo\":{\"@type\":\"ImageObject\",\"inLanguage\":\"fr-FR\",\"@id\":\"https:\/\/footdavant.fr\/actualites\/#\/schema\/logo\/image\/\",\"url\":\"https:\/\/footdavant.fr\/actualites\/wp-content\/uploads\/2023\/09\/Copy-of-FootDavant-Logo.png\",\"contentUrl\":\"https:\/\/footdavant.fr\/actualites\/wp-content\/uploads\/2023\/09\/Copy-of-FootDavant-Logo.png\",\"width\":936,\"height\":549,\"caption\":\"Foot d'avant\"},\"image\":{\"@id\":\"https:\/\/footdavant.fr\/actualites\/#\/schema\/logo\/image\/\"},\"sameAs\":[\"https:\/\/www.facebook.com\/Footdavant\/\",\"https:\/\/twitter.com\/FootdavantFr\",\"https:\/\/www.instagram.com\/footdavant.fr\/\"]},{\"@type\":\"Person\",\"@id\":\"https:\/\/footdavant.fr\/actualites\/#\/schema\/person\/bc222566d95871b37e597b3ed3ba5e1d\",\"name\":\"Cl\u00e9ment\",\"image\":{\"@type\":\"ImageObject\",\"inLanguage\":\"fr-FR\",\"@id\":\"https:\/\/footdavant.fr\/actualites\/#\/schema\/person\/image\/\",\"url\":\"https:\/\/secure.gravatar.com\/avatar\/7728b29aac2719421e1a9159b2254c44?s=96&d=mm&r=g\",\"contentUrl\":\"https:\/\/secure.gravatar.com\/avatar\/7728b29aac2719421e1a9159b2254c44?s=96&d=mm&r=g\",\"caption\":\"Cl\u00e9ment\"},\"sameAs\":[\"https:\/\/footdavant.fr\/\"]}]}<\/script>\n<!-- \/ Yoast SEO plugin. -->","yoast_head_json":{"title":"Manchester City confirme que deux joueurs cl\u00e9s rateront le match de Ligue des Champions du Real Madrid","robots":{"index":"index","follow":"follow","max-snippet":"max-snippet:-1","max-image-preview":"max-image-preview:large","max-video-preview":"max-video-preview:-1"},"canonical":"https:\/\/footdavant.fr\/actualites\/manchester-city-confirme-que-deux-joueurs-cles-rateront-le-match-de-ligue-des-champions-du-real-madrid\/","og_locale":"fr_FR","og_type":"article","og_title":"Manchester City confirme que deux joueurs cl\u00e9s rateront le match de Ligue des Champions du Real Madrid","og_description":"Deux joueurs cl\u00e9s de Manchester City sont exclus de l&#39;\u00e9quipe de 21 joueurs de Pep Guardiola pour le quart de finale aller de la Ligue","og_url":"https:\/\/footdavant.fr\/actualites\/manchester-city-confirme-que-deux-joueurs-cles-rateront-le-match-de-ligue-des-champions-du-real-madrid\/","og_site_name":"Foot d&#039;avant","article_publisher":"https:\/\/www.facebook.com\/Footdavant\/","article_published_time":"2024-04-10T23:48:24+00:00","article_modified_time":"2024-04-10T23:48:25+00:00","og_image":[{"width":640,"height":480,"url":"https:\/\/footdavant.fr\/actualites\/wp-content\/uploads\/2024\/04\/Manchester-City-confirme-que-deux-joueurs-cles-rateront-le-match.jpg","type":"image\/jpeg"}],"author":"Cl\u00e9ment","twitter_card":"summary_large_image","twitter_creator":"@FootdavantFr","twitter_site":"@FootdavantFr","twitter_misc":{"\u00c9crit par":"Cl\u00e9ment","Dur\u00e9e de lecture estim\u00e9e":"3 minutes"},"schema":{"@context":"https:\/\/schema.org","@graph":[{"@type":"Article","@id":"https:\/\/footdavant.fr\/actualites\/manchester-city-confirme-que-deux-joueurs-cles-rateront-le-match-de-ligue-des-champions-du-real-madrid\/#article","isPartOf":{"@id":"https:\/\/footdavant.fr\/actualites\/manchester-city-confirme-que-deux-joueurs-cles-rateront-le-match-de-ligue-des-champions-du-real-madrid\/"},"author":{"name":"Cl\u00e9ment","@id":"https:\/\/footdavant.fr\/actualites\/#\/schema\/person\/bc222566d95871b37e597b3ed3ba5e1d"},"headline":"Manchester City confirme que deux joueurs cl\u00e9s rateront le match de Ligue des Champions du Real Madrid","datePublished":"2024-04-10T23:48:24+00:00","dateModified":"2024-04-10T23:48:25+00:00","mainEntityOfPage":{"@id":"https:\/\/footdavant.fr\/actualites\/manchester-city-confirme-que-deux-joueurs-cles-rateront-le-match-de-ligue-des-champions-du-real-madrid\/"},"wordCount":585,"publisher":{"@id":"https:\/\/footdavant.fr\/actualites\/#organization"},"keywords":["champions","City","cl\u00e9s","confirme","des","deux","joueurs","Ligue","Madrid","Manchester","match","rateront","Real"],"articleSection":["Champions League"],"inLanguage":"fr-FR"},{"@type":"WebPage","@id":"https:\/\/footdavant.fr\/actualites\/manchester-city-confirme-que-deux-joueurs-cles-rateront-le-match-de-ligue-des-champions-du-real-madrid\/","url":"https:\/\/footdavant.fr\/actualites\/manchester-city-confirme-que-deux-joueurs-cles-rateront-le-match-de-ligue-des-champions-du-real-madrid\/","name":"Manchester City confirme que deux joueurs cl\u00e9s rateront le match de Ligue des Champions du Real Madrid","isPartOf":{"@id":"https:\/\/footdavant.fr\/actualites\/#website"},"datePublished":"2024-04-10T23:48:24+00:00","dateModified":"2024-04-10T23:48:25+00:00","breadcrumb":{"@id":"https:\/\/footdavant.fr\/actualites\/manchester-city-confirme-que-deux-joueurs-cles-rateront-le-match-de-ligue-des-champions-du-real-madrid\/#breadcrumb"},"inLanguage":"fr-FR","potentialAction":[{"@type":"ReadAction","target":["https:\/\/footdavant.fr\/actualites\/manchester-city-confirme-que-deux-joueurs-cles-rateront-le-match-de-ligue-des-champions-du-real-madrid\/"]}]},{"@type":"BreadcrumbList","@id":"https:\/\/footdavant.fr\/actualites\/manchester-city-confirme-que-deux-joueurs-cles-rateront-le-match-de-ligue-des-champions-du-real-madrid\/#breadcrumb","itemListElement":[{"@type":"ListItem","position":1,"name":"Accueil","item":"https:\/\/footdavant.fr\/actualites\/"},{"@type":"ListItem","position":2,"name":"Manchester City confirme que deux joueurs cl\u00e9s rateront le match de Ligue des Champions du Real Madrid"}]},{"@type":"WebSite","@id":"https:\/\/footdavant.fr\/actualites\/#website","url":"https:\/\/footdavant.fr\/actualites\/","name":"Foot d'avant","description":"","publisher":{"@id":"https:\/\/footdavant.fr\/actualites\/#organization"},"potentialAction":[{"@type":"SearchAction","target":{"@type":"EntryPoint","urlTemplate":"https:\/\/footdavant.fr\/actualites\/?s={search_term_string}"},"query-input":"required name=search_term_string"}],"inLanguage":"fr-FR"},{"@type":"Organization","@id":"https:\/\/footdavant.fr\/actualites\/#organization","name":"Foot d'avant","url":"https:\/\/footdavant.fr\/actualites\/","logo":{"@type":"ImageObject","inLanguage":"fr-FR","@id":"https:\/\/footdavant.fr\/actualites\/#\/schema\/logo\/image\/","url":"https:\/\/footdavant.fr\/actualites\/wp-content\/uploads\/2023\/09\/Copy-of-FootDavant-Logo.png","contentUrl":"https:\/\/footdavant.fr\/actualites\/wp-content\/uploads\/2023\/09\/Copy-of-FootDavant-Logo.png","width":936,"height":549,"caption":"Foot d'avant"},"image":{"@id":"https:\/\/footdavant.fr\/actualites\/#\/schema\/logo\/image\/"},"sameAs":["https:\/\/www.facebook.com\/Footdavant\/","https:\/\/twitter.com\/FootdavantFr","https:\/\/www.instagram.com\/footdavant.fr\/"]},{"@type":"Person","@id":"https:\/\/footdavant.fr\/actualites\/#\/schema\/person\/bc222566d95871b37e597b3ed3ba5e1d","name":"Cl\u00e9ment","image":{"@type":"ImageObject","inLanguage":"fr-FR","@id":"https:\/\/footdavant.fr\/actualites\/#\/schema\/person\/image\/","url":"https:\/\/secure.gravatar.com\/avatar\/7728b29aac2719421e1a9159b2254c44?s=96&d=mm&r=g","contentUrl":"https:\/\/secure.gravatar.com\/avatar\/7728b29aac2719421e1a9159b2254c44?s=96&d=mm&r=g","caption":"Cl\u00e9ment"},"sameAs":["https:\/\/footdavant.fr\/"]}]}},"_links":{"self":[{"href":"https:\/\/footdavant.fr\/actualites\/wp-json\/wp\/v2\/posts\/7297"}],"collection":[{"href":"https:\/\/footdavant.fr\/actualites\/wp-json\/wp\/v2\/posts"}],"about":[{"href":"https:\/\/footdavant.fr\/actualites\/wp-json\/wp\/v2\/types\/post"}],"author":[{"embeddable":true,"href":"https:\/\/footdavant.fr\/actualites\/wp-json\/wp\/v2\/users\/1"}],"replies":[{"embeddable":true,"href":"https:\/\/footdavant.fr\/actualites\/wp-json\/wp\/v2\/comments?post=7297"}],"version-history":[{"count":1,"href":"https:\/\/footdavant.fr\/actualites\/wp-json\/wp\/v2\/posts\/7297\/revisions"}],"predecessor-version":[{"id":7299,"href":"https:\/\/footdavant.fr\/actualites\/wp-json\/wp\/v2\/posts\/7297\/revisions\/7299"}],"wp:featuredmedia":[{"embeddable":true,"href":"https:\/\/footdavant.fr\/actualites\/wp-json\/wp\/v2\/media\/7298"}],"wp:attachment":[{"href":"https:\/\/footdavant.fr\/actualites\/wp-json\/wp\/v2\/media?parent=7297"}],"wp:term":[{"taxonomy":"category","embeddable":true,"href":"https:\/\/footdavant.fr\/actualites\/wp-json\/wp\/v2\/categories?post=7297"},{"taxonomy":"post_tag","embeddable":true,"href":"https:\/\/footdavant.fr\/actualites\/wp-json\/wp\/v2\/tags?post=7297"}],"curies":[{"name":"wp","href":"https:\/\/api.w.org\/{rel}","templated":true}]}}