{"id":740,"date":"2023-11-11T15:50:34","date_gmt":"2023-11-11T14:50:34","guid":{"rendered":"https:\/\/footdavant.fr\/actualites\/erik-ten-hag-les-buts-viendront-pour-rasmus-hojlund-une-fois-que-lequipe-sameliorera\/"},"modified":"2023-11-11T15:50:35","modified_gmt":"2023-11-11T14:50:35","slug":"erik-ten-hag-les-buts-viendront-pour-rasmus-hojlund-une-fois-que-lequipe-sameliorera","status":"publish","type":"post","link":"https:\/\/footdavant.fr\/actualites\/erik-ten-hag-les-buts-viendront-pour-rasmus-hojlund-une-fois-que-lequipe-sameliorera\/","title":{"rendered":"Erik ten Hag : \u00ab\u00a0Les buts viendront pour Rasmus Hojlund une fois que l&rsquo;\u00e9quipe s&rsquo;am\u00e9liorera\u00a0\u00bb"},"content":{"rendered":"<p>Le patron de Manchester United, Erik ten Hag, a d\u00e9clar\u00e9 qu&rsquo;il n&rsquo;avait aucune inqui\u00e9tude concernant les probl\u00e8mes de but de Rasmus Hojlund en Premier League cette saison.<\/p>\n<div id=\"article_body\" itemprop=\"articleBody\">\n<h3 class=\"firstPara\">\n<strong class=\"autotag\">Manchester United<\/strong> l&rsquo;entra\u00eeneur-chef <strong class=\"autotag\">Erik Ten Hag<\/strong> a insist\u00e9 sur le fait que <strong class=\"autotag\">Rasmus Hojlund<\/strong> deviendra un buteur r\u00e9gulier des Diables Rouges une fois que l\u2019\u00e9quipe aura retrouv\u00e9 un niveau de performance constant.<\/h3>\n<p>Le joueur de 20 ans a marqu\u00e9 trois fois en trois <strong class=\"autotag\">Ligue des champions<\/strong> apparitions cette saison apr\u00e8s son arriv\u00e9e de l&rsquo;Atalanta BC lors du mercato estival.<\/p>\n<p>Cependant, il n\u2019a pas encore trouv\u00e9 le chemin des filets en huit matches de Premier League, faisant encore un blanc contre Fulham samedi apr\u00e8s-midi.<\/p>\n<p>Hojliund a \u00e9t\u00e9 remplac\u00e9 lors des trois derniers matches de championnat de son \u00e9quipe, mais Ten Hag a r\u00e9v\u00e9l\u00e9 qu&rsquo;il \u00e9tait satisfait du d\u00e9but de carri\u00e8re de l&rsquo;international danois.<\/p>\n<p>\u00ab\u00a0Je pense qu&rsquo;il [has integrated] tr\u00e8s bien.  Il a d\u00e9j\u00e0 marqu\u00e9 trois buts en Ligue des champions, ce qui est tr\u00e8s bien pour une p\u00e9riode d&rsquo;int\u00e9gration\u00a0\u00bb, a d\u00e9clar\u00e9 mardi Ten Hag aux journalistes, interrog\u00e9 sur l&rsquo;arriv\u00e9e estivale.<\/p>\n<p class=\"imgI\">\n<p>\u00ab\u00a0Je pense qu&rsquo;en tant qu&rsquo;\u00e9quipe, nous pouvons \u00eatre meilleurs en possession du ballon afin de pouvoir cr\u00e9er plus et de meilleures occasions et cela donnera \u00e9galement \u00e0 nos joueurs offensifs plus d&rsquo;opportunit\u00e9s de marquer des buts.<\/p>\n<p>\u00ab\u00a0Ce sur quoi nous devons travailler, c&rsquo;est un onze de d\u00e9part stable ou au moins 12 ou 13 joueurs, puis les routines seront meilleures et nous cr\u00e9erons de meilleures occasions.<\/p>\n<p>\u00ab\u00a0Mais comme je l&rsquo;ai dit, sur le plan social, je pense qu&rsquo;il s&rsquo;est tr\u00e8s bien int\u00e9gr\u00e9 dans l&rsquo;\u00e9quipe et dans le club. D&rsquo;un point de vue footballistique, il a d\u00e9j\u00e0 marqu\u00e9 trois buts en Ligue des Champions, ce qui est une tr\u00e8s bonne performance et \u00e0 partir de l\u00e0, il il faut l&rsquo;assumer et s&rsquo;am\u00e9liorer.<\/p>\n<p>\u00ab\u00a0C&rsquo;est le personnage de Rasmus. Il veut s&rsquo;am\u00e9liorer chaque jour donc c&rsquo;est agr\u00e9able de travailler avec lui, avec de tels personnages.\u00a0\u00bb<\/p>\n<p class=\"imgI\"><img decoding=\"async\" loading=\"lazy\" class=\"l\" src=\"https:\/\/footdavant.fr\/actualites\/wp-content\/uploads\/2023\/11\/Erik-ten-Hag-Les-buts-viendront-pour-Rasmus-Hojlund.JPG\" title=\"Rasmus Hojlund de Manchester United en action avec Ethan Pinnock de Brentford le 7 octobre 2023\" alt=\"Rasmus Hojlund de Manchester United en action avec Ethan Pinnock de Brentford le 7 octobre 2023\" width=\"640\" height=\"480\"><\/p>\n<p>Ten Hag a \u00e9galement d\u00e9clar\u00e9 que Hojlund \u00ab\u00a0comprend\u00a0\u00bb qu&rsquo;il doit s&rsquo;am\u00e9liorer en Premier League et qu&rsquo;il \u00ab\u00a0travaille tr\u00e8s dur \u00e0 l&rsquo;entra\u00eenement\u00a0\u00bb.<\/p>\n<p>\u00ab\u00a0Il comprend mais bien s\u00fbr, nous en parlons avec lui car c&rsquo;est encore un jeune joueur\u00a0\u00bb, a ajout\u00e9 l&rsquo;entra\u00eeneur avant le choc de mercredi contre Copenhague.<\/p>\n<p>\u00ab\u00a0Il est intelligent. Il comprend la situation dans laquelle il se trouve, il en est conscient et il veut marquer des buts. Quand ce n&rsquo;est pas le cas, il a tellement envie de marquer lors du prochain match. Il travaille tr\u00e8s dur \u00e0 l&rsquo;entra\u00eenement pour obtenir ses progr\u00e8s.\u00a0\u00bb<\/p>\n<p>Hojlund est l&rsquo;attaquant titulaire de Man United depuis qu&rsquo;il a surmont\u00e9 une blessure au dos, avec <strong class=\"autotag\">Antoine Martial<\/strong> ne marquant qu\u2019une seule fois dans toutes les comp\u00e9titions cette saison.<\/p>\n<p>Les Diables Rouges envisageraient de recruter un nouvel avant-centre en janvier pour all\u00e9ger la pression sur Hojlund, le Danois \u00e9tant encore relativement inexp\u00e9riment\u00e9 dans le jeu professionnel.<\/p>\n<\/div>\n","protected":false},"excerpt":{"rendered":"<p>Le patron de Manchester United, Erik ten Hag, a d\u00e9clar\u00e9 qu&rsquo;il n&rsquo;avait aucune inqui\u00e9tude concernant les probl\u00e8mes de but de Rasmus Hojlund en Premier League<\/p>\n","protected":false},"author":1,"featured_media":741,"comment_status":"closed","ping_status":"","sticky":false,"template":"","format":"standard","meta":{"footnotes":""},"categories":[4],"tags":[200,190,926,192,456,9,93,51,455,927,191,92,925],"yoast_head":"<!-- This site is optimized with the Yoast SEO plugin v21.0 - https:\/\/yoast.com\/wordpress\/plugins\/seo\/ -->\n<title>Erik ten Hag : &quot;Les buts viendront pour Rasmus Hojlund une fois que l&#039;\u00e9quipe s&#039;am\u00e9liorera&quot;<\/title>\n<meta name=\"robots\" content=\"index, follow, max-snippet:-1, max-image-preview:large, max-video-preview:-1\" \/>\n<link rel=\"canonical\" href=\"https:\/\/footdavant.fr\/actualites\/erik-ten-hag-les-buts-viendront-pour-rasmus-hojlund-une-fois-que-lequipe-sameliorera\/\" \/>\n<meta property=\"og:locale\" content=\"fr_FR\" \/>\n<meta property=\"og:type\" content=\"article\" \/>\n<meta property=\"og:title\" content=\"Erik ten Hag : &quot;Les buts viendront pour Rasmus Hojlund une fois que l&#039;\u00e9quipe s&#039;am\u00e9liorera&quot;\" \/>\n<meta property=\"og:description\" content=\"Le patron de Manchester United, Erik ten Hag, a d\u00e9clar\u00e9 qu&rsquo;il n&rsquo;avait aucune inqui\u00e9tude concernant les probl\u00e8mes de but de Rasmus Hojlund en Premier League\" \/>\n<meta property=\"og:url\" content=\"https:\/\/footdavant.fr\/actualites\/erik-ten-hag-les-buts-viendront-pour-rasmus-hojlund-une-fois-que-lequipe-sameliorera\/\" \/>\n<meta property=\"og:site_name\" content=\"Foot d&#039;avant\" \/>\n<meta property=\"article:publisher\" content=\"https:\/\/www.facebook.com\/Footdavant\/\" \/>\n<meta property=\"article:published_time\" content=\"2023-11-11T14:50:34+00:00\" \/>\n<meta property=\"article:modified_time\" content=\"2023-11-11T14:50:35+00:00\" \/>\n<meta property=\"og:image\" content=\"https:\/\/footdavant.fr\/actualites\/wp-content\/uploads\/2023\/11\/Erik-ten-Hag-Les-buts-viendront-pour-Rasmus-Hojlund.jpg\" \/>\n\t<meta property=\"og:image:width\" content=\"640\" \/>\n\t<meta property=\"og:image:height\" content=\"480\" \/>\n\t<meta property=\"og:image:type\" content=\"image\/jpeg\" \/>\n<meta name=\"author\" content=\"Cl\u00e9ment\" \/>\n<meta name=\"twitter:card\" content=\"summary_large_image\" \/>\n<meta name=\"twitter:creator\" content=\"@FootdavantFr\" \/>\n<meta name=\"twitter:site\" content=\"@FootdavantFr\" \/>\n<meta name=\"twitter:label1\" content=\"\u00c9crit par\" \/>\n\t<meta name=\"twitter:data1\" content=\"Cl\u00e9ment\" \/>\n\t<meta name=\"twitter:label2\" content=\"Dur\u00e9e de lecture estim\u00e9e\" \/>\n\t<meta name=\"twitter:data2\" content=\"3 minutes\" \/>\n<script type=\"application\/ld+json\" class=\"yoast-schema-graph\">{\"@context\":\"https:\/\/schema.org\",\"@graph\":[{\"@type\":\"Article\",\"@id\":\"https:\/\/footdavant.fr\/actualites\/erik-ten-hag-les-buts-viendront-pour-rasmus-hojlund-une-fois-que-lequipe-sameliorera\/#article\",\"isPartOf\":{\"@id\":\"https:\/\/footdavant.fr\/actualites\/erik-ten-hag-les-buts-viendront-pour-rasmus-hojlund-une-fois-que-lequipe-sameliorera\/\"},\"author\":{\"name\":\"Cl\u00e9ment\",\"@id\":\"https:\/\/footdavant.fr\/actualites\/#\/schema\/person\/bc222566d95871b37e597b3ed3ba5e1d\"},\"headline\":\"Erik ten Hag : \u00ab\u00a0Les buts viendront pour Rasmus Hojlund une fois que l&rsquo;\u00e9quipe s&rsquo;am\u00e9liorera\u00a0\u00bb\",\"datePublished\":\"2023-11-11T14:50:34+00:00\",\"dateModified\":\"2023-11-11T14:50:35+00:00\",\"mainEntityOfPage\":{\"@id\":\"https:\/\/footdavant.fr\/actualites\/erik-ten-hag-les-buts-viendront-pour-rasmus-hojlund-une-fois-que-lequipe-sameliorera\/\"},\"wordCount\":525,\"publisher\":{\"@id\":\"https:\/\/footdavant.fr\/actualites\/#organization\"},\"keywords\":[\"buts\",\"Erik\",\"fois\",\"Hag\",\"Hojlund\",\"l\u00e9quipe\",\"les\",\"pour\",\"Rasmus\",\"sam\u00e9liorera\",\"ten\",\"une\",\"viendront\"],\"articleSection\":[\"Champions League\"],\"inLanguage\":\"fr-FR\"},{\"@type\":\"WebPage\",\"@id\":\"https:\/\/footdavant.fr\/actualites\/erik-ten-hag-les-buts-viendront-pour-rasmus-hojlund-une-fois-que-lequipe-sameliorera\/\",\"url\":\"https:\/\/footdavant.fr\/actualites\/erik-ten-hag-les-buts-viendront-pour-rasmus-hojlund-une-fois-que-lequipe-sameliorera\/\",\"name\":\"Erik ten Hag : \\\"Les buts viendront pour Rasmus Hojlund une fois que l'\u00e9quipe s'am\u00e9liorera\\\"\",\"isPartOf\":{\"@id\":\"https:\/\/footdavant.fr\/actualites\/#website\"},\"datePublished\":\"2023-11-11T14:50:34+00:00\",\"dateModified\":\"2023-11-11T14:50:35+00:00\",\"breadcrumb\":{\"@id\":\"https:\/\/footdavant.fr\/actualites\/erik-ten-hag-les-buts-viendront-pour-rasmus-hojlund-une-fois-que-lequipe-sameliorera\/#breadcrumb\"},\"inLanguage\":\"fr-FR\",\"potentialAction\":[{\"@type\":\"ReadAction\",\"target\":[\"https:\/\/footdavant.fr\/actualites\/erik-ten-hag-les-buts-viendront-pour-rasmus-hojlund-une-fois-que-lequipe-sameliorera\/\"]}]},{\"@type\":\"BreadcrumbList\",\"@id\":\"https:\/\/footdavant.fr\/actualites\/erik-ten-hag-les-buts-viendront-pour-rasmus-hojlund-une-fois-que-lequipe-sameliorera\/#breadcrumb\",\"itemListElement\":[{\"@type\":\"ListItem\",\"position\":1,\"name\":\"Accueil\",\"item\":\"https:\/\/footdavant.fr\/actualites\/\"},{\"@type\":\"ListItem\",\"position\":2,\"name\":\"Erik ten Hag : \u00ab\u00a0Les buts viendront pour Rasmus Hojlund une fois que l&rsquo;\u00e9quipe s&rsquo;am\u00e9liorera\u00a0\u00bb\"}]},{\"@type\":\"WebSite\",\"@id\":\"https:\/\/footdavant.fr\/actualites\/#website\",\"url\":\"https:\/\/footdavant.fr\/actualites\/\",\"name\":\"Foot d'avant\",\"description\":\"\",\"publisher\":{\"@id\":\"https:\/\/footdavant.fr\/actualites\/#organization\"},\"potentialAction\":[{\"@type\":\"SearchAction\",\"target\":{\"@type\":\"EntryPoint\",\"urlTemplate\":\"https:\/\/footdavant.fr\/actualites\/?s={search_term_string}\"},\"query-input\":\"required name=search_term_string\"}],\"inLanguage\":\"fr-FR\"},{\"@type\":\"Organization\",\"@id\":\"https:\/\/footdavant.fr\/actualites\/#organization\",\"name\":\"Foot d'avant\",\"url\":\"https:\/\/footdavant.fr\/actualites\/\",\"logo\":{\"@type\":\"ImageObject\",\"inLanguage\":\"fr-FR\",\"@id\":\"https:\/\/footdavant.fr\/actualites\/#\/schema\/logo\/image\/\",\"url\":\"https:\/\/footdavant.fr\/actualites\/wp-content\/uploads\/2023\/09\/Copy-of-FootDavant-Logo.png\",\"contentUrl\":\"https:\/\/footdavant.fr\/actualites\/wp-content\/uploads\/2023\/09\/Copy-of-FootDavant-Logo.png\",\"width\":936,\"height\":549,\"caption\":\"Foot d'avant\"},\"image\":{\"@id\":\"https:\/\/footdavant.fr\/actualites\/#\/schema\/logo\/image\/\"},\"sameAs\":[\"https:\/\/www.facebook.com\/Footdavant\/\",\"https:\/\/twitter.com\/FootdavantFr\",\"https:\/\/www.instagram.com\/footdavant.fr\/\"]},{\"@type\":\"Person\",\"@id\":\"https:\/\/footdavant.fr\/actualites\/#\/schema\/person\/bc222566d95871b37e597b3ed3ba5e1d\",\"name\":\"Cl\u00e9ment\",\"image\":{\"@type\":\"ImageObject\",\"inLanguage\":\"fr-FR\",\"@id\":\"https:\/\/footdavant.fr\/actualites\/#\/schema\/person\/image\/\",\"url\":\"https:\/\/secure.gravatar.com\/avatar\/7728b29aac2719421e1a9159b2254c44?s=96&d=mm&r=g\",\"contentUrl\":\"https:\/\/secure.gravatar.com\/avatar\/7728b29aac2719421e1a9159b2254c44?s=96&d=mm&r=g\",\"caption\":\"Cl\u00e9ment\"},\"sameAs\":[\"https:\/\/footdavant.fr\/\"]}]}<\/script>\n<!-- \/ Yoast SEO plugin. -->","yoast_head_json":{"title":"Erik ten Hag : \"Les buts viendront pour Rasmus Hojlund une fois que l'\u00e9quipe s'am\u00e9liorera\"","robots":{"index":"index","follow":"follow","max-snippet":"max-snippet:-1","max-image-preview":"max-image-preview:large","max-video-preview":"max-video-preview:-1"},"canonical":"https:\/\/footdavant.fr\/actualites\/erik-ten-hag-les-buts-viendront-pour-rasmus-hojlund-une-fois-que-lequipe-sameliorera\/","og_locale":"fr_FR","og_type":"article","og_title":"Erik ten Hag : \"Les buts viendront pour Rasmus Hojlund une fois que l'\u00e9quipe s'am\u00e9liorera\"","og_description":"Le patron de Manchester United, Erik ten Hag, a d\u00e9clar\u00e9 qu&rsquo;il n&rsquo;avait aucune inqui\u00e9tude concernant les probl\u00e8mes de but de Rasmus Hojlund en Premier League","og_url":"https:\/\/footdavant.fr\/actualites\/erik-ten-hag-les-buts-viendront-pour-rasmus-hojlund-une-fois-que-lequipe-sameliorera\/","og_site_name":"Foot d&#039;avant","article_publisher":"https:\/\/www.facebook.com\/Footdavant\/","article_published_time":"2023-11-11T14:50:34+00:00","article_modified_time":"2023-11-11T14:50:35+00:00","og_image":[{"width":640,"height":480,"url":"https:\/\/footdavant.fr\/actualites\/wp-content\/uploads\/2023\/11\/Erik-ten-Hag-Les-buts-viendront-pour-Rasmus-Hojlund.jpg","type":"image\/jpeg"}],"author":"Cl\u00e9ment","twitter_card":"summary_large_image","twitter_creator":"@FootdavantFr","twitter_site":"@FootdavantFr","twitter_misc":{"\u00c9crit par":"Cl\u00e9ment","Dur\u00e9e de lecture estim\u00e9e":"3 minutes"},"schema":{"@context":"https:\/\/schema.org","@graph":[{"@type":"Article","@id":"https:\/\/footdavant.fr\/actualites\/erik-ten-hag-les-buts-viendront-pour-rasmus-hojlund-une-fois-que-lequipe-sameliorera\/#article","isPartOf":{"@id":"https:\/\/footdavant.fr\/actualites\/erik-ten-hag-les-buts-viendront-pour-rasmus-hojlund-une-fois-que-lequipe-sameliorera\/"},"author":{"name":"Cl\u00e9ment","@id":"https:\/\/footdavant.fr\/actualites\/#\/schema\/person\/bc222566d95871b37e597b3ed3ba5e1d"},"headline":"Erik ten Hag : \u00ab\u00a0Les buts viendront pour Rasmus Hojlund une fois que l&rsquo;\u00e9quipe s&rsquo;am\u00e9liorera\u00a0\u00bb","datePublished":"2023-11-11T14:50:34+00:00","dateModified":"2023-11-11T14:50:35+00:00","mainEntityOfPage":{"@id":"https:\/\/footdavant.fr\/actualites\/erik-ten-hag-les-buts-viendront-pour-rasmus-hojlund-une-fois-que-lequipe-sameliorera\/"},"wordCount":525,"publisher":{"@id":"https:\/\/footdavant.fr\/actualites\/#organization"},"keywords":["buts","Erik","fois","Hag","Hojlund","l\u00e9quipe","les","pour","Rasmus","sam\u00e9liorera","ten","une","viendront"],"articleSection":["Champions League"],"inLanguage":"fr-FR"},{"@type":"WebPage","@id":"https:\/\/footdavant.fr\/actualites\/erik-ten-hag-les-buts-viendront-pour-rasmus-hojlund-une-fois-que-lequipe-sameliorera\/","url":"https:\/\/footdavant.fr\/actualites\/erik-ten-hag-les-buts-viendront-pour-rasmus-hojlund-une-fois-que-lequipe-sameliorera\/","name":"Erik ten Hag : \"Les buts viendront pour Rasmus Hojlund une fois que l'\u00e9quipe s'am\u00e9liorera\"","isPartOf":{"@id":"https:\/\/footdavant.fr\/actualites\/#website"},"datePublished":"2023-11-11T14:50:34+00:00","dateModified":"2023-11-11T14:50:35+00:00","breadcrumb":{"@id":"https:\/\/footdavant.fr\/actualites\/erik-ten-hag-les-buts-viendront-pour-rasmus-hojlund-une-fois-que-lequipe-sameliorera\/#breadcrumb"},"inLanguage":"fr-FR","potentialAction":[{"@type":"ReadAction","target":["https:\/\/footdavant.fr\/actualites\/erik-ten-hag-les-buts-viendront-pour-rasmus-hojlund-une-fois-que-lequipe-sameliorera\/"]}]},{"@type":"BreadcrumbList","@id":"https:\/\/footdavant.fr\/actualites\/erik-ten-hag-les-buts-viendront-pour-rasmus-hojlund-une-fois-que-lequipe-sameliorera\/#breadcrumb","itemListElement":[{"@type":"ListItem","position":1,"name":"Accueil","item":"https:\/\/footdavant.fr\/actualites\/"},{"@type":"ListItem","position":2,"name":"Erik ten Hag : \u00ab\u00a0Les buts viendront pour Rasmus Hojlund une fois que l&rsquo;\u00e9quipe s&rsquo;am\u00e9liorera\u00a0\u00bb"}]},{"@type":"WebSite","@id":"https:\/\/footdavant.fr\/actualites\/#website","url":"https:\/\/footdavant.fr\/actualites\/","name":"Foot d'avant","description":"","publisher":{"@id":"https:\/\/footdavant.fr\/actualites\/#organization"},"potentialAction":[{"@type":"SearchAction","target":{"@type":"EntryPoint","urlTemplate":"https:\/\/footdavant.fr\/actualites\/?s={search_term_string}"},"query-input":"required name=search_term_string"}],"inLanguage":"fr-FR"},{"@type":"Organization","@id":"https:\/\/footdavant.fr\/actualites\/#organization","name":"Foot d'avant","url":"https:\/\/footdavant.fr\/actualites\/","logo":{"@type":"ImageObject","inLanguage":"fr-FR","@id":"https:\/\/footdavant.fr\/actualites\/#\/schema\/logo\/image\/","url":"https:\/\/footdavant.fr\/actualites\/wp-content\/uploads\/2023\/09\/Copy-of-FootDavant-Logo.png","contentUrl":"https:\/\/footdavant.fr\/actualites\/wp-content\/uploads\/2023\/09\/Copy-of-FootDavant-Logo.png","width":936,"height":549,"caption":"Foot d'avant"},"image":{"@id":"https:\/\/footdavant.fr\/actualites\/#\/schema\/logo\/image\/"},"sameAs":["https:\/\/www.facebook.com\/Footdavant\/","https:\/\/twitter.com\/FootdavantFr","https:\/\/www.instagram.com\/footdavant.fr\/"]},{"@type":"Person","@id":"https:\/\/footdavant.fr\/actualites\/#\/schema\/person\/bc222566d95871b37e597b3ed3ba5e1d","name":"Cl\u00e9ment","image":{"@type":"ImageObject","inLanguage":"fr-FR","@id":"https:\/\/footdavant.fr\/actualites\/#\/schema\/person\/image\/","url":"https:\/\/secure.gravatar.com\/avatar\/7728b29aac2719421e1a9159b2254c44?s=96&d=mm&r=g","contentUrl":"https:\/\/secure.gravatar.com\/avatar\/7728b29aac2719421e1a9159b2254c44?s=96&d=mm&r=g","caption":"Cl\u00e9ment"},"sameAs":["https:\/\/footdavant.fr\/"]}]}},"_links":{"self":[{"href":"https:\/\/footdavant.fr\/actualites\/wp-json\/wp\/v2\/posts\/740"}],"collection":[{"href":"https:\/\/footdavant.fr\/actualites\/wp-json\/wp\/v2\/posts"}],"about":[{"href":"https:\/\/footdavant.fr\/actualites\/wp-json\/wp\/v2\/types\/post"}],"author":[{"embeddable":true,"href":"https:\/\/footdavant.fr\/actualites\/wp-json\/wp\/v2\/users\/1"}],"replies":[{"embeddable":true,"href":"https:\/\/footdavant.fr\/actualites\/wp-json\/wp\/v2\/comments?post=740"}],"version-history":[{"count":1,"href":"https:\/\/footdavant.fr\/actualites\/wp-json\/wp\/v2\/posts\/740\/revisions"}],"predecessor-version":[{"id":742,"href":"https:\/\/footdavant.fr\/actualites\/wp-json\/wp\/v2\/posts\/740\/revisions\/742"}],"wp:featuredmedia":[{"embeddable":true,"href":"https:\/\/footdavant.fr\/actualites\/wp-json\/wp\/v2\/media\/741"}],"wp:attachment":[{"href":"https:\/\/footdavant.fr\/actualites\/wp-json\/wp\/v2\/media?parent=740"}],"wp:term":[{"taxonomy":"category","embeddable":true,"href":"https:\/\/footdavant.fr\/actualites\/wp-json\/wp\/v2\/categories?post=740"},{"taxonomy":"post_tag","embeddable":true,"href":"https:\/\/footdavant.fr\/actualites\/wp-json\/wp\/v2\/tags?post=740"}],"curies":[{"name":"wp","href":"https:\/\/api.w.org\/{rel}","templated":true}]}}