{"id":7416,"date":"2024-04-13T09:49:40","date_gmt":"2024-04-13T07:49:40","guid":{"rendered":"https:\/\/footdavant.fr\/actualites\/le-real-madrid-manquera-un-joueur-cle-pour-le-match-retour-crucial-contre-manchester-city\/"},"modified":"2024-04-13T09:49:40","modified_gmt":"2024-04-13T07:49:40","slug":"le-real-madrid-manquera-un-joueur-cle-pour-le-match-retour-crucial-contre-manchester-city","status":"publish","type":"post","link":"https:\/\/footdavant.fr\/actualites\/le-real-madrid-manquera-un-joueur-cle-pour-le-match-retour-crucial-contre-manchester-city\/","title":{"rendered":"Le Real Madrid manquera un joueur cl\u00e9 pour le match retour crucial contre Manchester City"},"content":{"rendered":"<p>Aur\u00e9lien Tchouameni du Real Madrid ratera le match retour des quarts de finale de la Ligue des Champions contre Manchester City en raison d&#39;une suspension.<\/p>\n<div id=\"article_body\" itemprop=\"articleBody\">\n<h3 class=\"firstPara\">\n<strong class=\"autotag\">Real Madrid<\/strong> sera sans les services de <strong class=\"autotag\">Aur\u00e9lien Tchouameni<\/strong> pour le match retour de leur <strong class=\"autotag\">Ligue des champions<\/strong> quart de finale avec <strong class=\"autotag\">Manchester City<\/strong> au stade Etihad.<\/h3>\n<p>L&#39;international fran\u00e7ais a particip\u00e9 au match de mardi \u00e0 Bernabeu en sachant qu&#39;un avertissement le verrait exclu du match retour des huiti\u00e8mes de finale \u00e0 Manchester.<\/p>\n<p>Tchouameni, qui \u00e9voluait en d\u00e9fense centrale, a \u00e9cop\u00e9 d&#39;un carton jaune d\u00e8s la premi\u00e8re minute pour un d\u00e9fi tardif. <strong class=\"autotag\">Jack Grealish<\/strong>et Man City a pris l&#39;avantage sur le coup franc qui en a r\u00e9sult\u00e9.<\/p>\n<p>Le joueur de 24 ans a \u00e9t\u00e9 averti pour la troisi\u00e8me fois en Ligue des champions cette saison, ce qui signifie qu&#39;il sera suspendu pour le match retour en Angleterre le 17 avril.<\/p>\n<p>Tchouameni est avant tout un milieu de terrain d\u00e9fensif, mais il a op\u00e9r\u00e9 comme d\u00e9fenseur central \u00e0 plusieurs reprises cette saison en raison des probl\u00e8mes de blessures de l&#39;\u00e9quipe dans cette zone du terrain.<\/p>\n<p class=\"imgI\">\n<h2>Militao ou Nacho remplaceront Tchouameni au match retour<\/h2>\n<p><strong class=\"autotag\">Eder Militao<\/strong> est maintenant de retour d&#39;une longue blessure au genou, mais il n&#39;est toujours pas pr\u00eat \u00e0 commencer, alors que <strong class=\"autotag\">David Alaba<\/strong> est absent jusqu&#39;\u00e0 la saison prochaine en raison d&#39;un grave probl\u00e8me au genou.<\/p>\n<p>Soit Militao, soit Nacho rejoindront d\u00e9sormais l&#39;\u00e9quipe aux c\u00f4t\u00e9s de <strong class=\"autotag\">Antonio R\u00fcdiger<\/strong> pour le quart de finale retour de la Ligue des Champions chez les champions d&#39;Europe en titre.<\/p>\n<p>\u00ab\u00a0Nacho ou Militao joueront. L&#39;id\u00e9e pour le retour doit \u00eatre celle-ci. Ne faites pas beaucoup de calculs, comme l&#39;ann\u00e9e derni\u00e8re, et jouez face \u00e0 face, comme aujourd&#39;hui\u00a0\u00bb, a d\u00e9clar\u00e9 l&#39;entra\u00eeneur du Real Madrid. <strong class=\"autotag\">Carlo Ancelotti<\/strong> \u00bb a d\u00e9clar\u00e9 aux journalistes interrog\u00e9 sur l&#39;absence de Tchouameni pour le match retour.<\/p>\n<p>\u00ab\u00a0Nous sommes convaincus que quelque chose de bien peut arriver. L&#39;herbe \u00e0 Manchester est longue, comme ici. Nous avons un petit d\u00e9savantage l\u00e0-bas, mais la confiance reste la m\u00eame.\u00a0\u00bb<\/p>\n<p>Tchouameni a encore \u00e9t\u00e9 un joueur important pour le Real Madrid cette saison, faisant 33 apparitions toutes comp\u00e9titions confondues, et il sera disponible pour le match de Liga contre Majorque samedi.<\/p>\n<p class=\"imgI\"><img decoding=\"async\" loading=\"lazy\" class=\"l\" src=\"https:\/\/footdavant.fr\/actualites\/wp-content\/uploads\/2024\/04\/Le-Real-Madrid-manquera-un-joueur-cle-pour-le-match.jpg\" title=\"Rodrygo du Real Madrid c\u00e9l\u00e8bre son deuxi\u00e8me but avec Vinicius Junior et Dani Carvajal le 9 avril 2024\" alt=\"Rodrygo du Real Madrid c\u00e9l\u00e8bre son deuxi\u00e8me but avec Vinicius Junior et Dani Carvajal le 9 avril 2024\" width=\"640\" height=\"480\"><\/p>\n<h2>Ancelotti salue \u00ab\u00a0un match incroyable\u00a0\u00bb avec Man City<\/h2>\n<p>Le Real Madrid \u00e9tait men\u00e9 1-0 et 3-2 contre Man City mardi, mais a r\u00e9ussi \u00e0 r\u00e9pondre \u00e0 chaque fois, le match aller se terminant finalement 3-3 \u00e0 Madrid.<\/p>\n<p>Ancelotti a d\u00e9clar\u00e9 que c&#39;\u00e9tait \u00ab\u00a0un match incroyable\u00a0\u00bb et a f\u00e9licit\u00e9 son \u00e9quipe pour sa \u00ab\u00a0personnalit\u00e9\u00a0\u00bb et son \u00ab\u00a0courage\u00a0\u00bb contre <strong class=\"autotag\">Pep Guardiola<\/strong>&#39;vapeur.<\/p>\n<p>\u00ab\u00a0C&#39;\u00e9tait un match incroyable. Il y a eu beaucoup de qualit\u00e9 et deux \u00e9quipes extraordinaires. Nous sommes satisfaits de notre match et nous esp\u00e9rons y r\u00e9p\u00e9ter. Il \u00e9tait possible de gagner 2-1 et de perdre 2-3. C&#39;\u00e9tait un match correct. r\u00e9sultat pour ce que les deux \u00e9quipes ont fait\u00a0\u00bb, a-t-il ajout\u00e9.<\/p>\n<p>\u00ab\u00a0Ce que j&#39;ai le plus aim\u00e9, c&#39;est la personnalit\u00e9, le courage, la pression d&#39;en haut et faire de City un match inconfortable jusqu&#39;\u00e0 ce qu&#39;il n&#39;y ait plus de force. C&#39;\u00e9tait un bon match de notre part. \u00c9gal et comp\u00e9titif.\u00a0\u00bb<\/p>\n<p>Le Real Madrid tentera d\u00e9sormais de renforcer son emprise sur la premi\u00e8re place du classement de la Liga ce week-end avant de se rendre en Angleterre en vue de s&#39;assurer une place en demi-finale de la Ligue des champions.<\/p>\n<\/div>\n","protected":false},"excerpt":{"rendered":"<p>Aur\u00e9lien Tchouameni du Real Madrid ratera le match retour des quarts de finale de la Ligue des Champions contre Manchester City en raison d&#39;une suspension.<\/p>\n","protected":false},"author":1,"featured_media":7417,"comment_status":"closed","ping_status":"","sticky":false,"template":"","format":"standard","meta":{"footnotes":""},"categories":[4],"tags":[27,443,20,2557,1221,303,11,979,257,51,302,393],"yoast_head":"<!-- This site is optimized with the Yoast SEO plugin v21.0 - https:\/\/yoast.com\/wordpress\/plugins\/seo\/ -->\n<title>Le Real Madrid manquera un joueur cl\u00e9 pour le match retour crucial contre Manchester City<\/title>\n<meta name=\"robots\" content=\"index, follow, max-snippet:-1, max-image-preview:large, max-video-preview:-1\" \/>\n<link rel=\"canonical\" href=\"https:\/\/footdavant.fr\/actualites\/le-real-madrid-manquera-un-joueur-cle-pour-le-match-retour-crucial-contre-manchester-city\/\" \/>\n<meta property=\"og:locale\" content=\"fr_FR\" \/>\n<meta property=\"og:type\" content=\"article\" \/>\n<meta property=\"og:title\" content=\"Le Real Madrid manquera un joueur cl\u00e9 pour le match retour crucial contre Manchester City\" \/>\n<meta property=\"og:description\" content=\"Aur\u00e9lien Tchouameni du Real Madrid ratera le match retour des quarts de finale de la Ligue des Champions contre Manchester City en raison d&#039;une suspension.\" \/>\n<meta property=\"og:url\" content=\"https:\/\/footdavant.fr\/actualites\/le-real-madrid-manquera-un-joueur-cle-pour-le-match-retour-crucial-contre-manchester-city\/\" \/>\n<meta property=\"og:site_name\" content=\"Foot d&#039;avant\" \/>\n<meta property=\"article:publisher\" content=\"https:\/\/www.facebook.com\/Footdavant\/\" \/>\n<meta property=\"article:published_time\" content=\"2024-04-13T07:49:40+00:00\" \/>\n<meta property=\"og:image\" content=\"https:\/\/footdavant.fr\/actualites\/wp-content\/uploads\/2024\/04\/Le-Real-Madrid-manquera-un-joueur-cle-pour-le-match.JPG\" \/>\n\t<meta property=\"og:image:width\" content=\"640\" \/>\n\t<meta property=\"og:image:height\" content=\"480\" \/>\n\t<meta property=\"og:image:type\" content=\"image\/jpeg\" \/>\n<meta name=\"author\" content=\"Cl\u00e9ment\" \/>\n<meta name=\"twitter:card\" content=\"summary_large_image\" \/>\n<meta name=\"twitter:creator\" content=\"@FootdavantFr\" \/>\n<meta name=\"twitter:site\" content=\"@FootdavantFr\" \/>\n<meta name=\"twitter:label1\" content=\"\u00c9crit par\" \/>\n\t<meta name=\"twitter:data1\" content=\"Cl\u00e9ment\" \/>\n\t<meta name=\"twitter:label2\" content=\"Dur\u00e9e de lecture estim\u00e9e\" \/>\n\t<meta name=\"twitter:data2\" content=\"3 minutes\" \/>\n<script type=\"application\/ld+json\" class=\"yoast-schema-graph\">{\"@context\":\"https:\/\/schema.org\",\"@graph\":[{\"@type\":\"Article\",\"@id\":\"https:\/\/footdavant.fr\/actualites\/le-real-madrid-manquera-un-joueur-cle-pour-le-match-retour-crucial-contre-manchester-city\/#article\",\"isPartOf\":{\"@id\":\"https:\/\/footdavant.fr\/actualites\/le-real-madrid-manquera-un-joueur-cle-pour-le-match-retour-crucial-contre-manchester-city\/\"},\"author\":{\"name\":\"Cl\u00e9ment\",\"@id\":\"https:\/\/footdavant.fr\/actualites\/#\/schema\/person\/bc222566d95871b37e597b3ed3ba5e1d\"},\"headline\":\"Le Real Madrid manquera un joueur cl\u00e9 pour le match retour crucial contre Manchester City\",\"datePublished\":\"2024-04-13T07:49:40+00:00\",\"dateModified\":\"2024-04-13T07:49:40+00:00\",\"mainEntityOfPage\":{\"@id\":\"https:\/\/footdavant.fr\/actualites\/le-real-madrid-manquera-un-joueur-cle-pour-le-match-retour-crucial-contre-manchester-city\/\"},\"wordCount\":622,\"publisher\":{\"@id\":\"https:\/\/footdavant.fr\/actualites\/#organization\"},\"keywords\":[\"City\",\"cl\u00e9..\",\"contre\",\"crucial\",\"joueur\",\"Madrid\",\"Manchester\",\"manquera\",\"match\",\"pour\",\"Real\",\"retour\"],\"articleSection\":[\"Champions League\"],\"inLanguage\":\"fr-FR\"},{\"@type\":\"WebPage\",\"@id\":\"https:\/\/footdavant.fr\/actualites\/le-real-madrid-manquera-un-joueur-cle-pour-le-match-retour-crucial-contre-manchester-city\/\",\"url\":\"https:\/\/footdavant.fr\/actualites\/le-real-madrid-manquera-un-joueur-cle-pour-le-match-retour-crucial-contre-manchester-city\/\",\"name\":\"Le Real Madrid manquera un joueur cl\u00e9 pour le match retour crucial contre Manchester City\",\"isPartOf\":{\"@id\":\"https:\/\/footdavant.fr\/actualites\/#website\"},\"datePublished\":\"2024-04-13T07:49:40+00:00\",\"dateModified\":\"2024-04-13T07:49:40+00:00\",\"breadcrumb\":{\"@id\":\"https:\/\/footdavant.fr\/actualites\/le-real-madrid-manquera-un-joueur-cle-pour-le-match-retour-crucial-contre-manchester-city\/#breadcrumb\"},\"inLanguage\":\"fr-FR\",\"potentialAction\":[{\"@type\":\"ReadAction\",\"target\":[\"https:\/\/footdavant.fr\/actualites\/le-real-madrid-manquera-un-joueur-cle-pour-le-match-retour-crucial-contre-manchester-city\/\"]}]},{\"@type\":\"BreadcrumbList\",\"@id\":\"https:\/\/footdavant.fr\/actualites\/le-real-madrid-manquera-un-joueur-cle-pour-le-match-retour-crucial-contre-manchester-city\/#breadcrumb\",\"itemListElement\":[{\"@type\":\"ListItem\",\"position\":1,\"name\":\"Accueil\",\"item\":\"https:\/\/footdavant.fr\/actualites\/\"},{\"@type\":\"ListItem\",\"position\":2,\"name\":\"Le Real Madrid manquera un joueur cl\u00e9 pour le match retour crucial contre Manchester City\"}]},{\"@type\":\"WebSite\",\"@id\":\"https:\/\/footdavant.fr\/actualites\/#website\",\"url\":\"https:\/\/footdavant.fr\/actualites\/\",\"name\":\"Foot d'avant\",\"description\":\"\",\"publisher\":{\"@id\":\"https:\/\/footdavant.fr\/actualites\/#organization\"},\"potentialAction\":[{\"@type\":\"SearchAction\",\"target\":{\"@type\":\"EntryPoint\",\"urlTemplate\":\"https:\/\/footdavant.fr\/actualites\/?s={search_term_string}\"},\"query-input\":\"required name=search_term_string\"}],\"inLanguage\":\"fr-FR\"},{\"@type\":\"Organization\",\"@id\":\"https:\/\/footdavant.fr\/actualites\/#organization\",\"name\":\"Foot d'avant\",\"url\":\"https:\/\/footdavant.fr\/actualites\/\",\"logo\":{\"@type\":\"ImageObject\",\"inLanguage\":\"fr-FR\",\"@id\":\"https:\/\/footdavant.fr\/actualites\/#\/schema\/logo\/image\/\",\"url\":\"https:\/\/footdavant.fr\/actualites\/wp-content\/uploads\/2023\/09\/Copy-of-FootDavant-Logo.png\",\"contentUrl\":\"https:\/\/footdavant.fr\/actualites\/wp-content\/uploads\/2023\/09\/Copy-of-FootDavant-Logo.png\",\"width\":936,\"height\":549,\"caption\":\"Foot d'avant\"},\"image\":{\"@id\":\"https:\/\/footdavant.fr\/actualites\/#\/schema\/logo\/image\/\"},\"sameAs\":[\"https:\/\/www.facebook.com\/Footdavant\/\",\"https:\/\/twitter.com\/FootdavantFr\",\"https:\/\/www.instagram.com\/footdavant.fr\/\"]},{\"@type\":\"Person\",\"@id\":\"https:\/\/footdavant.fr\/actualites\/#\/schema\/person\/bc222566d95871b37e597b3ed3ba5e1d\",\"name\":\"Cl\u00e9ment\",\"image\":{\"@type\":\"ImageObject\",\"inLanguage\":\"fr-FR\",\"@id\":\"https:\/\/footdavant.fr\/actualites\/#\/schema\/person\/image\/\",\"url\":\"https:\/\/secure.gravatar.com\/avatar\/7728b29aac2719421e1a9159b2254c44?s=96&d=mm&r=g\",\"contentUrl\":\"https:\/\/secure.gravatar.com\/avatar\/7728b29aac2719421e1a9159b2254c44?s=96&d=mm&r=g\",\"caption\":\"Cl\u00e9ment\"},\"sameAs\":[\"https:\/\/footdavant.fr\/\"]}]}<\/script>\n<!-- \/ Yoast SEO plugin. -->","yoast_head_json":{"title":"Le Real Madrid manquera un joueur cl\u00e9 pour le match retour crucial contre Manchester City","robots":{"index":"index","follow":"follow","max-snippet":"max-snippet:-1","max-image-preview":"max-image-preview:large","max-video-preview":"max-video-preview:-1"},"canonical":"https:\/\/footdavant.fr\/actualites\/le-real-madrid-manquera-un-joueur-cle-pour-le-match-retour-crucial-contre-manchester-city\/","og_locale":"fr_FR","og_type":"article","og_title":"Le Real Madrid manquera un joueur cl\u00e9 pour le match retour crucial contre Manchester City","og_description":"Aur\u00e9lien Tchouameni du Real Madrid ratera le match retour des quarts de finale de la Ligue des Champions contre Manchester City en raison d&#39;une suspension.","og_url":"https:\/\/footdavant.fr\/actualites\/le-real-madrid-manquera-un-joueur-cle-pour-le-match-retour-crucial-contre-manchester-city\/","og_site_name":"Foot d&#039;avant","article_publisher":"https:\/\/www.facebook.com\/Footdavant\/","article_published_time":"2024-04-13T07:49:40+00:00","og_image":[{"width":640,"height":480,"url":"https:\/\/footdavant.fr\/actualites\/wp-content\/uploads\/2024\/04\/Le-Real-Madrid-manquera-un-joueur-cle-pour-le-match.JPG","type":"image\/jpeg"}],"author":"Cl\u00e9ment","twitter_card":"summary_large_image","twitter_creator":"@FootdavantFr","twitter_site":"@FootdavantFr","twitter_misc":{"\u00c9crit par":"Cl\u00e9ment","Dur\u00e9e de lecture estim\u00e9e":"3 minutes"},"schema":{"@context":"https:\/\/schema.org","@graph":[{"@type":"Article","@id":"https:\/\/footdavant.fr\/actualites\/le-real-madrid-manquera-un-joueur-cle-pour-le-match-retour-crucial-contre-manchester-city\/#article","isPartOf":{"@id":"https:\/\/footdavant.fr\/actualites\/le-real-madrid-manquera-un-joueur-cle-pour-le-match-retour-crucial-contre-manchester-city\/"},"author":{"name":"Cl\u00e9ment","@id":"https:\/\/footdavant.fr\/actualites\/#\/schema\/person\/bc222566d95871b37e597b3ed3ba5e1d"},"headline":"Le Real Madrid manquera un joueur cl\u00e9 pour le match retour crucial contre Manchester City","datePublished":"2024-04-13T07:49:40+00:00","dateModified":"2024-04-13T07:49:40+00:00","mainEntityOfPage":{"@id":"https:\/\/footdavant.fr\/actualites\/le-real-madrid-manquera-un-joueur-cle-pour-le-match-retour-crucial-contre-manchester-city\/"},"wordCount":622,"publisher":{"@id":"https:\/\/footdavant.fr\/actualites\/#organization"},"keywords":["City","cl\u00e9..","contre","crucial","joueur","Madrid","Manchester","manquera","match","pour","Real","retour"],"articleSection":["Champions League"],"inLanguage":"fr-FR"},{"@type":"WebPage","@id":"https:\/\/footdavant.fr\/actualites\/le-real-madrid-manquera-un-joueur-cle-pour-le-match-retour-crucial-contre-manchester-city\/","url":"https:\/\/footdavant.fr\/actualites\/le-real-madrid-manquera-un-joueur-cle-pour-le-match-retour-crucial-contre-manchester-city\/","name":"Le Real Madrid manquera un joueur cl\u00e9 pour le match retour crucial contre Manchester City","isPartOf":{"@id":"https:\/\/footdavant.fr\/actualites\/#website"},"datePublished":"2024-04-13T07:49:40+00:00","dateModified":"2024-04-13T07:49:40+00:00","breadcrumb":{"@id":"https:\/\/footdavant.fr\/actualites\/le-real-madrid-manquera-un-joueur-cle-pour-le-match-retour-crucial-contre-manchester-city\/#breadcrumb"},"inLanguage":"fr-FR","potentialAction":[{"@type":"ReadAction","target":["https:\/\/footdavant.fr\/actualites\/le-real-madrid-manquera-un-joueur-cle-pour-le-match-retour-crucial-contre-manchester-city\/"]}]},{"@type":"BreadcrumbList","@id":"https:\/\/footdavant.fr\/actualites\/le-real-madrid-manquera-un-joueur-cle-pour-le-match-retour-crucial-contre-manchester-city\/#breadcrumb","itemListElement":[{"@type":"ListItem","position":1,"name":"Accueil","item":"https:\/\/footdavant.fr\/actualites\/"},{"@type":"ListItem","position":2,"name":"Le Real Madrid manquera un joueur cl\u00e9 pour le match retour crucial contre Manchester City"}]},{"@type":"WebSite","@id":"https:\/\/footdavant.fr\/actualites\/#website","url":"https:\/\/footdavant.fr\/actualites\/","name":"Foot d'avant","description":"","publisher":{"@id":"https:\/\/footdavant.fr\/actualites\/#organization"},"potentialAction":[{"@type":"SearchAction","target":{"@type":"EntryPoint","urlTemplate":"https:\/\/footdavant.fr\/actualites\/?s={search_term_string}"},"query-input":"required name=search_term_string"}],"inLanguage":"fr-FR"},{"@type":"Organization","@id":"https:\/\/footdavant.fr\/actualites\/#organization","name":"Foot d'avant","url":"https:\/\/footdavant.fr\/actualites\/","logo":{"@type":"ImageObject","inLanguage":"fr-FR","@id":"https:\/\/footdavant.fr\/actualites\/#\/schema\/logo\/image\/","url":"https:\/\/footdavant.fr\/actualites\/wp-content\/uploads\/2023\/09\/Copy-of-FootDavant-Logo.png","contentUrl":"https:\/\/footdavant.fr\/actualites\/wp-content\/uploads\/2023\/09\/Copy-of-FootDavant-Logo.png","width":936,"height":549,"caption":"Foot d'avant"},"image":{"@id":"https:\/\/footdavant.fr\/actualites\/#\/schema\/logo\/image\/"},"sameAs":["https:\/\/www.facebook.com\/Footdavant\/","https:\/\/twitter.com\/FootdavantFr","https:\/\/www.instagram.com\/footdavant.fr\/"]},{"@type":"Person","@id":"https:\/\/footdavant.fr\/actualites\/#\/schema\/person\/bc222566d95871b37e597b3ed3ba5e1d","name":"Cl\u00e9ment","image":{"@type":"ImageObject","inLanguage":"fr-FR","@id":"https:\/\/footdavant.fr\/actualites\/#\/schema\/person\/image\/","url":"https:\/\/secure.gravatar.com\/avatar\/7728b29aac2719421e1a9159b2254c44?s=96&d=mm&r=g","contentUrl":"https:\/\/secure.gravatar.com\/avatar\/7728b29aac2719421e1a9159b2254c44?s=96&d=mm&r=g","caption":"Cl\u00e9ment"},"sameAs":["https:\/\/footdavant.fr\/"]}]}},"_links":{"self":[{"href":"https:\/\/footdavant.fr\/actualites\/wp-json\/wp\/v2\/posts\/7416"}],"collection":[{"href":"https:\/\/footdavant.fr\/actualites\/wp-json\/wp\/v2\/posts"}],"about":[{"href":"https:\/\/footdavant.fr\/actualites\/wp-json\/wp\/v2\/types\/post"}],"author":[{"embeddable":true,"href":"https:\/\/footdavant.fr\/actualites\/wp-json\/wp\/v2\/users\/1"}],"replies":[{"embeddable":true,"href":"https:\/\/footdavant.fr\/actualites\/wp-json\/wp\/v2\/comments?post=7416"}],"version-history":[{"count":1,"href":"https:\/\/footdavant.fr\/actualites\/wp-json\/wp\/v2\/posts\/7416\/revisions"}],"predecessor-version":[{"id":7418,"href":"https:\/\/footdavant.fr\/actualites\/wp-json\/wp\/v2\/posts\/7416\/revisions\/7418"}],"wp:featuredmedia":[{"embeddable":true,"href":"https:\/\/footdavant.fr\/actualites\/wp-json\/wp\/v2\/media\/7417"}],"wp:attachment":[{"href":"https:\/\/footdavant.fr\/actualites\/wp-json\/wp\/v2\/media?parent=7416"}],"wp:term":[{"taxonomy":"category","embeddable":true,"href":"https:\/\/footdavant.fr\/actualites\/wp-json\/wp\/v2\/categories?post=7416"},{"taxonomy":"post_tag","embeddable":true,"href":"https:\/\/footdavant.fr\/actualites\/wp-json\/wp\/v2\/tags?post=7416"}],"curies":[{"name":"wp","href":"https:\/\/api.w.org\/{rel}","templated":true}]}}