{"id":743,"date":"2023-11-11T16:55:16","date_gmt":"2023-11-11T15:55:16","guid":{"rendered":"https:\/\/footdavant.fr\/actualites\/le-defenseur-de-tottenham-hotspur-micky-van-de-ven-absent-pour-le-reste-de-lannee\/"},"modified":"2023-11-11T16:55:17","modified_gmt":"2023-11-11T15:55:17","slug":"le-defenseur-de-tottenham-hotspur-micky-van-de-ven-absent-pour-le-reste-de-lannee","status":"publish","type":"post","link":"https:\/\/footdavant.fr\/actualites\/le-defenseur-de-tottenham-hotspur-micky-van-de-ven-absent-pour-le-reste-de-lannee\/","title":{"rendered":"Le d\u00e9fenseur de Tottenham Hotspur, Micky van de Ven, absent pour le reste de l&rsquo;ann\u00e9e ?"},"content":{"rendered":"<p>Le d\u00e9fenseur de Tottenham Hotspur, Micky van de Van, manquerait le reste de l&rsquo;ann\u00e9e 2023 apr\u00e8s s&rsquo;\u00eatre bless\u00e9 aux ischio-jambiers lors de la d\u00e9faite 4-1 contre Chelsea.<\/p>\n<div id=\"article_body\" itemprop=\"articleBody\">\n<h3 class=\"firstPara\">\n<strong class=\"autotag\">Tottenham Hotspur<\/strong> d\u00e9fenseur <strong class=\"autotag\">Micky Van de Ven<\/strong> serait sur le point de rater le reste de 2023 en raison d\u2019une blessure aux ischio-jambiers.<\/h3>\n<p>L&rsquo;arri\u00e8re central, arriv\u00e9 de Wolfsburg cet \u00e9t\u00e9, s&rsquo;est bless\u00e9 lors de la d\u00e9faite 4-1 de lundi contre son rival londonien Chelsea.<\/p>\n<p>Apr\u00e8s avoir \u00e9t\u00e9 angoiss\u00e9 en fin de premi\u00e8re p\u00e9riode, Van de Ven a d\u00fb \u00eatre aid\u00e9 en dehors du terrain par le staff m\u00e9dical de Tottenham.<\/p>\n<p>M\u00eame si une premi\u00e8re \u00e9valuation semble avoir exclu une intervention chirurgicale, Van de Ven devrait encore passer une longue p\u00e9riode sur le banc de touche.<\/p>\n<p>Selon <em>Le t\u00e9l\u00e9graphe<\/em>il est peu probable que l&rsquo;international n\u00e9erlandais soit pr\u00e9sent pour le reste de l&rsquo;ann\u00e9e 2023 en raison d&rsquo;une blessure aux ischio-jambiers. <\/p>\n<p class=\"imgI\">\n<p>Alors que Van de Ven devrait \u00eatre absent jusqu&rsquo;en janvier au plus t\u00f4t, il pourrait rater les neuf prochains matchs de Tottenham en Premier League, y compris les matches contre Manchester City et Newcastle United. <\/p>\n<p>L&rsquo;absence de Van de Ven se fera sentir <strong class=\"autotag\">Ange Postecoglou<\/strong>qui a vu cet \u00e9t\u00e9 signer un formidable partenariat d\u00e9fensif central avec <strong class=\"autotag\">Cristian Romero<\/strong>. <\/p>\n<p>Le joueur de 22 ans a d\u00e9but\u00e9 les 11 matches de Premier League cette saison, aidant Tottenham \u00e0 \u00e9viter la d\u00e9faite lors de ses 10 premiers matches avant la d\u00e9faite de lundi contre Chelsea.<\/p>\n<p>Van de Ven \u00e9tant exclu pendant une p\u00e9riode significative, Tottenham devrait envisager de recruter un nouveau d\u00e9fenseur central lors du mercato de janvier.<\/p>\n<p class=\"imgI\"><img decoding=\"async\" loading=\"lazy\" class=\"l\" src=\"https:\/\/footdavant.fr\/actualites\/wp-content\/uploads\/2023\/11\/Le-defenseur-de-Tottenham-Hotspur-Micky-van-de-Ven-absent.jpg\" title=\"Ange Postecoglou, entra\u00eeneur-chef de Tottenham Hotspur, photographi\u00e9 le 6 novembre 2023\" alt=\"Ange Postecoglou, entra\u00eeneur-chef de Tottenham Hotspur, photographi\u00e9 le 6 novembre 2023\" width=\"640\" height=\"480\"><\/p>\n<p>Postecoglou devra \u00e9galement se passer du partenaire central de Van de Ven apr\u00e8s que Romero ait re\u00e7u un carton rouge direct lors de la d\u00e9faite de lundi.<\/p>\n<p><strong class=\"autotag\">\u00c9ric Dier<\/strong> devrait rejoindre le groupe, mais il reste \u00e0 voir s&rsquo;il sera rejoint par <strong class=\"autotag\">Ashley Phillips<\/strong> ou si Postecoglou utilisera un arri\u00e8re lat\u00e9ral en d\u00e9fense centrale.<\/p>\n<p><strong class=\"autotag\">Richarlison<\/strong> a \u00e9galement \u00e9t\u00e9 ajout\u00e9 \u00e0 la liste des absents de Tottenham apr\u00e8s que le Br\u00e9silien a confirm\u00e9 qu&rsquo;il avait subi une intervention chirurgicale pour une blessure \u00e0 l&rsquo;aine.<\/p>\n<p>Comme Van de Ven, meneur de jeu <strong class=\"autotag\">James Maddison<\/strong> a \u00e9t\u00e9 expuls\u00e9 contre Chelsea et est incertain pour la rencontre \u00e0 l&rsquo;ext\u00e9rieur de samedi contre Wolverhampton Wanderers.<\/p>\n<p>Les Spurs ne peuvent pas non plus faire appel aux bless\u00e9s <strong class=\"autotag\">Ryan Sessegnon<\/strong>, <strong class=\"autotag\">Ivan Peri\u0161i\u0107<\/strong>, <strong class=\"autotag\">Manoir Salomon<\/strong>, <strong class=\"autotag\">Ben Davies<\/strong> et <strong class=\"autotag\">Alfie Whiteman<\/strong>alors que <strong class=\"autotag\">Destin Udogie<\/strong> manquera le d\u00e9placement \u00e0 Molineux pour cause de suspension.<\/p>\n<\/div>\n","protected":false},"excerpt":{"rendered":"<p>Le d\u00e9fenseur de Tottenham Hotspur, Micky van de Van, manquerait le reste de l&rsquo;ann\u00e9e 2023 apr\u00e8s s&rsquo;\u00eatre bless\u00e9 aux ischio-jambiers lors de la d\u00e9faite 4-1<\/p>\n","protected":false},"author":1,"featured_media":744,"comment_status":"closed","ping_status":"","sticky":false,"template":"","format":"standard","meta":{"footnotes":""},"categories":[5],"tags":[803,928,69,931,929,51,808,68,783,930],"yoast_head":"<!-- This site is optimized with the Yoast SEO plugin v21.0 - https:\/\/yoast.com\/wordpress\/plugins\/seo\/ -->\n<title>Le d\u00e9fenseur de Tottenham Hotspur, Micky van de Ven, absent pour le reste de l&#039;ann\u00e9e ?<\/title>\n<meta name=\"robots\" content=\"index, follow, max-snippet:-1, max-image-preview:large, max-video-preview:-1\" \/>\n<link rel=\"canonical\" href=\"https:\/\/footdavant.fr\/actualites\/le-defenseur-de-tottenham-hotspur-micky-van-de-ven-absent-pour-le-reste-de-lannee\/\" \/>\n<meta property=\"og:locale\" content=\"fr_FR\" \/>\n<meta property=\"og:type\" content=\"article\" \/>\n<meta property=\"og:title\" content=\"Le d\u00e9fenseur de Tottenham Hotspur, Micky van de Ven, absent pour le reste de l&#039;ann\u00e9e ?\" \/>\n<meta property=\"og:description\" content=\"Le d\u00e9fenseur de Tottenham Hotspur, Micky van de Van, manquerait le reste de l&rsquo;ann\u00e9e 2023 apr\u00e8s s&rsquo;\u00eatre bless\u00e9 aux ischio-jambiers lors de la d\u00e9faite 4-1\" \/>\n<meta property=\"og:url\" content=\"https:\/\/footdavant.fr\/actualites\/le-defenseur-de-tottenham-hotspur-micky-van-de-ven-absent-pour-le-reste-de-lannee\/\" \/>\n<meta property=\"og:site_name\" content=\"Foot d&#039;avant\" \/>\n<meta property=\"article:publisher\" content=\"https:\/\/www.facebook.com\/Footdavant\/\" \/>\n<meta property=\"article:published_time\" content=\"2023-11-11T15:55:16+00:00\" \/>\n<meta property=\"article:modified_time\" content=\"2023-11-11T15:55:17+00:00\" \/>\n<meta property=\"og:image\" content=\"https:\/\/footdavant.fr\/actualites\/wp-content\/uploads\/2023\/11\/Le-defenseur-de-Tottenham-Hotspur-Micky-van-de-Ven-absent.JPG\" \/>\n\t<meta property=\"og:image:width\" content=\"640\" \/>\n\t<meta property=\"og:image:height\" content=\"480\" \/>\n\t<meta property=\"og:image:type\" content=\"image\/jpeg\" \/>\n<meta name=\"author\" content=\"Cl\u00e9ment\" \/>\n<meta name=\"twitter:card\" content=\"summary_large_image\" \/>\n<meta name=\"twitter:creator\" content=\"@FootdavantFr\" \/>\n<meta name=\"twitter:site\" content=\"@FootdavantFr\" \/>\n<meta name=\"twitter:label1\" content=\"\u00c9crit par\" \/>\n\t<meta name=\"twitter:data1\" content=\"Cl\u00e9ment\" \/>\n\t<meta name=\"twitter:label2\" content=\"Dur\u00e9e de lecture estim\u00e9e\" \/>\n\t<meta name=\"twitter:data2\" content=\"2 minutes\" \/>\n<script type=\"application\/ld+json\" class=\"yoast-schema-graph\">{\"@context\":\"https:\/\/schema.org\",\"@graph\":[{\"@type\":\"Article\",\"@id\":\"https:\/\/footdavant.fr\/actualites\/le-defenseur-de-tottenham-hotspur-micky-van-de-ven-absent-pour-le-reste-de-lannee\/#article\",\"isPartOf\":{\"@id\":\"https:\/\/footdavant.fr\/actualites\/le-defenseur-de-tottenham-hotspur-micky-van-de-ven-absent-pour-le-reste-de-lannee\/\"},\"author\":{\"name\":\"Cl\u00e9ment\",\"@id\":\"https:\/\/footdavant.fr\/actualites\/#\/schema\/person\/bc222566d95871b37e597b3ed3ba5e1d\"},\"headline\":\"Le d\u00e9fenseur de Tottenham Hotspur, Micky van de Ven, absent pour le reste de l&rsquo;ann\u00e9e ?\",\"datePublished\":\"2023-11-11T15:55:16+00:00\",\"dateModified\":\"2023-11-11T15:55:17+00:00\",\"mainEntityOfPage\":{\"@id\":\"https:\/\/footdavant.fr\/actualites\/le-defenseur-de-tottenham-hotspur-micky-van-de-ven-absent-pour-le-reste-de-lannee\/\"},\"wordCount\":449,\"publisher\":{\"@id\":\"https:\/\/footdavant.fr\/actualites\/#organization\"},\"keywords\":[\"absent\",\"d\u00e9fenseur\",\"Hotspur\",\"lann\u00e9e\",\"Micky\",\"pour\",\"reste\",\"Tottenham\",\"van\",\"Ven\"],\"articleSection\":[\"Premier League\"],\"inLanguage\":\"fr-FR\"},{\"@type\":\"WebPage\",\"@id\":\"https:\/\/footdavant.fr\/actualites\/le-defenseur-de-tottenham-hotspur-micky-van-de-ven-absent-pour-le-reste-de-lannee\/\",\"url\":\"https:\/\/footdavant.fr\/actualites\/le-defenseur-de-tottenham-hotspur-micky-van-de-ven-absent-pour-le-reste-de-lannee\/\",\"name\":\"Le d\u00e9fenseur de Tottenham Hotspur, Micky van de Ven, absent pour le reste de l'ann\u00e9e ?\",\"isPartOf\":{\"@id\":\"https:\/\/footdavant.fr\/actualites\/#website\"},\"datePublished\":\"2023-11-11T15:55:16+00:00\",\"dateModified\":\"2023-11-11T15:55:17+00:00\",\"breadcrumb\":{\"@id\":\"https:\/\/footdavant.fr\/actualites\/le-defenseur-de-tottenham-hotspur-micky-van-de-ven-absent-pour-le-reste-de-lannee\/#breadcrumb\"},\"inLanguage\":\"fr-FR\",\"potentialAction\":[{\"@type\":\"ReadAction\",\"target\":[\"https:\/\/footdavant.fr\/actualites\/le-defenseur-de-tottenham-hotspur-micky-van-de-ven-absent-pour-le-reste-de-lannee\/\"]}]},{\"@type\":\"BreadcrumbList\",\"@id\":\"https:\/\/footdavant.fr\/actualites\/le-defenseur-de-tottenham-hotspur-micky-van-de-ven-absent-pour-le-reste-de-lannee\/#breadcrumb\",\"itemListElement\":[{\"@type\":\"ListItem\",\"position\":1,\"name\":\"Accueil\",\"item\":\"https:\/\/footdavant.fr\/actualites\/\"},{\"@type\":\"ListItem\",\"position\":2,\"name\":\"Le d\u00e9fenseur de Tottenham Hotspur, Micky van de Ven, absent pour le reste de l&rsquo;ann\u00e9e ?\"}]},{\"@type\":\"WebSite\",\"@id\":\"https:\/\/footdavant.fr\/actualites\/#website\",\"url\":\"https:\/\/footdavant.fr\/actualites\/\",\"name\":\"Foot d'avant\",\"description\":\"\",\"publisher\":{\"@id\":\"https:\/\/footdavant.fr\/actualites\/#organization\"},\"potentialAction\":[{\"@type\":\"SearchAction\",\"target\":{\"@type\":\"EntryPoint\",\"urlTemplate\":\"https:\/\/footdavant.fr\/actualites\/?s={search_term_string}\"},\"query-input\":\"required name=search_term_string\"}],\"inLanguage\":\"fr-FR\"},{\"@type\":\"Organization\",\"@id\":\"https:\/\/footdavant.fr\/actualites\/#organization\",\"name\":\"Foot d'avant\",\"url\":\"https:\/\/footdavant.fr\/actualites\/\",\"logo\":{\"@type\":\"ImageObject\",\"inLanguage\":\"fr-FR\",\"@id\":\"https:\/\/footdavant.fr\/actualites\/#\/schema\/logo\/image\/\",\"url\":\"https:\/\/footdavant.fr\/actualites\/wp-content\/uploads\/2023\/09\/Copy-of-FootDavant-Logo.png\",\"contentUrl\":\"https:\/\/footdavant.fr\/actualites\/wp-content\/uploads\/2023\/09\/Copy-of-FootDavant-Logo.png\",\"width\":936,\"height\":549,\"caption\":\"Foot d'avant\"},\"image\":{\"@id\":\"https:\/\/footdavant.fr\/actualites\/#\/schema\/logo\/image\/\"},\"sameAs\":[\"https:\/\/www.facebook.com\/Footdavant\/\",\"https:\/\/twitter.com\/FootdavantFr\",\"https:\/\/www.instagram.com\/footdavant.fr\/\"]},{\"@type\":\"Person\",\"@id\":\"https:\/\/footdavant.fr\/actualites\/#\/schema\/person\/bc222566d95871b37e597b3ed3ba5e1d\",\"name\":\"Cl\u00e9ment\",\"image\":{\"@type\":\"ImageObject\",\"inLanguage\":\"fr-FR\",\"@id\":\"https:\/\/footdavant.fr\/actualites\/#\/schema\/person\/image\/\",\"url\":\"https:\/\/secure.gravatar.com\/avatar\/7728b29aac2719421e1a9159b2254c44?s=96&d=mm&r=g\",\"contentUrl\":\"https:\/\/secure.gravatar.com\/avatar\/7728b29aac2719421e1a9159b2254c44?s=96&d=mm&r=g\",\"caption\":\"Cl\u00e9ment\"},\"sameAs\":[\"https:\/\/footdavant.fr\/\"]}]}<\/script>\n<!-- \/ Yoast SEO plugin. -->","yoast_head_json":{"title":"Le d\u00e9fenseur de Tottenham Hotspur, Micky van de Ven, absent pour le reste de l'ann\u00e9e ?","robots":{"index":"index","follow":"follow","max-snippet":"max-snippet:-1","max-image-preview":"max-image-preview:large","max-video-preview":"max-video-preview:-1"},"canonical":"https:\/\/footdavant.fr\/actualites\/le-defenseur-de-tottenham-hotspur-micky-van-de-ven-absent-pour-le-reste-de-lannee\/","og_locale":"fr_FR","og_type":"article","og_title":"Le d\u00e9fenseur de Tottenham Hotspur, Micky van de Ven, absent pour le reste de l'ann\u00e9e ?","og_description":"Le d\u00e9fenseur de Tottenham Hotspur, Micky van de Van, manquerait le reste de l&rsquo;ann\u00e9e 2023 apr\u00e8s s&rsquo;\u00eatre bless\u00e9 aux ischio-jambiers lors de la d\u00e9faite 4-1","og_url":"https:\/\/footdavant.fr\/actualites\/le-defenseur-de-tottenham-hotspur-micky-van-de-ven-absent-pour-le-reste-de-lannee\/","og_site_name":"Foot d&#039;avant","article_publisher":"https:\/\/www.facebook.com\/Footdavant\/","article_published_time":"2023-11-11T15:55:16+00:00","article_modified_time":"2023-11-11T15:55:17+00:00","og_image":[{"width":640,"height":480,"url":"https:\/\/footdavant.fr\/actualites\/wp-content\/uploads\/2023\/11\/Le-defenseur-de-Tottenham-Hotspur-Micky-van-de-Ven-absent.JPG","type":"image\/jpeg"}],"author":"Cl\u00e9ment","twitter_card":"summary_large_image","twitter_creator":"@FootdavantFr","twitter_site":"@FootdavantFr","twitter_misc":{"\u00c9crit par":"Cl\u00e9ment","Dur\u00e9e de lecture estim\u00e9e":"2 minutes"},"schema":{"@context":"https:\/\/schema.org","@graph":[{"@type":"Article","@id":"https:\/\/footdavant.fr\/actualites\/le-defenseur-de-tottenham-hotspur-micky-van-de-ven-absent-pour-le-reste-de-lannee\/#article","isPartOf":{"@id":"https:\/\/footdavant.fr\/actualites\/le-defenseur-de-tottenham-hotspur-micky-van-de-ven-absent-pour-le-reste-de-lannee\/"},"author":{"name":"Cl\u00e9ment","@id":"https:\/\/footdavant.fr\/actualites\/#\/schema\/person\/bc222566d95871b37e597b3ed3ba5e1d"},"headline":"Le d\u00e9fenseur de Tottenham Hotspur, Micky van de Ven, absent pour le reste de l&rsquo;ann\u00e9e ?","datePublished":"2023-11-11T15:55:16+00:00","dateModified":"2023-11-11T15:55:17+00:00","mainEntityOfPage":{"@id":"https:\/\/footdavant.fr\/actualites\/le-defenseur-de-tottenham-hotspur-micky-van-de-ven-absent-pour-le-reste-de-lannee\/"},"wordCount":449,"publisher":{"@id":"https:\/\/footdavant.fr\/actualites\/#organization"},"keywords":["absent","d\u00e9fenseur","Hotspur","lann\u00e9e","Micky","pour","reste","Tottenham","van","Ven"],"articleSection":["Premier League"],"inLanguage":"fr-FR"},{"@type":"WebPage","@id":"https:\/\/footdavant.fr\/actualites\/le-defenseur-de-tottenham-hotspur-micky-van-de-ven-absent-pour-le-reste-de-lannee\/","url":"https:\/\/footdavant.fr\/actualites\/le-defenseur-de-tottenham-hotspur-micky-van-de-ven-absent-pour-le-reste-de-lannee\/","name":"Le d\u00e9fenseur de Tottenham Hotspur, Micky van de Ven, absent pour le reste de l'ann\u00e9e ?","isPartOf":{"@id":"https:\/\/footdavant.fr\/actualites\/#website"},"datePublished":"2023-11-11T15:55:16+00:00","dateModified":"2023-11-11T15:55:17+00:00","breadcrumb":{"@id":"https:\/\/footdavant.fr\/actualites\/le-defenseur-de-tottenham-hotspur-micky-van-de-ven-absent-pour-le-reste-de-lannee\/#breadcrumb"},"inLanguage":"fr-FR","potentialAction":[{"@type":"ReadAction","target":["https:\/\/footdavant.fr\/actualites\/le-defenseur-de-tottenham-hotspur-micky-van-de-ven-absent-pour-le-reste-de-lannee\/"]}]},{"@type":"BreadcrumbList","@id":"https:\/\/footdavant.fr\/actualites\/le-defenseur-de-tottenham-hotspur-micky-van-de-ven-absent-pour-le-reste-de-lannee\/#breadcrumb","itemListElement":[{"@type":"ListItem","position":1,"name":"Accueil","item":"https:\/\/footdavant.fr\/actualites\/"},{"@type":"ListItem","position":2,"name":"Le d\u00e9fenseur de Tottenham Hotspur, Micky van de Ven, absent pour le reste de l&rsquo;ann\u00e9e ?"}]},{"@type":"WebSite","@id":"https:\/\/footdavant.fr\/actualites\/#website","url":"https:\/\/footdavant.fr\/actualites\/","name":"Foot d'avant","description":"","publisher":{"@id":"https:\/\/footdavant.fr\/actualites\/#organization"},"potentialAction":[{"@type":"SearchAction","target":{"@type":"EntryPoint","urlTemplate":"https:\/\/footdavant.fr\/actualites\/?s={search_term_string}"},"query-input":"required name=search_term_string"}],"inLanguage":"fr-FR"},{"@type":"Organization","@id":"https:\/\/footdavant.fr\/actualites\/#organization","name":"Foot d'avant","url":"https:\/\/footdavant.fr\/actualites\/","logo":{"@type":"ImageObject","inLanguage":"fr-FR","@id":"https:\/\/footdavant.fr\/actualites\/#\/schema\/logo\/image\/","url":"https:\/\/footdavant.fr\/actualites\/wp-content\/uploads\/2023\/09\/Copy-of-FootDavant-Logo.png","contentUrl":"https:\/\/footdavant.fr\/actualites\/wp-content\/uploads\/2023\/09\/Copy-of-FootDavant-Logo.png","width":936,"height":549,"caption":"Foot d'avant"},"image":{"@id":"https:\/\/footdavant.fr\/actualites\/#\/schema\/logo\/image\/"},"sameAs":["https:\/\/www.facebook.com\/Footdavant\/","https:\/\/twitter.com\/FootdavantFr","https:\/\/www.instagram.com\/footdavant.fr\/"]},{"@type":"Person","@id":"https:\/\/footdavant.fr\/actualites\/#\/schema\/person\/bc222566d95871b37e597b3ed3ba5e1d","name":"Cl\u00e9ment","image":{"@type":"ImageObject","inLanguage":"fr-FR","@id":"https:\/\/footdavant.fr\/actualites\/#\/schema\/person\/image\/","url":"https:\/\/secure.gravatar.com\/avatar\/7728b29aac2719421e1a9159b2254c44?s=96&d=mm&r=g","contentUrl":"https:\/\/secure.gravatar.com\/avatar\/7728b29aac2719421e1a9159b2254c44?s=96&d=mm&r=g","caption":"Cl\u00e9ment"},"sameAs":["https:\/\/footdavant.fr\/"]}]}},"_links":{"self":[{"href":"https:\/\/footdavant.fr\/actualites\/wp-json\/wp\/v2\/posts\/743"}],"collection":[{"href":"https:\/\/footdavant.fr\/actualites\/wp-json\/wp\/v2\/posts"}],"about":[{"href":"https:\/\/footdavant.fr\/actualites\/wp-json\/wp\/v2\/types\/post"}],"author":[{"embeddable":true,"href":"https:\/\/footdavant.fr\/actualites\/wp-json\/wp\/v2\/users\/1"}],"replies":[{"embeddable":true,"href":"https:\/\/footdavant.fr\/actualites\/wp-json\/wp\/v2\/comments?post=743"}],"version-history":[{"count":1,"href":"https:\/\/footdavant.fr\/actualites\/wp-json\/wp\/v2\/posts\/743\/revisions"}],"predecessor-version":[{"id":745,"href":"https:\/\/footdavant.fr\/actualites\/wp-json\/wp\/v2\/posts\/743\/revisions\/745"}],"wp:featuredmedia":[{"embeddable":true,"href":"https:\/\/footdavant.fr\/actualites\/wp-json\/wp\/v2\/media\/744"}],"wp:attachment":[{"href":"https:\/\/footdavant.fr\/actualites\/wp-json\/wp\/v2\/media?parent=743"}],"wp:term":[{"taxonomy":"category","embeddable":true,"href":"https:\/\/footdavant.fr\/actualites\/wp-json\/wp\/v2\/categories?post=743"},{"taxonomy":"post_tag","embeddable":true,"href":"https:\/\/footdavant.fr\/actualites\/wp-json\/wp\/v2\/tags?post=743"}],"curies":[{"name":"wp","href":"https:\/\/api.w.org\/{rel}","templated":true}]}}