{"id":752,"date":"2023-11-11T19:57:14","date_gmt":"2023-11-11T18:57:14","guid":{"rendered":"https:\/\/footdavant.fr\/actualites\/richarlison-de-tottenham-hotspur-subit-une-intervention-chirurgicale-suite-a-une-blessure-a-laine\/"},"modified":"2023-11-11T19:57:14","modified_gmt":"2023-11-11T18:57:14","slug":"richarlison-de-tottenham-hotspur-subit-une-intervention-chirurgicale-suite-a-une-blessure-a-laine","status":"publish","type":"post","link":"https:\/\/footdavant.fr\/actualites\/richarlison-de-tottenham-hotspur-subit-une-intervention-chirurgicale-suite-a-une-blessure-a-laine\/","title":{"rendered":"Richarlison de Tottenham Hotspur subit une intervention chirurgicale suite \u00e0 une blessure \u00e0 l&rsquo;aine"},"content":{"rendered":"<p>L&rsquo;attaquant de Tottenham Hotspur, Richarlison, confirme qu&rsquo;il a subi avec succ\u00e8s une op\u00e9ration chirurgicale suite \u00e0 une blessure \u00ab\u00a0chronique\u00a0\u00bb et \u00ab\u00a0insupportable\u00a0\u00bb \u00e0 l&rsquo;aine.<\/p>\n<div id=\"article_body\" itemprop=\"articleBody\">\n<h3 class=\"firstPara\">\n<strong class=\"autotag\">Tottenham Hotspur<\/strong> attaquant <strong class=\"autotag\">Richarlison<\/strong> a subi avec succ\u00e8s une intervention chirurgicale suite \u00e0 une blessure \u00e0 l&rsquo;aine.<\/h3>\n<p>Le joueur de 26 ans a particip\u00e9 \u00e0 chacun des 10 premiers matchs de Tottenham en Premier League sous <strong class=\"autotag\">Ange Postecoglou<\/strong> mais il \u00e9tait un rempla\u00e7ant inutilis\u00e9 lors de la d\u00e9faite 4-1 du week-end contre Chelsea.<\/p>\n<p><strong class=\"autotag\">Brennan Johnson<\/strong> a re\u00e7u le feu vert sur le c\u00f4t\u00e9 gauche alors que Richarlison r\u00e9chauffait le banc, et l&rsquo;ancien homme d&rsquo;Everton a \u00e9galement \u00e9t\u00e9 exclu de l&rsquo;\u00e9quipe br\u00e9silienne pour les internationaux de novembre.<\/p>\n<p>Alors que Postecoglou et <strong class=\"autotag\">Fernando Diniz<\/strong>Les d\u00e9cisions semblaient tactiques au d\u00e9but, Richarlison a r\u00e9v\u00e9l\u00e9 apr\u00e8s la d\u00e9faite du week-end qu&rsquo;il soignait un probl\u00e8me pelvien, qui n\u00e9cessiterait une op\u00e9ration.<\/p>\n<p>Jeudi apr\u00e8s-midi, Richarlison a r\u00e9v\u00e9l\u00e9 sur les r\u00e9seaux sociaux qu&rsquo;il avait termin\u00e9 la proc\u00e9dure pour mettre fin \u00e0 la douleur \u00ab chronique \u00bb et \u00ab insupportable \u00bb \u00e0 laquelle il faisait face depuis le d\u00e9but de 2023.<\/p>\n<blockquote class=\"instagram-media\" data-instgrm-permalink=\"https:\/\/www.instagram.com\/p\/CzbpzzFMRtf\/?utm_source=ig_embed&amp;utm_campaign=loading\" data-instgrm-version=\"14\" style=\" background:#FFF; border:0; border-radius:3px; box-shadow:0 0 1px 0 rgba(0,0,0,0.5),0 1px 10px 0 rgba(0,0,0,0.15); margin: 1px; max-width:540px; min-width:326px; padding:0; width:99.375%; width:-webkit-calc(100% - 2px); width:calc(100% - 2px);\"><\/blockquote>\n<p>\u00ab\u00a0Salut tout le monde ! Aujourd&rsquo;hui, j&rsquo;ai subi une intervention chirurgicale pour corriger un probl\u00e8me chronique que je souffre dans la r\u00e9gion pubienne\u00a0\u00bb, a \u00e9crit Richarlison sur Instagram, o\u00f9 il a partag\u00e9 une photo de lui posant dans un lit d&rsquo;h\u00f4pital.<\/p>\n<p>\u00ab\u00a0Depuis le d\u00e9but de l&rsquo;ann\u00e9e, je fais face \u00e0 des douleurs insupportables, qui affectent mes performances et ma joie sur le terrain. Il y a quelques jours, j&rsquo;ai d\u00e9cid\u00e9 qu&rsquo;il \u00e9tait temps de donner la priorit\u00e9 \u00e0 ma sant\u00e9, de r\u00e9cup\u00e9rer et de retrouver la condition physique de mon meilleure performance et, surtout, vivre sans la douleur que je ressens.<\/p>\n<p>\u00ab\u00a0Maintenant, je rentre chez moi pour me reposer un peu et lancer le processus de r\u00e9cup\u00e9ration. Je sais qu&rsquo;il y aura des jours difficiles sans faire ce que j&rsquo;aime le plus dans la vie, mais ce ne serait pas juste pour moi, mon club et le \u00e9quipe nationale de continuer \u00e0 n\u00e9gliger ma sant\u00e9. <\/p>\n<p>\u00ab\u00a0Tr\u00e8s bient\u00f4t, je serai de retour, si Dieu le veut, 100% r\u00e9tabli et pr\u00eat \u00e0 relever les d\u00e9fis qui m&rsquo;attendent ! Merci pour tous les messages de soutien, et un grand merci aux m\u00e9decins du club pour leurs soins attentifs ! Bravo !\u00a0\u00bb<\/p>\n<p>Pendant ce temps, Tottenham a confirm\u00e9 dans sa propre d\u00e9claration que Richarlison devrait reprendre l&rsquo;entra\u00eenement dans les \u00ab\u00a0semaines \u00e0 venir\u00a0\u00bb, bien qu&rsquo;aucune date n&rsquo;ait encore \u00e9t\u00e9 fix\u00e9e pour son retour.<\/p>\n<p class=\"imgI\">\n<p>\u00ab\u00a0Nous pouvons confirmer que Richarlison a subi une op\u00e9ration \u00e0 l&rsquo;aine aujourd&rsquo;hui. L&rsquo;international br\u00e9silien commencera imm\u00e9diatement sa r\u00e9\u00e9ducation avec notre staff m\u00e9dical, avant de reprendre l&rsquo;entra\u00eenement dans les semaines \u00e0 venir. Je vous souhaite un prompt r\u00e9tablissement, Richy !\u00a0\u00bb  Tottenham a \u00e9crit sur <em>X<\/em>anciennement connu sous le nom <em>Twitter<\/em>.<\/p>\n<p>Richarlison a eu du mal \u00e0 trouver ses bottes de tir depuis qu&rsquo;il a quitt\u00e9 Everton pour les Spurs en 2022, marquant seulement cinq fois en 46 matches pour les Lilywhites tous tournois confondus, en plus de sept passes d\u00e9cisives.<\/p>\n<p>Le joueur de 26 ans compte deux buts et trois passes d\u00e9cisives en 11 apparitions lors de la campagne 2023-24, marquant seulement son deuxi\u00e8me but en Premier League pour l&rsquo;\u00e9quipe de Postecoglou lors d&rsquo;une victoire spectaculaire 2-1 contre Sheffield United.<\/p>\n<p>Aux c\u00f4t\u00e9s de Richarlison, Tottenham devrait \u00e9galement travailler sans <strong class=\"autotag\">Micky van de Ven<\/strong> pour le reste de 2023 en raison de la blessure \u00e0 la cuisse qu&rsquo;il a subie contre Chelsea, tandis que <strong class=\"autotag\">Manoir Salomon<\/strong>, <strong class=\"autotag\">Alfie Whiteman<\/strong>, <strong class=\"autotag\">Ivan Peri\u0161i\u0107<\/strong> et <strong class=\"autotag\">Ryan Sessegnon<\/strong> sont \u00e9galement mis \u00e0 l\u2019\u00e9cart.<\/p>\n<p><strong class=\"autotag\">Ben Davies<\/strong> et <strong class=\"autotag\">James Maddison<\/strong> Il y a \u00e9galement des doutes pour le choc de samedi contre Wolverhampton Wanderers, o\u00f9 <strong class=\"autotag\">Destin Udogie<\/strong> et <strong class=\"autotag\">Cristian Romero<\/strong> seront tous deux absents en raison d&rsquo;une suspension, laissant Postecoglou aux limites de la d\u00e9fense.<\/p>\n<\/div>\n<p><script async src=\"\/\/www.instagram.com\/embed.js\"><\/script><\/p>\n","protected":false},"excerpt":{"rendered":"<p>L&rsquo;attaquant de Tottenham Hotspur, Richarlison, confirme qu&rsquo;il a subi avec succ\u00e8s une op\u00e9ration chirurgicale suite \u00e0 une blessure \u00ab\u00a0chronique\u00a0\u00bb et \u00ab\u00a0insupportable\u00a0\u00bb \u00e0 l&rsquo;aine. Tottenham Hotspur<\/p>\n","protected":false},"author":1,"featured_media":753,"comment_status":"closed","ping_status":"","sticky":false,"template":"","format":"standard","meta":{"footnotes":""},"categories":[5],"tags":[15,935,69,934,184,933,366,936,68,92],"yoast_head":"<!-- This site is optimized with the Yoast SEO plugin v21.0 - https:\/\/yoast.com\/wordpress\/plugins\/seo\/ -->\n<title>Richarlison de Tottenham Hotspur subit une intervention chirurgicale suite \u00e0 une blessure \u00e0 l&#039;aine<\/title>\n<meta name=\"robots\" content=\"index, follow, max-snippet:-1, max-image-preview:large, max-video-preview:-1\" \/>\n<link rel=\"canonical\" href=\"https:\/\/footdavant.fr\/actualites\/richarlison-de-tottenham-hotspur-subit-une-intervention-chirurgicale-suite-a-une-blessure-a-laine\/\" \/>\n<meta property=\"og:locale\" content=\"fr_FR\" \/>\n<meta property=\"og:type\" content=\"article\" \/>\n<meta property=\"og:title\" content=\"Richarlison de Tottenham Hotspur subit une intervention chirurgicale suite \u00e0 une blessure \u00e0 l&#039;aine\" \/>\n<meta property=\"og:description\" content=\"L&rsquo;attaquant de Tottenham Hotspur, Richarlison, confirme qu&rsquo;il a subi avec succ\u00e8s une op\u00e9ration chirurgicale suite \u00e0 une blessure \u00ab\u00a0chronique\u00a0\u00bb et \u00ab\u00a0insupportable\u00a0\u00bb \u00e0 l&rsquo;aine. Tottenham Hotspur\" \/>\n<meta property=\"og:url\" content=\"https:\/\/footdavant.fr\/actualites\/richarlison-de-tottenham-hotspur-subit-une-intervention-chirurgicale-suite-a-une-blessure-a-laine\/\" \/>\n<meta property=\"og:site_name\" content=\"Foot d&#039;avant\" \/>\n<meta property=\"article:publisher\" content=\"https:\/\/www.facebook.com\/Footdavant\/\" \/>\n<meta property=\"article:published_time\" content=\"2023-11-11T18:57:14+00:00\" \/>\n<meta property=\"og:image\" content=\"https:\/\/footdavant.fr\/actualites\/wp-content\/uploads\/2023\/11\/Richarlison-de-Tottenham-Hotspur-subit-une-intervention-chirurgicale-suite-a.JPG\" \/>\n\t<meta property=\"og:image:width\" content=\"640\" \/>\n\t<meta property=\"og:image:height\" content=\"480\" \/>\n\t<meta property=\"og:image:type\" content=\"image\/jpeg\" \/>\n<meta name=\"author\" content=\"Cl\u00e9ment\" \/>\n<meta name=\"twitter:card\" content=\"summary_large_image\" \/>\n<meta name=\"twitter:creator\" content=\"@FootdavantFr\" \/>\n<meta name=\"twitter:site\" content=\"@FootdavantFr\" \/>\n<meta name=\"twitter:label1\" content=\"\u00c9crit par\" \/>\n\t<meta name=\"twitter:data1\" content=\"Cl\u00e9ment\" \/>\n\t<meta name=\"twitter:label2\" content=\"Dur\u00e9e de lecture estim\u00e9e\" \/>\n\t<meta name=\"twitter:data2\" content=\"3 minutes\" \/>\n<script type=\"application\/ld+json\" class=\"yoast-schema-graph\">{\"@context\":\"https:\/\/schema.org\",\"@graph\":[{\"@type\":\"Article\",\"@id\":\"https:\/\/footdavant.fr\/actualites\/richarlison-de-tottenham-hotspur-subit-une-intervention-chirurgicale-suite-a-une-blessure-a-laine\/#article\",\"isPartOf\":{\"@id\":\"https:\/\/footdavant.fr\/actualites\/richarlison-de-tottenham-hotspur-subit-une-intervention-chirurgicale-suite-a-une-blessure-a-laine\/\"},\"author\":{\"name\":\"Cl\u00e9ment\",\"@id\":\"https:\/\/footdavant.fr\/actualites\/#\/schema\/person\/bc222566d95871b37e597b3ed3ba5e1d\"},\"headline\":\"Richarlison de Tottenham Hotspur subit une intervention chirurgicale suite \u00e0 une blessure \u00e0 l&rsquo;aine\",\"datePublished\":\"2023-11-11T18:57:14+00:00\",\"dateModified\":\"2023-11-11T18:57:14+00:00\",\"mainEntityOfPage\":{\"@id\":\"https:\/\/footdavant.fr\/actualites\/richarlison-de-tottenham-hotspur-subit-une-intervention-chirurgicale-suite-a-une-blessure-a-laine\/\"},\"wordCount\":656,\"publisher\":{\"@id\":\"https:\/\/footdavant.fr\/actualites\/#organization\"},\"keywords\":[\"Blessure\",\"chirurgicale\",\"Hotspur\",\"intervention\",\"laine\",\"Richarlison\",\"subit\",\"suite\",\"Tottenham\",\"une\"],\"articleSection\":[\"Premier League\"],\"inLanguage\":\"fr-FR\"},{\"@type\":\"WebPage\",\"@id\":\"https:\/\/footdavant.fr\/actualites\/richarlison-de-tottenham-hotspur-subit-une-intervention-chirurgicale-suite-a-une-blessure-a-laine\/\",\"url\":\"https:\/\/footdavant.fr\/actualites\/richarlison-de-tottenham-hotspur-subit-une-intervention-chirurgicale-suite-a-une-blessure-a-laine\/\",\"name\":\"Richarlison de Tottenham Hotspur subit une intervention chirurgicale suite \u00e0 une blessure \u00e0 l'aine\",\"isPartOf\":{\"@id\":\"https:\/\/footdavant.fr\/actualites\/#website\"},\"datePublished\":\"2023-11-11T18:57:14+00:00\",\"dateModified\":\"2023-11-11T18:57:14+00:00\",\"breadcrumb\":{\"@id\":\"https:\/\/footdavant.fr\/actualites\/richarlison-de-tottenham-hotspur-subit-une-intervention-chirurgicale-suite-a-une-blessure-a-laine\/#breadcrumb\"},\"inLanguage\":\"fr-FR\",\"potentialAction\":[{\"@type\":\"ReadAction\",\"target\":[\"https:\/\/footdavant.fr\/actualites\/richarlison-de-tottenham-hotspur-subit-une-intervention-chirurgicale-suite-a-une-blessure-a-laine\/\"]}]},{\"@type\":\"BreadcrumbList\",\"@id\":\"https:\/\/footdavant.fr\/actualites\/richarlison-de-tottenham-hotspur-subit-une-intervention-chirurgicale-suite-a-une-blessure-a-laine\/#breadcrumb\",\"itemListElement\":[{\"@type\":\"ListItem\",\"position\":1,\"name\":\"Accueil\",\"item\":\"https:\/\/footdavant.fr\/actualites\/\"},{\"@type\":\"ListItem\",\"position\":2,\"name\":\"Richarlison de Tottenham Hotspur subit une intervention chirurgicale suite \u00e0 une blessure \u00e0 l&rsquo;aine\"}]},{\"@type\":\"WebSite\",\"@id\":\"https:\/\/footdavant.fr\/actualites\/#website\",\"url\":\"https:\/\/footdavant.fr\/actualites\/\",\"name\":\"Foot d'avant\",\"description\":\"\",\"publisher\":{\"@id\":\"https:\/\/footdavant.fr\/actualites\/#organization\"},\"potentialAction\":[{\"@type\":\"SearchAction\",\"target\":{\"@type\":\"EntryPoint\",\"urlTemplate\":\"https:\/\/footdavant.fr\/actualites\/?s={search_term_string}\"},\"query-input\":\"required name=search_term_string\"}],\"inLanguage\":\"fr-FR\"},{\"@type\":\"Organization\",\"@id\":\"https:\/\/footdavant.fr\/actualites\/#organization\",\"name\":\"Foot d'avant\",\"url\":\"https:\/\/footdavant.fr\/actualites\/\",\"logo\":{\"@type\":\"ImageObject\",\"inLanguage\":\"fr-FR\",\"@id\":\"https:\/\/footdavant.fr\/actualites\/#\/schema\/logo\/image\/\",\"url\":\"https:\/\/footdavant.fr\/actualites\/wp-content\/uploads\/2023\/09\/Copy-of-FootDavant-Logo.png\",\"contentUrl\":\"https:\/\/footdavant.fr\/actualites\/wp-content\/uploads\/2023\/09\/Copy-of-FootDavant-Logo.png\",\"width\":936,\"height\":549,\"caption\":\"Foot d'avant\"},\"image\":{\"@id\":\"https:\/\/footdavant.fr\/actualites\/#\/schema\/logo\/image\/\"},\"sameAs\":[\"https:\/\/www.facebook.com\/Footdavant\/\",\"https:\/\/twitter.com\/FootdavantFr\",\"https:\/\/www.instagram.com\/footdavant.fr\/\"]},{\"@type\":\"Person\",\"@id\":\"https:\/\/footdavant.fr\/actualites\/#\/schema\/person\/bc222566d95871b37e597b3ed3ba5e1d\",\"name\":\"Cl\u00e9ment\",\"image\":{\"@type\":\"ImageObject\",\"inLanguage\":\"fr-FR\",\"@id\":\"https:\/\/footdavant.fr\/actualites\/#\/schema\/person\/image\/\",\"url\":\"https:\/\/secure.gravatar.com\/avatar\/7728b29aac2719421e1a9159b2254c44?s=96&d=mm&r=g\",\"contentUrl\":\"https:\/\/secure.gravatar.com\/avatar\/7728b29aac2719421e1a9159b2254c44?s=96&d=mm&r=g\",\"caption\":\"Cl\u00e9ment\"},\"sameAs\":[\"https:\/\/footdavant.fr\/\"]}]}<\/script>\n<!-- \/ Yoast SEO plugin. -->","yoast_head_json":{"title":"Richarlison de Tottenham Hotspur subit une intervention chirurgicale suite \u00e0 une blessure \u00e0 l'aine","robots":{"index":"index","follow":"follow","max-snippet":"max-snippet:-1","max-image-preview":"max-image-preview:large","max-video-preview":"max-video-preview:-1"},"canonical":"https:\/\/footdavant.fr\/actualites\/richarlison-de-tottenham-hotspur-subit-une-intervention-chirurgicale-suite-a-une-blessure-a-laine\/","og_locale":"fr_FR","og_type":"article","og_title":"Richarlison de Tottenham Hotspur subit une intervention chirurgicale suite \u00e0 une blessure \u00e0 l'aine","og_description":"L&rsquo;attaquant de Tottenham Hotspur, Richarlison, confirme qu&rsquo;il a subi avec succ\u00e8s une op\u00e9ration chirurgicale suite \u00e0 une blessure \u00ab\u00a0chronique\u00a0\u00bb et \u00ab\u00a0insupportable\u00a0\u00bb \u00e0 l&rsquo;aine. Tottenham Hotspur","og_url":"https:\/\/footdavant.fr\/actualites\/richarlison-de-tottenham-hotspur-subit-une-intervention-chirurgicale-suite-a-une-blessure-a-laine\/","og_site_name":"Foot d&#039;avant","article_publisher":"https:\/\/www.facebook.com\/Footdavant\/","article_published_time":"2023-11-11T18:57:14+00:00","og_image":[{"width":640,"height":480,"url":"https:\/\/footdavant.fr\/actualites\/wp-content\/uploads\/2023\/11\/Richarlison-de-Tottenham-Hotspur-subit-une-intervention-chirurgicale-suite-a.JPG","type":"image\/jpeg"}],"author":"Cl\u00e9ment","twitter_card":"summary_large_image","twitter_creator":"@FootdavantFr","twitter_site":"@FootdavantFr","twitter_misc":{"\u00c9crit par":"Cl\u00e9ment","Dur\u00e9e de lecture estim\u00e9e":"3 minutes"},"schema":{"@context":"https:\/\/schema.org","@graph":[{"@type":"Article","@id":"https:\/\/footdavant.fr\/actualites\/richarlison-de-tottenham-hotspur-subit-une-intervention-chirurgicale-suite-a-une-blessure-a-laine\/#article","isPartOf":{"@id":"https:\/\/footdavant.fr\/actualites\/richarlison-de-tottenham-hotspur-subit-une-intervention-chirurgicale-suite-a-une-blessure-a-laine\/"},"author":{"name":"Cl\u00e9ment","@id":"https:\/\/footdavant.fr\/actualites\/#\/schema\/person\/bc222566d95871b37e597b3ed3ba5e1d"},"headline":"Richarlison de Tottenham Hotspur subit une intervention chirurgicale suite \u00e0 une blessure \u00e0 l&rsquo;aine","datePublished":"2023-11-11T18:57:14+00:00","dateModified":"2023-11-11T18:57:14+00:00","mainEntityOfPage":{"@id":"https:\/\/footdavant.fr\/actualites\/richarlison-de-tottenham-hotspur-subit-une-intervention-chirurgicale-suite-a-une-blessure-a-laine\/"},"wordCount":656,"publisher":{"@id":"https:\/\/footdavant.fr\/actualites\/#organization"},"keywords":["Blessure","chirurgicale","Hotspur","intervention","laine","Richarlison","subit","suite","Tottenham","une"],"articleSection":["Premier League"],"inLanguage":"fr-FR"},{"@type":"WebPage","@id":"https:\/\/footdavant.fr\/actualites\/richarlison-de-tottenham-hotspur-subit-une-intervention-chirurgicale-suite-a-une-blessure-a-laine\/","url":"https:\/\/footdavant.fr\/actualites\/richarlison-de-tottenham-hotspur-subit-une-intervention-chirurgicale-suite-a-une-blessure-a-laine\/","name":"Richarlison de Tottenham Hotspur subit une intervention chirurgicale suite \u00e0 une blessure \u00e0 l'aine","isPartOf":{"@id":"https:\/\/footdavant.fr\/actualites\/#website"},"datePublished":"2023-11-11T18:57:14+00:00","dateModified":"2023-11-11T18:57:14+00:00","breadcrumb":{"@id":"https:\/\/footdavant.fr\/actualites\/richarlison-de-tottenham-hotspur-subit-une-intervention-chirurgicale-suite-a-une-blessure-a-laine\/#breadcrumb"},"inLanguage":"fr-FR","potentialAction":[{"@type":"ReadAction","target":["https:\/\/footdavant.fr\/actualites\/richarlison-de-tottenham-hotspur-subit-une-intervention-chirurgicale-suite-a-une-blessure-a-laine\/"]}]},{"@type":"BreadcrumbList","@id":"https:\/\/footdavant.fr\/actualites\/richarlison-de-tottenham-hotspur-subit-une-intervention-chirurgicale-suite-a-une-blessure-a-laine\/#breadcrumb","itemListElement":[{"@type":"ListItem","position":1,"name":"Accueil","item":"https:\/\/footdavant.fr\/actualites\/"},{"@type":"ListItem","position":2,"name":"Richarlison de Tottenham Hotspur subit une intervention chirurgicale suite \u00e0 une blessure \u00e0 l&rsquo;aine"}]},{"@type":"WebSite","@id":"https:\/\/footdavant.fr\/actualites\/#website","url":"https:\/\/footdavant.fr\/actualites\/","name":"Foot d'avant","description":"","publisher":{"@id":"https:\/\/footdavant.fr\/actualites\/#organization"},"potentialAction":[{"@type":"SearchAction","target":{"@type":"EntryPoint","urlTemplate":"https:\/\/footdavant.fr\/actualites\/?s={search_term_string}"},"query-input":"required name=search_term_string"}],"inLanguage":"fr-FR"},{"@type":"Organization","@id":"https:\/\/footdavant.fr\/actualites\/#organization","name":"Foot d'avant","url":"https:\/\/footdavant.fr\/actualites\/","logo":{"@type":"ImageObject","inLanguage":"fr-FR","@id":"https:\/\/footdavant.fr\/actualites\/#\/schema\/logo\/image\/","url":"https:\/\/footdavant.fr\/actualites\/wp-content\/uploads\/2023\/09\/Copy-of-FootDavant-Logo.png","contentUrl":"https:\/\/footdavant.fr\/actualites\/wp-content\/uploads\/2023\/09\/Copy-of-FootDavant-Logo.png","width":936,"height":549,"caption":"Foot d'avant"},"image":{"@id":"https:\/\/footdavant.fr\/actualites\/#\/schema\/logo\/image\/"},"sameAs":["https:\/\/www.facebook.com\/Footdavant\/","https:\/\/twitter.com\/FootdavantFr","https:\/\/www.instagram.com\/footdavant.fr\/"]},{"@type":"Person","@id":"https:\/\/footdavant.fr\/actualites\/#\/schema\/person\/bc222566d95871b37e597b3ed3ba5e1d","name":"Cl\u00e9ment","image":{"@type":"ImageObject","inLanguage":"fr-FR","@id":"https:\/\/footdavant.fr\/actualites\/#\/schema\/person\/image\/","url":"https:\/\/secure.gravatar.com\/avatar\/7728b29aac2719421e1a9159b2254c44?s=96&d=mm&r=g","contentUrl":"https:\/\/secure.gravatar.com\/avatar\/7728b29aac2719421e1a9159b2254c44?s=96&d=mm&r=g","caption":"Cl\u00e9ment"},"sameAs":["https:\/\/footdavant.fr\/"]}]}},"_links":{"self":[{"href":"https:\/\/footdavant.fr\/actualites\/wp-json\/wp\/v2\/posts\/752"}],"collection":[{"href":"https:\/\/footdavant.fr\/actualites\/wp-json\/wp\/v2\/posts"}],"about":[{"href":"https:\/\/footdavant.fr\/actualites\/wp-json\/wp\/v2\/types\/post"}],"author":[{"embeddable":true,"href":"https:\/\/footdavant.fr\/actualites\/wp-json\/wp\/v2\/users\/1"}],"replies":[{"embeddable":true,"href":"https:\/\/footdavant.fr\/actualites\/wp-json\/wp\/v2\/comments?post=752"}],"version-history":[{"count":1,"href":"https:\/\/footdavant.fr\/actualites\/wp-json\/wp\/v2\/posts\/752\/revisions"}],"predecessor-version":[{"id":754,"href":"https:\/\/footdavant.fr\/actualites\/wp-json\/wp\/v2\/posts\/752\/revisions\/754"}],"wp:featuredmedia":[{"embeddable":true,"href":"https:\/\/footdavant.fr\/actualites\/wp-json\/wp\/v2\/media\/753"}],"wp:attachment":[{"href":"https:\/\/footdavant.fr\/actualites\/wp-json\/wp\/v2\/media?parent=752"}],"wp:term":[{"taxonomy":"category","embeddable":true,"href":"https:\/\/footdavant.fr\/actualites\/wp-json\/wp\/v2\/categories?post=752"},{"taxonomy":"post_tag","embeddable":true,"href":"https:\/\/footdavant.fr\/actualites\/wp-json\/wp\/v2\/tags?post=752"}],"curies":[{"name":"wp","href":"https:\/\/api.w.org\/{rel}","templated":true}]}}