{"id":7651,"date":"2024-04-17T22:48:14","date_gmt":"2024-04-17T20:48:14","guid":{"rendered":"https:\/\/footdavant.fr\/actualites\/pochettino-prend-une-decision-sur-la-punition-de-madueke-et-jackson\/"},"modified":"2024-04-17T22:48:15","modified_gmt":"2024-04-17T20:48:15","slug":"pochettino-prend-une-decision-sur-la-punition-de-madueke-et-jackson","status":"publish","type":"post","link":"https:\/\/footdavant.fr\/actualites\/pochettino-prend-une-decision-sur-la-punition-de-madueke-et-jackson\/","title":{"rendered":"Pochettino prend une d\u00e9cision sur la punition de Madueke et Jackson"},"content":{"rendered":"<p>L&#39;entra\u00eeneur-chef de Chelsea, Mauricio Pochettino, r\u00e9v\u00e8le les cons\u00e9quences pour Noni Madueke et Nicolas Jackson apr\u00e8s leur penalty embarrassant lors de la victoire 6-0 de leur \u00e9quipe contre Everton.<\/p>\n<div id=\"article_body\" itemprop=\"articleBody\">\n<h3 class=\"firstPara\">\n<strong class=\"autotag\">Chelsea<\/strong> l&#39;entra\u00eeneur-chef <strong class=\"autotag\">Mauricio Pochettino<\/strong> a d\u00e9clar\u00e9 qu&#39;il voulait <strong class=\"autotag\">Noni Madueke<\/strong> et <strong class=\"autotag\">Nicolas Jackson<\/strong> \u00ab\u00a0apprendre\u00a0\u00bb &#8211; plut\u00f4t que d&#39;\u00eatre puni &#8211; pour leur penalty crach\u00e9 lors de la victoire 6-0 de l&#39;\u00e9quipe contre Everton lundi soir.<\/h3>\n<p>Les Blues ont prolong\u00e9 leur r\u00e9cente s\u00e9rie d&#39;invincibilit\u00e9 en Premier League \u00e0 huit matches en remportant une victoire dominante contre les Toffees \u00e0 Stamford Bridge.<\/p>\n<p><strong class=\"autotag\">Cole Palmer<\/strong> \u00e9tait la star du spectacle, marquant quatre fois pour r\u00e9aliser des tours du chapeau cons\u00e9cutifs lors des matches de championnat de Stamford Bridge, tandis que Jackson et <strong class=\"autotag\">Alfie Gilchrist<\/strong> \u00e9galement inscrit sur la feuille de match.<\/p>\n<p>Cependant, le triomphe a \u00e9t\u00e9 g\u00e2ch\u00e9 par un incident en seconde p\u00e9riode impliquant Madueke et Jackson, qui se sont disput\u00e9s le ballon lorsque Chelsea a obtenu un penalty (4-0).<\/p>\n<p>Chaque joueur est en dessous de Palmer &#8211; qui a un record de 100% sur place &#8211; dans l&#39;ordre hi\u00e9rarchique, et l&#39;\u00e9pisode ne s&#39;est termin\u00e9 que par le capitaine. <strong class=\"autotag\">Conor Gallagher<\/strong> repoussant ses co\u00e9quipiers pour permettre \u00e0 Palmer de prendre ses responsabilit\u00e9s.<\/p>\n<blockquote class=\"twitter-tweet\">\n<p lang=\"qme\" dir=\"ltr\">\ud83d\ude33\ud83d\ude33\ud83d\ude33 <a rel=\"nofollow\" href=\"https:\/\/t.co\/qCP4uALalE\">pic.twitter.com\/qCP4uALalE<\/a><\/p>\n<p>\u2013 Sky Sports Premier League (@SkySportsPL) <a rel=\"nofollow\" href=\"https:\/\/twitter.com\/SkySportsPL\/status\/1779969884601876992?ref_src=twsrc%5Etfw\">15 avril 2024<\/a>\n<\/p><\/blockquote>\n<h2 class=\"k3\">Ce n&#39;est pas le premier incident impliquant Madueke&#8230;<\/h2>\n<p>Madueke, qui a converti des p\u00e9nalit\u00e9s \u00e0 son actif cette saison, a tent\u00e9 de prendre un coup d&#39;envoi crucial contre Palmer lors du pr\u00e9c\u00e9dent match \u00e0 domicile contre Manchester United, une d\u00e9cision qui n&#39;a pas \u00e9t\u00e9 bien accueillie par les supporters de Chelsea \u00e0 l&#39;\u00e9poque.<\/p>\n<p>Dans le pass\u00e9, Pochettino a indiqu\u00e9 que les joueurs pouvaient d\u00e9cider entre eux des p\u00e9nalit\u00e9s, mais il y a eu un changement radical de ton lorsqu&#39;il a comment\u00e9 l&#39;incident d&#39;apr\u00e8s-match.<\/p>\n<p>Plus tard, lors d&#39;une conf\u00e9rence de presse, on a naturellement demand\u00e9 \u00e0 l&#39;Argentin s&#39;il y aurait d&#39;autres r\u00e9percussions pour les deux attaquants, mais il a insist\u00e9 sur le fait qu&#39;il souhaitait adopter une approche diff\u00e9rente face au souhait g\u00e9n\u00e9ral des supporters.<\/p>\n<p>Pochettino a d\u00e9clar\u00e9, cit\u00e9 par <em>football.londres<\/em>: \u00ab\u00a0Non, non, il ne s&#39;agit pas de punition. Il s&#39;agit d&#39;apprendre. Ce sont des jeunes, ils se comportent comme \u00e7a. Je pense que la r\u00e9action de [Conor] Gallagher comme un capitaine.  Je pense que nous ne pouvons pas avoir ce genre de comportement.  C&#39;est une punition pour tout le monde car ils savent tous que si Palmer est sur le terrain, il est le tireur depuis le jour o\u00f9 il a commenc\u00e9 \u00e0 jouer.<\/p>\n<p>\u00ab\u00a0Nous devons \u00e9galement nous rappeler quand c&#39;\u00e9tait une situation tr\u00e8s difficile. Vous vous souvenez de Burnley ? Le penalty \u2013 personne ne voulait le tirer mais il a pris le ballon et a montr\u00e9 sa personnalit\u00e9 \u00e0 partir de l\u00e0.<\/p>\n<p>\u00ab\u00a0Ecoute, c&#39;est arriv\u00e9. Nous parlions. Je peux expliquer tout ce dont nous parlions l\u00e0-bas. C&#39;est dommage. Je ne peux que m&#39;excuser et dire que cela n&#39;arrivera pas. S&#39;ils se comportent comme des enfants, ici c&#39;est impossible .<\/p>\n<p>\u00ab\u00a0Apr\u00e8s le match incroyable que nous avons jou\u00e9 depuis le d\u00e9but, en parler aujourd&#39;hui, c&#39;est dommage et c&#39;est une chose inacceptable. Nous ne m\u00e9ritons pas d&#39;en parler. Je m&#39;excuse aupr\u00e8s des fans et des gens parce que la fa\u00e7on dont nous nous comportons. Cela fait partie du processus.<\/p>\n<p class=\"imgI\">\n<h2 class=\"k3\">Madueke et Jackson joueront-ils contre Manchester City ?<\/h2>\n<p>Chelsea commence maintenant les pr\u00e9paratifs pour sa demi-finale de la FA Cup contre Manchester City samedi soir, sans doute le plus grand match de la saison en dehors de la finale de la Coupe EFL.<\/p>\n<p>Malgr\u00e9 la p\u00e9tulance de Jackson, l&#39;international s\u00e9n\u00e9galais conservera presque certainement sa place dans le onze de d\u00e9part, tr\u00e8s probablement au centre de l&#39;attaque.<\/p>\n<p>La place de Madueke est beaucoup moins garantie.  Avec <strong class=\"autotag\">Enzo Fern\u00e1ndez<\/strong> potentiellement en mesure de revenir d&#39;une blessure, on s&#39;attend \u00e0 ce que le vainqueur de la Coupe du monde revienne au milieu de terrain central, pla\u00e7ant Gallagher dans un r\u00f4le plus avanc\u00e9.<\/p>\n<p>Cela verrait l&#39;un des meneurs de jeu sacrifi\u00e9 \u00e0 un moment o\u00f9 <strong class=\"autotag\">Raheem Sterling<\/strong> devrait \u00e9galement revenir de maladie.  Cela laisserait effectivement Pochettino devoir choisir entre Madueke, Sterling et <strong class=\"autotag\">Mykha\u00eflo Mudryk<\/strong> pour une place dans l&#39;\u00e9quipe.<\/p>\n<\/div>\n<p><script async src=\"https:\/\/platform.twitter.com\/widgets.js\" charset=\"utf-8\"><\/script><\/p>\n","protected":false},"excerpt":{"rendered":"<p>L&#39;entra\u00eeneur-chef de Chelsea, Mauricio Pochettino, r\u00e9v\u00e8le les cons\u00e9quences pour Noni Madueke et Nicolas Jackson apr\u00e8s leur penalty embarrassant lors de la victoire 6-0 de leur<\/p>\n","protected":false},"author":1,"featured_media":7652,"comment_status":"closed","ping_status":"","sticky":false,"template":"","format":"standard","meta":{"footnotes":""},"categories":[5],"tags":[497,363,2602,47,88,4630,103,92],"yoast_head":"<!-- This site is optimized with the Yoast SEO plugin v21.0 - https:\/\/yoast.com\/wordpress\/plugins\/seo\/ -->\n<title>Pochettino prend une d\u00e9cision sur la punition de Madueke et Jackson<\/title>\n<meta name=\"robots\" content=\"index, follow, max-snippet:-1, max-image-preview:large, max-video-preview:-1\" \/>\n<link rel=\"canonical\" href=\"https:\/\/footdavant.fr\/actualites\/pochettino-prend-une-decision-sur-la-punition-de-madueke-et-jackson\/\" \/>\n<meta property=\"og:locale\" content=\"fr_FR\" \/>\n<meta property=\"og:type\" content=\"article\" \/>\n<meta property=\"og:title\" content=\"Pochettino prend une d\u00e9cision sur la punition de Madueke et Jackson\" \/>\n<meta property=\"og:description\" content=\"L&#039;entra\u00eeneur-chef de Chelsea, Mauricio Pochettino, r\u00e9v\u00e8le les cons\u00e9quences pour Noni Madueke et Nicolas Jackson apr\u00e8s leur penalty embarrassant lors de la victoire 6-0 de leur\" \/>\n<meta property=\"og:url\" content=\"https:\/\/footdavant.fr\/actualites\/pochettino-prend-une-decision-sur-la-punition-de-madueke-et-jackson\/\" \/>\n<meta property=\"og:site_name\" content=\"Foot d&#039;avant\" \/>\n<meta property=\"article:publisher\" content=\"https:\/\/www.facebook.com\/Footdavant\/\" \/>\n<meta property=\"article:published_time\" content=\"2024-04-17T20:48:14+00:00\" \/>\n<meta property=\"article:modified_time\" content=\"2024-04-17T20:48:15+00:00\" \/>\n<meta property=\"og:image\" content=\"https:\/\/footdavant.fr\/actualites\/wp-content\/uploads\/2024\/04\/Pochettino-prend-une-decision-sur-la-punition-de-Madueke-et.jpg\" \/>\n\t<meta property=\"og:image:width\" content=\"640\" \/>\n\t<meta property=\"og:image:height\" content=\"480\" \/>\n\t<meta property=\"og:image:type\" content=\"image\/jpeg\" \/>\n<meta name=\"author\" content=\"Cl\u00e9ment\" \/>\n<meta name=\"twitter:card\" content=\"summary_large_image\" \/>\n<meta name=\"twitter:creator\" content=\"@FootdavantFr\" \/>\n<meta name=\"twitter:site\" content=\"@FootdavantFr\" \/>\n<meta name=\"twitter:label1\" content=\"\u00c9crit par\" \/>\n\t<meta name=\"twitter:data1\" content=\"Cl\u00e9ment\" \/>\n\t<meta name=\"twitter:label2\" content=\"Dur\u00e9e de lecture estim\u00e9e\" \/>\n\t<meta name=\"twitter:data2\" content=\"4 minutes\" \/>\n<script type=\"application\/ld+json\" class=\"yoast-schema-graph\">{\"@context\":\"https:\/\/schema.org\",\"@graph\":[{\"@type\":\"Article\",\"@id\":\"https:\/\/footdavant.fr\/actualites\/pochettino-prend-une-decision-sur-la-punition-de-madueke-et-jackson\/#article\",\"isPartOf\":{\"@id\":\"https:\/\/footdavant.fr\/actualites\/pochettino-prend-une-decision-sur-la-punition-de-madueke-et-jackson\/\"},\"author\":{\"name\":\"Cl\u00e9ment\",\"@id\":\"https:\/\/footdavant.fr\/actualites\/#\/schema\/person\/bc222566d95871b37e597b3ed3ba5e1d\"},\"headline\":\"Pochettino prend une d\u00e9cision sur la punition de Madueke et Jackson\",\"datePublished\":\"2024-04-17T20:48:14+00:00\",\"dateModified\":\"2024-04-17T20:48:15+00:00\",\"mainEntityOfPage\":{\"@id\":\"https:\/\/footdavant.fr\/actualites\/pochettino-prend-une-decision-sur-la-punition-de-madueke-et-jackson\/\"},\"wordCount\":773,\"publisher\":{\"@id\":\"https:\/\/footdavant.fr\/actualites\/#organization\"},\"keywords\":[\"d\u00e9cision\",\"Jackson\",\"Madueke\",\"Pochettino\",\"prend\",\"punition\",\"sur\",\"une\"],\"articleSection\":[\"Premier League\"],\"inLanguage\":\"fr-FR\"},{\"@type\":\"WebPage\",\"@id\":\"https:\/\/footdavant.fr\/actualites\/pochettino-prend-une-decision-sur-la-punition-de-madueke-et-jackson\/\",\"url\":\"https:\/\/footdavant.fr\/actualites\/pochettino-prend-une-decision-sur-la-punition-de-madueke-et-jackson\/\",\"name\":\"Pochettino prend une d\u00e9cision sur la punition de Madueke et Jackson\",\"isPartOf\":{\"@id\":\"https:\/\/footdavant.fr\/actualites\/#website\"},\"datePublished\":\"2024-04-17T20:48:14+00:00\",\"dateModified\":\"2024-04-17T20:48:15+00:00\",\"breadcrumb\":{\"@id\":\"https:\/\/footdavant.fr\/actualites\/pochettino-prend-une-decision-sur-la-punition-de-madueke-et-jackson\/#breadcrumb\"},\"inLanguage\":\"fr-FR\",\"potentialAction\":[{\"@type\":\"ReadAction\",\"target\":[\"https:\/\/footdavant.fr\/actualites\/pochettino-prend-une-decision-sur-la-punition-de-madueke-et-jackson\/\"]}]},{\"@type\":\"BreadcrumbList\",\"@id\":\"https:\/\/footdavant.fr\/actualites\/pochettino-prend-une-decision-sur-la-punition-de-madueke-et-jackson\/#breadcrumb\",\"itemListElement\":[{\"@type\":\"ListItem\",\"position\":1,\"name\":\"Accueil\",\"item\":\"https:\/\/footdavant.fr\/actualites\/\"},{\"@type\":\"ListItem\",\"position\":2,\"name\":\"Pochettino prend une d\u00e9cision sur la punition de Madueke et Jackson\"}]},{\"@type\":\"WebSite\",\"@id\":\"https:\/\/footdavant.fr\/actualites\/#website\",\"url\":\"https:\/\/footdavant.fr\/actualites\/\",\"name\":\"Foot d'avant\",\"description\":\"\",\"publisher\":{\"@id\":\"https:\/\/footdavant.fr\/actualites\/#organization\"},\"potentialAction\":[{\"@type\":\"SearchAction\",\"target\":{\"@type\":\"EntryPoint\",\"urlTemplate\":\"https:\/\/footdavant.fr\/actualites\/?s={search_term_string}\"},\"query-input\":\"required name=search_term_string\"}],\"inLanguage\":\"fr-FR\"},{\"@type\":\"Organization\",\"@id\":\"https:\/\/footdavant.fr\/actualites\/#organization\",\"name\":\"Foot d'avant\",\"url\":\"https:\/\/footdavant.fr\/actualites\/\",\"logo\":{\"@type\":\"ImageObject\",\"inLanguage\":\"fr-FR\",\"@id\":\"https:\/\/footdavant.fr\/actualites\/#\/schema\/logo\/image\/\",\"url\":\"https:\/\/footdavant.fr\/actualites\/wp-content\/uploads\/2023\/09\/Copy-of-FootDavant-Logo.png\",\"contentUrl\":\"https:\/\/footdavant.fr\/actualites\/wp-content\/uploads\/2023\/09\/Copy-of-FootDavant-Logo.png\",\"width\":936,\"height\":549,\"caption\":\"Foot d'avant\"},\"image\":{\"@id\":\"https:\/\/footdavant.fr\/actualites\/#\/schema\/logo\/image\/\"},\"sameAs\":[\"https:\/\/www.facebook.com\/Footdavant\/\",\"https:\/\/twitter.com\/FootdavantFr\",\"https:\/\/www.instagram.com\/footdavant.fr\/\"]},{\"@type\":\"Person\",\"@id\":\"https:\/\/footdavant.fr\/actualites\/#\/schema\/person\/bc222566d95871b37e597b3ed3ba5e1d\",\"name\":\"Cl\u00e9ment\",\"image\":{\"@type\":\"ImageObject\",\"inLanguage\":\"fr-FR\",\"@id\":\"https:\/\/footdavant.fr\/actualites\/#\/schema\/person\/image\/\",\"url\":\"https:\/\/secure.gravatar.com\/avatar\/7728b29aac2719421e1a9159b2254c44?s=96&d=mm&r=g\",\"contentUrl\":\"https:\/\/secure.gravatar.com\/avatar\/7728b29aac2719421e1a9159b2254c44?s=96&d=mm&r=g\",\"caption\":\"Cl\u00e9ment\"},\"sameAs\":[\"https:\/\/footdavant.fr\/\"]}]}<\/script>\n<!-- \/ Yoast SEO plugin. -->","yoast_head_json":{"title":"Pochettino prend une d\u00e9cision sur la punition de Madueke et Jackson","robots":{"index":"index","follow":"follow","max-snippet":"max-snippet:-1","max-image-preview":"max-image-preview:large","max-video-preview":"max-video-preview:-1"},"canonical":"https:\/\/footdavant.fr\/actualites\/pochettino-prend-une-decision-sur-la-punition-de-madueke-et-jackson\/","og_locale":"fr_FR","og_type":"article","og_title":"Pochettino prend une d\u00e9cision sur la punition de Madueke et Jackson","og_description":"L&#39;entra\u00eeneur-chef de Chelsea, Mauricio Pochettino, r\u00e9v\u00e8le les cons\u00e9quences pour Noni Madueke et Nicolas Jackson apr\u00e8s leur penalty embarrassant lors de la victoire 6-0 de leur","og_url":"https:\/\/footdavant.fr\/actualites\/pochettino-prend-une-decision-sur-la-punition-de-madueke-et-jackson\/","og_site_name":"Foot d&#039;avant","article_publisher":"https:\/\/www.facebook.com\/Footdavant\/","article_published_time":"2024-04-17T20:48:14+00:00","article_modified_time":"2024-04-17T20:48:15+00:00","og_image":[{"width":640,"height":480,"url":"https:\/\/footdavant.fr\/actualites\/wp-content\/uploads\/2024\/04\/Pochettino-prend-une-decision-sur-la-punition-de-Madueke-et.jpg","type":"image\/jpeg"}],"author":"Cl\u00e9ment","twitter_card":"summary_large_image","twitter_creator":"@FootdavantFr","twitter_site":"@FootdavantFr","twitter_misc":{"\u00c9crit par":"Cl\u00e9ment","Dur\u00e9e de lecture estim\u00e9e":"4 minutes"},"schema":{"@context":"https:\/\/schema.org","@graph":[{"@type":"Article","@id":"https:\/\/footdavant.fr\/actualites\/pochettino-prend-une-decision-sur-la-punition-de-madueke-et-jackson\/#article","isPartOf":{"@id":"https:\/\/footdavant.fr\/actualites\/pochettino-prend-une-decision-sur-la-punition-de-madueke-et-jackson\/"},"author":{"name":"Cl\u00e9ment","@id":"https:\/\/footdavant.fr\/actualites\/#\/schema\/person\/bc222566d95871b37e597b3ed3ba5e1d"},"headline":"Pochettino prend une d\u00e9cision sur la punition de Madueke et Jackson","datePublished":"2024-04-17T20:48:14+00:00","dateModified":"2024-04-17T20:48:15+00:00","mainEntityOfPage":{"@id":"https:\/\/footdavant.fr\/actualites\/pochettino-prend-une-decision-sur-la-punition-de-madueke-et-jackson\/"},"wordCount":773,"publisher":{"@id":"https:\/\/footdavant.fr\/actualites\/#organization"},"keywords":["d\u00e9cision","Jackson","Madueke","Pochettino","prend","punition","sur","une"],"articleSection":["Premier League"],"inLanguage":"fr-FR"},{"@type":"WebPage","@id":"https:\/\/footdavant.fr\/actualites\/pochettino-prend-une-decision-sur-la-punition-de-madueke-et-jackson\/","url":"https:\/\/footdavant.fr\/actualites\/pochettino-prend-une-decision-sur-la-punition-de-madueke-et-jackson\/","name":"Pochettino prend une d\u00e9cision sur la punition de Madueke et Jackson","isPartOf":{"@id":"https:\/\/footdavant.fr\/actualites\/#website"},"datePublished":"2024-04-17T20:48:14+00:00","dateModified":"2024-04-17T20:48:15+00:00","breadcrumb":{"@id":"https:\/\/footdavant.fr\/actualites\/pochettino-prend-une-decision-sur-la-punition-de-madueke-et-jackson\/#breadcrumb"},"inLanguage":"fr-FR","potentialAction":[{"@type":"ReadAction","target":["https:\/\/footdavant.fr\/actualites\/pochettino-prend-une-decision-sur-la-punition-de-madueke-et-jackson\/"]}]},{"@type":"BreadcrumbList","@id":"https:\/\/footdavant.fr\/actualites\/pochettino-prend-une-decision-sur-la-punition-de-madueke-et-jackson\/#breadcrumb","itemListElement":[{"@type":"ListItem","position":1,"name":"Accueil","item":"https:\/\/footdavant.fr\/actualites\/"},{"@type":"ListItem","position":2,"name":"Pochettino prend une d\u00e9cision sur la punition de Madueke et Jackson"}]},{"@type":"WebSite","@id":"https:\/\/footdavant.fr\/actualites\/#website","url":"https:\/\/footdavant.fr\/actualites\/","name":"Foot d'avant","description":"","publisher":{"@id":"https:\/\/footdavant.fr\/actualites\/#organization"},"potentialAction":[{"@type":"SearchAction","target":{"@type":"EntryPoint","urlTemplate":"https:\/\/footdavant.fr\/actualites\/?s={search_term_string}"},"query-input":"required name=search_term_string"}],"inLanguage":"fr-FR"},{"@type":"Organization","@id":"https:\/\/footdavant.fr\/actualites\/#organization","name":"Foot d'avant","url":"https:\/\/footdavant.fr\/actualites\/","logo":{"@type":"ImageObject","inLanguage":"fr-FR","@id":"https:\/\/footdavant.fr\/actualites\/#\/schema\/logo\/image\/","url":"https:\/\/footdavant.fr\/actualites\/wp-content\/uploads\/2023\/09\/Copy-of-FootDavant-Logo.png","contentUrl":"https:\/\/footdavant.fr\/actualites\/wp-content\/uploads\/2023\/09\/Copy-of-FootDavant-Logo.png","width":936,"height":549,"caption":"Foot d'avant"},"image":{"@id":"https:\/\/footdavant.fr\/actualites\/#\/schema\/logo\/image\/"},"sameAs":["https:\/\/www.facebook.com\/Footdavant\/","https:\/\/twitter.com\/FootdavantFr","https:\/\/www.instagram.com\/footdavant.fr\/"]},{"@type":"Person","@id":"https:\/\/footdavant.fr\/actualites\/#\/schema\/person\/bc222566d95871b37e597b3ed3ba5e1d","name":"Cl\u00e9ment","image":{"@type":"ImageObject","inLanguage":"fr-FR","@id":"https:\/\/footdavant.fr\/actualites\/#\/schema\/person\/image\/","url":"https:\/\/secure.gravatar.com\/avatar\/7728b29aac2719421e1a9159b2254c44?s=96&d=mm&r=g","contentUrl":"https:\/\/secure.gravatar.com\/avatar\/7728b29aac2719421e1a9159b2254c44?s=96&d=mm&r=g","caption":"Cl\u00e9ment"},"sameAs":["https:\/\/footdavant.fr\/"]}]}},"_links":{"self":[{"href":"https:\/\/footdavant.fr\/actualites\/wp-json\/wp\/v2\/posts\/7651"}],"collection":[{"href":"https:\/\/footdavant.fr\/actualites\/wp-json\/wp\/v2\/posts"}],"about":[{"href":"https:\/\/footdavant.fr\/actualites\/wp-json\/wp\/v2\/types\/post"}],"author":[{"embeddable":true,"href":"https:\/\/footdavant.fr\/actualites\/wp-json\/wp\/v2\/users\/1"}],"replies":[{"embeddable":true,"href":"https:\/\/footdavant.fr\/actualites\/wp-json\/wp\/v2\/comments?post=7651"}],"version-history":[{"count":1,"href":"https:\/\/footdavant.fr\/actualites\/wp-json\/wp\/v2\/posts\/7651\/revisions"}],"predecessor-version":[{"id":7653,"href":"https:\/\/footdavant.fr\/actualites\/wp-json\/wp\/v2\/posts\/7651\/revisions\/7653"}],"wp:featuredmedia":[{"embeddable":true,"href":"https:\/\/footdavant.fr\/actualites\/wp-json\/wp\/v2\/media\/7652"}],"wp:attachment":[{"href":"https:\/\/footdavant.fr\/actualites\/wp-json\/wp\/v2\/media?parent=7651"}],"wp:term":[{"taxonomy":"category","embeddable":true,"href":"https:\/\/footdavant.fr\/actualites\/wp-json\/wp\/v2\/categories?post=7651"},{"taxonomy":"post_tag","embeddable":true,"href":"https:\/\/footdavant.fr\/actualites\/wp-json\/wp\/v2\/tags?post=7651"}],"curies":[{"name":"wp","href":"https:\/\/api.w.org\/{rel}","templated":true}]}}