{"id":7665,"date":"2024-04-18T06:49:21","date_gmt":"2024-04-18T04:49:21","guid":{"rendered":"https:\/\/footdavant.fr\/actualites\/le-chef-du-bayer-leverkusen-admet-que-xabi-alonso-pourrait-finir-par-diriger-lancien-club\/"},"modified":"2024-04-18T06:49:22","modified_gmt":"2024-04-18T04:49:22","slug":"le-chef-du-bayer-leverkusen-admet-que-xabi-alonso-pourrait-finir-par-diriger-lancien-club","status":"publish","type":"post","link":"https:\/\/footdavant.fr\/actualites\/le-chef-du-bayer-leverkusen-admet-que-xabi-alonso-pourrait-finir-par-diriger-lancien-club\/","title":{"rendered":"Le chef du Bayer Leverkusen admet que Xabi Alonso pourrait finir par diriger l&#39;ancien club"},"content":{"rendered":"<p>Le PDG du Bayer Leverkusen, Fernando Carro, admet que Xabi Alonso pourrait diriger son ancien club du Real Madrid \u00e0 l&#39;avenir.<\/p>\n<div id=\"article_body\" itemprop=\"articleBody\">\n<h3 class=\"firstPara\">\n<strong class=\"autotag\">Bayer Leverkusen<\/strong> PDG <strong class=\"autotag\">Fernando Carro<\/strong> a admis que <strong class=\"autotag\">Xabi Alonso<\/strong> pourrait g\u00e9rer <strong class=\"autotag\">Real Madrid<\/strong> \u00e0 l&#39;avenir.<\/h3>\n<p>Alonso s&#39;est b\u00e2ti la r\u00e9putation d&#39;\u00eatre l&#39;un des jeunes managers les plus brillants d&#39;Europe depuis qu&#39;il est devenu Leverkusen en novembre 2022.<\/p>\n<p>L&#39;Espagnol a emmen\u00e9 Leverkusen de la zone de rel\u00e9gation \u00e0 la sixi\u00e8me place, tout en guidant \u00e9galement l&#39;\u00e9quipe vers les demi-finales de la Ligue Europa.<\/p>\n<p>Apr\u00e8s avoir jet\u00e9 les bases la saison derni\u00e8re, Alonso a supervis\u00e9 une campagne historique 2023-24, menant le club \u00e0 son premier titre en Bundesliga avec cinq matchs \u00e0 jouer.<\/p>\n<p>Alonso pourrait encore remporter plus de troph\u00e9es cette saison, avec Leverkusen en finale du DFB-Pokal et en quarts de finale de la Ligue Europa.<\/p>\n<p class=\"imgI\">\n<h2 class=\"k3\">Le retour du Real Madrid est \u00ab\u00a0possible\u00a0\u00bb<\/h2>\n<p>L&#39;homme de 42 ans a \u00e9t\u00e9 \u00e9voqu\u00e9 comme candidat potentiel pour succ\u00e9der \u00e0 son ancien patron. <strong class=\"autotag\">Carlo Ancelotti<\/strong> au Real Madrid, avant que l&#39;Italien ne signe un nouveau contrat en d\u00e9cembre pour prolonger son s\u00e9jour en 2026.<\/p>\n<p>Alors qu&#39;Ancelotti reste sur la sellette du Real Madrid, Carro a laiss\u00e9 entendre qu&#39;Alonso pourrait revenir au Santiago Bernabeu \u00e0 l&#39;avenir.<\/p>\n<p>Carro a d\u00e9clar\u00e9 \u00e0 un m\u00e9dia espagnol <em>COMME<\/em>: \u00ab\u00a0Il est possible qu&#39;\u00e0 un moment donn\u00e9 de sa carri\u00e8re d&#39;entra\u00eeneur, il finisse par diriger le Real Madrid, oui.\u00a0\u00bb<\/p>\n<p>Alonso a pass\u00e9 cinq ans avec le Real Madrid en tant que joueur, disputant un total de 236 apparitions et remportant cinq troph\u00e9es, dont la Ligue des champions 2013-14.<\/p>\n<p>Il a \u00e9galement \u00e9t\u00e9 associ\u00e9 \u00e0 des postes de direction dans deux de ses autres anciens clubs, avec <strong class=\"autotag\">Liverpool<\/strong> et <strong class=\"autotag\">Bayern Munich<\/strong> cherche \u00e0 remplacer <strong class=\"autotag\">J\u00fcrgen Klopp<\/strong> et <strong class=\"autotag\">Thomas Tuchel<\/strong> respectivement.<\/p>\n<p class=\"imgI\"><img decoding=\"async\" loading=\"lazy\" class=\"l\" src=\"https:\/\/footdavant.fr\/actualites\/wp-content\/uploads\/2024\/04\/1713415761_951_Le-chef-du-Bayer-Leverkusen-admet-que-Xabi-Alonso-pourrait.jpg\" title=\"L&#39;entra\u00eeneur du Bayer Leverkusen, Xabi Alonso, r\u00e9agit le 17 f\u00e9vrier 2024\" alt=\"L&#39;entra\u00eeneur du Bayer Leverkusen, Xabi Alonso, r\u00e9agit le 17 f\u00e9vrier 2024\" width=\"640\" height=\"480\"><\/p>\n<h2 class=\"k3\">Plusieurs clubs traquent Alonso<\/h2>\n<p>Cependant, Alonso a finalement d\u00e9cid\u00e9 de ne pas partir cet \u00e9t\u00e9, apr\u00e8s avoir confirm\u00e9 son d\u00e9sir de rester au moins une saison suppl\u00e9mentaire. <\/p>\n<p>Carro a r\u00e9v\u00e9l\u00e9 que plusieurs clubs avaient manifest\u00e9 leur int\u00e9r\u00eat pour Alonso, et il n&#39;a pas exclu la possibilit\u00e9 qu&#39;il dirige \u00e0 l&#39;avenir l&#39;un de ses anciens clubs.<\/p>\n<p>\u00ab\u00a0De nombreux clubs sont int\u00e9ress\u00e9s\u00a0\u00bb, a d\u00e9clar\u00e9 Carro.  \u00ab\u00a0C&#39;est vrai, ce qui ne veut pas dire qu&#39;\u00e0 l&#39;avenir il ne pourra pas entra\u00eener certains de ceux qui ont \u00e9t\u00e9 nomm\u00e9s, notamment ses anciennes \u00e9quipes en tant que joueur. Mais il se sent \u00e0 l&#39;aise ici ; sinon, il ne continuerait pas.<\/p>\n<p>\u00ab\u00a0Nous maintiendrons notre ambition l&#39;ann\u00e9e prochaine et jouerons la Ligue des Champions. \u00c9videmment, nous en sommes tr\u00e8s heureux. C&#39;est une bonne situation pour toutes les parties et je pense que nous gagnons tous les deux. C&#39;est un projet que nous avons commenc\u00e9 avec lui et c&#39;est tr\u00e8s important que cela continue. <\/p>\n<p>\u00ab\u00a0Mais Xabi sait aussi ce qu&#39;il a \u00e0 Leverkusen en tant que club. Nous ne savons pas seulement ce que nous avons avec lui en tant qu&#39;entra\u00eeneur. C&#39;est bien pour nous deux de continuer \u00e0 travailler ensemble.\u00a0\u00bb<\/p>\n<p>L&#39;\u00e9quipe d&#39;Alonso m\u00e8nera 2-0 avant le quart de finale retour de la Ligue Europa jeudi contre West Ham United au stade de Londres.<\/p>\n<\/div>\n","protected":false},"excerpt":{"rendered":"<p>Le PDG du Bayer Leverkusen, Fernando Carro, admet que Xabi Alonso pourrait diriger son ancien club du Real Madrid \u00e0 l&#39;avenir. Bayer Leverkusen PDG Fernando<\/p>\n","protected":false},"author":1,"featured_media":7666,"comment_status":"closed","ping_status":"","sticky":false,"template":"","format":"standard","meta":{"footnotes":""},"categories":[5],"tags":[1266,3450,981,980,333,2261,4634,4404,982,75,269,3608],"yoast_head":"<!-- This site is optimized with the Yoast SEO plugin v21.0 - https:\/\/yoast.com\/wordpress\/plugins\/seo\/ -->\n<title>Le chef du Bayer Leverkusen admet que Xabi Alonso pourrait finir par diriger l&#039;ancien club<\/title>\n<meta name=\"robots\" content=\"index, follow, max-snippet:-1, max-image-preview:large, max-video-preview:-1\" \/>\n<link rel=\"canonical\" href=\"https:\/\/footdavant.fr\/actualites\/le-chef-du-bayer-leverkusen-admet-que-xabi-alonso-pourrait-finir-par-diriger-lancien-club\/\" \/>\n<meta property=\"og:locale\" content=\"fr_FR\" \/>\n<meta property=\"og:type\" content=\"article\" \/>\n<meta property=\"og:title\" content=\"Le chef du Bayer Leverkusen admet que Xabi Alonso pourrait finir par diriger l&#039;ancien club\" \/>\n<meta property=\"og:description\" content=\"Le PDG du Bayer Leverkusen, Fernando Carro, admet que Xabi Alonso pourrait diriger son ancien club du Real Madrid \u00e0 l&#039;avenir. Bayer Leverkusen PDG Fernando\" \/>\n<meta property=\"og:url\" content=\"https:\/\/footdavant.fr\/actualites\/le-chef-du-bayer-leverkusen-admet-que-xabi-alonso-pourrait-finir-par-diriger-lancien-club\/\" \/>\n<meta property=\"og:site_name\" content=\"Foot d&#039;avant\" \/>\n<meta property=\"article:publisher\" content=\"https:\/\/www.facebook.com\/Footdavant\/\" \/>\n<meta property=\"article:published_time\" content=\"2024-04-18T04:49:21+00:00\" \/>\n<meta property=\"article:modified_time\" content=\"2024-04-18T04:49:22+00:00\" \/>\n<meta property=\"og:image\" content=\"https:\/\/footdavant.fr\/actualites\/wp-content\/uploads\/2024\/04\/Le-chef-du-Bayer-Leverkusen-admet-que-Xabi-Alonso-pourrait.jpg\" \/>\n\t<meta property=\"og:image:width\" content=\"640\" \/>\n\t<meta property=\"og:image:height\" content=\"480\" \/>\n\t<meta property=\"og:image:type\" content=\"image\/jpeg\" \/>\n<meta name=\"author\" content=\"Cl\u00e9ment\" \/>\n<meta name=\"twitter:card\" content=\"summary_large_image\" \/>\n<meta name=\"twitter:creator\" content=\"@FootdavantFr\" \/>\n<meta name=\"twitter:site\" content=\"@FootdavantFr\" \/>\n<meta name=\"twitter:label1\" content=\"\u00c9crit par\" \/>\n\t<meta name=\"twitter:data1\" content=\"Cl\u00e9ment\" \/>\n\t<meta name=\"twitter:label2\" content=\"Dur\u00e9e de lecture estim\u00e9e\" \/>\n\t<meta name=\"twitter:data2\" content=\"3 minutes\" \/>\n<script type=\"application\/ld+json\" class=\"yoast-schema-graph\">{\"@context\":\"https:\/\/schema.org\",\"@graph\":[{\"@type\":\"Article\",\"@id\":\"https:\/\/footdavant.fr\/actualites\/le-chef-du-bayer-leverkusen-admet-que-xabi-alonso-pourrait-finir-par-diriger-lancien-club\/#article\",\"isPartOf\":{\"@id\":\"https:\/\/footdavant.fr\/actualites\/le-chef-du-bayer-leverkusen-admet-que-xabi-alonso-pourrait-finir-par-diriger-lancien-club\/\"},\"author\":{\"name\":\"Cl\u00e9ment\",\"@id\":\"https:\/\/footdavant.fr\/actualites\/#\/schema\/person\/bc222566d95871b37e597b3ed3ba5e1d\"},\"headline\":\"Le chef du Bayer Leverkusen admet que Xabi Alonso pourrait finir par diriger l&#39;ancien club\",\"datePublished\":\"2024-04-18T04:49:21+00:00\",\"dateModified\":\"2024-04-18T04:49:22+00:00\",\"mainEntityOfPage\":{\"@id\":\"https:\/\/footdavant.fr\/actualites\/le-chef-du-bayer-leverkusen-admet-que-xabi-alonso-pourrait-finir-par-diriger-lancien-club\/\"},\"wordCount\":569,\"publisher\":{\"@id\":\"https:\/\/footdavant.fr\/actualites\/#organization\"},\"keywords\":[\"admet\",\"Alonso\",\"Bayer\",\"chef\",\"club\",\"diriger\",\"finir\",\"l39ancien\",\"Leverkusen\",\"par\",\"pourrait\",\"Xabi\"],\"articleSection\":[\"Premier League\"],\"inLanguage\":\"fr-FR\"},{\"@type\":\"WebPage\",\"@id\":\"https:\/\/footdavant.fr\/actualites\/le-chef-du-bayer-leverkusen-admet-que-xabi-alonso-pourrait-finir-par-diriger-lancien-club\/\",\"url\":\"https:\/\/footdavant.fr\/actualites\/le-chef-du-bayer-leverkusen-admet-que-xabi-alonso-pourrait-finir-par-diriger-lancien-club\/\",\"name\":\"Le chef du Bayer Leverkusen admet que Xabi Alonso pourrait finir par diriger l&#39;ancien club\",\"isPartOf\":{\"@id\":\"https:\/\/footdavant.fr\/actualites\/#website\"},\"datePublished\":\"2024-04-18T04:49:21+00:00\",\"dateModified\":\"2024-04-18T04:49:22+00:00\",\"breadcrumb\":{\"@id\":\"https:\/\/footdavant.fr\/actualites\/le-chef-du-bayer-leverkusen-admet-que-xabi-alonso-pourrait-finir-par-diriger-lancien-club\/#breadcrumb\"},\"inLanguage\":\"fr-FR\",\"potentialAction\":[{\"@type\":\"ReadAction\",\"target\":[\"https:\/\/footdavant.fr\/actualites\/le-chef-du-bayer-leverkusen-admet-que-xabi-alonso-pourrait-finir-par-diriger-lancien-club\/\"]}]},{\"@type\":\"BreadcrumbList\",\"@id\":\"https:\/\/footdavant.fr\/actualites\/le-chef-du-bayer-leverkusen-admet-que-xabi-alonso-pourrait-finir-par-diriger-lancien-club\/#breadcrumb\",\"itemListElement\":[{\"@type\":\"ListItem\",\"position\":1,\"name\":\"Accueil\",\"item\":\"https:\/\/footdavant.fr\/actualites\/\"},{\"@type\":\"ListItem\",\"position\":2,\"name\":\"Le chef du Bayer Leverkusen admet que Xabi Alonso pourrait finir par diriger l&#39;ancien club\"}]},{\"@type\":\"WebSite\",\"@id\":\"https:\/\/footdavant.fr\/actualites\/#website\",\"url\":\"https:\/\/footdavant.fr\/actualites\/\",\"name\":\"Foot d'avant\",\"description\":\"\",\"publisher\":{\"@id\":\"https:\/\/footdavant.fr\/actualites\/#organization\"},\"potentialAction\":[{\"@type\":\"SearchAction\",\"target\":{\"@type\":\"EntryPoint\",\"urlTemplate\":\"https:\/\/footdavant.fr\/actualites\/?s={search_term_string}\"},\"query-input\":\"required name=search_term_string\"}],\"inLanguage\":\"fr-FR\"},{\"@type\":\"Organization\",\"@id\":\"https:\/\/footdavant.fr\/actualites\/#organization\",\"name\":\"Foot d'avant\",\"url\":\"https:\/\/footdavant.fr\/actualites\/\",\"logo\":{\"@type\":\"ImageObject\",\"inLanguage\":\"fr-FR\",\"@id\":\"https:\/\/footdavant.fr\/actualites\/#\/schema\/logo\/image\/\",\"url\":\"https:\/\/footdavant.fr\/actualites\/wp-content\/uploads\/2023\/09\/Copy-of-FootDavant-Logo.png\",\"contentUrl\":\"https:\/\/footdavant.fr\/actualites\/wp-content\/uploads\/2023\/09\/Copy-of-FootDavant-Logo.png\",\"width\":936,\"height\":549,\"caption\":\"Foot d'avant\"},\"image\":{\"@id\":\"https:\/\/footdavant.fr\/actualites\/#\/schema\/logo\/image\/\"},\"sameAs\":[\"https:\/\/www.facebook.com\/Footdavant\/\",\"https:\/\/twitter.com\/FootdavantFr\",\"https:\/\/www.instagram.com\/footdavant.fr\/\"]},{\"@type\":\"Person\",\"@id\":\"https:\/\/footdavant.fr\/actualites\/#\/schema\/person\/bc222566d95871b37e597b3ed3ba5e1d\",\"name\":\"Cl\u00e9ment\",\"image\":{\"@type\":\"ImageObject\",\"inLanguage\":\"fr-FR\",\"@id\":\"https:\/\/footdavant.fr\/actualites\/#\/schema\/person\/image\/\",\"url\":\"https:\/\/secure.gravatar.com\/avatar\/7728b29aac2719421e1a9159b2254c44?s=96&d=mm&r=g\",\"contentUrl\":\"https:\/\/secure.gravatar.com\/avatar\/7728b29aac2719421e1a9159b2254c44?s=96&d=mm&r=g\",\"caption\":\"Cl\u00e9ment\"},\"sameAs\":[\"https:\/\/footdavant.fr\/\"]}]}<\/script>\n<!-- \/ Yoast SEO plugin. -->","yoast_head_json":{"title":"Le chef du Bayer Leverkusen admet que Xabi Alonso pourrait finir par diriger l&#39;ancien club","robots":{"index":"index","follow":"follow","max-snippet":"max-snippet:-1","max-image-preview":"max-image-preview:large","max-video-preview":"max-video-preview:-1"},"canonical":"https:\/\/footdavant.fr\/actualites\/le-chef-du-bayer-leverkusen-admet-que-xabi-alonso-pourrait-finir-par-diriger-lancien-club\/","og_locale":"fr_FR","og_type":"article","og_title":"Le chef du Bayer Leverkusen admet que Xabi Alonso pourrait finir par diriger l&#39;ancien club","og_description":"Le PDG du Bayer Leverkusen, Fernando Carro, admet que Xabi Alonso pourrait diriger son ancien club du Real Madrid \u00e0 l&#39;avenir. Bayer Leverkusen PDG Fernando","og_url":"https:\/\/footdavant.fr\/actualites\/le-chef-du-bayer-leverkusen-admet-que-xabi-alonso-pourrait-finir-par-diriger-lancien-club\/","og_site_name":"Foot d&#039;avant","article_publisher":"https:\/\/www.facebook.com\/Footdavant\/","article_published_time":"2024-04-18T04:49:21+00:00","article_modified_time":"2024-04-18T04:49:22+00:00","og_image":[{"width":640,"height":480,"url":"https:\/\/footdavant.fr\/actualites\/wp-content\/uploads\/2024\/04\/Le-chef-du-Bayer-Leverkusen-admet-que-Xabi-Alonso-pourrait.jpg","type":"image\/jpeg"}],"author":"Cl\u00e9ment","twitter_card":"summary_large_image","twitter_creator":"@FootdavantFr","twitter_site":"@FootdavantFr","twitter_misc":{"\u00c9crit par":"Cl\u00e9ment","Dur\u00e9e de lecture estim\u00e9e":"3 minutes"},"schema":{"@context":"https:\/\/schema.org","@graph":[{"@type":"Article","@id":"https:\/\/footdavant.fr\/actualites\/le-chef-du-bayer-leverkusen-admet-que-xabi-alonso-pourrait-finir-par-diriger-lancien-club\/#article","isPartOf":{"@id":"https:\/\/footdavant.fr\/actualites\/le-chef-du-bayer-leverkusen-admet-que-xabi-alonso-pourrait-finir-par-diriger-lancien-club\/"},"author":{"name":"Cl\u00e9ment","@id":"https:\/\/footdavant.fr\/actualites\/#\/schema\/person\/bc222566d95871b37e597b3ed3ba5e1d"},"headline":"Le chef du Bayer Leverkusen admet que Xabi Alonso pourrait finir par diriger l&#39;ancien club","datePublished":"2024-04-18T04:49:21+00:00","dateModified":"2024-04-18T04:49:22+00:00","mainEntityOfPage":{"@id":"https:\/\/footdavant.fr\/actualites\/le-chef-du-bayer-leverkusen-admet-que-xabi-alonso-pourrait-finir-par-diriger-lancien-club\/"},"wordCount":569,"publisher":{"@id":"https:\/\/footdavant.fr\/actualites\/#organization"},"keywords":["admet","Alonso","Bayer","chef","club","diriger","finir","l39ancien","Leverkusen","par","pourrait","Xabi"],"articleSection":["Premier League"],"inLanguage":"fr-FR"},{"@type":"WebPage","@id":"https:\/\/footdavant.fr\/actualites\/le-chef-du-bayer-leverkusen-admet-que-xabi-alonso-pourrait-finir-par-diriger-lancien-club\/","url":"https:\/\/footdavant.fr\/actualites\/le-chef-du-bayer-leverkusen-admet-que-xabi-alonso-pourrait-finir-par-diriger-lancien-club\/","name":"Le chef du Bayer Leverkusen admet que Xabi Alonso pourrait finir par diriger l&#39;ancien club","isPartOf":{"@id":"https:\/\/footdavant.fr\/actualites\/#website"},"datePublished":"2024-04-18T04:49:21+00:00","dateModified":"2024-04-18T04:49:22+00:00","breadcrumb":{"@id":"https:\/\/footdavant.fr\/actualites\/le-chef-du-bayer-leverkusen-admet-que-xabi-alonso-pourrait-finir-par-diriger-lancien-club\/#breadcrumb"},"inLanguage":"fr-FR","potentialAction":[{"@type":"ReadAction","target":["https:\/\/footdavant.fr\/actualites\/le-chef-du-bayer-leverkusen-admet-que-xabi-alonso-pourrait-finir-par-diriger-lancien-club\/"]}]},{"@type":"BreadcrumbList","@id":"https:\/\/footdavant.fr\/actualites\/le-chef-du-bayer-leverkusen-admet-que-xabi-alonso-pourrait-finir-par-diriger-lancien-club\/#breadcrumb","itemListElement":[{"@type":"ListItem","position":1,"name":"Accueil","item":"https:\/\/footdavant.fr\/actualites\/"},{"@type":"ListItem","position":2,"name":"Le chef du Bayer Leverkusen admet que Xabi Alonso pourrait finir par diriger l&#39;ancien club"}]},{"@type":"WebSite","@id":"https:\/\/footdavant.fr\/actualites\/#website","url":"https:\/\/footdavant.fr\/actualites\/","name":"Foot d'avant","description":"","publisher":{"@id":"https:\/\/footdavant.fr\/actualites\/#organization"},"potentialAction":[{"@type":"SearchAction","target":{"@type":"EntryPoint","urlTemplate":"https:\/\/footdavant.fr\/actualites\/?s={search_term_string}"},"query-input":"required name=search_term_string"}],"inLanguage":"fr-FR"},{"@type":"Organization","@id":"https:\/\/footdavant.fr\/actualites\/#organization","name":"Foot d'avant","url":"https:\/\/footdavant.fr\/actualites\/","logo":{"@type":"ImageObject","inLanguage":"fr-FR","@id":"https:\/\/footdavant.fr\/actualites\/#\/schema\/logo\/image\/","url":"https:\/\/footdavant.fr\/actualites\/wp-content\/uploads\/2023\/09\/Copy-of-FootDavant-Logo.png","contentUrl":"https:\/\/footdavant.fr\/actualites\/wp-content\/uploads\/2023\/09\/Copy-of-FootDavant-Logo.png","width":936,"height":549,"caption":"Foot d'avant"},"image":{"@id":"https:\/\/footdavant.fr\/actualites\/#\/schema\/logo\/image\/"},"sameAs":["https:\/\/www.facebook.com\/Footdavant\/","https:\/\/twitter.com\/FootdavantFr","https:\/\/www.instagram.com\/footdavant.fr\/"]},{"@type":"Person","@id":"https:\/\/footdavant.fr\/actualites\/#\/schema\/person\/bc222566d95871b37e597b3ed3ba5e1d","name":"Cl\u00e9ment","image":{"@type":"ImageObject","inLanguage":"fr-FR","@id":"https:\/\/footdavant.fr\/actualites\/#\/schema\/person\/image\/","url":"https:\/\/secure.gravatar.com\/avatar\/7728b29aac2719421e1a9159b2254c44?s=96&d=mm&r=g","contentUrl":"https:\/\/secure.gravatar.com\/avatar\/7728b29aac2719421e1a9159b2254c44?s=96&d=mm&r=g","caption":"Cl\u00e9ment"},"sameAs":["https:\/\/footdavant.fr\/"]}]}},"_links":{"self":[{"href":"https:\/\/footdavant.fr\/actualites\/wp-json\/wp\/v2\/posts\/7665"}],"collection":[{"href":"https:\/\/footdavant.fr\/actualites\/wp-json\/wp\/v2\/posts"}],"about":[{"href":"https:\/\/footdavant.fr\/actualites\/wp-json\/wp\/v2\/types\/post"}],"author":[{"embeddable":true,"href":"https:\/\/footdavant.fr\/actualites\/wp-json\/wp\/v2\/users\/1"}],"replies":[{"embeddable":true,"href":"https:\/\/footdavant.fr\/actualites\/wp-json\/wp\/v2\/comments?post=7665"}],"version-history":[{"count":1,"href":"https:\/\/footdavant.fr\/actualites\/wp-json\/wp\/v2\/posts\/7665\/revisions"}],"predecessor-version":[{"id":7667,"href":"https:\/\/footdavant.fr\/actualites\/wp-json\/wp\/v2\/posts\/7665\/revisions\/7667"}],"wp:featuredmedia":[{"embeddable":true,"href":"https:\/\/footdavant.fr\/actualites\/wp-json\/wp\/v2\/media\/7666"}],"wp:attachment":[{"href":"https:\/\/footdavant.fr\/actualites\/wp-json\/wp\/v2\/media?parent=7665"}],"wp:term":[{"taxonomy":"category","embeddable":true,"href":"https:\/\/footdavant.fr\/actualites\/wp-json\/wp\/v2\/categories?post=7665"},{"taxonomy":"post_tag","embeddable":true,"href":"https:\/\/footdavant.fr\/actualites\/wp-json\/wp\/v2\/tags?post=7665"}],"curies":[{"name":"wp","href":"https:\/\/api.w.org\/{rel}","templated":true}]}}