{"id":767,"date":"2023-11-12T00:48:36","date_gmt":"2023-11-11T23:48:36","guid":{"rendered":"https:\/\/footdavant.fr\/actualites\/manchester-city-ecrase-les-young-boys-a-10-et-se-qualifie-pour-les-huitiemes-de-finale\/"},"modified":"2023-11-12T00:48:37","modified_gmt":"2023-11-11T23:48:37","slug":"manchester-city-ecrase-les-young-boys-a-10-et-se-qualifie-pour-les-huitiemes-de-finale","status":"publish","type":"post","link":"https:\/\/footdavant.fr\/actualites\/manchester-city-ecrase-les-young-boys-a-10-et-se-qualifie-pour-les-huitiemes-de-finale\/","title":{"rendered":"Manchester City \u00e9crase les Young Boys \u00e0 10 et se qualifie pour les huiti\u00e8mes de finale"},"content":{"rendered":"<p>Manchester City se lance dans les huiti\u00e8mes de finale de la Ligue des champions avec une victoire 3-0 contre les Young Boys \u00e0 10 dans le groupe G \u00e0 l&rsquo;Etihad Stadium.<\/p>\n<div id=\"article_body\" itemprop=\"articleBody\">\n<p class=\"firstPara\"><strong class=\"autotag\">Manchester City<\/strong> prolong\u00e9 leur d\u00e9but de carri\u00e8re parfait <strong class=\"autotag\">Ligue des champions<\/strong> d\u00e9fense du titre et qualification pour les huiti\u00e8mes de finale \u00e0 deux matches de la fin gr\u00e2ce \u00e0 une victoire de routine 3-0 <strong class=\"autotag\">Jeunes gar\u00e7ons<\/strong> \u00e0 l&rsquo;Etihad.<\/p>\n<p>Sachant qu&rsquo;une victoire confirmerait leur place sur les deux premiers du groupe G, les tenants du titre n&rsquo;ont fait qu&rsquo;une bouch\u00e9e de leurs homologues suisses, qui ont succomb\u00e9 \u00e0 deux <strong class=\"autotag\">Erling Haaland<\/strong> buts de chaque c\u00f4t\u00e9 d&rsquo;une nappe <strong class=\"autotag\">Phil Foden<\/strong> effort et s\u2019est \u00e0 peine aventur\u00e9 dans la moiti\u00e9 de terrain de City tout au long des 90 minutes.<\/p>\n<p>Il y a eu \u00e0 la fois de bonnes et de mauvaises nouvelles pour Man City sur le front des blessures avant le coup d&rsquo;envoi, Haaland \u00e9tant d\u00e9clar\u00e9 apte \u00e0 commencer apr\u00e8s sa blessure \u00e0 la cheville ce week-end, mais <strong class=\"autotag\">Manuel Akanji<\/strong> a eu un probl\u00e8me pendant l&rsquo;\u00e9chauffement et a \u00e9t\u00e9 remplac\u00e9 en ligne arri\u00e8re par <strong class=\"autotag\">Kyle Walker<\/strong>.<\/p>\n<p>Une modification de l&rsquo;alignement \u00e0 la onzi\u00e8me heure n&rsquo;a cependant eu que peu d&rsquo;effet sur la supr\u00e9matie de Man City en premi\u00e8re mi-temps, et les tenants du titre auraient d\u00fb \u00eatre en t\u00eate \u00e0 six minutes de la fin. <strong class=\"autotag\">Jack Grealish<\/strong> au carr\u00e9 pour <strong class=\"autotag\">Rico Lewis<\/strong> \u00e0 l&rsquo;int\u00e9rieur de la zone, mais <strong class=\"autotag\">Loris Benito<\/strong> a d\u00e9vi\u00e9 l&rsquo;effort de l&rsquo;adolescent vers le but en corner.<\/p>\n<p>Le num\u00e9ro un de Benito <strong class=\"autotag\">Anthony Racioppi<\/strong> m\u00e9ritait \u00e9galement sa subsistance, r\u00e9alisant un double arr\u00eat \u00e0 la 17e minute sur le coup franc bas de Walker et le suivi de Foden, mais le gardien de but a \u00e9t\u00e9 d\u00e9\u00e7u par <strong class=\"autotag\">Sandro Lauper<\/strong> cinq minutes plus tard.<\/p>\n<p>Le joueur de 27 ans a \u00e9t\u00e9 coup\u00e9 <strong class=\"autotag\">Matheus Nunes<\/strong> \u00e0 l&rsquo;int\u00e9rieur de la zone juste sous le nez de l&rsquo;arbitre et face \u00e0 un mur de fervents supporters des Young Boys, Haaland est intervenu et a envoy\u00e9 de mani\u00e8re convaincante Racioppi dans le mauvais sens pour sortir de l&rsquo;impasse.<\/p>\n<p>Haaland aurait d\u00fb doubler son total pour la soir\u00e9e \u00e0 la 36e minute alors que Kyle Walker effectuait une passe basse au Norv\u00e9gien au deuxi\u00e8me poteau, mais le ballon a l\u00e9g\u00e8rement entaill\u00e9 un d\u00e9fenseur des Young Boys, et Haaland n&rsquo;a pu que faire briller le ballon. dans les bras reconnaissants de Racioppi.<\/p>\n<p class=\"imgI\">\n<p>Les visiteurs &#8211; qui n&rsquo;ont rien offert du tout dans le dernier tiers &#8211; \u00e9taient apparemment heureux d&rsquo;aborder la pause avec un seul but de retard \u00e0 rattraper, mais la pression de Man City a finalement r\u00e9it\u00e9r\u00e9 dans le temps additionnel de la premi\u00e8re mi-temps gr\u00e2ce \u00e0 un honn\u00eate morceau de jouer de Foden.<\/p>\n<p>Apr\u00e8s s&rsquo;\u00eatre accroch\u00e9 au ballon de curling de Grealish sur la droite, Foden aurait facilement pu descendre dans la surface apr\u00e8s <strong class=\"autotag\">Ulisses Garcia<\/strong> tapota l&rsquo;arri\u00e8re de ses jambes, mais l&rsquo;Anglais continua et roula calmement sur le c\u00f4t\u00e9 du filet.<\/p>\n<p>Malgr\u00e9 la situation difficile de son \u00e9quipe, le skipper des Young Boys <strong class=\"autotag\">Mohamed Ali Camara<\/strong> a eu le culot de demander apparemment le maillot de Haaland alors que les joueurs se dirigeaient vers le tunnel, mais avec un nouveau maillot, le joueur de 23 ans a mis le r\u00e9sultat hors de tout doute six minutes seulement apr\u00e8s la reprise.<\/p>\n<p>Avec plusieurs chemises noires et jaunes autour de lui, Lewis a r\u00e9ussi \u00e0 trouver une passe vers le centre, o\u00f9 <strong class=\"autotag\">Mateo Kovacic<\/strong> judicieusement \u00e9cart\u00e9 du chemin de Haaland, et le Scandinave a choisi le coin le plus \u00e9loign\u00e9 avec une course f\u00e9roce de 20 m\u00e8tres pour le 250e but de Man City en Ligue des champions \u2013 un jalon atteint en un record de 119 matchs.<\/p>\n<p>Les choses sont all\u00e9es de mal en pis pour <strong class=\"autotag\">Rapha\u00ebl Wicky<\/strong>L&rsquo;\u00e9quipe de &lsquo;s seulement deux minutes apr\u00e8s que Haaland ait compl\u00e9t\u00e9 son doubl\u00e9, alors que Lauper &#8211; qui \u00e9tait d\u00e9j\u00e0 sous le coup d&rsquo;un carton jaune &#8211; a couronn\u00e9 une soir\u00e9e d\u00e9sastreuse avec un horrible tacle sur les crampons. <strong class=\"autotag\">Nathan Ak\u00e9<\/strong>r\u00e9duisant son \u00e9quipe \u00e0 10 hommes pour le reste de la seconde mi-temps.<\/p>\n<p>La foule bruyante des Young Boys n&rsquo;a pas laiss\u00e9 le score affaiblir leur moral, et City a naturellement lev\u00e9 le pied alors que le chronom\u00e8tre s&rsquo;approchait, mais Nunes a rat\u00e9 une glorieuse occasion d&rsquo;ajouter le num\u00e9ro quatre \u00e0 la 81e minute, poussant largement au deuxi\u00e8me poteau. \u00e0 quelques m\u00e8tres.<\/p>\n<p>La victoire 2-1 du RB Leipzig sur l&rsquo;\u00c9toile rouge de Belgrade signifie que City conserve trois points d&rsquo;avance sur l&rsquo;\u00e9quipe allemande, contre laquelle il lui suffit de faire match nul lors de l&rsquo;avant-derni\u00e8re journ\u00e9e pour confirmer sa premi\u00e8re place, tandis que les hommes de Wicky ont chut\u00e9 \u00e0 la quatri\u00e8me place. , derri\u00e8re le Red Star \u00e0 la diff\u00e9rence de buts.<\/p>\n<p><strong class=\"autotag\">Pep Guardiola<\/strong>L&rsquo;\u00e9quipe de Londres a d\u00e9sormais \u00e0 l&rsquo;ordre du jour un voyage \u00e0 succ\u00e8s en Premier League \u00e0 Chelsea ce dimanche avant la tr\u00eave internationale, tandis que les Young Boys accueillent Lucerne lors d&rsquo;un affrontement en Super League suisse samedi soir.<\/p>\n<\/div>\n","protected":false},"excerpt":{"rendered":"<p>Manchester City se lance dans les huiti\u00e8mes de finale de la Ligue des champions avec une victoire 3-0 contre les Young Boys \u00e0 10 dans<\/p>\n","protected":false},"author":1,"featured_media":768,"comment_status":"closed","ping_status":"","sticky":false,"template":"","format":"standard","meta":{"footnotes":""},"categories":[4],"tags":[66,27,319,897,896,93,11,51,907,65],"yoast_head":"<!-- This site is optimized with the Yoast SEO plugin v21.0 - https:\/\/yoast.com\/wordpress\/plugins\/seo\/ -->\n<title>Manchester City \u00e9crase les Young Boys \u00e0 10 et se qualifie pour les huiti\u00e8mes de finale<\/title>\n<meta name=\"robots\" content=\"index, follow, max-snippet:-1, max-image-preview:large, max-video-preview:-1\" \/>\n<link rel=\"canonical\" href=\"https:\/\/footdavant.fr\/actualites\/manchester-city-ecrase-les-young-boys-a-10-et-se-qualifie-pour-les-huitiemes-de-finale\/\" \/>\n<meta property=\"og:locale\" content=\"fr_FR\" \/>\n<meta property=\"og:type\" content=\"article\" \/>\n<meta property=\"og:title\" content=\"Manchester City \u00e9crase les Young Boys \u00e0 10 et se qualifie pour les huiti\u00e8mes de finale\" \/>\n<meta property=\"og:description\" content=\"Manchester City se lance dans les huiti\u00e8mes de finale de la Ligue des champions avec une victoire 3-0 contre les Young Boys \u00e0 10 dans\" \/>\n<meta property=\"og:url\" content=\"https:\/\/footdavant.fr\/actualites\/manchester-city-ecrase-les-young-boys-a-10-et-se-qualifie-pour-les-huitiemes-de-finale\/\" \/>\n<meta property=\"og:site_name\" content=\"Foot d&#039;avant\" \/>\n<meta property=\"article:publisher\" content=\"https:\/\/www.facebook.com\/Footdavant\/\" \/>\n<meta property=\"article:published_time\" content=\"2023-11-11T23:48:36+00:00\" \/>\n<meta property=\"article:modified_time\" content=\"2023-11-11T23:48:37+00:00\" \/>\n<meta property=\"og:image\" content=\"https:\/\/footdavant.fr\/actualites\/wp-content\/uploads\/2023\/11\/Manchester-City-ecrase-les-Young-Boys-a-10-et-se.JPG\" \/>\n\t<meta property=\"og:image:width\" content=\"640\" \/>\n\t<meta property=\"og:image:height\" content=\"480\" \/>\n\t<meta property=\"og:image:type\" content=\"image\/jpeg\" \/>\n<meta name=\"author\" content=\"Cl\u00e9ment\" \/>\n<meta name=\"twitter:card\" content=\"summary_large_image\" \/>\n<meta name=\"twitter:creator\" content=\"@FootdavantFr\" \/>\n<meta name=\"twitter:site\" content=\"@FootdavantFr\" \/>\n<meta name=\"twitter:label1\" content=\"\u00c9crit par\" \/>\n\t<meta name=\"twitter:data1\" content=\"Cl\u00e9ment\" \/>\n\t<meta name=\"twitter:label2\" content=\"Dur\u00e9e de lecture estim\u00e9e\" \/>\n\t<meta name=\"twitter:data2\" content=\"4 minutes\" \/>\n<script type=\"application\/ld+json\" class=\"yoast-schema-graph\">{\"@context\":\"https:\/\/schema.org\",\"@graph\":[{\"@type\":\"Article\",\"@id\":\"https:\/\/footdavant.fr\/actualites\/manchester-city-ecrase-les-young-boys-a-10-et-se-qualifie-pour-les-huitiemes-de-finale\/#article\",\"isPartOf\":{\"@id\":\"https:\/\/footdavant.fr\/actualites\/manchester-city-ecrase-les-young-boys-a-10-et-se-qualifie-pour-les-huitiemes-de-finale\/\"},\"author\":{\"name\":\"Cl\u00e9ment\",\"@id\":\"https:\/\/footdavant.fr\/actualites\/#\/schema\/person\/bc222566d95871b37e597b3ed3ba5e1d\"},\"headline\":\"Manchester City \u00e9crase les Young Boys \u00e0 10 et se qualifie pour les huiti\u00e8mes de finale\",\"datePublished\":\"2023-11-11T23:48:36+00:00\",\"dateModified\":\"2023-11-11T23:48:37+00:00\",\"mainEntityOfPage\":{\"@id\":\"https:\/\/footdavant.fr\/actualites\/manchester-city-ecrase-les-young-boys-a-10-et-se-qualifie-pour-les-huitiemes-de-finale\/\"},\"wordCount\":883,\"publisher\":{\"@id\":\"https:\/\/footdavant.fr\/actualites\/#organization\"},\"keywords\":[\"Boys\",\"City\",\"\u00e9crase\",\"finale\",\"huiti\u00e8mes\",\"les\",\"Manchester\",\"pour\",\"qualifie\",\"Young\"],\"articleSection\":[\"Champions League\"],\"inLanguage\":\"fr-FR\"},{\"@type\":\"WebPage\",\"@id\":\"https:\/\/footdavant.fr\/actualites\/manchester-city-ecrase-les-young-boys-a-10-et-se-qualifie-pour-les-huitiemes-de-finale\/\",\"url\":\"https:\/\/footdavant.fr\/actualites\/manchester-city-ecrase-les-young-boys-a-10-et-se-qualifie-pour-les-huitiemes-de-finale\/\",\"name\":\"Manchester City \u00e9crase les Young Boys \u00e0 10 et se qualifie pour les huiti\u00e8mes de finale\",\"isPartOf\":{\"@id\":\"https:\/\/footdavant.fr\/actualites\/#website\"},\"datePublished\":\"2023-11-11T23:48:36+00:00\",\"dateModified\":\"2023-11-11T23:48:37+00:00\",\"breadcrumb\":{\"@id\":\"https:\/\/footdavant.fr\/actualites\/manchester-city-ecrase-les-young-boys-a-10-et-se-qualifie-pour-les-huitiemes-de-finale\/#breadcrumb\"},\"inLanguage\":\"fr-FR\",\"potentialAction\":[{\"@type\":\"ReadAction\",\"target\":[\"https:\/\/footdavant.fr\/actualites\/manchester-city-ecrase-les-young-boys-a-10-et-se-qualifie-pour-les-huitiemes-de-finale\/\"]}]},{\"@type\":\"BreadcrumbList\",\"@id\":\"https:\/\/footdavant.fr\/actualites\/manchester-city-ecrase-les-young-boys-a-10-et-se-qualifie-pour-les-huitiemes-de-finale\/#breadcrumb\",\"itemListElement\":[{\"@type\":\"ListItem\",\"position\":1,\"name\":\"Accueil\",\"item\":\"https:\/\/footdavant.fr\/actualites\/\"},{\"@type\":\"ListItem\",\"position\":2,\"name\":\"Manchester City \u00e9crase les Young Boys \u00e0 10 et se qualifie pour les huiti\u00e8mes de finale\"}]},{\"@type\":\"WebSite\",\"@id\":\"https:\/\/footdavant.fr\/actualites\/#website\",\"url\":\"https:\/\/footdavant.fr\/actualites\/\",\"name\":\"Foot d'avant\",\"description\":\"\",\"publisher\":{\"@id\":\"https:\/\/footdavant.fr\/actualites\/#organization\"},\"potentialAction\":[{\"@type\":\"SearchAction\",\"target\":{\"@type\":\"EntryPoint\",\"urlTemplate\":\"https:\/\/footdavant.fr\/actualites\/?s={search_term_string}\"},\"query-input\":\"required name=search_term_string\"}],\"inLanguage\":\"fr-FR\"},{\"@type\":\"Organization\",\"@id\":\"https:\/\/footdavant.fr\/actualites\/#organization\",\"name\":\"Foot d'avant\",\"url\":\"https:\/\/footdavant.fr\/actualites\/\",\"logo\":{\"@type\":\"ImageObject\",\"inLanguage\":\"fr-FR\",\"@id\":\"https:\/\/footdavant.fr\/actualites\/#\/schema\/logo\/image\/\",\"url\":\"https:\/\/footdavant.fr\/actualites\/wp-content\/uploads\/2023\/09\/Copy-of-FootDavant-Logo.png\",\"contentUrl\":\"https:\/\/footdavant.fr\/actualites\/wp-content\/uploads\/2023\/09\/Copy-of-FootDavant-Logo.png\",\"width\":936,\"height\":549,\"caption\":\"Foot d'avant\"},\"image\":{\"@id\":\"https:\/\/footdavant.fr\/actualites\/#\/schema\/logo\/image\/\"},\"sameAs\":[\"https:\/\/www.facebook.com\/Footdavant\/\",\"https:\/\/twitter.com\/FootdavantFr\",\"https:\/\/www.instagram.com\/footdavant.fr\/\"]},{\"@type\":\"Person\",\"@id\":\"https:\/\/footdavant.fr\/actualites\/#\/schema\/person\/bc222566d95871b37e597b3ed3ba5e1d\",\"name\":\"Cl\u00e9ment\",\"image\":{\"@type\":\"ImageObject\",\"inLanguage\":\"fr-FR\",\"@id\":\"https:\/\/footdavant.fr\/actualites\/#\/schema\/person\/image\/\",\"url\":\"https:\/\/secure.gravatar.com\/avatar\/7728b29aac2719421e1a9159b2254c44?s=96&d=mm&r=g\",\"contentUrl\":\"https:\/\/secure.gravatar.com\/avatar\/7728b29aac2719421e1a9159b2254c44?s=96&d=mm&r=g\",\"caption\":\"Cl\u00e9ment\"},\"sameAs\":[\"https:\/\/footdavant.fr\/\"]}]}<\/script>\n<!-- \/ Yoast SEO plugin. -->","yoast_head_json":{"title":"Manchester City \u00e9crase les Young Boys \u00e0 10 et se qualifie pour les huiti\u00e8mes de finale","robots":{"index":"index","follow":"follow","max-snippet":"max-snippet:-1","max-image-preview":"max-image-preview:large","max-video-preview":"max-video-preview:-1"},"canonical":"https:\/\/footdavant.fr\/actualites\/manchester-city-ecrase-les-young-boys-a-10-et-se-qualifie-pour-les-huitiemes-de-finale\/","og_locale":"fr_FR","og_type":"article","og_title":"Manchester City \u00e9crase les Young Boys \u00e0 10 et se qualifie pour les huiti\u00e8mes de finale","og_description":"Manchester City se lance dans les huiti\u00e8mes de finale de la Ligue des champions avec une victoire 3-0 contre les Young Boys \u00e0 10 dans","og_url":"https:\/\/footdavant.fr\/actualites\/manchester-city-ecrase-les-young-boys-a-10-et-se-qualifie-pour-les-huitiemes-de-finale\/","og_site_name":"Foot d&#039;avant","article_publisher":"https:\/\/www.facebook.com\/Footdavant\/","article_published_time":"2023-11-11T23:48:36+00:00","article_modified_time":"2023-11-11T23:48:37+00:00","og_image":[{"width":640,"height":480,"url":"https:\/\/footdavant.fr\/actualites\/wp-content\/uploads\/2023\/11\/Manchester-City-ecrase-les-Young-Boys-a-10-et-se.JPG","type":"image\/jpeg"}],"author":"Cl\u00e9ment","twitter_card":"summary_large_image","twitter_creator":"@FootdavantFr","twitter_site":"@FootdavantFr","twitter_misc":{"\u00c9crit par":"Cl\u00e9ment","Dur\u00e9e de lecture estim\u00e9e":"4 minutes"},"schema":{"@context":"https:\/\/schema.org","@graph":[{"@type":"Article","@id":"https:\/\/footdavant.fr\/actualites\/manchester-city-ecrase-les-young-boys-a-10-et-se-qualifie-pour-les-huitiemes-de-finale\/#article","isPartOf":{"@id":"https:\/\/footdavant.fr\/actualites\/manchester-city-ecrase-les-young-boys-a-10-et-se-qualifie-pour-les-huitiemes-de-finale\/"},"author":{"name":"Cl\u00e9ment","@id":"https:\/\/footdavant.fr\/actualites\/#\/schema\/person\/bc222566d95871b37e597b3ed3ba5e1d"},"headline":"Manchester City \u00e9crase les Young Boys \u00e0 10 et se qualifie pour les huiti\u00e8mes de finale","datePublished":"2023-11-11T23:48:36+00:00","dateModified":"2023-11-11T23:48:37+00:00","mainEntityOfPage":{"@id":"https:\/\/footdavant.fr\/actualites\/manchester-city-ecrase-les-young-boys-a-10-et-se-qualifie-pour-les-huitiemes-de-finale\/"},"wordCount":883,"publisher":{"@id":"https:\/\/footdavant.fr\/actualites\/#organization"},"keywords":["Boys","City","\u00e9crase","finale","huiti\u00e8mes","les","Manchester","pour","qualifie","Young"],"articleSection":["Champions League"],"inLanguage":"fr-FR"},{"@type":"WebPage","@id":"https:\/\/footdavant.fr\/actualites\/manchester-city-ecrase-les-young-boys-a-10-et-se-qualifie-pour-les-huitiemes-de-finale\/","url":"https:\/\/footdavant.fr\/actualites\/manchester-city-ecrase-les-young-boys-a-10-et-se-qualifie-pour-les-huitiemes-de-finale\/","name":"Manchester City \u00e9crase les Young Boys \u00e0 10 et se qualifie pour les huiti\u00e8mes de finale","isPartOf":{"@id":"https:\/\/footdavant.fr\/actualites\/#website"},"datePublished":"2023-11-11T23:48:36+00:00","dateModified":"2023-11-11T23:48:37+00:00","breadcrumb":{"@id":"https:\/\/footdavant.fr\/actualites\/manchester-city-ecrase-les-young-boys-a-10-et-se-qualifie-pour-les-huitiemes-de-finale\/#breadcrumb"},"inLanguage":"fr-FR","potentialAction":[{"@type":"ReadAction","target":["https:\/\/footdavant.fr\/actualites\/manchester-city-ecrase-les-young-boys-a-10-et-se-qualifie-pour-les-huitiemes-de-finale\/"]}]},{"@type":"BreadcrumbList","@id":"https:\/\/footdavant.fr\/actualites\/manchester-city-ecrase-les-young-boys-a-10-et-se-qualifie-pour-les-huitiemes-de-finale\/#breadcrumb","itemListElement":[{"@type":"ListItem","position":1,"name":"Accueil","item":"https:\/\/footdavant.fr\/actualites\/"},{"@type":"ListItem","position":2,"name":"Manchester City \u00e9crase les Young Boys \u00e0 10 et se qualifie pour les huiti\u00e8mes de finale"}]},{"@type":"WebSite","@id":"https:\/\/footdavant.fr\/actualites\/#website","url":"https:\/\/footdavant.fr\/actualites\/","name":"Foot d'avant","description":"","publisher":{"@id":"https:\/\/footdavant.fr\/actualites\/#organization"},"potentialAction":[{"@type":"SearchAction","target":{"@type":"EntryPoint","urlTemplate":"https:\/\/footdavant.fr\/actualites\/?s={search_term_string}"},"query-input":"required name=search_term_string"}],"inLanguage":"fr-FR"},{"@type":"Organization","@id":"https:\/\/footdavant.fr\/actualites\/#organization","name":"Foot d'avant","url":"https:\/\/footdavant.fr\/actualites\/","logo":{"@type":"ImageObject","inLanguage":"fr-FR","@id":"https:\/\/footdavant.fr\/actualites\/#\/schema\/logo\/image\/","url":"https:\/\/footdavant.fr\/actualites\/wp-content\/uploads\/2023\/09\/Copy-of-FootDavant-Logo.png","contentUrl":"https:\/\/footdavant.fr\/actualites\/wp-content\/uploads\/2023\/09\/Copy-of-FootDavant-Logo.png","width":936,"height":549,"caption":"Foot d'avant"},"image":{"@id":"https:\/\/footdavant.fr\/actualites\/#\/schema\/logo\/image\/"},"sameAs":["https:\/\/www.facebook.com\/Footdavant\/","https:\/\/twitter.com\/FootdavantFr","https:\/\/www.instagram.com\/footdavant.fr\/"]},{"@type":"Person","@id":"https:\/\/footdavant.fr\/actualites\/#\/schema\/person\/bc222566d95871b37e597b3ed3ba5e1d","name":"Cl\u00e9ment","image":{"@type":"ImageObject","inLanguage":"fr-FR","@id":"https:\/\/footdavant.fr\/actualites\/#\/schema\/person\/image\/","url":"https:\/\/secure.gravatar.com\/avatar\/7728b29aac2719421e1a9159b2254c44?s=96&d=mm&r=g","contentUrl":"https:\/\/secure.gravatar.com\/avatar\/7728b29aac2719421e1a9159b2254c44?s=96&d=mm&r=g","caption":"Cl\u00e9ment"},"sameAs":["https:\/\/footdavant.fr\/"]}]}},"_links":{"self":[{"href":"https:\/\/footdavant.fr\/actualites\/wp-json\/wp\/v2\/posts\/767"}],"collection":[{"href":"https:\/\/footdavant.fr\/actualites\/wp-json\/wp\/v2\/posts"}],"about":[{"href":"https:\/\/footdavant.fr\/actualites\/wp-json\/wp\/v2\/types\/post"}],"author":[{"embeddable":true,"href":"https:\/\/footdavant.fr\/actualites\/wp-json\/wp\/v2\/users\/1"}],"replies":[{"embeddable":true,"href":"https:\/\/footdavant.fr\/actualites\/wp-json\/wp\/v2\/comments?post=767"}],"version-history":[{"count":1,"href":"https:\/\/footdavant.fr\/actualites\/wp-json\/wp\/v2\/posts\/767\/revisions"}],"predecessor-version":[{"id":769,"href":"https:\/\/footdavant.fr\/actualites\/wp-json\/wp\/v2\/posts\/767\/revisions\/769"}],"wp:featuredmedia":[{"embeddable":true,"href":"https:\/\/footdavant.fr\/actualites\/wp-json\/wp\/v2\/media\/768"}],"wp:attachment":[{"href":"https:\/\/footdavant.fr\/actualites\/wp-json\/wp\/v2\/media?parent=767"}],"wp:term":[{"taxonomy":"category","embeddable":true,"href":"https:\/\/footdavant.fr\/actualites\/wp-json\/wp\/v2\/categories?post=767"},{"taxonomy":"post_tag","embeddable":true,"href":"https:\/\/footdavant.fr\/actualites\/wp-json\/wp\/v2\/tags?post=767"}],"curies":[{"name":"wp","href":"https:\/\/api.w.org\/{rel}","templated":true}]}}