{"id":770,"date":"2023-11-12T01:50:11","date_gmt":"2023-11-12T00:50:11","guid":{"rendered":"https:\/\/footdavant.fr\/actualites\/arsenal-accueillera-les-offres-de-janvier-pour-thomas-partey\/"},"modified":"2023-11-12T01:50:12","modified_gmt":"2023-11-12T00:50:12","slug":"arsenal-accueillera-les-offres-de-janvier-pour-thomas-partey","status":"publish","type":"post","link":"https:\/\/footdavant.fr\/actualites\/arsenal-accueillera-les-offres-de-janvier-pour-thomas-partey\/","title":{"rendered":"Arsenal \u00ab accueillera les offres de janvier pour Thomas Partey \u00bb"},"content":{"rendered":"<p>Arsenal serait ouvert aux offres de janvier pour le milieu de terrain Thomas Partey, cribl\u00e9 de blessures, qui suscite l&rsquo;int\u00e9r\u00eat de la Juventus et de l&rsquo;Arabie saoudite.<\/p>\n<div id=\"article_body\" itemprop=\"articleBody\">\n<h3 class=\"firstPara\">\n<strong class=\"autotag\">Arsenal<\/strong> seraient pr\u00eats \u00e0 accepter des offres pour un milieu de terrain en proie \u00e0 des blessures <strong class=\"autotag\">Thomas Partey<\/strong> lors du mercato de janvier.<\/h3>\n<p>L&rsquo;international ghan\u00e9en a sembl\u00e9 confier ses probl\u00e8mes de condition physique au pass\u00e9 la saison derni\u00e8re, jouant un r\u00f4le essentiel dans la lutte pour le titre d&rsquo;Arsenal dans un duo efficace avec <strong class=\"autotag\">Granit Xhaka<\/strong>.<\/p>\n<p>Malgr\u00e9 le transfert de Xhaka au Bayer Leverkusen, ainsi que les signatures de <strong class=\"autotag\">Declan Riz<\/strong> et <strong class=\"autotag\">Kai Havertz<\/strong>Partey est rest\u00e9 aux Emirats pendant l&rsquo;\u00e9t\u00e9, ignorant l&rsquo;int\u00e9r\u00eat apparent de <strong class=\"autotag\">Juve<\/strong> et l&rsquo;Arabie Saoudite.<\/p>\n<p>Cependant, les blessures ont une fois de plus fait ressortir leurs vilaines t\u00eates pour le joueur de 30 ans, qui n&rsquo;a pas d\u00e9but\u00e9 un seul match dans sa position de milieu de terrain pr\u00e9f\u00e9r\u00e9e au cours de la saison 2023-24.<\/p>\n<p><strong class=\"autotag\">Mikel Arteta<\/strong> a exp\u00e9riment\u00e9 Partey \u00e0 l&rsquo;arri\u00e8re droit au d\u00e9but du nouveau mandat avant de subir une blessure \u00e0 l&rsquo;aine, qui l&rsquo;a mis \u00e0 l&rsquo;\u00e9cart tout au long du mois de septembre.<\/p>\n<p class=\"imgI\">\n<p>Apr\u00e8s son r\u00e9tablissement, Partey a quitt\u00e9 le banc lors de la victoire 1-0 contre Manchester City en octobre, mais l&rsquo;ancien joueur de l&rsquo;Atletico Madrid est rapidement rentr\u00e9 dans la salle de soins avec un autre probl\u00e8me musculaire r\u00e9sultant d&rsquo;une s\u00e9ance d&rsquo;entra\u00eenement.<\/p>\n<p>Partey ne devrait pas se remettre de sa derni\u00e8re affliction avant quelques semaines, et selon <em>Le soleil<\/em>les probl\u00e8mes de blessures r\u00e9currents de l&rsquo;Africain ont convaincu les Gunners d&rsquo;encaisser cet hiver.<\/p>\n<p>Le rapport affirme qu\u2019Arsenal pr\u00e9voyait initialement d\u2019attendre l\u2019\u00e9t\u00e9 2024 avant de r\u00e9duire ses pertes sur Partey, \u00e0 qui il reste moins de deux ans pour ex\u00e9cuter son contrat dans le nord de Londres.<\/p>\n<p>Cependant, les Gunners &#8211; malgr\u00e9 leurs p\u00e9nuries bien document\u00e9es au milieu de terrain &#8211; sont d\u00e9sormais pr\u00eats \u00e0 rompre les liens avec Partey \u00e0 mi-chemin de la campagne, alors que l&rsquo;international ghan\u00e9en doit repr\u00e9senter son pays \u00e0 la Coupe d&rsquo;Afrique des Nations.<\/p>\n<p>Les absences fr\u00e9quentes de Partey auraient \u00e9t\u00e9 l&rsquo;une des raisons pour lesquelles Arteta a d\u00e9cid\u00e9 de recruter Rice, qui a souvent \u00e9t\u00e9 d\u00e9ploy\u00e9e dans un r\u00f4le de num\u00e9ro huit cette saison avec <strong class=\"autotag\">Jorginho<\/strong> nettoyer dans une position plus profonde.<\/p>\n<p class=\"imgI\"><img decoding=\"async\" loading=\"lazy\" class=\"l\" src=\"https:\/\/footdavant.fr\/actualites\/wp-content\/uploads\/2023\/11\/Arsenal-accueillera-les-offres-de-janvier-pour-Thomas-Partey.JPG\" title=\"Thomas Partey d'Arsenal fait la f\u00eate en mars 2023\" alt=\"Thomas Partey d'Arsenal fait la f\u00eate en mars 2023\" width=\"640\" height=\"480\"><\/p>\n<p>La Juventus devrait raviver son int\u00e9r\u00eat pour Partey, qui aurait \u00e9galement inform\u00e9 les Gunners de son d\u00e9sir de partir apr\u00e8s avoir \u00e9t\u00e9 frustr\u00e9 par son r\u00f4le secondaire cette saison.<\/p>\n<p>Les g\u00e9ants italiens travailleront sans <strong class=\"autotag\">Nicolo Fagioli<\/strong> pendant encore six mois pendant qu&rsquo;il purge sa longue suspension de paris, tandis que <strong class=\"autotag\">Paul Pogba<\/strong>Le contrat de ce dernier sera probablement r\u00e9sili\u00e9 dans l&rsquo;attente de sanctions pour son \u00e9chec au contr\u00f4le antidopage.<\/p>\n<p>La Juve ne voudrait cependant un accord de pr\u00eat qu&rsquo;en janvier, tandis qu&rsquo;Arsenal esp\u00e8re entamer des n\u00e9gociations avec les clubs de la Pro League saoudienne \u00e0 environ 30 millions de livres sterling, ce qui repr\u00e9senterait toujours une perte sur les 50 millions d&rsquo;euros (43,6 millions de livres sterling) qu&rsquo;ils ont pay\u00e9s \u00e0 l&rsquo;Atletico. pour ses services en 2020.<\/p>\n<p>Partey a inscrit cinq buts et quatre passes d\u00e9cisives en 104 matches pour Arsenal depuis qu&rsquo;il a rejoint le club il y a trois ans, disputant les 90 matchs complets lors de la victoire du Gunners&rsquo; Community Shield contre Manchester City en ao\u00fbt.<\/p>\n<p>Cependant, l&rsquo;international ghan\u00e9en sera de nouveau absent lorsque les hommes d&rsquo;Arteta reviendront en Premier League \u00e0 domicile contre Burnley samedi apr\u00e8s-midi.<\/p>\n<\/div>\n","protected":false},"excerpt":{"rendered":"<p>Arsenal serait ouvert aux offres de janvier pour le milieu de terrain Thomas Partey, cribl\u00e9 de blessures, qui suscite l&rsquo;int\u00e9r\u00eat de la Juventus et de<\/p>\n","protected":false},"author":1,"featured_media":771,"comment_status":"closed","ping_status":"","sticky":false,"template":"","format":"standard","meta":{"footnotes":""},"categories":[5],"tags":[946,67,166,93,99,236,51,235],"yoast_head":"<!-- This site is optimized with the Yoast SEO plugin v21.0 - https:\/\/yoast.com\/wordpress\/plugins\/seo\/ -->\n<title>Arsenal \u00ab accueillera les offres de janvier pour Thomas Partey \u00bb<\/title>\n<meta name=\"robots\" content=\"index, follow, max-snippet:-1, max-image-preview:large, max-video-preview:-1\" \/>\n<link rel=\"canonical\" href=\"https:\/\/footdavant.fr\/actualites\/arsenal-accueillera-les-offres-de-janvier-pour-thomas-partey\/\" \/>\n<meta property=\"og:locale\" content=\"fr_FR\" \/>\n<meta property=\"og:type\" content=\"article\" \/>\n<meta property=\"og:title\" content=\"Arsenal \u00ab accueillera les offres de janvier pour Thomas Partey \u00bb\" \/>\n<meta property=\"og:description\" content=\"Arsenal serait ouvert aux offres de janvier pour le milieu de terrain Thomas Partey, cribl\u00e9 de blessures, qui suscite l&rsquo;int\u00e9r\u00eat de la Juventus et de\" \/>\n<meta property=\"og:url\" content=\"https:\/\/footdavant.fr\/actualites\/arsenal-accueillera-les-offres-de-janvier-pour-thomas-partey\/\" \/>\n<meta property=\"og:site_name\" content=\"Foot d&#039;avant\" \/>\n<meta property=\"article:publisher\" content=\"https:\/\/www.facebook.com\/Footdavant\/\" \/>\n<meta property=\"article:published_time\" content=\"2023-11-12T00:50:11+00:00\" \/>\n<meta property=\"article:modified_time\" content=\"2023-11-12T00:50:12+00:00\" \/>\n<meta property=\"og:image\" content=\"https:\/\/footdavant.fr\/actualites\/wp-content\/uploads\/2023\/11\/Arsenal-accueillera-les-offres-de-janvier-pour-Thomas-Partey.jpg\" \/>\n\t<meta property=\"og:image:width\" content=\"640\" \/>\n\t<meta property=\"og:image:height\" content=\"480\" \/>\n\t<meta property=\"og:image:type\" content=\"image\/jpeg\" \/>\n<meta name=\"author\" content=\"Cl\u00e9ment\" \/>\n<meta name=\"twitter:card\" content=\"summary_large_image\" \/>\n<meta name=\"twitter:creator\" content=\"@FootdavantFr\" \/>\n<meta name=\"twitter:site\" content=\"@FootdavantFr\" \/>\n<meta name=\"twitter:label1\" content=\"\u00c9crit par\" \/>\n\t<meta name=\"twitter:data1\" content=\"Cl\u00e9ment\" \/>\n\t<meta name=\"twitter:label2\" content=\"Dur\u00e9e de lecture estim\u00e9e\" \/>\n\t<meta name=\"twitter:data2\" content=\"3 minutes\" \/>\n<script type=\"application\/ld+json\" class=\"yoast-schema-graph\">{\"@context\":\"https:\/\/schema.org\",\"@graph\":[{\"@type\":\"Article\",\"@id\":\"https:\/\/footdavant.fr\/actualites\/arsenal-accueillera-les-offres-de-janvier-pour-thomas-partey\/#article\",\"isPartOf\":{\"@id\":\"https:\/\/footdavant.fr\/actualites\/arsenal-accueillera-les-offres-de-janvier-pour-thomas-partey\/\"},\"author\":{\"name\":\"Cl\u00e9ment\",\"@id\":\"https:\/\/footdavant.fr\/actualites\/#\/schema\/person\/bc222566d95871b37e597b3ed3ba5e1d\"},\"headline\":\"Arsenal \u00ab accueillera les offres de janvier pour Thomas Partey \u00bb\",\"datePublished\":\"2023-11-12T00:50:11+00:00\",\"dateModified\":\"2023-11-12T00:50:12+00:00\",\"mainEntityOfPage\":{\"@id\":\"https:\/\/footdavant.fr\/actualites\/arsenal-accueillera-les-offres-de-janvier-pour-thomas-partey\/\"},\"wordCount\":616,\"publisher\":{\"@id\":\"https:\/\/footdavant.fr\/actualites\/#organization\"},\"keywords\":[\"accueillera\",\"Arsenal\",\"janvier\",\"les\",\"offres\",\"Partey\",\"pour\",\"Thomas\"],\"articleSection\":[\"Premier League\"],\"inLanguage\":\"fr-FR\"},{\"@type\":\"WebPage\",\"@id\":\"https:\/\/footdavant.fr\/actualites\/arsenal-accueillera-les-offres-de-janvier-pour-thomas-partey\/\",\"url\":\"https:\/\/footdavant.fr\/actualites\/arsenal-accueillera-les-offres-de-janvier-pour-thomas-partey\/\",\"name\":\"Arsenal \u00ab accueillera les offres de janvier pour Thomas Partey \u00bb\",\"isPartOf\":{\"@id\":\"https:\/\/footdavant.fr\/actualites\/#website\"},\"datePublished\":\"2023-11-12T00:50:11+00:00\",\"dateModified\":\"2023-11-12T00:50:12+00:00\",\"breadcrumb\":{\"@id\":\"https:\/\/footdavant.fr\/actualites\/arsenal-accueillera-les-offres-de-janvier-pour-thomas-partey\/#breadcrumb\"},\"inLanguage\":\"fr-FR\",\"potentialAction\":[{\"@type\":\"ReadAction\",\"target\":[\"https:\/\/footdavant.fr\/actualites\/arsenal-accueillera-les-offres-de-janvier-pour-thomas-partey\/\"]}]},{\"@type\":\"BreadcrumbList\",\"@id\":\"https:\/\/footdavant.fr\/actualites\/arsenal-accueillera-les-offres-de-janvier-pour-thomas-partey\/#breadcrumb\",\"itemListElement\":[{\"@type\":\"ListItem\",\"position\":1,\"name\":\"Accueil\",\"item\":\"https:\/\/footdavant.fr\/actualites\/\"},{\"@type\":\"ListItem\",\"position\":2,\"name\":\"Arsenal \u00ab accueillera les offres de janvier pour Thomas Partey \u00bb\"}]},{\"@type\":\"WebSite\",\"@id\":\"https:\/\/footdavant.fr\/actualites\/#website\",\"url\":\"https:\/\/footdavant.fr\/actualites\/\",\"name\":\"Foot d'avant\",\"description\":\"\",\"publisher\":{\"@id\":\"https:\/\/footdavant.fr\/actualites\/#organization\"},\"potentialAction\":[{\"@type\":\"SearchAction\",\"target\":{\"@type\":\"EntryPoint\",\"urlTemplate\":\"https:\/\/footdavant.fr\/actualites\/?s={search_term_string}\"},\"query-input\":\"required name=search_term_string\"}],\"inLanguage\":\"fr-FR\"},{\"@type\":\"Organization\",\"@id\":\"https:\/\/footdavant.fr\/actualites\/#organization\",\"name\":\"Foot d'avant\",\"url\":\"https:\/\/footdavant.fr\/actualites\/\",\"logo\":{\"@type\":\"ImageObject\",\"inLanguage\":\"fr-FR\",\"@id\":\"https:\/\/footdavant.fr\/actualites\/#\/schema\/logo\/image\/\",\"url\":\"https:\/\/footdavant.fr\/actualites\/wp-content\/uploads\/2023\/09\/Copy-of-FootDavant-Logo.png\",\"contentUrl\":\"https:\/\/footdavant.fr\/actualites\/wp-content\/uploads\/2023\/09\/Copy-of-FootDavant-Logo.png\",\"width\":936,\"height\":549,\"caption\":\"Foot d'avant\"},\"image\":{\"@id\":\"https:\/\/footdavant.fr\/actualites\/#\/schema\/logo\/image\/\"},\"sameAs\":[\"https:\/\/www.facebook.com\/Footdavant\/\",\"https:\/\/twitter.com\/FootdavantFr\",\"https:\/\/www.instagram.com\/footdavant.fr\/\"]},{\"@type\":\"Person\",\"@id\":\"https:\/\/footdavant.fr\/actualites\/#\/schema\/person\/bc222566d95871b37e597b3ed3ba5e1d\",\"name\":\"Cl\u00e9ment\",\"image\":{\"@type\":\"ImageObject\",\"inLanguage\":\"fr-FR\",\"@id\":\"https:\/\/footdavant.fr\/actualites\/#\/schema\/person\/image\/\",\"url\":\"https:\/\/secure.gravatar.com\/avatar\/7728b29aac2719421e1a9159b2254c44?s=96&d=mm&r=g\",\"contentUrl\":\"https:\/\/secure.gravatar.com\/avatar\/7728b29aac2719421e1a9159b2254c44?s=96&d=mm&r=g\",\"caption\":\"Cl\u00e9ment\"},\"sameAs\":[\"https:\/\/footdavant.fr\/\"]}]}<\/script>\n<!-- \/ Yoast SEO plugin. -->","yoast_head_json":{"title":"Arsenal \u00ab accueillera les offres de janvier pour Thomas Partey \u00bb","robots":{"index":"index","follow":"follow","max-snippet":"max-snippet:-1","max-image-preview":"max-image-preview:large","max-video-preview":"max-video-preview:-1"},"canonical":"https:\/\/footdavant.fr\/actualites\/arsenal-accueillera-les-offres-de-janvier-pour-thomas-partey\/","og_locale":"fr_FR","og_type":"article","og_title":"Arsenal \u00ab accueillera les offres de janvier pour Thomas Partey \u00bb","og_description":"Arsenal serait ouvert aux offres de janvier pour le milieu de terrain Thomas Partey, cribl\u00e9 de blessures, qui suscite l&rsquo;int\u00e9r\u00eat de la Juventus et de","og_url":"https:\/\/footdavant.fr\/actualites\/arsenal-accueillera-les-offres-de-janvier-pour-thomas-partey\/","og_site_name":"Foot d&#039;avant","article_publisher":"https:\/\/www.facebook.com\/Footdavant\/","article_published_time":"2023-11-12T00:50:11+00:00","article_modified_time":"2023-11-12T00:50:12+00:00","og_image":[{"width":640,"height":480,"url":"https:\/\/footdavant.fr\/actualites\/wp-content\/uploads\/2023\/11\/Arsenal-accueillera-les-offres-de-janvier-pour-Thomas-Partey.jpg","type":"image\/jpeg"}],"author":"Cl\u00e9ment","twitter_card":"summary_large_image","twitter_creator":"@FootdavantFr","twitter_site":"@FootdavantFr","twitter_misc":{"\u00c9crit par":"Cl\u00e9ment","Dur\u00e9e de lecture estim\u00e9e":"3 minutes"},"schema":{"@context":"https:\/\/schema.org","@graph":[{"@type":"Article","@id":"https:\/\/footdavant.fr\/actualites\/arsenal-accueillera-les-offres-de-janvier-pour-thomas-partey\/#article","isPartOf":{"@id":"https:\/\/footdavant.fr\/actualites\/arsenal-accueillera-les-offres-de-janvier-pour-thomas-partey\/"},"author":{"name":"Cl\u00e9ment","@id":"https:\/\/footdavant.fr\/actualites\/#\/schema\/person\/bc222566d95871b37e597b3ed3ba5e1d"},"headline":"Arsenal \u00ab accueillera les offres de janvier pour Thomas Partey \u00bb","datePublished":"2023-11-12T00:50:11+00:00","dateModified":"2023-11-12T00:50:12+00:00","mainEntityOfPage":{"@id":"https:\/\/footdavant.fr\/actualites\/arsenal-accueillera-les-offres-de-janvier-pour-thomas-partey\/"},"wordCount":616,"publisher":{"@id":"https:\/\/footdavant.fr\/actualites\/#organization"},"keywords":["accueillera","Arsenal","janvier","les","offres","Partey","pour","Thomas"],"articleSection":["Premier League"],"inLanguage":"fr-FR"},{"@type":"WebPage","@id":"https:\/\/footdavant.fr\/actualites\/arsenal-accueillera-les-offres-de-janvier-pour-thomas-partey\/","url":"https:\/\/footdavant.fr\/actualites\/arsenal-accueillera-les-offres-de-janvier-pour-thomas-partey\/","name":"Arsenal \u00ab accueillera les offres de janvier pour Thomas Partey \u00bb","isPartOf":{"@id":"https:\/\/footdavant.fr\/actualites\/#website"},"datePublished":"2023-11-12T00:50:11+00:00","dateModified":"2023-11-12T00:50:12+00:00","breadcrumb":{"@id":"https:\/\/footdavant.fr\/actualites\/arsenal-accueillera-les-offres-de-janvier-pour-thomas-partey\/#breadcrumb"},"inLanguage":"fr-FR","potentialAction":[{"@type":"ReadAction","target":["https:\/\/footdavant.fr\/actualites\/arsenal-accueillera-les-offres-de-janvier-pour-thomas-partey\/"]}]},{"@type":"BreadcrumbList","@id":"https:\/\/footdavant.fr\/actualites\/arsenal-accueillera-les-offres-de-janvier-pour-thomas-partey\/#breadcrumb","itemListElement":[{"@type":"ListItem","position":1,"name":"Accueil","item":"https:\/\/footdavant.fr\/actualites\/"},{"@type":"ListItem","position":2,"name":"Arsenal \u00ab accueillera les offres de janvier pour Thomas Partey \u00bb"}]},{"@type":"WebSite","@id":"https:\/\/footdavant.fr\/actualites\/#website","url":"https:\/\/footdavant.fr\/actualites\/","name":"Foot d'avant","description":"","publisher":{"@id":"https:\/\/footdavant.fr\/actualites\/#organization"},"potentialAction":[{"@type":"SearchAction","target":{"@type":"EntryPoint","urlTemplate":"https:\/\/footdavant.fr\/actualites\/?s={search_term_string}"},"query-input":"required name=search_term_string"}],"inLanguage":"fr-FR"},{"@type":"Organization","@id":"https:\/\/footdavant.fr\/actualites\/#organization","name":"Foot d'avant","url":"https:\/\/footdavant.fr\/actualites\/","logo":{"@type":"ImageObject","inLanguage":"fr-FR","@id":"https:\/\/footdavant.fr\/actualites\/#\/schema\/logo\/image\/","url":"https:\/\/footdavant.fr\/actualites\/wp-content\/uploads\/2023\/09\/Copy-of-FootDavant-Logo.png","contentUrl":"https:\/\/footdavant.fr\/actualites\/wp-content\/uploads\/2023\/09\/Copy-of-FootDavant-Logo.png","width":936,"height":549,"caption":"Foot d'avant"},"image":{"@id":"https:\/\/footdavant.fr\/actualites\/#\/schema\/logo\/image\/"},"sameAs":["https:\/\/www.facebook.com\/Footdavant\/","https:\/\/twitter.com\/FootdavantFr","https:\/\/www.instagram.com\/footdavant.fr\/"]},{"@type":"Person","@id":"https:\/\/footdavant.fr\/actualites\/#\/schema\/person\/bc222566d95871b37e597b3ed3ba5e1d","name":"Cl\u00e9ment","image":{"@type":"ImageObject","inLanguage":"fr-FR","@id":"https:\/\/footdavant.fr\/actualites\/#\/schema\/person\/image\/","url":"https:\/\/secure.gravatar.com\/avatar\/7728b29aac2719421e1a9159b2254c44?s=96&d=mm&r=g","contentUrl":"https:\/\/secure.gravatar.com\/avatar\/7728b29aac2719421e1a9159b2254c44?s=96&d=mm&r=g","caption":"Cl\u00e9ment"},"sameAs":["https:\/\/footdavant.fr\/"]}]}},"_links":{"self":[{"href":"https:\/\/footdavant.fr\/actualites\/wp-json\/wp\/v2\/posts\/770"}],"collection":[{"href":"https:\/\/footdavant.fr\/actualites\/wp-json\/wp\/v2\/posts"}],"about":[{"href":"https:\/\/footdavant.fr\/actualites\/wp-json\/wp\/v2\/types\/post"}],"author":[{"embeddable":true,"href":"https:\/\/footdavant.fr\/actualites\/wp-json\/wp\/v2\/users\/1"}],"replies":[{"embeddable":true,"href":"https:\/\/footdavant.fr\/actualites\/wp-json\/wp\/v2\/comments?post=770"}],"version-history":[{"count":1,"href":"https:\/\/footdavant.fr\/actualites\/wp-json\/wp\/v2\/posts\/770\/revisions"}],"predecessor-version":[{"id":772,"href":"https:\/\/footdavant.fr\/actualites\/wp-json\/wp\/v2\/posts\/770\/revisions\/772"}],"wp:featuredmedia":[{"embeddable":true,"href":"https:\/\/footdavant.fr\/actualites\/wp-json\/wp\/v2\/media\/771"}],"wp:attachment":[{"href":"https:\/\/footdavant.fr\/actualites\/wp-json\/wp\/v2\/media?parent=770"}],"wp:term":[{"taxonomy":"category","embeddable":true,"href":"https:\/\/footdavant.fr\/actualites\/wp-json\/wp\/v2\/categories?post=770"},{"taxonomy":"post_tag","embeddable":true,"href":"https:\/\/footdavant.fr\/actualites\/wp-json\/wp\/v2\/tags?post=770"}],"curies":[{"name":"wp","href":"https:\/\/api.w.org\/{rel}","templated":true}]}}