{"id":7789,"date":"2024-04-20T16:50:20","date_gmt":"2024-04-20T14:50:20","guid":{"rendered":"https:\/\/footdavant.fr\/actualites\/la-position-ferme-de-pochettino-sur-lincident-de-penalty-est-rafraichissante-a-voir\/"},"modified":"2024-04-20T16:50:20","modified_gmt":"2024-04-20T14:50:20","slug":"la-position-ferme-de-pochettino-sur-lincident-de-penalty-est-rafraichissante-a-voir","status":"publish","type":"post","link":"https:\/\/footdavant.fr\/actualites\/la-position-ferme-de-pochettino-sur-lincident-de-penalty-est-rafraichissante-a-voir\/","title":{"rendered":"La position ferme de Pochettino sur l&#39;incident de penalty est rafra\u00eechissante \u00e0 voir \u2013"},"content":{"rendered":"<div id=\"mvp-content-main\">\n<p>La chose la plus frustrante \u00e0 propos de l&#39;incident sur penalty contre Everton hier soir, c&#39;est que c&#39;\u00e9tait la troisi\u00e8me fois que nous voyions de telles choses se produire cette saison, et cela ne vient pas toujours non plus des jeunes joueurs.<\/p>\n<p>Raheem Sterling a \u00e9t\u00e9 impliqu\u00e9 dans de tels incidents \u00e0 plusieurs reprises, essayant de prendre le ballon \u00e0 Cole Palmer.  Puis hier soir, c&#39;\u00e9tait au tour de Noni Madueke et Nicolas Jackson.<\/p>\n<p>Comme je l&#39;ai dit dans ma revue de match d&#39;hier soir et que je n&#39;ai pas besoin d&#39;y revenir en d\u00e9tail, j&#39;\u00e9tais en col\u00e8re et vraiment d\u00e9go\u00fbt\u00e9 de voir cela se jouer.  Je n&#39;arrivais pas \u00e0 croire ce que je voyais, et je suis ennuy\u00e9 que cela ait d\u00e9tourn\u00e9 une partie de l&#39;attention d&#39;un r\u00e9sultat et d&#39;une performance cat\u00e9goriques de Chelsea, donnant une fess\u00e9e \u00e0 Everton 6-0 !<\/p>\n<p>Nous avions tous tellement besoin de ce r\u00e9sultat, et je sais que nous l&#39;avons toujours appr\u00e9ci\u00e9 et c\u00e9l\u00e9br\u00e9, mais cet incident planait sur nous et ce n&#39;est pas acceptable par les personnes impliqu\u00e9es.<\/p>\n<p>J&#39;ai mentionn\u00e9 \u00e0 maintes reprises que Mauricio Pochettino devrait s\u00e9lectionner une liste d\u00e9sign\u00e9e de tireurs de penalty et que de tels incidents ne se produiraient jamais, tant que les joueurs respectent et comprennent cela.  Le tireur des p\u00e9nalit\u00e9s est Cole Palmer, et c&#39;est tout.<\/p>\n<p>Il y a seulement quelques semaines, Pochettino expliquait aux m\u00e9dias que son choix de tireur de penalty \u00e9tait de permettre \u00e0 celui qui se sentait suffisamment en confiance d&#39;intervenir et de le tirer sur le moment.  C\u2019\u00e9tait une recette pour le chaos et le d\u00e9sastre.  Mais j&#39;\u00e9tais encore plus perplexe qu&#39;il ait effectivement admis qu&#39;il l&#39;avait fait et qu&#39;il avait dit aux joueurs que Palmer \u00e9tait le tireur du penalty.  Donc, s\u2019il a effectivement communiqu\u00e9 cela, cela semble encore pire pour Jackson et Madueke et n\u2019augure vraiment rien de bon.<\/p>\n<p>Pochettino n&#39;\u00e9tait pas content apr\u00e8s le match, et il m\u00e9rite vraiment d&#39;\u00eatre f\u00e9licit\u00e9 pour sa r\u00e9action et les mots qu&#39;il a prononc\u00e9s apr\u00e8s le match.  C&#39;\u00e9tait rafra\u00eechissant de le voir boulevers\u00e9 et d&#39;instaurer une discipline imm\u00e9diate pour emp\u00eacher que cela ne se reproduise.<\/p>\n<p>Apr\u00e8s le match, il a d\u00e9clar\u00e9 :<\/p>\n<blockquote>\n<p>\u00ab Je vais vous le dire, pour \u00eatre clair ;  les joueurs savent, le staff sait, le club sait que le tireur du penalty est Cole Palmer.  Tout ce qui s&#39;est pass\u00e9 apr\u00e8s est dommage.  Je suis tellement, tellement boulevers\u00e9 par cette situation.<\/p>\n<p>\u00ab\u00a0Nous parlions dans le vestiaire de l&#39;image que nous envoyons, car c&#39;est Monday Night Football \u2013 tous les pays regardaient le match et nous ne pouvons pas envoyer ce type d&#39;image.  C&#39;est dommage.  Je tiens \u00e0 m&#39;excuser aupr\u00e8s du peuple et de nos fans car c&#39;est inacceptable.<\/p>\n<p>\u00ab La discipline est la chose la plus importante pour l&#39;\u00e9quipe.  C&#39;est une qualit\u00e9 du sport.  Bien s\u00fbr, les joueurs doivent montrer qu&#39;ils ont envie de marquer des buts et tout, mais ce genre de situation, nous allons prendre une d\u00e9cision si cela se produit, nous en avons tr\u00e8s bien parl\u00e9 car nous devons clarifier la situation. .<\/p>\n<p>\u00ab Mais je ne vais pas accepter \u00e0 nouveau ce type de comportement.  Je serai tr\u00e8s fort si quelque chose comme \u00e7a se reproduisait.  Je leur disais et je promets que cela ne se reproduira plus.  C&#39;est en quelque sorte le processus que nous devons apprendre lorsque vous avez une \u00e9quipe jeune, que parfois les objectifs personnels sont devant le collectif.<\/p>\n<p>\u00ab Quand on me demande pourquoi on n&#39;est pas r\u00e9gulier, pourquoi on n&#39;est pas performant parfois, et puis on chute, c&#39;est \u00e0 cause des standards.  La jeune \u00e9quipe doit avoir un objectif tr\u00e8s clair du club.  Mais en m\u00eame temps, ils doivent \u00eatre performants pour l\u2019\u00e9quipe.  Ils doivent apprendre tr\u00e8s vite car nous sommes \u00e0 Chelsea et la demande est forte.<\/p>\n<p>\u00ab Il ne s&#39;agit pas de punition.  Il s&#39;agit d&#39;apprendre.  Ce sont des jeunes, ils se comportent comme \u00e7a.  Je pense que la r\u00e9action de [Conor] Gallagher comme un capitaine.  Je pense que nous ne pouvons pas avoir ce genre de comportement.  C&#39;est une punition pour tout le monde car ils savent tous que si Palmer est sur le terrain, il est le tireur depuis le jour o\u00f9 il a commenc\u00e9 \u00e0 jouer.<\/p>\n<p>\u00ab Nous devons \u00e9galement nous rappeler quand c&#39;\u00e9tait une situation tr\u00e8s difficile.  Vous vous souvenez de Burnley ?  Le penalty \u2013 personne ne voulait le tirer mais il a pris le ballon et a montr\u00e9 sa personnalit\u00e9 \u00e0 partir de l\u00e0.<\/p>\n<p>\u00ab \u00c9coutez, c&#39;est arriv\u00e9.  Nous parlions.  Je peux expliquer tout ce dont nous parlions l\u00e0-bas.  C&#39;est une honte.  Je ne peux que m&#39;excuser et dire que cela n&#39;arrivera pas.  S\u2019ils se comportent comme des enfants, ici c\u2019est impossible.<\/p>\n<p>\u00ab\u00a0Apr\u00e8s le match incroyable que nous avons jou\u00e9 depuis le d\u00e9but, en parler aujourd&#39;hui, c&#39;est dommage et c&#39;est une chose inacceptable.  Nous ne m\u00e9ritons pas de parler de \u00e7a.  Je m&#39;excuse aupr\u00e8s des fans et des gens \u00e0 cause de la fa\u00e7on dont nous nous comportons.  Cela fait partie du processus.<\/p>\n<p>\u00ab Ce n&#39;est pas facile de constituer une \u00e9quipe.  Ce n&#39;est pas facile.  C&#39;est pourquoi nous devons apprendre et \u00eatre forts dans nos d\u00e9cisions.  Quand je vous ai dit qu&#39;on avait toutes les informations pour prendre et prendre une d\u00e9cision pour la saison prochaine, c&#39;est le genre de choses auxquelles il faut pr\u00eater attention. [to].<\/p>\n<p>\u00ab Je pense que nous sommes tous d\u2019accord que ce type de comportement ne peut plus se reproduire et qu\u2019ils ont tort.<\/p>\n<p>\u00ab Ce ne sont pas des joueurs exp\u00e9riment\u00e9s qui savent vraiment ce qu\u2019ils font.  Ils sont jeunes, ce sont des enfants et ils ont besoin de vivre certaines situations pour apprendre.<\/p>\n<p>\u00ab C&#39;est comme si nous \u00e9tions dans une \u00e9cole.  Il s\u2019agit maintenant de montrer qu\u2019ils ont tort et qu\u2019ils doivent maintenant apprendre.  S&#39;ils n&#39;apprennent pas, oui, apr\u00e8s nous prendrons des d\u00e9cisions.  Mais maintenant, il s&#39;agit d&#39;apprendre, il s&#39;agit d&#39;utiliser ce type d&#39;exp\u00e9rience pour continuer et avancer.<\/p>\n<\/blockquote>\n<p>Je suis tellement content de ces r\u00e9actions et c&#39;est exactement ce que j&#39;aurais dit qu&#39;il aurait d\u00fb dire, s&#39;il n&#39;avait pas r\u00e9agi comme \u00e7a et avait essay\u00e9 de le cacher sous le tapis.  Je pense qu\u2019il a parfaitement g\u00e9r\u00e9 cela et je le respecte \u00e9norm\u00e9ment pour cela.  Pas besoin de discipline suppl\u00e9mentaire, j&#39;en conviens, mais il a clairement indiqu\u00e9 que cela ne pouvait pas se reproduire et ne se reproduirait plus.<\/p>\n<p>Je maintiens cependant que s&#39;il avait simplement adopt\u00e9 cette position en premier lieu en s\u00e9lectionnant et en indiquant clairement qu&#39;il avait un tireur de penalty d\u00e9sign\u00e9, ce qu&#39;il n&#39;a pas fait parce qu&#39;il l&#39;avait d\u00e9j\u00e0 admis auparavant, alors nous n&#39;aurions m\u00eame pas cette conversation et cet article ne serait m\u00eame pas \u00e9crit !<\/p>\n<div class=\"feature-box\">Si vous souhaitez figurer sur Talk Chelsea.<\/div>\n<p>\t\t\t\t\t\t\t\t\t<!--mvp-post-tags--><\/p><\/div>\n","protected":false},"excerpt":{"rendered":"<p>La chose la plus frustrante \u00e0 propos de l&#39;incident sur penalty contre Everton hier soir, c&#39;est que c&#39;\u00e9tait la troisi\u00e8me fois que nous voyions de<\/p>\n","protected":false},"author":1,"featured_media":1406,"comment_status":"closed","ping_status":"","sticky":false,"template":"","format":"standard","meta":{"footnotes":""},"categories":[3],"tags":[217,4658,4293,255,47,2283,4659,103,308],"yoast_head":"<!-- This site is optimized with the Yoast SEO plugin v21.0 - https:\/\/yoast.com\/wordpress\/plugins\/seo\/ -->\n<title>La position ferme de Pochettino sur l&#039;incident de penalty est rafra\u00eechissante \u00e0 voir \u2013<\/title>\n<meta name=\"robots\" content=\"index, follow, max-snippet:-1, max-image-preview:large, max-video-preview:-1\" \/>\n<link rel=\"canonical\" href=\"https:\/\/footdavant.fr\/actualites\/la-position-ferme-de-pochettino-sur-lincident-de-penalty-est-rafraichissante-a-voir\/\" \/>\n<meta property=\"og:locale\" content=\"fr_FR\" \/>\n<meta property=\"og:type\" content=\"article\" \/>\n<meta property=\"og:title\" content=\"La position ferme de Pochettino sur l&#039;incident de penalty est rafra\u00eechissante \u00e0 voir \u2013\" \/>\n<meta property=\"og:description\" content=\"La chose la plus frustrante \u00e0 propos de l&#039;incident sur penalty contre Everton hier soir, c&#039;est que c&#039;\u00e9tait la troisi\u00e8me fois que nous voyions de\" \/>\n<meta property=\"og:url\" content=\"https:\/\/footdavant.fr\/actualites\/la-position-ferme-de-pochettino-sur-lincident-de-penalty-est-rafraichissante-a-voir\/\" \/>\n<meta property=\"og:site_name\" content=\"Foot d&#039;avant\" \/>\n<meta property=\"article:publisher\" content=\"https:\/\/www.facebook.com\/Footdavant\/\" \/>\n<meta property=\"article:published_time\" content=\"2024-04-20T14:50:20+00:00\" \/>\n<meta property=\"og:image\" content=\"https:\/\/footdavant.fr\/actualites\/wp-content\/uploads\/2023\/11\/1700932031_Pochettino-opte-pour-ce-en-quoi-il-a-desormais-confiance.jpg\" \/>\n\t<meta property=\"og:image:width\" content=\"1000\" \/>\n\t<meta property=\"og:image:height\" content=\"600\" \/>\n\t<meta property=\"og:image:type\" content=\"image\/jpeg\" \/>\n<meta name=\"author\" content=\"Cl\u00e9ment\" \/>\n<meta name=\"twitter:card\" content=\"summary_large_image\" \/>\n<meta name=\"twitter:creator\" content=\"@FootdavantFr\" \/>\n<meta name=\"twitter:site\" content=\"@FootdavantFr\" \/>\n<meta name=\"twitter:label1\" content=\"\u00c9crit par\" \/>\n\t<meta name=\"twitter:data1\" content=\"Cl\u00e9ment\" \/>\n\t<meta name=\"twitter:label2\" content=\"Dur\u00e9e de lecture estim\u00e9e\" \/>\n\t<meta name=\"twitter:data2\" content=\"6 minutes\" \/>\n<script type=\"application\/ld+json\" class=\"yoast-schema-graph\">{\"@context\":\"https:\/\/schema.org\",\"@graph\":[{\"@type\":\"Article\",\"@id\":\"https:\/\/footdavant.fr\/actualites\/la-position-ferme-de-pochettino-sur-lincident-de-penalty-est-rafraichissante-a-voir\/#article\",\"isPartOf\":{\"@id\":\"https:\/\/footdavant.fr\/actualites\/la-position-ferme-de-pochettino-sur-lincident-de-penalty-est-rafraichissante-a-voir\/\"},\"author\":{\"name\":\"Cl\u00e9ment\",\"@id\":\"https:\/\/footdavant.fr\/actualites\/#\/schema\/person\/bc222566d95871b37e597b3ed3ba5e1d\"},\"headline\":\"La position ferme de Pochettino sur l&#39;incident de penalty est rafra\u00eechissante \u00e0 voir \u2013\",\"datePublished\":\"2024-04-20T14:50:20+00:00\",\"dateModified\":\"2024-04-20T14:50:20+00:00\",\"mainEntityOfPage\":{\"@id\":\"https:\/\/footdavant.fr\/actualites\/la-position-ferme-de-pochettino-sur-lincident-de-penalty-est-rafraichissante-a-voir\/\"},\"wordCount\":1260,\"publisher\":{\"@id\":\"https:\/\/footdavant.fr\/actualites\/#organization\"},\"keywords\":[\"est\",\"ferme\",\"l39incident\",\"penalty\",\"Pochettino\",\"position\",\"rafra\u00eechissante\",\"sur\",\"voir\"],\"articleSection\":[\"Football\"],\"inLanguage\":\"fr-FR\"},{\"@type\":\"WebPage\",\"@id\":\"https:\/\/footdavant.fr\/actualites\/la-position-ferme-de-pochettino-sur-lincident-de-penalty-est-rafraichissante-a-voir\/\",\"url\":\"https:\/\/footdavant.fr\/actualites\/la-position-ferme-de-pochettino-sur-lincident-de-penalty-est-rafraichissante-a-voir\/\",\"name\":\"La position ferme de Pochettino sur l&#39;incident de penalty est rafra\u00eechissante \u00e0 voir \u2013\",\"isPartOf\":{\"@id\":\"https:\/\/footdavant.fr\/actualites\/#website\"},\"datePublished\":\"2024-04-20T14:50:20+00:00\",\"dateModified\":\"2024-04-20T14:50:20+00:00\",\"breadcrumb\":{\"@id\":\"https:\/\/footdavant.fr\/actualites\/la-position-ferme-de-pochettino-sur-lincident-de-penalty-est-rafraichissante-a-voir\/#breadcrumb\"},\"inLanguage\":\"fr-FR\",\"potentialAction\":[{\"@type\":\"ReadAction\",\"target\":[\"https:\/\/footdavant.fr\/actualites\/la-position-ferme-de-pochettino-sur-lincident-de-penalty-est-rafraichissante-a-voir\/\"]}]},{\"@type\":\"BreadcrumbList\",\"@id\":\"https:\/\/footdavant.fr\/actualites\/la-position-ferme-de-pochettino-sur-lincident-de-penalty-est-rafraichissante-a-voir\/#breadcrumb\",\"itemListElement\":[{\"@type\":\"ListItem\",\"position\":1,\"name\":\"Accueil\",\"item\":\"https:\/\/footdavant.fr\/actualites\/\"},{\"@type\":\"ListItem\",\"position\":2,\"name\":\"La position ferme de Pochettino sur l&#39;incident de penalty est rafra\u00eechissante \u00e0 voir \u2013\"}]},{\"@type\":\"WebSite\",\"@id\":\"https:\/\/footdavant.fr\/actualites\/#website\",\"url\":\"https:\/\/footdavant.fr\/actualites\/\",\"name\":\"Foot d'avant\",\"description\":\"\",\"publisher\":{\"@id\":\"https:\/\/footdavant.fr\/actualites\/#organization\"},\"potentialAction\":[{\"@type\":\"SearchAction\",\"target\":{\"@type\":\"EntryPoint\",\"urlTemplate\":\"https:\/\/footdavant.fr\/actualites\/?s={search_term_string}\"},\"query-input\":\"required name=search_term_string\"}],\"inLanguage\":\"fr-FR\"},{\"@type\":\"Organization\",\"@id\":\"https:\/\/footdavant.fr\/actualites\/#organization\",\"name\":\"Foot d'avant\",\"url\":\"https:\/\/footdavant.fr\/actualites\/\",\"logo\":{\"@type\":\"ImageObject\",\"inLanguage\":\"fr-FR\",\"@id\":\"https:\/\/footdavant.fr\/actualites\/#\/schema\/logo\/image\/\",\"url\":\"https:\/\/footdavant.fr\/actualites\/wp-content\/uploads\/2023\/09\/Copy-of-FootDavant-Logo.png\",\"contentUrl\":\"https:\/\/footdavant.fr\/actualites\/wp-content\/uploads\/2023\/09\/Copy-of-FootDavant-Logo.png\",\"width\":936,\"height\":549,\"caption\":\"Foot d'avant\"},\"image\":{\"@id\":\"https:\/\/footdavant.fr\/actualites\/#\/schema\/logo\/image\/\"},\"sameAs\":[\"https:\/\/www.facebook.com\/Footdavant\/\",\"https:\/\/twitter.com\/FootdavantFr\",\"https:\/\/www.instagram.com\/footdavant.fr\/\"]},{\"@type\":\"Person\",\"@id\":\"https:\/\/footdavant.fr\/actualites\/#\/schema\/person\/bc222566d95871b37e597b3ed3ba5e1d\",\"name\":\"Cl\u00e9ment\",\"image\":{\"@type\":\"ImageObject\",\"inLanguage\":\"fr-FR\",\"@id\":\"https:\/\/footdavant.fr\/actualites\/#\/schema\/person\/image\/\",\"url\":\"https:\/\/secure.gravatar.com\/avatar\/7728b29aac2719421e1a9159b2254c44?s=96&d=mm&r=g\",\"contentUrl\":\"https:\/\/secure.gravatar.com\/avatar\/7728b29aac2719421e1a9159b2254c44?s=96&d=mm&r=g\",\"caption\":\"Cl\u00e9ment\"},\"sameAs\":[\"https:\/\/footdavant.fr\/\"]}]}<\/script>\n<!-- \/ Yoast SEO plugin. -->","yoast_head_json":{"title":"La position ferme de Pochettino sur l&#39;incident de penalty est rafra\u00eechissante \u00e0 voir \u2013","robots":{"index":"index","follow":"follow","max-snippet":"max-snippet:-1","max-image-preview":"max-image-preview:large","max-video-preview":"max-video-preview:-1"},"canonical":"https:\/\/footdavant.fr\/actualites\/la-position-ferme-de-pochettino-sur-lincident-de-penalty-est-rafraichissante-a-voir\/","og_locale":"fr_FR","og_type":"article","og_title":"La position ferme de Pochettino sur l&#39;incident de penalty est rafra\u00eechissante \u00e0 voir \u2013","og_description":"La chose la plus frustrante \u00e0 propos de l&#39;incident sur penalty contre Everton hier soir, c&#39;est que c&#39;\u00e9tait la troisi\u00e8me fois que nous voyions de","og_url":"https:\/\/footdavant.fr\/actualites\/la-position-ferme-de-pochettino-sur-lincident-de-penalty-est-rafraichissante-a-voir\/","og_site_name":"Foot d&#039;avant","article_publisher":"https:\/\/www.facebook.com\/Footdavant\/","article_published_time":"2024-04-20T14:50:20+00:00","og_image":[{"width":1000,"height":600,"url":"https:\/\/footdavant.fr\/actualites\/wp-content\/uploads\/2023\/11\/1700932031_Pochettino-opte-pour-ce-en-quoi-il-a-desormais-confiance.jpg","type":"image\/jpeg"}],"author":"Cl\u00e9ment","twitter_card":"summary_large_image","twitter_creator":"@FootdavantFr","twitter_site":"@FootdavantFr","twitter_misc":{"\u00c9crit par":"Cl\u00e9ment","Dur\u00e9e de lecture estim\u00e9e":"6 minutes"},"schema":{"@context":"https:\/\/schema.org","@graph":[{"@type":"Article","@id":"https:\/\/footdavant.fr\/actualites\/la-position-ferme-de-pochettino-sur-lincident-de-penalty-est-rafraichissante-a-voir\/#article","isPartOf":{"@id":"https:\/\/footdavant.fr\/actualites\/la-position-ferme-de-pochettino-sur-lincident-de-penalty-est-rafraichissante-a-voir\/"},"author":{"name":"Cl\u00e9ment","@id":"https:\/\/footdavant.fr\/actualites\/#\/schema\/person\/bc222566d95871b37e597b3ed3ba5e1d"},"headline":"La position ferme de Pochettino sur l&#39;incident de penalty est rafra\u00eechissante \u00e0 voir \u2013","datePublished":"2024-04-20T14:50:20+00:00","dateModified":"2024-04-20T14:50:20+00:00","mainEntityOfPage":{"@id":"https:\/\/footdavant.fr\/actualites\/la-position-ferme-de-pochettino-sur-lincident-de-penalty-est-rafraichissante-a-voir\/"},"wordCount":1260,"publisher":{"@id":"https:\/\/footdavant.fr\/actualites\/#organization"},"keywords":["est","ferme","l39incident","penalty","Pochettino","position","rafra\u00eechissante","sur","voir"],"articleSection":["Football"],"inLanguage":"fr-FR"},{"@type":"WebPage","@id":"https:\/\/footdavant.fr\/actualites\/la-position-ferme-de-pochettino-sur-lincident-de-penalty-est-rafraichissante-a-voir\/","url":"https:\/\/footdavant.fr\/actualites\/la-position-ferme-de-pochettino-sur-lincident-de-penalty-est-rafraichissante-a-voir\/","name":"La position ferme de Pochettino sur l&#39;incident de penalty est rafra\u00eechissante \u00e0 voir \u2013","isPartOf":{"@id":"https:\/\/footdavant.fr\/actualites\/#website"},"datePublished":"2024-04-20T14:50:20+00:00","dateModified":"2024-04-20T14:50:20+00:00","breadcrumb":{"@id":"https:\/\/footdavant.fr\/actualites\/la-position-ferme-de-pochettino-sur-lincident-de-penalty-est-rafraichissante-a-voir\/#breadcrumb"},"inLanguage":"fr-FR","potentialAction":[{"@type":"ReadAction","target":["https:\/\/footdavant.fr\/actualites\/la-position-ferme-de-pochettino-sur-lincident-de-penalty-est-rafraichissante-a-voir\/"]}]},{"@type":"BreadcrumbList","@id":"https:\/\/footdavant.fr\/actualites\/la-position-ferme-de-pochettino-sur-lincident-de-penalty-est-rafraichissante-a-voir\/#breadcrumb","itemListElement":[{"@type":"ListItem","position":1,"name":"Accueil","item":"https:\/\/footdavant.fr\/actualites\/"},{"@type":"ListItem","position":2,"name":"La position ferme de Pochettino sur l&#39;incident de penalty est rafra\u00eechissante \u00e0 voir \u2013"}]},{"@type":"WebSite","@id":"https:\/\/footdavant.fr\/actualites\/#website","url":"https:\/\/footdavant.fr\/actualites\/","name":"Foot d'avant","description":"","publisher":{"@id":"https:\/\/footdavant.fr\/actualites\/#organization"},"potentialAction":[{"@type":"SearchAction","target":{"@type":"EntryPoint","urlTemplate":"https:\/\/footdavant.fr\/actualites\/?s={search_term_string}"},"query-input":"required name=search_term_string"}],"inLanguage":"fr-FR"},{"@type":"Organization","@id":"https:\/\/footdavant.fr\/actualites\/#organization","name":"Foot d'avant","url":"https:\/\/footdavant.fr\/actualites\/","logo":{"@type":"ImageObject","inLanguage":"fr-FR","@id":"https:\/\/footdavant.fr\/actualites\/#\/schema\/logo\/image\/","url":"https:\/\/footdavant.fr\/actualites\/wp-content\/uploads\/2023\/09\/Copy-of-FootDavant-Logo.png","contentUrl":"https:\/\/footdavant.fr\/actualites\/wp-content\/uploads\/2023\/09\/Copy-of-FootDavant-Logo.png","width":936,"height":549,"caption":"Foot d'avant"},"image":{"@id":"https:\/\/footdavant.fr\/actualites\/#\/schema\/logo\/image\/"},"sameAs":["https:\/\/www.facebook.com\/Footdavant\/","https:\/\/twitter.com\/FootdavantFr","https:\/\/www.instagram.com\/footdavant.fr\/"]},{"@type":"Person","@id":"https:\/\/footdavant.fr\/actualites\/#\/schema\/person\/bc222566d95871b37e597b3ed3ba5e1d","name":"Cl\u00e9ment","image":{"@type":"ImageObject","inLanguage":"fr-FR","@id":"https:\/\/footdavant.fr\/actualites\/#\/schema\/person\/image\/","url":"https:\/\/secure.gravatar.com\/avatar\/7728b29aac2719421e1a9159b2254c44?s=96&d=mm&r=g","contentUrl":"https:\/\/secure.gravatar.com\/avatar\/7728b29aac2719421e1a9159b2254c44?s=96&d=mm&r=g","caption":"Cl\u00e9ment"},"sameAs":["https:\/\/footdavant.fr\/"]}]}},"_links":{"self":[{"href":"https:\/\/footdavant.fr\/actualites\/wp-json\/wp\/v2\/posts\/7789"}],"collection":[{"href":"https:\/\/footdavant.fr\/actualites\/wp-json\/wp\/v2\/posts"}],"about":[{"href":"https:\/\/footdavant.fr\/actualites\/wp-json\/wp\/v2\/types\/post"}],"author":[{"embeddable":true,"href":"https:\/\/footdavant.fr\/actualites\/wp-json\/wp\/v2\/users\/1"}],"replies":[{"embeddable":true,"href":"https:\/\/footdavant.fr\/actualites\/wp-json\/wp\/v2\/comments?post=7789"}],"version-history":[{"count":1,"href":"https:\/\/footdavant.fr\/actualites\/wp-json\/wp\/v2\/posts\/7789\/revisions"}],"predecessor-version":[{"id":7790,"href":"https:\/\/footdavant.fr\/actualites\/wp-json\/wp\/v2\/posts\/7789\/revisions\/7790"}],"wp:featuredmedia":[{"embeddable":true,"href":"https:\/\/footdavant.fr\/actualites\/wp-json\/wp\/v2\/media\/1406"}],"wp:attachment":[{"href":"https:\/\/footdavant.fr\/actualites\/wp-json\/wp\/v2\/media?parent=7789"}],"wp:term":[{"taxonomy":"category","embeddable":true,"href":"https:\/\/footdavant.fr\/actualites\/wp-json\/wp\/v2\/categories?post=7789"},{"taxonomy":"post_tag","embeddable":true,"href":"https:\/\/footdavant.fr\/actualites\/wp-json\/wp\/v2\/tags?post=7789"}],"curies":[{"name":"wp","href":"https:\/\/api.w.org\/{rel}","templated":true}]}}