{"id":7791,"date":"2024-04-20T17:48:47","date_gmt":"2024-04-20T15:48:47","guid":{"rendered":"https:\/\/footdavant.fr\/actualites\/guardiola-confirme-le-trio-de-man-city-qui-ne-pouvait-pas-continuer-lors-de-la-defaite-du-real-madrid\/"},"modified":"2024-04-20T17:48:47","modified_gmt":"2024-04-20T15:48:47","slug":"guardiola-confirme-le-trio-de-man-city-qui-ne-pouvait-pas-continuer-lors-de-la-defaite-du-real-madrid","status":"publish","type":"post","link":"https:\/\/footdavant.fr\/actualites\/guardiola-confirme-le-trio-de-man-city-qui-ne-pouvait-pas-continuer-lors-de-la-defaite-du-real-madrid\/","title":{"rendered":"Guardiola confirme le trio de Man City qui \u00ab\u00a0ne pouvait pas continuer\u00a0\u00bb lors de la d\u00e9faite du Real Madrid"},"content":{"rendered":"<p>Pep Guardiola confirme les trois joueurs de Manchester City qui ont demand\u00e9 \u00e0 \u00eatre retir\u00e9s avant que son \u00e9quipe ne soit \u00e9limin\u00e9e des quarts de finale de la Ligue des Champions par le Real Madrid aux tirs au but.<\/p>\n<div id=\"article_body\" itemprop=\"articleBody\">\n<h3 class=\"firstPara\">\n<strong class=\"autotag\">Pep Guardiola<\/strong> a confirm\u00e9 que trois <strong class=\"autotag\">Manchester City<\/strong> les joueurs ont demand\u00e9 \u00e0 \u00eatre retir\u00e9s avant que son \u00e9quipe ne soit \u00e9limin\u00e9e de la <strong class=\"autotag\">Ligue des champions<\/strong> quarts de finale par <strong class=\"autotag\">Real Madrid<\/strong> sur les p\u00e9nalit\u00e9s.<\/h3>\n<p>Apr\u00e8s un match nul passionnant 3-3 lors du match aller de la semaine derni\u00e8re au Santiago Bernabeu, une affaire tendue et plus serr\u00e9e s&#39;est jou\u00e9e lors du match inverse au stade Etihad mercredi soir, au cours duquel Los Blancos ont pris l&#39;avantage \u00e0 la 12e minute. <strong class=\"autotag\">Rodrygo<\/strong>.<\/p>\n<p>Les Citizens ont r\u00e9pondu de mani\u00e8re dominante, avec 33 tirs, 68 % de possession et 18 corners, mais ils ont d&#39;abord eu du mal \u00e0 briser une ligne arri\u00e8re r\u00e9siliente du Real.  Leur pers\u00e9v\u00e9rance dans le dernier tiers s&#39;est finalement r\u00e9v\u00e9l\u00e9e \u00e0 la 76e minute, lorsque <strong class=\"autotag\">K\u00e9vin De Bruyne<\/strong> a d\u00e9coch\u00e9 un tir \u00e0 bout portant haut dans le filet au premier poteau.<\/p>\n<p>Le Real a continu\u00e9 \u00e0 frustrer City pendant la prolongation et a finalement forc\u00e9 l&#39;\u00e9galit\u00e9 aux tirs au but. <strong class=\"autotag\">Luka Modri\u0107<\/strong> a rat\u00e9 le premier penalty des visiteurs, duo de City <strong class=\"autotag\">Bernardo Silva<\/strong> et <strong class=\"autotag\">Mateo Kovacic<\/strong> les deux n\u2019ont pas r\u00e9ussi \u00e0 se convertir \u00e0 12 m\u00e8tres pour donner l\u2019avantage au Real.<\/p>\n<p><strong class=\"autotag\">Antonio R\u00fcdiger<\/strong> a marqu\u00e9 le penalty d\u00e9cisif pour envoyer le Real Madrid en demi-finale avec une victoire 4-3 en tirs de barrage, vengeant ainsi la d\u00e9faite en demi-finale de la saison derni\u00e8re \u00e0 l&#39;Etihad et renvoyant les tenants de la Ligue des Champions en quart de finale.<\/p>\n<p class=\"imgI\">\n<h2 class=\"k3\">Qui a demand\u00e9 \u00e0 \u00eatre remplac\u00e9 lors de la d\u00e9faite du Real Madrid ?<\/h2>\n<p>Avant le d\u00e9but de la prolongation, Guardiola a pris la d\u00e9cision quelque peu surprenante d&#39;\u00e9liminer le meilleur buteur et le tireur de premier choix. <strong class=\"autotag\">Erling Haaland<\/strong> et remplacez le norv\u00e9gien par <strong class=\"autotag\">Julien \u00c1lvarez<\/strong>.<\/p>\n<p>Haaland a endur\u00e9 une autre soir\u00e9e assez frustrante devant le but ;  le joueur de 23 ans n&#39;a r\u00e9alis\u00e9 que 21 touches au cours des 90 minutes, mais il a r\u00e9ussi cinq tentatives, dont une t\u00eate imposante qui a d\u00e9coch\u00e9 la barre transversale au milieu de la premi\u00e8re mi-temps.<\/p>\n<p>Le meneur de jeu vedette De Bruyne et le d\u00e9fenseur <strong class=\"autotag\">Manuel Akanji<\/strong>qui occupait le &#39;<strong class=\"autotag\">John Pierres<\/strong> r\u00f4le&#39; et a d\u00e9riv\u00e9 au milieu de terrain \u00e0 d&#39;innombrables reprises, ont \u00e9t\u00e9 les deux derniers joueurs de City \u00e0 \u00eatre retir\u00e9s au d\u00e9but de la seconde moiti\u00e9 de la prolongation, Kovacic et Stones \u00e9tant recrut\u00e9s pour les remplacer.<\/p>\n<p>De Bruyne, qui a rat\u00e9 une glorieuse occasion de donner l&#39;avantage \u00e0 Man City dans le temps normal apr\u00e8s avoir \u00e9galis\u00e9, aurait probablement tir\u00e9 un penalty avec Haaland s&#39;ils \u00e9taient rest\u00e9s sur le terrain pour la fusillade.<\/p>\n<p>Cependant, Guardiola a depuis confirm\u00e9 que Haaland, De Bruyne et Akanji avaient chacun demand\u00e9 \u00e0 \u00eatre retir\u00e9s avant les tirs au but \u2013 <strong class=\"autotag\">Jack Grealish<\/strong> C&#39;\u00e9tait le seul autre remplacement effectu\u00e9 par l&#39;entra\u00eeneur de City \u00e0 la 72e minute, mais c&#39;\u00e9tait une d\u00e9cision tactique de le remplacer par <strong class=\"autotag\">J\u00e9r\u00e9mie Doku<\/strong>.<\/p>\n<p class=\"imgI\"><img decoding=\"async\" loading=\"lazy\" class=\"l\" src=\"https:\/\/footdavant.fr\/actualites\/wp-content\/uploads\/2024\/04\/1713628127_242_Guardiola-confirme-le-trio-de-Man-City-qui-ne-pouvait.jpg\" title=\"Joueurs de Manchester City lors des tirs au but le 17 avril 2024\" alt=\"Joueurs de Manchester City lors des tirs au but le 17 avril 2024\" width=\"640\" height=\"480\"><\/p>\n<h2 class=\"k3\">Guardiola : \u00ab\u00a0Ils ne pouvaient pas continuer\u00a0\u00bb<\/h2>\n<p>Interrog\u00e9 sur ses remplacements lors de sa conf\u00e9rence de presse d&#39;apr\u00e8s-match, Guardiola a d\u00e9clar\u00e9 : \u00ab\u00a0Erling et Kevin m&#39;ont demand\u00e9 de sortir, comme Manu [Akanji]ils ne pouvaient pas continuer.<\/p>\n<p>\u00ab\u00a0Le match auquel nous avons jou\u00e9 \u00e9tait incroyable et je ne suis pas un grand fan des nombreux remplacements, mais Kevin, Erling et Manu m&#39;ont demand\u00e9 de sortir.\u00a0\u00bb<\/p>\n<p>Guardiola n&#39;a pas critiqu\u00e9 Kovacic ou Bernardo Silva apr\u00e8s qu&#39;ils aient tous deux vu leurs p\u00e9nalit\u00e9s apprivois\u00e9es sauv\u00e9es par <strong class=\"autotag\">Andre\u00ef Lounine<\/strong>ajoutant : \u00ab\u00a0Bernardo est un joueur fiable. Il voulait le prendre. Il a d\u00e9cid\u00e9 de tirer de cette fa\u00e7on. C&#39;est comme \u00e7a.\u00a0\u00bb<\/p>\n<p>\u00ab\u00a0Nous avons tout fait. Je n&#39;ai aucun regret sur ce que nous avons fait\u00a0\u00bb, a poursuivi Guardiola.  \u00ab\u00a0Nous avons jou\u00e9 de mani\u00e8re exceptionnelle dans tous les d\u00e9partements et malheureusement nous n&#39;avons pas pu gagner. C&#39;est comme \u00e7a.<\/p>\n<p>\u00ab\u00a0C&#39;est le football. Dans cette comp\u00e9tition, c&#39;est ainsi que se d\u00e9roule le football. Dans d&#39;autres sports, d&#39;apr\u00e8s les statistiques, nous aurions gagn\u00e9, mais dans le football, ce qui est merveilleux dans le football, c&#39;est que c&#39;est ce qui se passe. La fa\u00e7on dont nous avons jou\u00e9, le nombre de tirs qui nous avons eu, \u00e9tant l\u00e0-dedans et les transitions que nous avons eues.<\/p>\n<p>\u00ab\u00a0Parfois, on peut gagner aux tirs au but et parfois non. Mais dans le match, nous n&#39;avons pas converti les occasions que nous avons eues. Tout le monde a jou\u00e9 \u00e0 un niveau \u00e9lev\u00e9. Nous avons dit que nous devions \u00eatre \u00e0 notre meilleur pour affronter le Real Madrid et ils l&#39;ont \u00e9t\u00e9. \u00ab\u00a0.<\/p>\n<p>Guardiola souhaite d\u00e9sormais que Haaland, De Bruyne, Akanji et le reste de son \u00e9quipe senior se reposent et se regroupent avant la demi-finale de la FA Cup de samedi avec <strong class=\"autotag\">Chelsea<\/strong> au stade de Wembley.<\/p>\n<\/div>\n","protected":false},"excerpt":{"rendered":"<p>Pep Guardiola confirme les trois joueurs de Manchester City qui ont demand\u00e9 \u00e0 \u00eatre retir\u00e9s avant que son \u00e9quipe ne soit \u00e9limin\u00e9e des quarts de<\/p>\n","protected":false},"author":1,"featured_media":7792,"comment_status":"closed","ping_status":"","sticky":false,"template":"","format":"standard","meta":{"footnotes":""},"categories":[4],"tags":[27,40,4010,425,8,64,303,24,71,1769,243,302,845],"yoast_head":"<!-- This site is optimized with the Yoast SEO plugin v21.0 - https:\/\/yoast.com\/wordpress\/plugins\/seo\/ -->\n<title>Guardiola confirme le trio de Man City qui &quot;ne pouvait pas continuer&quot; lors de la d\u00e9faite du Real Madrid<\/title>\n<meta name=\"robots\" content=\"index, follow, max-snippet:-1, max-image-preview:large, max-video-preview:-1\" \/>\n<link rel=\"canonical\" href=\"https:\/\/footdavant.fr\/actualites\/guardiola-confirme-le-trio-de-man-city-qui-ne-pouvait-pas-continuer-lors-de-la-defaite-du-real-madrid\/\" \/>\n<meta property=\"og:locale\" content=\"fr_FR\" \/>\n<meta property=\"og:type\" content=\"article\" \/>\n<meta property=\"og:title\" content=\"Guardiola confirme le trio de Man City qui &quot;ne pouvait pas continuer&quot; lors de la d\u00e9faite du Real Madrid\" \/>\n<meta property=\"og:description\" content=\"Pep Guardiola confirme les trois joueurs de Manchester City qui ont demand\u00e9 \u00e0 \u00eatre retir\u00e9s avant que son \u00e9quipe ne soit \u00e9limin\u00e9e des quarts de\" \/>\n<meta property=\"og:url\" content=\"https:\/\/footdavant.fr\/actualites\/guardiola-confirme-le-trio-de-man-city-qui-ne-pouvait-pas-continuer-lors-de-la-defaite-du-real-madrid\/\" \/>\n<meta property=\"og:site_name\" content=\"Foot d&#039;avant\" \/>\n<meta property=\"article:publisher\" content=\"https:\/\/www.facebook.com\/Footdavant\/\" \/>\n<meta property=\"article:published_time\" content=\"2024-04-20T15:48:47+00:00\" \/>\n<meta property=\"og:image\" content=\"https:\/\/footdavant.fr\/actualites\/wp-content\/uploads\/2024\/04\/Guardiola-confirme-le-trio-de-Man-City-qui-ne-pouvait.jpg\" \/>\n\t<meta property=\"og:image:width\" content=\"640\" \/>\n\t<meta property=\"og:image:height\" content=\"480\" \/>\n\t<meta property=\"og:image:type\" content=\"image\/jpeg\" \/>\n<meta name=\"author\" content=\"Cl\u00e9ment\" \/>\n<meta name=\"twitter:card\" content=\"summary_large_image\" \/>\n<meta name=\"twitter:creator\" content=\"@FootdavantFr\" \/>\n<meta name=\"twitter:site\" content=\"@FootdavantFr\" \/>\n<meta name=\"twitter:label1\" content=\"\u00c9crit par\" \/>\n\t<meta name=\"twitter:data1\" content=\"Cl\u00e9ment\" \/>\n\t<meta name=\"twitter:label2\" content=\"Dur\u00e9e de lecture estim\u00e9e\" \/>\n\t<meta name=\"twitter:data2\" content=\"4 minutes\" \/>\n<script type=\"application\/ld+json\" class=\"yoast-schema-graph\">{\"@context\":\"https:\/\/schema.org\",\"@graph\":[{\"@type\":\"Article\",\"@id\":\"https:\/\/footdavant.fr\/actualites\/guardiola-confirme-le-trio-de-man-city-qui-ne-pouvait-pas-continuer-lors-de-la-defaite-du-real-madrid\/#article\",\"isPartOf\":{\"@id\":\"https:\/\/footdavant.fr\/actualites\/guardiola-confirme-le-trio-de-man-city-qui-ne-pouvait-pas-continuer-lors-de-la-defaite-du-real-madrid\/\"},\"author\":{\"name\":\"Cl\u00e9ment\",\"@id\":\"https:\/\/footdavant.fr\/actualites\/#\/schema\/person\/bc222566d95871b37e597b3ed3ba5e1d\"},\"headline\":\"Guardiola confirme le trio de Man City qui \u00ab\u00a0ne pouvait pas continuer\u00a0\u00bb lors de la d\u00e9faite du Real Madrid\",\"datePublished\":\"2024-04-20T15:48:47+00:00\",\"dateModified\":\"2024-04-20T15:48:47+00:00\",\"mainEntityOfPage\":{\"@id\":\"https:\/\/footdavant.fr\/actualites\/guardiola-confirme-le-trio-de-man-city-qui-ne-pouvait-pas-continuer-lors-de-la-defaite-du-real-madrid\/\"},\"wordCount\":906,\"publisher\":{\"@id\":\"https:\/\/footdavant.fr\/actualites\/#organization\"},\"keywords\":[\"City\",\"confirme\",\"continuer\",\"d\u00e9faite\",\"Guardiola\",\"lors\",\"Madrid\",\"Man\",\"pas\",\"pouvait\",\"qui\",\"Real\",\"trio\"],\"articleSection\":[\"Champions League\"],\"inLanguage\":\"fr-FR\"},{\"@type\":\"WebPage\",\"@id\":\"https:\/\/footdavant.fr\/actualites\/guardiola-confirme-le-trio-de-man-city-qui-ne-pouvait-pas-continuer-lors-de-la-defaite-du-real-madrid\/\",\"url\":\"https:\/\/footdavant.fr\/actualites\/guardiola-confirme-le-trio-de-man-city-qui-ne-pouvait-pas-continuer-lors-de-la-defaite-du-real-madrid\/\",\"name\":\"Guardiola confirme le trio de Man City qui \\\"ne pouvait pas continuer\\\" lors de la d\u00e9faite du Real Madrid\",\"isPartOf\":{\"@id\":\"https:\/\/footdavant.fr\/actualites\/#website\"},\"datePublished\":\"2024-04-20T15:48:47+00:00\",\"dateModified\":\"2024-04-20T15:48:47+00:00\",\"breadcrumb\":{\"@id\":\"https:\/\/footdavant.fr\/actualites\/guardiola-confirme-le-trio-de-man-city-qui-ne-pouvait-pas-continuer-lors-de-la-defaite-du-real-madrid\/#breadcrumb\"},\"inLanguage\":\"fr-FR\",\"potentialAction\":[{\"@type\":\"ReadAction\",\"target\":[\"https:\/\/footdavant.fr\/actualites\/guardiola-confirme-le-trio-de-man-city-qui-ne-pouvait-pas-continuer-lors-de-la-defaite-du-real-madrid\/\"]}]},{\"@type\":\"BreadcrumbList\",\"@id\":\"https:\/\/footdavant.fr\/actualites\/guardiola-confirme-le-trio-de-man-city-qui-ne-pouvait-pas-continuer-lors-de-la-defaite-du-real-madrid\/#breadcrumb\",\"itemListElement\":[{\"@type\":\"ListItem\",\"position\":1,\"name\":\"Accueil\",\"item\":\"https:\/\/footdavant.fr\/actualites\/\"},{\"@type\":\"ListItem\",\"position\":2,\"name\":\"Guardiola confirme le trio de Man City qui \u00ab\u00a0ne pouvait pas continuer\u00a0\u00bb lors de la d\u00e9faite du Real Madrid\"}]},{\"@type\":\"WebSite\",\"@id\":\"https:\/\/footdavant.fr\/actualites\/#website\",\"url\":\"https:\/\/footdavant.fr\/actualites\/\",\"name\":\"Foot d'avant\",\"description\":\"\",\"publisher\":{\"@id\":\"https:\/\/footdavant.fr\/actualites\/#organization\"},\"potentialAction\":[{\"@type\":\"SearchAction\",\"target\":{\"@type\":\"EntryPoint\",\"urlTemplate\":\"https:\/\/footdavant.fr\/actualites\/?s={search_term_string}\"},\"query-input\":\"required name=search_term_string\"}],\"inLanguage\":\"fr-FR\"},{\"@type\":\"Organization\",\"@id\":\"https:\/\/footdavant.fr\/actualites\/#organization\",\"name\":\"Foot d'avant\",\"url\":\"https:\/\/footdavant.fr\/actualites\/\",\"logo\":{\"@type\":\"ImageObject\",\"inLanguage\":\"fr-FR\",\"@id\":\"https:\/\/footdavant.fr\/actualites\/#\/schema\/logo\/image\/\",\"url\":\"https:\/\/footdavant.fr\/actualites\/wp-content\/uploads\/2023\/09\/Copy-of-FootDavant-Logo.png\",\"contentUrl\":\"https:\/\/footdavant.fr\/actualites\/wp-content\/uploads\/2023\/09\/Copy-of-FootDavant-Logo.png\",\"width\":936,\"height\":549,\"caption\":\"Foot d'avant\"},\"image\":{\"@id\":\"https:\/\/footdavant.fr\/actualites\/#\/schema\/logo\/image\/\"},\"sameAs\":[\"https:\/\/www.facebook.com\/Footdavant\/\",\"https:\/\/twitter.com\/FootdavantFr\",\"https:\/\/www.instagram.com\/footdavant.fr\/\"]},{\"@type\":\"Person\",\"@id\":\"https:\/\/footdavant.fr\/actualites\/#\/schema\/person\/bc222566d95871b37e597b3ed3ba5e1d\",\"name\":\"Cl\u00e9ment\",\"image\":{\"@type\":\"ImageObject\",\"inLanguage\":\"fr-FR\",\"@id\":\"https:\/\/footdavant.fr\/actualites\/#\/schema\/person\/image\/\",\"url\":\"https:\/\/secure.gravatar.com\/avatar\/7728b29aac2719421e1a9159b2254c44?s=96&d=mm&r=g\",\"contentUrl\":\"https:\/\/secure.gravatar.com\/avatar\/7728b29aac2719421e1a9159b2254c44?s=96&d=mm&r=g\",\"caption\":\"Cl\u00e9ment\"},\"sameAs\":[\"https:\/\/footdavant.fr\/\"]}]}<\/script>\n<!-- \/ Yoast SEO plugin. -->","yoast_head_json":{"title":"Guardiola confirme le trio de Man City qui \"ne pouvait pas continuer\" lors de la d\u00e9faite du Real Madrid","robots":{"index":"index","follow":"follow","max-snippet":"max-snippet:-1","max-image-preview":"max-image-preview:large","max-video-preview":"max-video-preview:-1"},"canonical":"https:\/\/footdavant.fr\/actualites\/guardiola-confirme-le-trio-de-man-city-qui-ne-pouvait-pas-continuer-lors-de-la-defaite-du-real-madrid\/","og_locale":"fr_FR","og_type":"article","og_title":"Guardiola confirme le trio de Man City qui \"ne pouvait pas continuer\" lors de la d\u00e9faite du Real Madrid","og_description":"Pep Guardiola confirme les trois joueurs de Manchester City qui ont demand\u00e9 \u00e0 \u00eatre retir\u00e9s avant que son \u00e9quipe ne soit \u00e9limin\u00e9e des quarts de","og_url":"https:\/\/footdavant.fr\/actualites\/guardiola-confirme-le-trio-de-man-city-qui-ne-pouvait-pas-continuer-lors-de-la-defaite-du-real-madrid\/","og_site_name":"Foot d&#039;avant","article_publisher":"https:\/\/www.facebook.com\/Footdavant\/","article_published_time":"2024-04-20T15:48:47+00:00","og_image":[{"width":640,"height":480,"url":"https:\/\/footdavant.fr\/actualites\/wp-content\/uploads\/2024\/04\/Guardiola-confirme-le-trio-de-Man-City-qui-ne-pouvait.jpg","type":"image\/jpeg"}],"author":"Cl\u00e9ment","twitter_card":"summary_large_image","twitter_creator":"@FootdavantFr","twitter_site":"@FootdavantFr","twitter_misc":{"\u00c9crit par":"Cl\u00e9ment","Dur\u00e9e de lecture estim\u00e9e":"4 minutes"},"schema":{"@context":"https:\/\/schema.org","@graph":[{"@type":"Article","@id":"https:\/\/footdavant.fr\/actualites\/guardiola-confirme-le-trio-de-man-city-qui-ne-pouvait-pas-continuer-lors-de-la-defaite-du-real-madrid\/#article","isPartOf":{"@id":"https:\/\/footdavant.fr\/actualites\/guardiola-confirme-le-trio-de-man-city-qui-ne-pouvait-pas-continuer-lors-de-la-defaite-du-real-madrid\/"},"author":{"name":"Cl\u00e9ment","@id":"https:\/\/footdavant.fr\/actualites\/#\/schema\/person\/bc222566d95871b37e597b3ed3ba5e1d"},"headline":"Guardiola confirme le trio de Man City qui \u00ab\u00a0ne pouvait pas continuer\u00a0\u00bb lors de la d\u00e9faite du Real Madrid","datePublished":"2024-04-20T15:48:47+00:00","dateModified":"2024-04-20T15:48:47+00:00","mainEntityOfPage":{"@id":"https:\/\/footdavant.fr\/actualites\/guardiola-confirme-le-trio-de-man-city-qui-ne-pouvait-pas-continuer-lors-de-la-defaite-du-real-madrid\/"},"wordCount":906,"publisher":{"@id":"https:\/\/footdavant.fr\/actualites\/#organization"},"keywords":["City","confirme","continuer","d\u00e9faite","Guardiola","lors","Madrid","Man","pas","pouvait","qui","Real","trio"],"articleSection":["Champions League"],"inLanguage":"fr-FR"},{"@type":"WebPage","@id":"https:\/\/footdavant.fr\/actualites\/guardiola-confirme-le-trio-de-man-city-qui-ne-pouvait-pas-continuer-lors-de-la-defaite-du-real-madrid\/","url":"https:\/\/footdavant.fr\/actualites\/guardiola-confirme-le-trio-de-man-city-qui-ne-pouvait-pas-continuer-lors-de-la-defaite-du-real-madrid\/","name":"Guardiola confirme le trio de Man City qui \"ne pouvait pas continuer\" lors de la d\u00e9faite du Real Madrid","isPartOf":{"@id":"https:\/\/footdavant.fr\/actualites\/#website"},"datePublished":"2024-04-20T15:48:47+00:00","dateModified":"2024-04-20T15:48:47+00:00","breadcrumb":{"@id":"https:\/\/footdavant.fr\/actualites\/guardiola-confirme-le-trio-de-man-city-qui-ne-pouvait-pas-continuer-lors-de-la-defaite-du-real-madrid\/#breadcrumb"},"inLanguage":"fr-FR","potentialAction":[{"@type":"ReadAction","target":["https:\/\/footdavant.fr\/actualites\/guardiola-confirme-le-trio-de-man-city-qui-ne-pouvait-pas-continuer-lors-de-la-defaite-du-real-madrid\/"]}]},{"@type":"BreadcrumbList","@id":"https:\/\/footdavant.fr\/actualites\/guardiola-confirme-le-trio-de-man-city-qui-ne-pouvait-pas-continuer-lors-de-la-defaite-du-real-madrid\/#breadcrumb","itemListElement":[{"@type":"ListItem","position":1,"name":"Accueil","item":"https:\/\/footdavant.fr\/actualites\/"},{"@type":"ListItem","position":2,"name":"Guardiola confirme le trio de Man City qui \u00ab\u00a0ne pouvait pas continuer\u00a0\u00bb lors de la d\u00e9faite du Real Madrid"}]},{"@type":"WebSite","@id":"https:\/\/footdavant.fr\/actualites\/#website","url":"https:\/\/footdavant.fr\/actualites\/","name":"Foot d'avant","description":"","publisher":{"@id":"https:\/\/footdavant.fr\/actualites\/#organization"},"potentialAction":[{"@type":"SearchAction","target":{"@type":"EntryPoint","urlTemplate":"https:\/\/footdavant.fr\/actualites\/?s={search_term_string}"},"query-input":"required name=search_term_string"}],"inLanguage":"fr-FR"},{"@type":"Organization","@id":"https:\/\/footdavant.fr\/actualites\/#organization","name":"Foot d'avant","url":"https:\/\/footdavant.fr\/actualites\/","logo":{"@type":"ImageObject","inLanguage":"fr-FR","@id":"https:\/\/footdavant.fr\/actualites\/#\/schema\/logo\/image\/","url":"https:\/\/footdavant.fr\/actualites\/wp-content\/uploads\/2023\/09\/Copy-of-FootDavant-Logo.png","contentUrl":"https:\/\/footdavant.fr\/actualites\/wp-content\/uploads\/2023\/09\/Copy-of-FootDavant-Logo.png","width":936,"height":549,"caption":"Foot d'avant"},"image":{"@id":"https:\/\/footdavant.fr\/actualites\/#\/schema\/logo\/image\/"},"sameAs":["https:\/\/www.facebook.com\/Footdavant\/","https:\/\/twitter.com\/FootdavantFr","https:\/\/www.instagram.com\/footdavant.fr\/"]},{"@type":"Person","@id":"https:\/\/footdavant.fr\/actualites\/#\/schema\/person\/bc222566d95871b37e597b3ed3ba5e1d","name":"Cl\u00e9ment","image":{"@type":"ImageObject","inLanguage":"fr-FR","@id":"https:\/\/footdavant.fr\/actualites\/#\/schema\/person\/image\/","url":"https:\/\/secure.gravatar.com\/avatar\/7728b29aac2719421e1a9159b2254c44?s=96&d=mm&r=g","contentUrl":"https:\/\/secure.gravatar.com\/avatar\/7728b29aac2719421e1a9159b2254c44?s=96&d=mm&r=g","caption":"Cl\u00e9ment"},"sameAs":["https:\/\/footdavant.fr\/"]}]}},"_links":{"self":[{"href":"https:\/\/footdavant.fr\/actualites\/wp-json\/wp\/v2\/posts\/7791"}],"collection":[{"href":"https:\/\/footdavant.fr\/actualites\/wp-json\/wp\/v2\/posts"}],"about":[{"href":"https:\/\/footdavant.fr\/actualites\/wp-json\/wp\/v2\/types\/post"}],"author":[{"embeddable":true,"href":"https:\/\/footdavant.fr\/actualites\/wp-json\/wp\/v2\/users\/1"}],"replies":[{"embeddable":true,"href":"https:\/\/footdavant.fr\/actualites\/wp-json\/wp\/v2\/comments?post=7791"}],"version-history":[{"count":1,"href":"https:\/\/footdavant.fr\/actualites\/wp-json\/wp\/v2\/posts\/7791\/revisions"}],"predecessor-version":[{"id":7793,"href":"https:\/\/footdavant.fr\/actualites\/wp-json\/wp\/v2\/posts\/7791\/revisions\/7793"}],"wp:featuredmedia":[{"embeddable":true,"href":"https:\/\/footdavant.fr\/actualites\/wp-json\/wp\/v2\/media\/7792"}],"wp:attachment":[{"href":"https:\/\/footdavant.fr\/actualites\/wp-json\/wp\/v2\/media?parent=7791"}],"wp:term":[{"taxonomy":"category","embeddable":true,"href":"https:\/\/footdavant.fr\/actualites\/wp-json\/wp\/v2\/categories?post=7791"},{"taxonomy":"post_tag","embeddable":true,"href":"https:\/\/footdavant.fr\/actualites\/wp-json\/wp\/v2\/tags?post=7791"}],"curies":[{"name":"wp","href":"https:\/\/api.w.org\/{rel}","templated":true}]}}