{"id":785,"date":"2023-11-12T07:48:05","date_gmt":"2023-11-12T06:48:05","guid":{"rendered":"https:\/\/footdavant.fr\/actualites\/everton-va-t-il-laisser-andre-gomes-quitter-le-club-en-2024\/"},"modified":"2023-11-12T07:48:06","modified_gmt":"2023-11-12T06:48:06","slug":"everton-va-t-il-laisser-andre-gomes-quitter-le-club-en-2024","status":"publish","type":"post","link":"https:\/\/footdavant.fr\/actualites\/everton-va-t-il-laisser-andre-gomes-quitter-le-club-en-2024\/","title":{"rendered":"Everton va-t-il laisser Andre Gomes quitter le club en 2024 ?"},"content":{"rendered":"<p>Andre Gomes devrait quitter Everton au cours de la nouvelle ann\u00e9e et son contrat \u00e0 Goodison Park expirera l&rsquo;\u00e9t\u00e9 prochain.<\/p>\n<div id=\"article_body\" itemprop=\"articleBody\">\n<h3 class=\"firstPara\">\n<strong class=\"autotag\">Everton<\/strong> aurait autoris\u00e9 le milieu de terrain portugais <strong class=\"autotag\">Andr\u00e9 Gomes<\/strong> quitter le club au cours de la nouvelle ann\u00e9e.<\/h3>\n<p>Le joueur de 30 ans n&rsquo;a pas jou\u00e9 une seule minute de comp\u00e9tition cette saison et n&rsquo;a pas fait partie d&rsquo;une \u00e9quipe de match depuis le match d&rsquo;ouverture de la saison des Toffee contre Fulham.<\/p>\n<p>Directeur <strong class=\"autotag\">Sean Dych\u00e9<\/strong> a d\u00e9clar\u00e9 que Gomes \u00e9tait actuellement absent en raison d&rsquo;une blessure au mollet, mais n&rsquo;a pas pr\u00e9cis\u00e9 quand il pourrait revenir.<\/p>\n<p>Donc, <em>Initi\u00e9 au football<\/em> affirme qu&rsquo;Everton envisage de laisser le joueur partir en 2024, son contrat devant expirer l&rsquo;\u00e9t\u00e9 prochain.<\/p>\n<p>Gomes n&rsquo;a pas jou\u00e9 depuis son retrait \u00e0 la mi-temps avec Everton 2-0 contre Crystal Palace \u00e0 domicile lors de l&rsquo;avant-dernier match de la campagne 2021-22 de Premier League.<\/p>\n<p>Everton a ensuite gagn\u00e9 3-2 pour sceller la survie de l&rsquo;\u00e9lite sous <strong class=\"autotag\">Frank Lampard<\/strong>mais Gomes n&rsquo;\u00e9tait pas dans les plans du manager la saison suivante.<\/p>\n<p>Il s&rsquo;agissait de sa 100e apparition sous le maillot d&rsquo;Everton apr\u00e8s avoir rejoint Barcelone de fa\u00e7on permanente en 2019 apr\u00e8s une p\u00e9riode de pr\u00eat impressionnante \u00e0 Goodison Park la saison pr\u00e9c\u00e9dente.<\/p>\n<p class=\"imgI\">\n<p>N&rsquo;ayant pas convaincu Lampard, le vainqueur de l&rsquo;Euro 2016 a ensuite \u00e9t\u00e9 pr\u00eat\u00e9 \u00e0 Lille en Ligue 1 et a jou\u00e9 r\u00e9guli\u00e8rement pour les Dogues alors qu&rsquo;ils obtenaient la qualification europ\u00e9enne la saison derni\u00e8re.<\/p>\n<p>Malgr\u00e9 une p\u00e9riode relativement r\u00e9ussie dans le nord de la France, Lille a choisi de ne pas rendre l&rsquo;accord permanent cet \u00e9t\u00e9, le salaire de 120 000 \u00a3 par semaine de Gomes \u00e9tant consid\u00e9r\u00e9 comme une pierre d&rsquo;achoppement.<\/p>\n<p>Le milieu de terrain a eu du mal \u00e0 atteindre les m\u00eames niveaux depuis qu\u2019il s\u2019est cass\u00e9 la jambe lors d\u2019une collision anormale contre Tottenham Hotspur en 2019.<\/p>\n<p>Gomes manquera la majeure partie de cette saison, revenant apr\u00e8s la pause impos\u00e9e par COVID en 2020, mais il n&rsquo;a jamais retrouv\u00e9 une place r\u00e9guli\u00e8re au milieu de terrain d&rsquo;Everton.<\/p>\n<p>Les arriv\u00e9es de <strong class=\"autotag\">Abdoulaye Doucour\u00e9<\/strong> et <strong class=\"autotag\">Allan<\/strong> sous <strong class=\"autotag\">Carlo Ancelotti<\/strong> a pouss\u00e9 Gomes vers le bas de la hi\u00e9rarchie et les signatures de <strong class=\"autotag\">Amadou Onana<\/strong> et <strong class=\"autotag\">James Garner<\/strong> L&rsquo;\u00e9t\u00e9 dernier, il n&rsquo;y avait pas de place pour lui dans les plans du club.<\/p>\n<p>Malgr\u00e9 le manque actuel d&rsquo;options au milieu de terrain au club, m\u00eame si Gomes revient de sa blessure actuelle, il est peu probable qu&rsquo;il obtienne beaucoup de temps de jeu sous un maillot bleu.<\/p>\n<\/div>\n","protected":false},"excerpt":{"rendered":"<p>Andre Gomes devrait quitter Everton au cours de la nouvelle ann\u00e9e et son contrat \u00e0 Goodison Park expirera l&rsquo;\u00e9t\u00e9 prochain. Everton aurait autoris\u00e9 le milieu<\/p>\n","protected":false},"author":1,"featured_media":786,"comment_status":"closed","ping_status":"","sticky":false,"template":"","format":"standard","meta":{"footnotes":""},"categories":[5],"tags":[194,333,310,954,953,170,952],"yoast_head":"<!-- This site is optimized with the Yoast SEO plugin v21.0 - https:\/\/yoast.com\/wordpress\/plugins\/seo\/ -->\n<title>Everton va-t-il laisser Andre Gomes quitter le club en 2024 ?<\/title>\n<meta name=\"robots\" content=\"index, follow, max-snippet:-1, max-image-preview:large, max-video-preview:-1\" \/>\n<link rel=\"canonical\" href=\"https:\/\/footdavant.fr\/actualites\/everton-va-t-il-laisser-andre-gomes-quitter-le-club-en-2024\/\" \/>\n<meta property=\"og:locale\" content=\"fr_FR\" \/>\n<meta property=\"og:type\" content=\"article\" \/>\n<meta property=\"og:title\" content=\"Everton va-t-il laisser Andre Gomes quitter le club en 2024 ?\" \/>\n<meta property=\"og:description\" content=\"Andre Gomes devrait quitter Everton au cours de la nouvelle ann\u00e9e et son contrat \u00e0 Goodison Park expirera l&rsquo;\u00e9t\u00e9 prochain. Everton aurait autoris\u00e9 le milieu\" \/>\n<meta property=\"og:url\" content=\"https:\/\/footdavant.fr\/actualites\/everton-va-t-il-laisser-andre-gomes-quitter-le-club-en-2024\/\" \/>\n<meta property=\"og:site_name\" content=\"Foot d&#039;avant\" \/>\n<meta property=\"article:publisher\" content=\"https:\/\/www.facebook.com\/Footdavant\/\" \/>\n<meta property=\"article:published_time\" content=\"2023-11-12T06:48:05+00:00\" \/>\n<meta property=\"article:modified_time\" content=\"2023-11-12T06:48:06+00:00\" \/>\n<meta property=\"og:image\" content=\"https:\/\/footdavant.fr\/actualites\/wp-content\/uploads\/2023\/11\/Everton-va-t-il-laisser-Andre-Gomes-quitter-le-club-en-2024.jpg\" \/>\n\t<meta property=\"og:image:width\" content=\"640\" \/>\n\t<meta property=\"og:image:height\" content=\"480\" \/>\n\t<meta property=\"og:image:type\" content=\"image\/jpeg\" \/>\n<meta name=\"author\" content=\"Cl\u00e9ment\" \/>\n<meta name=\"twitter:card\" content=\"summary_large_image\" \/>\n<meta name=\"twitter:creator\" content=\"@FootdavantFr\" \/>\n<meta name=\"twitter:site\" content=\"@FootdavantFr\" \/>\n<meta name=\"twitter:label1\" content=\"\u00c9crit par\" \/>\n\t<meta name=\"twitter:data1\" content=\"Cl\u00e9ment\" \/>\n\t<meta name=\"twitter:label2\" content=\"Dur\u00e9e de lecture estim\u00e9e\" \/>\n\t<meta name=\"twitter:data2\" content=\"2 minutes\" \/>\n<script type=\"application\/ld+json\" class=\"yoast-schema-graph\">{\"@context\":\"https:\/\/schema.org\",\"@graph\":[{\"@type\":\"Article\",\"@id\":\"https:\/\/footdavant.fr\/actualites\/everton-va-t-il-laisser-andre-gomes-quitter-le-club-en-2024\/#article\",\"isPartOf\":{\"@id\":\"https:\/\/footdavant.fr\/actualites\/everton-va-t-il-laisser-andre-gomes-quitter-le-club-en-2024\/\"},\"author\":{\"name\":\"Cl\u00e9ment\",\"@id\":\"https:\/\/footdavant.fr\/actualites\/#\/schema\/person\/bc222566d95871b37e597b3ed3ba5e1d\"},\"headline\":\"Everton va-t-il laisser Andre Gomes quitter le club en 2024 ?\",\"datePublished\":\"2023-11-12T06:48:05+00:00\",\"dateModified\":\"2023-11-12T06:48:06+00:00\",\"mainEntityOfPage\":{\"@id\":\"https:\/\/footdavant.fr\/actualites\/everton-va-t-il-laisser-andre-gomes-quitter-le-club-en-2024\/\"},\"wordCount\":439,\"publisher\":{\"@id\":\"https:\/\/footdavant.fr\/actualites\/#organization\"},\"keywords\":[\"Andre\",\"club\",\"Everton\",\"Gomes\",\"laisser\",\"quitter\",\"vatil\"],\"articleSection\":[\"Premier League\"],\"inLanguage\":\"fr-FR\"},{\"@type\":\"WebPage\",\"@id\":\"https:\/\/footdavant.fr\/actualites\/everton-va-t-il-laisser-andre-gomes-quitter-le-club-en-2024\/\",\"url\":\"https:\/\/footdavant.fr\/actualites\/everton-va-t-il-laisser-andre-gomes-quitter-le-club-en-2024\/\",\"name\":\"Everton va-t-il laisser Andre Gomes quitter le club en 2024 ?\",\"isPartOf\":{\"@id\":\"https:\/\/footdavant.fr\/actualites\/#website\"},\"datePublished\":\"2023-11-12T06:48:05+00:00\",\"dateModified\":\"2023-11-12T06:48:06+00:00\",\"breadcrumb\":{\"@id\":\"https:\/\/footdavant.fr\/actualites\/everton-va-t-il-laisser-andre-gomes-quitter-le-club-en-2024\/#breadcrumb\"},\"inLanguage\":\"fr-FR\",\"potentialAction\":[{\"@type\":\"ReadAction\",\"target\":[\"https:\/\/footdavant.fr\/actualites\/everton-va-t-il-laisser-andre-gomes-quitter-le-club-en-2024\/\"]}]},{\"@type\":\"BreadcrumbList\",\"@id\":\"https:\/\/footdavant.fr\/actualites\/everton-va-t-il-laisser-andre-gomes-quitter-le-club-en-2024\/#breadcrumb\",\"itemListElement\":[{\"@type\":\"ListItem\",\"position\":1,\"name\":\"Accueil\",\"item\":\"https:\/\/footdavant.fr\/actualites\/\"},{\"@type\":\"ListItem\",\"position\":2,\"name\":\"Everton va-t-il laisser Andre Gomes quitter le club en 2024 ?\"}]},{\"@type\":\"WebSite\",\"@id\":\"https:\/\/footdavant.fr\/actualites\/#website\",\"url\":\"https:\/\/footdavant.fr\/actualites\/\",\"name\":\"Foot d'avant\",\"description\":\"\",\"publisher\":{\"@id\":\"https:\/\/footdavant.fr\/actualites\/#organization\"},\"potentialAction\":[{\"@type\":\"SearchAction\",\"target\":{\"@type\":\"EntryPoint\",\"urlTemplate\":\"https:\/\/footdavant.fr\/actualites\/?s={search_term_string}\"},\"query-input\":\"required name=search_term_string\"}],\"inLanguage\":\"fr-FR\"},{\"@type\":\"Organization\",\"@id\":\"https:\/\/footdavant.fr\/actualites\/#organization\",\"name\":\"Foot d'avant\",\"url\":\"https:\/\/footdavant.fr\/actualites\/\",\"logo\":{\"@type\":\"ImageObject\",\"inLanguage\":\"fr-FR\",\"@id\":\"https:\/\/footdavant.fr\/actualites\/#\/schema\/logo\/image\/\",\"url\":\"https:\/\/footdavant.fr\/actualites\/wp-content\/uploads\/2023\/09\/Copy-of-FootDavant-Logo.png\",\"contentUrl\":\"https:\/\/footdavant.fr\/actualites\/wp-content\/uploads\/2023\/09\/Copy-of-FootDavant-Logo.png\",\"width\":936,\"height\":549,\"caption\":\"Foot d'avant\"},\"image\":{\"@id\":\"https:\/\/footdavant.fr\/actualites\/#\/schema\/logo\/image\/\"},\"sameAs\":[\"https:\/\/www.facebook.com\/Footdavant\/\",\"https:\/\/twitter.com\/FootdavantFr\",\"https:\/\/www.instagram.com\/footdavant.fr\/\"]},{\"@type\":\"Person\",\"@id\":\"https:\/\/footdavant.fr\/actualites\/#\/schema\/person\/bc222566d95871b37e597b3ed3ba5e1d\",\"name\":\"Cl\u00e9ment\",\"image\":{\"@type\":\"ImageObject\",\"inLanguage\":\"fr-FR\",\"@id\":\"https:\/\/footdavant.fr\/actualites\/#\/schema\/person\/image\/\",\"url\":\"https:\/\/secure.gravatar.com\/avatar\/7728b29aac2719421e1a9159b2254c44?s=96&d=mm&r=g\",\"contentUrl\":\"https:\/\/secure.gravatar.com\/avatar\/7728b29aac2719421e1a9159b2254c44?s=96&d=mm&r=g\",\"caption\":\"Cl\u00e9ment\"},\"sameAs\":[\"https:\/\/footdavant.fr\/\"]}]}<\/script>\n<!-- \/ Yoast SEO plugin. -->","yoast_head_json":{"title":"Everton va-t-il laisser Andre Gomes quitter le club en 2024 ?","robots":{"index":"index","follow":"follow","max-snippet":"max-snippet:-1","max-image-preview":"max-image-preview:large","max-video-preview":"max-video-preview:-1"},"canonical":"https:\/\/footdavant.fr\/actualites\/everton-va-t-il-laisser-andre-gomes-quitter-le-club-en-2024\/","og_locale":"fr_FR","og_type":"article","og_title":"Everton va-t-il laisser Andre Gomes quitter le club en 2024 ?","og_description":"Andre Gomes devrait quitter Everton au cours de la nouvelle ann\u00e9e et son contrat \u00e0 Goodison Park expirera l&rsquo;\u00e9t\u00e9 prochain. Everton aurait autoris\u00e9 le milieu","og_url":"https:\/\/footdavant.fr\/actualites\/everton-va-t-il-laisser-andre-gomes-quitter-le-club-en-2024\/","og_site_name":"Foot d&#039;avant","article_publisher":"https:\/\/www.facebook.com\/Footdavant\/","article_published_time":"2023-11-12T06:48:05+00:00","article_modified_time":"2023-11-12T06:48:06+00:00","og_image":[{"width":640,"height":480,"url":"https:\/\/footdavant.fr\/actualites\/wp-content\/uploads\/2023\/11\/Everton-va-t-il-laisser-Andre-Gomes-quitter-le-club-en-2024.jpg","type":"image\/jpeg"}],"author":"Cl\u00e9ment","twitter_card":"summary_large_image","twitter_creator":"@FootdavantFr","twitter_site":"@FootdavantFr","twitter_misc":{"\u00c9crit par":"Cl\u00e9ment","Dur\u00e9e de lecture estim\u00e9e":"2 minutes"},"schema":{"@context":"https:\/\/schema.org","@graph":[{"@type":"Article","@id":"https:\/\/footdavant.fr\/actualites\/everton-va-t-il-laisser-andre-gomes-quitter-le-club-en-2024\/#article","isPartOf":{"@id":"https:\/\/footdavant.fr\/actualites\/everton-va-t-il-laisser-andre-gomes-quitter-le-club-en-2024\/"},"author":{"name":"Cl\u00e9ment","@id":"https:\/\/footdavant.fr\/actualites\/#\/schema\/person\/bc222566d95871b37e597b3ed3ba5e1d"},"headline":"Everton va-t-il laisser Andre Gomes quitter le club en 2024 ?","datePublished":"2023-11-12T06:48:05+00:00","dateModified":"2023-11-12T06:48:06+00:00","mainEntityOfPage":{"@id":"https:\/\/footdavant.fr\/actualites\/everton-va-t-il-laisser-andre-gomes-quitter-le-club-en-2024\/"},"wordCount":439,"publisher":{"@id":"https:\/\/footdavant.fr\/actualites\/#organization"},"keywords":["Andre","club","Everton","Gomes","laisser","quitter","vatil"],"articleSection":["Premier League"],"inLanguage":"fr-FR"},{"@type":"WebPage","@id":"https:\/\/footdavant.fr\/actualites\/everton-va-t-il-laisser-andre-gomes-quitter-le-club-en-2024\/","url":"https:\/\/footdavant.fr\/actualites\/everton-va-t-il-laisser-andre-gomes-quitter-le-club-en-2024\/","name":"Everton va-t-il laisser Andre Gomes quitter le club en 2024 ?","isPartOf":{"@id":"https:\/\/footdavant.fr\/actualites\/#website"},"datePublished":"2023-11-12T06:48:05+00:00","dateModified":"2023-11-12T06:48:06+00:00","breadcrumb":{"@id":"https:\/\/footdavant.fr\/actualites\/everton-va-t-il-laisser-andre-gomes-quitter-le-club-en-2024\/#breadcrumb"},"inLanguage":"fr-FR","potentialAction":[{"@type":"ReadAction","target":["https:\/\/footdavant.fr\/actualites\/everton-va-t-il-laisser-andre-gomes-quitter-le-club-en-2024\/"]}]},{"@type":"BreadcrumbList","@id":"https:\/\/footdavant.fr\/actualites\/everton-va-t-il-laisser-andre-gomes-quitter-le-club-en-2024\/#breadcrumb","itemListElement":[{"@type":"ListItem","position":1,"name":"Accueil","item":"https:\/\/footdavant.fr\/actualites\/"},{"@type":"ListItem","position":2,"name":"Everton va-t-il laisser Andre Gomes quitter le club en 2024 ?"}]},{"@type":"WebSite","@id":"https:\/\/footdavant.fr\/actualites\/#website","url":"https:\/\/footdavant.fr\/actualites\/","name":"Foot d'avant","description":"","publisher":{"@id":"https:\/\/footdavant.fr\/actualites\/#organization"},"potentialAction":[{"@type":"SearchAction","target":{"@type":"EntryPoint","urlTemplate":"https:\/\/footdavant.fr\/actualites\/?s={search_term_string}"},"query-input":"required name=search_term_string"}],"inLanguage":"fr-FR"},{"@type":"Organization","@id":"https:\/\/footdavant.fr\/actualites\/#organization","name":"Foot d'avant","url":"https:\/\/footdavant.fr\/actualites\/","logo":{"@type":"ImageObject","inLanguage":"fr-FR","@id":"https:\/\/footdavant.fr\/actualites\/#\/schema\/logo\/image\/","url":"https:\/\/footdavant.fr\/actualites\/wp-content\/uploads\/2023\/09\/Copy-of-FootDavant-Logo.png","contentUrl":"https:\/\/footdavant.fr\/actualites\/wp-content\/uploads\/2023\/09\/Copy-of-FootDavant-Logo.png","width":936,"height":549,"caption":"Foot d'avant"},"image":{"@id":"https:\/\/footdavant.fr\/actualites\/#\/schema\/logo\/image\/"},"sameAs":["https:\/\/www.facebook.com\/Footdavant\/","https:\/\/twitter.com\/FootdavantFr","https:\/\/www.instagram.com\/footdavant.fr\/"]},{"@type":"Person","@id":"https:\/\/footdavant.fr\/actualites\/#\/schema\/person\/bc222566d95871b37e597b3ed3ba5e1d","name":"Cl\u00e9ment","image":{"@type":"ImageObject","inLanguage":"fr-FR","@id":"https:\/\/footdavant.fr\/actualites\/#\/schema\/person\/image\/","url":"https:\/\/secure.gravatar.com\/avatar\/7728b29aac2719421e1a9159b2254c44?s=96&d=mm&r=g","contentUrl":"https:\/\/secure.gravatar.com\/avatar\/7728b29aac2719421e1a9159b2254c44?s=96&d=mm&r=g","caption":"Cl\u00e9ment"},"sameAs":["https:\/\/footdavant.fr\/"]}]}},"_links":{"self":[{"href":"https:\/\/footdavant.fr\/actualites\/wp-json\/wp\/v2\/posts\/785"}],"collection":[{"href":"https:\/\/footdavant.fr\/actualites\/wp-json\/wp\/v2\/posts"}],"about":[{"href":"https:\/\/footdavant.fr\/actualites\/wp-json\/wp\/v2\/types\/post"}],"author":[{"embeddable":true,"href":"https:\/\/footdavant.fr\/actualites\/wp-json\/wp\/v2\/users\/1"}],"replies":[{"embeddable":true,"href":"https:\/\/footdavant.fr\/actualites\/wp-json\/wp\/v2\/comments?post=785"}],"version-history":[{"count":1,"href":"https:\/\/footdavant.fr\/actualites\/wp-json\/wp\/v2\/posts\/785\/revisions"}],"predecessor-version":[{"id":787,"href":"https:\/\/footdavant.fr\/actualites\/wp-json\/wp\/v2\/posts\/785\/revisions\/787"}],"wp:featuredmedia":[{"embeddable":true,"href":"https:\/\/footdavant.fr\/actualites\/wp-json\/wp\/v2\/media\/786"}],"wp:attachment":[{"href":"https:\/\/footdavant.fr\/actualites\/wp-json\/wp\/v2\/media?parent=785"}],"wp:term":[{"taxonomy":"category","embeddable":true,"href":"https:\/\/footdavant.fr\/actualites\/wp-json\/wp\/v2\/categories?post=785"},{"taxonomy":"post_tag","embeddable":true,"href":"https:\/\/footdavant.fr\/actualites\/wp-json\/wp\/v2\/tags?post=785"}],"curies":[{"name":"wp","href":"https:\/\/api.w.org\/{rel}","templated":true}]}}