{"id":791,"date":"2023-11-12T09:48:48","date_gmt":"2023-11-12T08:48:48","guid":{"rendered":"https:\/\/footdavant.fr\/actualites\/nouvelles-de-lequipe-blessure-de-copenhague-contre-manchester-united-liste-de-suspension-xi-prevus\/"},"modified":"2023-11-12T09:48:48","modified_gmt":"2023-11-12T08:48:48","slug":"nouvelles-de-lequipe-blessure-de-copenhague-contre-manchester-united-liste-de-suspension-xi-prevus","status":"publish","type":"post","link":"https:\/\/footdavant.fr\/actualites\/nouvelles-de-lequipe-blessure-de-copenhague-contre-manchester-united-liste-de-suspension-xi-prevus\/","title":{"rendered":"Nouvelles de l&rsquo;\u00e9quipe\u00a0: blessure de Copenhague contre Manchester United, liste de suspension, XI pr\u00e9vus"},"content":{"rendered":"<p>Sports Mole rassemble toutes les derni\u00e8res nouvelles sur les blessures et les suspensions avant le choc de la Ligue des champions de mercredi entre Copenhague et Manchester United.<\/p>\n<div id=\"article_body\" itemprop=\"articleBody\">\n<p class=\"firstPara\"><strong class=\"autotag\">Manchester United<\/strong> chercheront \u00e0 renforcer leurs espoirs d&rsquo;atteindre le <strong class=\"autotag\">Ligue des champions<\/strong> huiti\u00e8mes de finale lorsqu&rsquo;ils se rendront au Danemark pour affronter <strong class=\"autotag\">Copenhague<\/strong> dans un match du Groupe A mercredi soir.<\/p>\n<p>Alors que les Red Devils ont remport\u00e9 une victoire serr\u00e9e 1-0 contre Fulham en Premier League samedi, les Lions ont battu Randers 4-2 en Superliga dimanche, et ici, <strong>Taupe de sport<\/strong> rassemble toutes les derni\u00e8res nouvelles des \u00e9quipes des deux clubs.<\/p>\n<hr>\n<p class=\"imgI\">\n<h2>COPENHAGUE<\/h2>\n<p><strong>Dehors:<\/strong> <strong class=\"autotag\">William Cl\u00e9m<\/strong> (jambe), <strong class=\"autotag\">David Khocholava<\/strong> (genou), <strong class=\"autotag\">Birger Meling<\/strong> (muscle)<\/p>\n<p><strong>Douteux:<\/strong> <strong class=\"autotag\">Mohamed Elyounoussi<\/strong> (non sp\u00e9cifi\u00e9)<\/p>\n<p><strong>Le XI pr\u00e9dit par Sports Mole\u00a0:<\/strong> Grabara\u00a0;  Ankersen, Vavro, Diks, Jelert\u00a0;  Lerager, Falk, Goncalves ;  Larsson, Claesson, Achouri<\/p>\n<h2>MANCHESTER UNIS<\/h2>\n<p><strong>Dehors:<\/strong> <strong class=\"autotag\">Casemiro<\/strong> (tendon), <strong class=\"autotag\">Lisandro Martinez<\/strong> (pied), <strong class=\"autotag\">Luc Shaw<\/strong> (muscle), <strong class=\"autotag\">Amad Diallo<\/strong> (genou), <strong class=\"autotag\">Tyrell Malacia<\/strong> (genou), <strong class=\"autotag\">Jadon Sancho<\/strong> (disciplinaire)<\/p>\n<p><strong>Douteux:<\/strong> Aucun<\/p>\n<p><strong>Le XI pr\u00e9dit par Sports Mole\u00a0:<\/strong> Onana;  Wan-Bissaka, Varane, Maguire, Dalot ;  McTominay, Eriksen;  Pellistri, Fernandes, Rashford\u00a0;  Hojlund<\/p>\n<hr>\n<p>Pour l\u2019analyse des donn\u00e9es des r\u00e9sultats les plus probables, des scores et plus encore pour ce match, veuillez cliquer ici.<\/p>\n<hr class=\"divide\">\n<\/div>\n","protected":false},"excerpt":{"rendered":"<p>Sports Mole rassemble toutes les derni\u00e8res nouvelles sur les blessures et les suspensions avant le choc de la Ligue des champions de mercredi entre Copenhague<\/p>\n","protected":false},"author":1,"featured_media":792,"comment_status":"closed","ping_status":"","sticky":false,"template":"","format":"standard","meta":{"footnotes":""},"categories":[4],"tags":[15,20,198,9,17,11,461,468,18,13],"yoast_head":"<!-- This site is optimized with the Yoast SEO plugin v21.0 - https:\/\/yoast.com\/wordpress\/plugins\/seo\/ -->\n<title>Nouvelles de l&#039;\u00e9quipe\u00a0: blessure de Copenhague contre Manchester United, liste de suspension, XI pr\u00e9vus<\/title>\n<meta name=\"robots\" content=\"index, follow, max-snippet:-1, max-image-preview:large, max-video-preview:-1\" \/>\n<link rel=\"canonical\" href=\"https:\/\/footdavant.fr\/actualites\/nouvelles-de-lequipe-blessure-de-copenhague-contre-manchester-united-liste-de-suspension-xi-prevus\/\" \/>\n<meta property=\"og:locale\" content=\"fr_FR\" \/>\n<meta property=\"og:type\" content=\"article\" \/>\n<meta property=\"og:title\" content=\"Nouvelles de l&#039;\u00e9quipe\u00a0: blessure de Copenhague contre Manchester United, liste de suspension, XI pr\u00e9vus\" \/>\n<meta property=\"og:description\" content=\"Sports Mole rassemble toutes les derni\u00e8res nouvelles sur les blessures et les suspensions avant le choc de la Ligue des champions de mercredi entre Copenhague\" \/>\n<meta property=\"og:url\" content=\"https:\/\/footdavant.fr\/actualites\/nouvelles-de-lequipe-blessure-de-copenhague-contre-manchester-united-liste-de-suspension-xi-prevus\/\" \/>\n<meta property=\"og:site_name\" content=\"Foot d&#039;avant\" \/>\n<meta property=\"article:publisher\" content=\"https:\/\/www.facebook.com\/Footdavant\/\" \/>\n<meta property=\"article:published_time\" content=\"2023-11-12T08:48:48+00:00\" \/>\n<meta property=\"og:image\" content=\"https:\/\/footdavant.fr\/actualites\/wp-content\/uploads\/2023\/11\/Nouvelles-de-lequipe-blessure-de-Copenhague-contre-Manchester-United-liste.JPG\" \/>\n\t<meta property=\"og:image:width\" content=\"640\" \/>\n\t<meta property=\"og:image:height\" content=\"480\" \/>\n\t<meta property=\"og:image:type\" content=\"image\/jpeg\" \/>\n<meta name=\"author\" content=\"Cl\u00e9ment\" \/>\n<meta name=\"twitter:card\" content=\"summary_large_image\" \/>\n<meta name=\"twitter:creator\" content=\"@FootdavantFr\" \/>\n<meta name=\"twitter:site\" content=\"@FootdavantFr\" \/>\n<meta name=\"twitter:label1\" content=\"\u00c9crit par\" \/>\n\t<meta name=\"twitter:data1\" content=\"Cl\u00e9ment\" \/>\n\t<meta name=\"twitter:label2\" content=\"Dur\u00e9e de lecture estim\u00e9e\" \/>\n\t<meta name=\"twitter:data2\" content=\"1 minute\" \/>\n<script type=\"application\/ld+json\" class=\"yoast-schema-graph\">{\"@context\":\"https:\/\/schema.org\",\"@graph\":[{\"@type\":\"Article\",\"@id\":\"https:\/\/footdavant.fr\/actualites\/nouvelles-de-lequipe-blessure-de-copenhague-contre-manchester-united-liste-de-suspension-xi-prevus\/#article\",\"isPartOf\":{\"@id\":\"https:\/\/footdavant.fr\/actualites\/nouvelles-de-lequipe-blessure-de-copenhague-contre-manchester-united-liste-de-suspension-xi-prevus\/\"},\"author\":{\"name\":\"Cl\u00e9ment\",\"@id\":\"https:\/\/footdavant.fr\/actualites\/#\/schema\/person\/bc222566d95871b37e597b3ed3ba5e1d\"},\"headline\":\"Nouvelles de l&rsquo;\u00e9quipe\u00a0: blessure de Copenhague contre Manchester United, liste de suspension, XI pr\u00e9vus\",\"datePublished\":\"2023-11-12T08:48:48+00:00\",\"dateModified\":\"2023-11-12T08:48:48+00:00\",\"mainEntityOfPage\":{\"@id\":\"https:\/\/footdavant.fr\/actualites\/nouvelles-de-lequipe-blessure-de-copenhague-contre-manchester-united-liste-de-suspension-xi-prevus\/\"},\"wordCount\":218,\"publisher\":{\"@id\":\"https:\/\/footdavant.fr\/actualites\/#organization\"},\"keywords\":[\"Blessure\",\"contre\",\"Copenhague\",\"l\u00e9quipe\",\"liste\",\"Manchester\",\"Nouvelles\",\"pr\u00e9vus\",\"suspension\",\"United\"],\"articleSection\":[\"Champions League\"],\"inLanguage\":\"fr-FR\"},{\"@type\":\"WebPage\",\"@id\":\"https:\/\/footdavant.fr\/actualites\/nouvelles-de-lequipe-blessure-de-copenhague-contre-manchester-united-liste-de-suspension-xi-prevus\/\",\"url\":\"https:\/\/footdavant.fr\/actualites\/nouvelles-de-lequipe-blessure-de-copenhague-contre-manchester-united-liste-de-suspension-xi-prevus\/\",\"name\":\"Nouvelles de l'\u00e9quipe\u00a0: blessure de Copenhague contre Manchester United, liste de suspension, XI pr\u00e9vus\",\"isPartOf\":{\"@id\":\"https:\/\/footdavant.fr\/actualites\/#website\"},\"datePublished\":\"2023-11-12T08:48:48+00:00\",\"dateModified\":\"2023-11-12T08:48:48+00:00\",\"breadcrumb\":{\"@id\":\"https:\/\/footdavant.fr\/actualites\/nouvelles-de-lequipe-blessure-de-copenhague-contre-manchester-united-liste-de-suspension-xi-prevus\/#breadcrumb\"},\"inLanguage\":\"fr-FR\",\"potentialAction\":[{\"@type\":\"ReadAction\",\"target\":[\"https:\/\/footdavant.fr\/actualites\/nouvelles-de-lequipe-blessure-de-copenhague-contre-manchester-united-liste-de-suspension-xi-prevus\/\"]}]},{\"@type\":\"BreadcrumbList\",\"@id\":\"https:\/\/footdavant.fr\/actualites\/nouvelles-de-lequipe-blessure-de-copenhague-contre-manchester-united-liste-de-suspension-xi-prevus\/#breadcrumb\",\"itemListElement\":[{\"@type\":\"ListItem\",\"position\":1,\"name\":\"Accueil\",\"item\":\"https:\/\/footdavant.fr\/actualites\/\"},{\"@type\":\"ListItem\",\"position\":2,\"name\":\"Nouvelles de l&rsquo;\u00e9quipe\u00a0: blessure de Copenhague contre Manchester United, liste de suspension, XI pr\u00e9vus\"}]},{\"@type\":\"WebSite\",\"@id\":\"https:\/\/footdavant.fr\/actualites\/#website\",\"url\":\"https:\/\/footdavant.fr\/actualites\/\",\"name\":\"Foot d'avant\",\"description\":\"\",\"publisher\":{\"@id\":\"https:\/\/footdavant.fr\/actualites\/#organization\"},\"potentialAction\":[{\"@type\":\"SearchAction\",\"target\":{\"@type\":\"EntryPoint\",\"urlTemplate\":\"https:\/\/footdavant.fr\/actualites\/?s={search_term_string}\"},\"query-input\":\"required name=search_term_string\"}],\"inLanguage\":\"fr-FR\"},{\"@type\":\"Organization\",\"@id\":\"https:\/\/footdavant.fr\/actualites\/#organization\",\"name\":\"Foot d'avant\",\"url\":\"https:\/\/footdavant.fr\/actualites\/\",\"logo\":{\"@type\":\"ImageObject\",\"inLanguage\":\"fr-FR\",\"@id\":\"https:\/\/footdavant.fr\/actualites\/#\/schema\/logo\/image\/\",\"url\":\"https:\/\/footdavant.fr\/actualites\/wp-content\/uploads\/2023\/09\/Copy-of-FootDavant-Logo.png\",\"contentUrl\":\"https:\/\/footdavant.fr\/actualites\/wp-content\/uploads\/2023\/09\/Copy-of-FootDavant-Logo.png\",\"width\":936,\"height\":549,\"caption\":\"Foot d'avant\"},\"image\":{\"@id\":\"https:\/\/footdavant.fr\/actualites\/#\/schema\/logo\/image\/\"},\"sameAs\":[\"https:\/\/www.facebook.com\/Footdavant\/\",\"https:\/\/twitter.com\/FootdavantFr\",\"https:\/\/www.instagram.com\/footdavant.fr\/\"]},{\"@type\":\"Person\",\"@id\":\"https:\/\/footdavant.fr\/actualites\/#\/schema\/person\/bc222566d95871b37e597b3ed3ba5e1d\",\"name\":\"Cl\u00e9ment\",\"image\":{\"@type\":\"ImageObject\",\"inLanguage\":\"fr-FR\",\"@id\":\"https:\/\/footdavant.fr\/actualites\/#\/schema\/person\/image\/\",\"url\":\"https:\/\/secure.gravatar.com\/avatar\/7728b29aac2719421e1a9159b2254c44?s=96&d=mm&r=g\",\"contentUrl\":\"https:\/\/secure.gravatar.com\/avatar\/7728b29aac2719421e1a9159b2254c44?s=96&d=mm&r=g\",\"caption\":\"Cl\u00e9ment\"},\"sameAs\":[\"https:\/\/footdavant.fr\/\"]}]}<\/script>\n<!-- \/ Yoast SEO plugin. -->","yoast_head_json":{"title":"Nouvelles de l'\u00e9quipe\u00a0: blessure de Copenhague contre Manchester United, liste de suspension, XI pr\u00e9vus","robots":{"index":"index","follow":"follow","max-snippet":"max-snippet:-1","max-image-preview":"max-image-preview:large","max-video-preview":"max-video-preview:-1"},"canonical":"https:\/\/footdavant.fr\/actualites\/nouvelles-de-lequipe-blessure-de-copenhague-contre-manchester-united-liste-de-suspension-xi-prevus\/","og_locale":"fr_FR","og_type":"article","og_title":"Nouvelles de l'\u00e9quipe\u00a0: blessure de Copenhague contre Manchester United, liste de suspension, XI pr\u00e9vus","og_description":"Sports Mole rassemble toutes les derni\u00e8res nouvelles sur les blessures et les suspensions avant le choc de la Ligue des champions de mercredi entre Copenhague","og_url":"https:\/\/footdavant.fr\/actualites\/nouvelles-de-lequipe-blessure-de-copenhague-contre-manchester-united-liste-de-suspension-xi-prevus\/","og_site_name":"Foot d&#039;avant","article_publisher":"https:\/\/www.facebook.com\/Footdavant\/","article_published_time":"2023-11-12T08:48:48+00:00","og_image":[{"width":640,"height":480,"url":"https:\/\/footdavant.fr\/actualites\/wp-content\/uploads\/2023\/11\/Nouvelles-de-lequipe-blessure-de-Copenhague-contre-Manchester-United-liste.JPG","type":"image\/jpeg"}],"author":"Cl\u00e9ment","twitter_card":"summary_large_image","twitter_creator":"@FootdavantFr","twitter_site":"@FootdavantFr","twitter_misc":{"\u00c9crit par":"Cl\u00e9ment","Dur\u00e9e de lecture estim\u00e9e":"1 minute"},"schema":{"@context":"https:\/\/schema.org","@graph":[{"@type":"Article","@id":"https:\/\/footdavant.fr\/actualites\/nouvelles-de-lequipe-blessure-de-copenhague-contre-manchester-united-liste-de-suspension-xi-prevus\/#article","isPartOf":{"@id":"https:\/\/footdavant.fr\/actualites\/nouvelles-de-lequipe-blessure-de-copenhague-contre-manchester-united-liste-de-suspension-xi-prevus\/"},"author":{"name":"Cl\u00e9ment","@id":"https:\/\/footdavant.fr\/actualites\/#\/schema\/person\/bc222566d95871b37e597b3ed3ba5e1d"},"headline":"Nouvelles de l&rsquo;\u00e9quipe\u00a0: blessure de Copenhague contre Manchester United, liste de suspension, XI pr\u00e9vus","datePublished":"2023-11-12T08:48:48+00:00","dateModified":"2023-11-12T08:48:48+00:00","mainEntityOfPage":{"@id":"https:\/\/footdavant.fr\/actualites\/nouvelles-de-lequipe-blessure-de-copenhague-contre-manchester-united-liste-de-suspension-xi-prevus\/"},"wordCount":218,"publisher":{"@id":"https:\/\/footdavant.fr\/actualites\/#organization"},"keywords":["Blessure","contre","Copenhague","l\u00e9quipe","liste","Manchester","Nouvelles","pr\u00e9vus","suspension","United"],"articleSection":["Champions League"],"inLanguage":"fr-FR"},{"@type":"WebPage","@id":"https:\/\/footdavant.fr\/actualites\/nouvelles-de-lequipe-blessure-de-copenhague-contre-manchester-united-liste-de-suspension-xi-prevus\/","url":"https:\/\/footdavant.fr\/actualites\/nouvelles-de-lequipe-blessure-de-copenhague-contre-manchester-united-liste-de-suspension-xi-prevus\/","name":"Nouvelles de l'\u00e9quipe\u00a0: blessure de Copenhague contre Manchester United, liste de suspension, XI pr\u00e9vus","isPartOf":{"@id":"https:\/\/footdavant.fr\/actualites\/#website"},"datePublished":"2023-11-12T08:48:48+00:00","dateModified":"2023-11-12T08:48:48+00:00","breadcrumb":{"@id":"https:\/\/footdavant.fr\/actualites\/nouvelles-de-lequipe-blessure-de-copenhague-contre-manchester-united-liste-de-suspension-xi-prevus\/#breadcrumb"},"inLanguage":"fr-FR","potentialAction":[{"@type":"ReadAction","target":["https:\/\/footdavant.fr\/actualites\/nouvelles-de-lequipe-blessure-de-copenhague-contre-manchester-united-liste-de-suspension-xi-prevus\/"]}]},{"@type":"BreadcrumbList","@id":"https:\/\/footdavant.fr\/actualites\/nouvelles-de-lequipe-blessure-de-copenhague-contre-manchester-united-liste-de-suspension-xi-prevus\/#breadcrumb","itemListElement":[{"@type":"ListItem","position":1,"name":"Accueil","item":"https:\/\/footdavant.fr\/actualites\/"},{"@type":"ListItem","position":2,"name":"Nouvelles de l&rsquo;\u00e9quipe\u00a0: blessure de Copenhague contre Manchester United, liste de suspension, XI pr\u00e9vus"}]},{"@type":"WebSite","@id":"https:\/\/footdavant.fr\/actualites\/#website","url":"https:\/\/footdavant.fr\/actualites\/","name":"Foot d'avant","description":"","publisher":{"@id":"https:\/\/footdavant.fr\/actualites\/#organization"},"potentialAction":[{"@type":"SearchAction","target":{"@type":"EntryPoint","urlTemplate":"https:\/\/footdavant.fr\/actualites\/?s={search_term_string}"},"query-input":"required name=search_term_string"}],"inLanguage":"fr-FR"},{"@type":"Organization","@id":"https:\/\/footdavant.fr\/actualites\/#organization","name":"Foot d'avant","url":"https:\/\/footdavant.fr\/actualites\/","logo":{"@type":"ImageObject","inLanguage":"fr-FR","@id":"https:\/\/footdavant.fr\/actualites\/#\/schema\/logo\/image\/","url":"https:\/\/footdavant.fr\/actualites\/wp-content\/uploads\/2023\/09\/Copy-of-FootDavant-Logo.png","contentUrl":"https:\/\/footdavant.fr\/actualites\/wp-content\/uploads\/2023\/09\/Copy-of-FootDavant-Logo.png","width":936,"height":549,"caption":"Foot d'avant"},"image":{"@id":"https:\/\/footdavant.fr\/actualites\/#\/schema\/logo\/image\/"},"sameAs":["https:\/\/www.facebook.com\/Footdavant\/","https:\/\/twitter.com\/FootdavantFr","https:\/\/www.instagram.com\/footdavant.fr\/"]},{"@type":"Person","@id":"https:\/\/footdavant.fr\/actualites\/#\/schema\/person\/bc222566d95871b37e597b3ed3ba5e1d","name":"Cl\u00e9ment","image":{"@type":"ImageObject","inLanguage":"fr-FR","@id":"https:\/\/footdavant.fr\/actualites\/#\/schema\/person\/image\/","url":"https:\/\/secure.gravatar.com\/avatar\/7728b29aac2719421e1a9159b2254c44?s=96&d=mm&r=g","contentUrl":"https:\/\/secure.gravatar.com\/avatar\/7728b29aac2719421e1a9159b2254c44?s=96&d=mm&r=g","caption":"Cl\u00e9ment"},"sameAs":["https:\/\/footdavant.fr\/"]}]}},"_links":{"self":[{"href":"https:\/\/footdavant.fr\/actualites\/wp-json\/wp\/v2\/posts\/791"}],"collection":[{"href":"https:\/\/footdavant.fr\/actualites\/wp-json\/wp\/v2\/posts"}],"about":[{"href":"https:\/\/footdavant.fr\/actualites\/wp-json\/wp\/v2\/types\/post"}],"author":[{"embeddable":true,"href":"https:\/\/footdavant.fr\/actualites\/wp-json\/wp\/v2\/users\/1"}],"replies":[{"embeddable":true,"href":"https:\/\/footdavant.fr\/actualites\/wp-json\/wp\/v2\/comments?post=791"}],"version-history":[{"count":1,"href":"https:\/\/footdavant.fr\/actualites\/wp-json\/wp\/v2\/posts\/791\/revisions"}],"predecessor-version":[{"id":793,"href":"https:\/\/footdavant.fr\/actualites\/wp-json\/wp\/v2\/posts\/791\/revisions\/793"}],"wp:featuredmedia":[{"embeddable":true,"href":"https:\/\/footdavant.fr\/actualites\/wp-json\/wp\/v2\/media\/792"}],"wp:attachment":[{"href":"https:\/\/footdavant.fr\/actualites\/wp-json\/wp\/v2\/media?parent=791"}],"wp:term":[{"taxonomy":"category","embeddable":true,"href":"https:\/\/footdavant.fr\/actualites\/wp-json\/wp\/v2\/categories?post=791"},{"taxonomy":"post_tag","embeddable":true,"href":"https:\/\/footdavant.fr\/actualites\/wp-json\/wp\/v2\/tags?post=791"}],"curies":[{"name":"wp","href":"https:\/\/api.w.org\/{rel}","templated":true}]}}