{"id":8031,"date":"2024-04-27T06:48:19","date_gmt":"2024-04-27T04:48:19","guid":{"rendered":"https:\/\/footdavant.fr\/actualites\/le-defenseur-de-longue-date-de-liverpool-sapprete-t-il-a-quitter-le-club-cet-ete\/"},"modified":"2024-04-27T06:48:21","modified_gmt":"2024-04-27T04:48:21","slug":"le-defenseur-de-longue-date-de-liverpool-sapprete-t-il-a-quitter-le-club-cet-ete","status":"publish","type":"post","link":"https:\/\/footdavant.fr\/actualites\/le-defenseur-de-longue-date-de-liverpool-sapprete-t-il-a-quitter-le-club-cet-ete\/","title":{"rendered":"Le d\u00e9fenseur de longue date de Liverpool s\u2019appr\u00eate-t-il \u00e0 quitter le club cet \u00e9t\u00e9 ?"},"content":{"rendered":"<p>Joel Matip se pr\u00e9parerait \u00e0 quitter Liverpool cet \u00e9t\u00e9, les \u00e9quipes de Serie A exprimant leur int\u00e9r\u00eat \u00e0 obtenir ses services avant la saison 2024-25. <\/p>\n<div id=\"article_body\" itemprop=\"articleBody\">\n<h3 class=\"firstPara\">\n<strong class=\"autotag\">Jo\u00ebl Matip<\/strong> se pr\u00e9parerait \u00e0 partir <strong class=\"autotag\">Liverpool<\/strong> cet \u00e9t\u00e9, les \u00e9quipes de Serie A ont exprim\u00e9 leur int\u00e9r\u00eat \u00e0 obtenir ses services avant la saison 2024-25. <\/h3>\n<p>Le joueur de 32 ans a \u00e9t\u00e9 contraint d&#39;abandonner contre Fulham en d\u00e9cembre en raison d&#39;une blessure. <strong class=\"autotag\">J\u00fcrgen Klopp<\/strong> confirmant plus tard que le d\u00e9fenseur central avait subi une rupture du ligament crois\u00e9 ant\u00e9rieur.<\/p>\n<p>M\u00eame si Matip a fait des progr\u00e8s notables dans sa r\u00e9\u00e9ducation ces derni\u00e8res semaines, notamment en reprenant un entra\u00eenement l\u00e9ger au centre d&#39;entra\u00eenement AXA de Liverpool, il semble que la saison se terminera avant que le d\u00e9fenseur puisse revenir \u00e0 l&#39;action.<\/p>\n<p>Le Camerounais, qui a l&#39;avantage de d\u00e9tenir un passeport europ\u00e9en, n&#39;a disput\u00e9 que 14 matchs avec les Reds cette saison et son contrat expirera en juin. <\/p>\n<p>Par cons\u00e9quent, sans surprise, la perspective d\u2019acqu\u00e9rir le d\u00e9fenseur central exp\u00e9riment\u00e9 sans avoir besoin de frais de transfert a suscit\u00e9 l\u2019int\u00e9r\u00eat de plusieurs clubs, dont deux en Serie A.<\/p>\n<p class=\"imgI\">\n<h2 class=\"k3\">Matip ouvert au changement de Serie A<\/h2>\n<p>Selon un m\u00e9dia italien <em>Corriere della Sera<\/em> via The Mirror, les deux <strong class=\"autotag\">Rome<\/strong> et <strong class=\"autotag\">Latium<\/strong> se pr\u00e9parent \u00e0 entamer des discussions avec Matip dans les prochaines semaines en vue d&#39;un \u00e9ventuel d\u00e9m\u00e9nagement cet \u00e9t\u00e9.<\/p>\n<p>Le rapport ajoute que le d\u00e9fenseur est ouvert \u00e0 l&#39;id\u00e9e de d\u00e9m\u00e9nager \u00e0 Rome mais se m\u00e9fie de la potentielle baisse de salaire qu&#39;il devrait accepter s&#39;il quittait Anfield. <\/p>\n<p>Les agents de Matip auraient \u00e9galement entam\u00e9 des discussions sur une \u00e9ventuelle op\u00e9ration avec les g\u00e9ants turcs. <strong class=\"autotag\">Fenerbah\u00e7e<\/strong>tandis que des clubs d&#39;Arabie saoudite ont \u00e9galement manifest\u00e9 leur int\u00e9r\u00eat pour acqu\u00e9rir ses services. <\/p>\n<p>Liverpool a \u00e9t\u00e9 associ\u00e9 \u00e0 plusieurs rempla\u00e7ants potentiels de Matip ces derni\u00e8res semaines, notamment le duo d\u00e9fensif du Sporting Lisbonne. <strong class=\"autotag\">Ousmane Diomand\u00e9<\/strong> et <strong class=\"autotag\">Goncalo In\u00e1cio<\/strong>. <\/p>\n<p class=\"imgI\"><img decoding=\"async\" loading=\"lazy\" class=\"l\" src=\"https:\/\/footdavant.fr\/actualites\/wp-content\/uploads\/2024\/04\/1714193299_259_Le-defenseur-de-longue-date-de-Liverpool-sapprete-t-il-a-quitter.jpg\" title=\"Arne Slot, entra\u00eeneur de Feyenoord, le 4 octobre 2023\" alt=\"Arne Slot, entra\u00eeneur de Feyenoord, le 4 octobre 2023\" width=\"640\" height=\"480\"><\/p>\n<h2 class=\"k3\">  Un cr\u00e9neau pour remplacer Klopp cet \u00e9t\u00e9 ?<\/h2>\n<p><strong class=\"autotag\">Machine \u00e0 sous Arne<\/strong> aurait conclu un accord avec les Reds pour succ\u00e9der \u00e0 Klopp, et il est entendu que plusieurs joueurs existants de Liverpool qui ne font pas partie des plans \u00e0 long terme de Slot partiront \u00e9galement cet \u00e9t\u00e9. <\/p>\n<p>Parmi ceux qui pourraient rejoindre Matip dans le bus en provenance d&#39;Anfield figurent <strong class=\"autotag\">Thiago Alc\u00e1ntara<\/strong> et <strong class=\"autotag\">Adrien<\/strong>qui seront tous deux \u00e9galement en fin de contrat \u00e0 la fin de la campagne en cours. <\/p>\n<p>De plus, de nombreuses incertitudes subsistent quant \u00e0 l&#39;avenir de <strong class=\"autotag\">Mohamed Salah<\/strong>, qui pourrait recevoir une autre offre \u00e0 succ\u00e8s de l\u2019Arabie Saoudite pendant l\u2019intersaison.  Il a \u00e9t\u00e9 largement affirm\u00e9 qu&#39;une offre d&#39;environ 150 millions de livres sterling avait \u00e9t\u00e9 propos\u00e9e par Al Ittihad pour la signature de l&#39;international \u00e9gyptien la saison derni\u00e8re. <\/p>\n<p>Les Reds occupent la troisi\u00e8me place du classement de la Premier League avec 74 points apr\u00e8s 34 matchs et se rendront au stade de Londres pour affronter West Ham United samedi apr\u00e8s-midi. <\/p>\n<\/div>\n","protected":false},"excerpt":{"rendered":"<p>Joel Matip se pr\u00e9parerait \u00e0 quitter Liverpool cet \u00e9t\u00e9, les \u00e9quipes de Serie A exprimant leur int\u00e9r\u00eat \u00e0 obtenir ses services avant la saison 2024-25.<\/p>\n","protected":false},"author":1,"featured_media":8032,"comment_status":"closed","ping_status":"","sticky":false,"template":"","format":"standard","meta":{"footnotes":""},"categories":[5],"tags":[775,333,391,928,776,53,2598,170,4756],"yoast_head":"<!-- This site is optimized with the Yoast SEO plugin v21.0 - https:\/\/yoast.com\/wordpress\/plugins\/seo\/ -->\n<title>Le d\u00e9fenseur de longue date de Liverpool s\u2019appr\u00eate-t-il \u00e0 quitter le club cet \u00e9t\u00e9 ?<\/title>\n<meta name=\"robots\" content=\"index, follow, max-snippet:-1, max-image-preview:large, max-video-preview:-1\" \/>\n<link rel=\"canonical\" href=\"https:\/\/footdavant.fr\/actualites\/le-defenseur-de-longue-date-de-liverpool-sapprete-t-il-a-quitter-le-club-cet-ete\/\" \/>\n<meta property=\"og:locale\" content=\"fr_FR\" \/>\n<meta property=\"og:type\" content=\"article\" \/>\n<meta property=\"og:title\" content=\"Le d\u00e9fenseur de longue date de Liverpool s\u2019appr\u00eate-t-il \u00e0 quitter le club cet \u00e9t\u00e9 ?\" \/>\n<meta property=\"og:description\" content=\"Joel Matip se pr\u00e9parerait \u00e0 quitter Liverpool cet \u00e9t\u00e9, les \u00e9quipes de Serie A exprimant leur int\u00e9r\u00eat \u00e0 obtenir ses services avant la saison 2024-25.\" \/>\n<meta property=\"og:url\" content=\"https:\/\/footdavant.fr\/actualites\/le-defenseur-de-longue-date-de-liverpool-sapprete-t-il-a-quitter-le-club-cet-ete\/\" \/>\n<meta property=\"og:site_name\" content=\"Foot d&#039;avant\" \/>\n<meta property=\"article:publisher\" content=\"https:\/\/www.facebook.com\/Footdavant\/\" \/>\n<meta property=\"article:published_time\" content=\"2024-04-27T04:48:19+00:00\" \/>\n<meta property=\"article:modified_time\" content=\"2024-04-27T04:48:21+00:00\" \/>\n<meta property=\"og:image\" content=\"https:\/\/footdavant.fr\/actualites\/wp-content\/uploads\/2024\/04\/Le-defenseur-de-longue-date-de-Liverpool-sapprete-t-il-a-quitter.jpg\" \/>\n\t<meta property=\"og:image:width\" content=\"640\" \/>\n\t<meta property=\"og:image:height\" content=\"480\" \/>\n\t<meta property=\"og:image:type\" content=\"image\/jpeg\" \/>\n<meta name=\"author\" content=\"Cl\u00e9ment\" \/>\n<meta name=\"twitter:card\" content=\"summary_large_image\" \/>\n<meta name=\"twitter:creator\" content=\"@FootdavantFr\" \/>\n<meta name=\"twitter:site\" content=\"@FootdavantFr\" \/>\n<meta name=\"twitter:label1\" content=\"\u00c9crit par\" \/>\n\t<meta name=\"twitter:data1\" content=\"Cl\u00e9ment\" \/>\n\t<meta name=\"twitter:label2\" content=\"Dur\u00e9e de lecture estim\u00e9e\" \/>\n\t<meta name=\"twitter:data2\" content=\"3 minutes\" \/>\n<script type=\"application\/ld+json\" class=\"yoast-schema-graph\">{\"@context\":\"https:\/\/schema.org\",\"@graph\":[{\"@type\":\"Article\",\"@id\":\"https:\/\/footdavant.fr\/actualites\/le-defenseur-de-longue-date-de-liverpool-sapprete-t-il-a-quitter-le-club-cet-ete\/#article\",\"isPartOf\":{\"@id\":\"https:\/\/footdavant.fr\/actualites\/le-defenseur-de-longue-date-de-liverpool-sapprete-t-il-a-quitter-le-club-cet-ete\/\"},\"author\":{\"name\":\"Cl\u00e9ment\",\"@id\":\"https:\/\/footdavant.fr\/actualites\/#\/schema\/person\/bc222566d95871b37e597b3ed3ba5e1d\"},\"headline\":\"Le d\u00e9fenseur de longue date de Liverpool s\u2019appr\u00eate-t-il \u00e0 quitter le club cet \u00e9t\u00e9 ?\",\"datePublished\":\"2024-04-27T04:48:19+00:00\",\"dateModified\":\"2024-04-27T04:48:21+00:00\",\"mainEntityOfPage\":{\"@id\":\"https:\/\/footdavant.fr\/actualites\/le-defenseur-de-longue-date-de-liverpool-sapprete-t-il-a-quitter-le-club-cet-ete\/\"},\"wordCount\":545,\"publisher\":{\"@id\":\"https:\/\/footdavant.fr\/actualites\/#organization\"},\"keywords\":[\"cet\",\"club\",\"date\",\"d\u00e9fenseur\",\"\u00e9t\u00e9\",\"Liverpool\",\"longue\",\"quitter\",\"sappr\u00eatetil\"],\"articleSection\":[\"Premier League\"],\"inLanguage\":\"fr-FR\"},{\"@type\":\"WebPage\",\"@id\":\"https:\/\/footdavant.fr\/actualites\/le-defenseur-de-longue-date-de-liverpool-sapprete-t-il-a-quitter-le-club-cet-ete\/\",\"url\":\"https:\/\/footdavant.fr\/actualites\/le-defenseur-de-longue-date-de-liverpool-sapprete-t-il-a-quitter-le-club-cet-ete\/\",\"name\":\"Le d\u00e9fenseur de longue date de Liverpool s\u2019appr\u00eate-t-il \u00e0 quitter le club cet \u00e9t\u00e9 ?\",\"isPartOf\":{\"@id\":\"https:\/\/footdavant.fr\/actualites\/#website\"},\"datePublished\":\"2024-04-27T04:48:19+00:00\",\"dateModified\":\"2024-04-27T04:48:21+00:00\",\"breadcrumb\":{\"@id\":\"https:\/\/footdavant.fr\/actualites\/le-defenseur-de-longue-date-de-liverpool-sapprete-t-il-a-quitter-le-club-cet-ete\/#breadcrumb\"},\"inLanguage\":\"fr-FR\",\"potentialAction\":[{\"@type\":\"ReadAction\",\"target\":[\"https:\/\/footdavant.fr\/actualites\/le-defenseur-de-longue-date-de-liverpool-sapprete-t-il-a-quitter-le-club-cet-ete\/\"]}]},{\"@type\":\"BreadcrumbList\",\"@id\":\"https:\/\/footdavant.fr\/actualites\/le-defenseur-de-longue-date-de-liverpool-sapprete-t-il-a-quitter-le-club-cet-ete\/#breadcrumb\",\"itemListElement\":[{\"@type\":\"ListItem\",\"position\":1,\"name\":\"Accueil\",\"item\":\"https:\/\/footdavant.fr\/actualites\/\"},{\"@type\":\"ListItem\",\"position\":2,\"name\":\"Le d\u00e9fenseur de longue date de Liverpool s\u2019appr\u00eate-t-il \u00e0 quitter le club cet \u00e9t\u00e9 ?\"}]},{\"@type\":\"WebSite\",\"@id\":\"https:\/\/footdavant.fr\/actualites\/#website\",\"url\":\"https:\/\/footdavant.fr\/actualites\/\",\"name\":\"Foot d'avant\",\"description\":\"\",\"publisher\":{\"@id\":\"https:\/\/footdavant.fr\/actualites\/#organization\"},\"potentialAction\":[{\"@type\":\"SearchAction\",\"target\":{\"@type\":\"EntryPoint\",\"urlTemplate\":\"https:\/\/footdavant.fr\/actualites\/?s={search_term_string}\"},\"query-input\":\"required name=search_term_string\"}],\"inLanguage\":\"fr-FR\"},{\"@type\":\"Organization\",\"@id\":\"https:\/\/footdavant.fr\/actualites\/#organization\",\"name\":\"Foot d'avant\",\"url\":\"https:\/\/footdavant.fr\/actualites\/\",\"logo\":{\"@type\":\"ImageObject\",\"inLanguage\":\"fr-FR\",\"@id\":\"https:\/\/footdavant.fr\/actualites\/#\/schema\/logo\/image\/\",\"url\":\"https:\/\/footdavant.fr\/actualites\/wp-content\/uploads\/2023\/09\/Copy-of-FootDavant-Logo.png\",\"contentUrl\":\"https:\/\/footdavant.fr\/actualites\/wp-content\/uploads\/2023\/09\/Copy-of-FootDavant-Logo.png\",\"width\":936,\"height\":549,\"caption\":\"Foot d'avant\"},\"image\":{\"@id\":\"https:\/\/footdavant.fr\/actualites\/#\/schema\/logo\/image\/\"},\"sameAs\":[\"https:\/\/www.facebook.com\/Footdavant\/\",\"https:\/\/twitter.com\/FootdavantFr\",\"https:\/\/www.instagram.com\/footdavant.fr\/\"]},{\"@type\":\"Person\",\"@id\":\"https:\/\/footdavant.fr\/actualites\/#\/schema\/person\/bc222566d95871b37e597b3ed3ba5e1d\",\"name\":\"Cl\u00e9ment\",\"image\":{\"@type\":\"ImageObject\",\"inLanguage\":\"fr-FR\",\"@id\":\"https:\/\/footdavant.fr\/actualites\/#\/schema\/person\/image\/\",\"url\":\"https:\/\/secure.gravatar.com\/avatar\/7728b29aac2719421e1a9159b2254c44?s=96&d=mm&r=g\",\"contentUrl\":\"https:\/\/secure.gravatar.com\/avatar\/7728b29aac2719421e1a9159b2254c44?s=96&d=mm&r=g\",\"caption\":\"Cl\u00e9ment\"},\"sameAs\":[\"https:\/\/footdavant.fr\/\"]}]}<\/script>\n<!-- \/ Yoast SEO plugin. -->","yoast_head_json":{"title":"Le d\u00e9fenseur de longue date de Liverpool s\u2019appr\u00eate-t-il \u00e0 quitter le club cet \u00e9t\u00e9 ?","robots":{"index":"index","follow":"follow","max-snippet":"max-snippet:-1","max-image-preview":"max-image-preview:large","max-video-preview":"max-video-preview:-1"},"canonical":"https:\/\/footdavant.fr\/actualites\/le-defenseur-de-longue-date-de-liverpool-sapprete-t-il-a-quitter-le-club-cet-ete\/","og_locale":"fr_FR","og_type":"article","og_title":"Le d\u00e9fenseur de longue date de Liverpool s\u2019appr\u00eate-t-il \u00e0 quitter le club cet \u00e9t\u00e9 ?","og_description":"Joel Matip se pr\u00e9parerait \u00e0 quitter Liverpool cet \u00e9t\u00e9, les \u00e9quipes de Serie A exprimant leur int\u00e9r\u00eat \u00e0 obtenir ses services avant la saison 2024-25.","og_url":"https:\/\/footdavant.fr\/actualites\/le-defenseur-de-longue-date-de-liverpool-sapprete-t-il-a-quitter-le-club-cet-ete\/","og_site_name":"Foot d&#039;avant","article_publisher":"https:\/\/www.facebook.com\/Footdavant\/","article_published_time":"2024-04-27T04:48:19+00:00","article_modified_time":"2024-04-27T04:48:21+00:00","og_image":[{"width":640,"height":480,"url":"https:\/\/footdavant.fr\/actualites\/wp-content\/uploads\/2024\/04\/Le-defenseur-de-longue-date-de-Liverpool-sapprete-t-il-a-quitter.jpg","type":"image\/jpeg"}],"author":"Cl\u00e9ment","twitter_card":"summary_large_image","twitter_creator":"@FootdavantFr","twitter_site":"@FootdavantFr","twitter_misc":{"\u00c9crit par":"Cl\u00e9ment","Dur\u00e9e de lecture estim\u00e9e":"3 minutes"},"schema":{"@context":"https:\/\/schema.org","@graph":[{"@type":"Article","@id":"https:\/\/footdavant.fr\/actualites\/le-defenseur-de-longue-date-de-liverpool-sapprete-t-il-a-quitter-le-club-cet-ete\/#article","isPartOf":{"@id":"https:\/\/footdavant.fr\/actualites\/le-defenseur-de-longue-date-de-liverpool-sapprete-t-il-a-quitter-le-club-cet-ete\/"},"author":{"name":"Cl\u00e9ment","@id":"https:\/\/footdavant.fr\/actualites\/#\/schema\/person\/bc222566d95871b37e597b3ed3ba5e1d"},"headline":"Le d\u00e9fenseur de longue date de Liverpool s\u2019appr\u00eate-t-il \u00e0 quitter le club cet \u00e9t\u00e9 ?","datePublished":"2024-04-27T04:48:19+00:00","dateModified":"2024-04-27T04:48:21+00:00","mainEntityOfPage":{"@id":"https:\/\/footdavant.fr\/actualites\/le-defenseur-de-longue-date-de-liverpool-sapprete-t-il-a-quitter-le-club-cet-ete\/"},"wordCount":545,"publisher":{"@id":"https:\/\/footdavant.fr\/actualites\/#organization"},"keywords":["cet","club","date","d\u00e9fenseur","\u00e9t\u00e9","Liverpool","longue","quitter","sappr\u00eatetil"],"articleSection":["Premier League"],"inLanguage":"fr-FR"},{"@type":"WebPage","@id":"https:\/\/footdavant.fr\/actualites\/le-defenseur-de-longue-date-de-liverpool-sapprete-t-il-a-quitter-le-club-cet-ete\/","url":"https:\/\/footdavant.fr\/actualites\/le-defenseur-de-longue-date-de-liverpool-sapprete-t-il-a-quitter-le-club-cet-ete\/","name":"Le d\u00e9fenseur de longue date de Liverpool s\u2019appr\u00eate-t-il \u00e0 quitter le club cet \u00e9t\u00e9 ?","isPartOf":{"@id":"https:\/\/footdavant.fr\/actualites\/#website"},"datePublished":"2024-04-27T04:48:19+00:00","dateModified":"2024-04-27T04:48:21+00:00","breadcrumb":{"@id":"https:\/\/footdavant.fr\/actualites\/le-defenseur-de-longue-date-de-liverpool-sapprete-t-il-a-quitter-le-club-cet-ete\/#breadcrumb"},"inLanguage":"fr-FR","potentialAction":[{"@type":"ReadAction","target":["https:\/\/footdavant.fr\/actualites\/le-defenseur-de-longue-date-de-liverpool-sapprete-t-il-a-quitter-le-club-cet-ete\/"]}]},{"@type":"BreadcrumbList","@id":"https:\/\/footdavant.fr\/actualites\/le-defenseur-de-longue-date-de-liverpool-sapprete-t-il-a-quitter-le-club-cet-ete\/#breadcrumb","itemListElement":[{"@type":"ListItem","position":1,"name":"Accueil","item":"https:\/\/footdavant.fr\/actualites\/"},{"@type":"ListItem","position":2,"name":"Le d\u00e9fenseur de longue date de Liverpool s\u2019appr\u00eate-t-il \u00e0 quitter le club cet \u00e9t\u00e9 ?"}]},{"@type":"WebSite","@id":"https:\/\/footdavant.fr\/actualites\/#website","url":"https:\/\/footdavant.fr\/actualites\/","name":"Foot d'avant","description":"","publisher":{"@id":"https:\/\/footdavant.fr\/actualites\/#organization"},"potentialAction":[{"@type":"SearchAction","target":{"@type":"EntryPoint","urlTemplate":"https:\/\/footdavant.fr\/actualites\/?s={search_term_string}"},"query-input":"required name=search_term_string"}],"inLanguage":"fr-FR"},{"@type":"Organization","@id":"https:\/\/footdavant.fr\/actualites\/#organization","name":"Foot d'avant","url":"https:\/\/footdavant.fr\/actualites\/","logo":{"@type":"ImageObject","inLanguage":"fr-FR","@id":"https:\/\/footdavant.fr\/actualites\/#\/schema\/logo\/image\/","url":"https:\/\/footdavant.fr\/actualites\/wp-content\/uploads\/2023\/09\/Copy-of-FootDavant-Logo.png","contentUrl":"https:\/\/footdavant.fr\/actualites\/wp-content\/uploads\/2023\/09\/Copy-of-FootDavant-Logo.png","width":936,"height":549,"caption":"Foot d'avant"},"image":{"@id":"https:\/\/footdavant.fr\/actualites\/#\/schema\/logo\/image\/"},"sameAs":["https:\/\/www.facebook.com\/Footdavant\/","https:\/\/twitter.com\/FootdavantFr","https:\/\/www.instagram.com\/footdavant.fr\/"]},{"@type":"Person","@id":"https:\/\/footdavant.fr\/actualites\/#\/schema\/person\/bc222566d95871b37e597b3ed3ba5e1d","name":"Cl\u00e9ment","image":{"@type":"ImageObject","inLanguage":"fr-FR","@id":"https:\/\/footdavant.fr\/actualites\/#\/schema\/person\/image\/","url":"https:\/\/secure.gravatar.com\/avatar\/7728b29aac2719421e1a9159b2254c44?s=96&d=mm&r=g","contentUrl":"https:\/\/secure.gravatar.com\/avatar\/7728b29aac2719421e1a9159b2254c44?s=96&d=mm&r=g","caption":"Cl\u00e9ment"},"sameAs":["https:\/\/footdavant.fr\/"]}]}},"_links":{"self":[{"href":"https:\/\/footdavant.fr\/actualites\/wp-json\/wp\/v2\/posts\/8031"}],"collection":[{"href":"https:\/\/footdavant.fr\/actualites\/wp-json\/wp\/v2\/posts"}],"about":[{"href":"https:\/\/footdavant.fr\/actualites\/wp-json\/wp\/v2\/types\/post"}],"author":[{"embeddable":true,"href":"https:\/\/footdavant.fr\/actualites\/wp-json\/wp\/v2\/users\/1"}],"replies":[{"embeddable":true,"href":"https:\/\/footdavant.fr\/actualites\/wp-json\/wp\/v2\/comments?post=8031"}],"version-history":[{"count":1,"href":"https:\/\/footdavant.fr\/actualites\/wp-json\/wp\/v2\/posts\/8031\/revisions"}],"predecessor-version":[{"id":8033,"href":"https:\/\/footdavant.fr\/actualites\/wp-json\/wp\/v2\/posts\/8031\/revisions\/8033"}],"wp:featuredmedia":[{"embeddable":true,"href":"https:\/\/footdavant.fr\/actualites\/wp-json\/wp\/v2\/media\/8032"}],"wp:attachment":[{"href":"https:\/\/footdavant.fr\/actualites\/wp-json\/wp\/v2\/media?parent=8031"}],"wp:term":[{"taxonomy":"category","embeddable":true,"href":"https:\/\/footdavant.fr\/actualites\/wp-json\/wp\/v2\/categories?post=8031"},{"taxonomy":"post_tag","embeddable":true,"href":"https:\/\/footdavant.fr\/actualites\/wp-json\/wp\/v2\/tags?post=8031"}],"curies":[{"name":"wp","href":"https:\/\/api.w.org\/{rel}","templated":true}]}}