{"id":806,"date":"2023-11-12T14:50:11","date_gmt":"2023-11-12T13:50:11","guid":{"rendered":"https:\/\/footdavant.fr\/actualites\/neil-jones-reagit-a-la-decision-remarquable-de-klopp-pour-liverpool-contre-brentford\/"},"modified":"2023-11-12T14:50:12","modified_gmt":"2023-11-12T13:50:12","slug":"neil-jones-reagit-a-la-decision-remarquable-de-klopp-pour-liverpool-contre-brentford","status":"publish","type":"post","link":"https:\/\/footdavant.fr\/actualites\/neil-jones-reagit-a-la-decision-remarquable-de-klopp-pour-liverpool-contre-brentford\/","title":{"rendered":"Neil Jones r\u00e9agit \u00e0 la d\u00e9cision \u00ab remarquable \u00bb de Klopp pour Liverpool contre Brentford"},"content":{"rendered":"<p><\/p>\n<div id=\"article-body\">\n<!-- Article Start --><\/p>\n<p>L\u2019actualit\u00e9 marquante de l\u2019\u00e9quipe de Liverpool avant leur affrontement en Premier League contre Brentford dimanche apr\u00e8s-midi tournait autour de l\u2019un des rempla\u00e7ants plut\u00f4t que de n\u2019importe qui dans le onze de d\u00e9part.<\/p>\n<p>Avec des blessures et des suspensions excluant plusieurs joueurs, un certain nombre de jeunes sont pr\u00e9sents sur le banc, comme Luke Chambers, Calum Scanlon, Ben Doak et James McConnell.<\/p>\n<p>Trey Nyoni, 16 ans, qui a rejoint l&rsquo;acad\u00e9mie de Leicester au cours de l&rsquo;\u00e9t\u00e9 et qui a fait des vagues chez les mineurs pour les Reds, prend \u00e9galement sa place parmi les neuf rempla\u00e7ants.<\/p>\n<p>R\u00e9agir aux nouvelles de l&rsquo;\u00e9quipe sur <a rel=\"nofollow\" href=\"https:\/\/twitter.com\/neiljonesgoal\/status\/1723687746525434225\">X<\/a> tout en partageant un pr\u00e9c\u00e9dent article sur l&rsquo;adolescent, le journaliste Neil Jones a post\u00e9 : <\/p>\n<blockquote class=\"twitter-lazy tweet-qt lazyload\" data-width=\"500\" data-dnt=\"true\">\n<p lang=\"en\" dir=\"ltr\">Trey Nyoni, 16 ans, sur le banc de Liverpool aujourd&rsquo;hui.  Un d\u00e9but de carri\u00e8re assez remarquable pour le milieu de terrain anglais U17 des Reds. <\/p>\n<p>J&rsquo;ai \u00e9crit ceci \u00e0 son sujet il y a quelques mois.  Je n&rsquo;aurais jamais imagin\u00e9 le voir dans une \u00e9quipe de Premier League si t\u00f4t\u2026<a rel=\"nofollow\" href=\"https:\/\/twitter.com\/hashtag\/LFC?src=hash&amp;ref_src=twsrc%5Etfw\">#LFC<\/a> https:\/\/t.co\/ZAfubywNDj<\/p>\n<p>\u2013 Neil Jones (@neiljonesgoal) <a rel=\"nofollow\" href=\"https:\/\/twitter.com\/neiljonesgoal\/status\/1723687746525434225?ref_src=twsrc%5Etfw\">12 novembre 2023<\/a><\/p>\n<\/blockquote>\n<\/p>\n<p>Les fans de Liverpool qui surveillent de pr\u00e8s la fortune des \u00e9quipes de l\u2019acad\u00e9mie seront d\u00e9j\u00e0 conscients de l\u2019impression que fait Nyoni \u00e0 ce niveau.<\/p>\n<p>Il a r\u00e9ussi un tripl\u00e9 lors d&rsquo;une victoire amicale de pr\u00e9-saison 10-0 contre Southend et a marqu\u00e9 une demi-vol\u00e9e sensationnelle lors d&rsquo;une d\u00e9faite compl\u00e8te contre Sunderland, alors qu&rsquo;il jouait pour les moins de 21 ans plus t\u00f4t cette semaine alors qu&rsquo;ils \u00e9taient battus par Barrow. premi\u00e8re \u00e9quipe.<\/p>\n<p>Il s&rsquo;est d\u00e9j\u00e0 entra\u00een\u00e9 avec l&rsquo;\u00e9quipe senior de Jurgen Klopp, et m\u00eame en tenant compte de la vague d&rsquo;absences forc\u00e9es aujourd&rsquo;hui, c&rsquo;est toujours une \u00e9norme d\u00e9monstration de foi de la part du manager d&rsquo;inclure le joueur de 16 ans parmi les rempla\u00e7ants pour un match de Premier League.<\/p>\n<p>Il est tr\u00e8s peu probable que Nyoni soit appel\u00e9 cet apr\u00e8s-midi, mais sa simple inclusion dans l&rsquo;\u00e9quipe de la journ\u00e9e est un signe certain que sa star est fermement dans l&rsquo;ascendant alors qu&rsquo;il fait un pas de plus vers d&rsquo;\u00e9ventuels d\u00e9buts en \u00e9quipe premi\u00e8re pour Liverpool.<\/p>\n<\/p>\n<p><span class=\"embed-youtube\" style=\"text-align:center; display: block;\"><\/span><\/p>\n<\/p>\n<p><!-- Article End -->\t\t\t\t<\/div>\n<p><script async src=\"https:\/\/platform.twitter.com\/widgets.js\" charset=\"utf-8\"><\/script><\/p>\n","protected":false},"excerpt":{"rendered":"<p>L\u2019actualit\u00e9 marquante de l\u2019\u00e9quipe de Liverpool avant leur affrontement en Premier League contre Brentford dimanche apr\u00e8s-midi tournait autour de l\u2019un des rempla\u00e7ants plut\u00f4t que de<\/p>\n","protected":false},"author":1,"featured_media":807,"comment_status":"closed","ping_status":"","sticky":false,"template":"","format":"standard","meta":{"footnotes":""},"categories":[3],"tags":[52,20,497,968,238,53,967,51,969,970],"yoast_head":"<!-- This site is optimized with the Yoast SEO plugin v21.0 - https:\/\/yoast.com\/wordpress\/plugins\/seo\/ -->\n<title>Neil Jones r\u00e9agit \u00e0 la d\u00e9cision \u00ab remarquable \u00bb de Klopp pour Liverpool contre Brentford<\/title>\n<meta name=\"robots\" content=\"index, follow, max-snippet:-1, max-image-preview:large, max-video-preview:-1\" \/>\n<link rel=\"canonical\" href=\"https:\/\/footdavant.fr\/actualites\/neil-jones-reagit-a-la-decision-remarquable-de-klopp-pour-liverpool-contre-brentford\/\" \/>\n<meta property=\"og:locale\" content=\"fr_FR\" \/>\n<meta property=\"og:type\" content=\"article\" \/>\n<meta property=\"og:title\" content=\"Neil Jones r\u00e9agit \u00e0 la d\u00e9cision \u00ab remarquable \u00bb de Klopp pour Liverpool contre Brentford\" \/>\n<meta property=\"og:description\" content=\"L\u2019actualit\u00e9 marquante de l\u2019\u00e9quipe de Liverpool avant leur affrontement en Premier League contre Brentford dimanche apr\u00e8s-midi tournait autour de l\u2019un des rempla\u00e7ants plut\u00f4t que de\" \/>\n<meta property=\"og:url\" content=\"https:\/\/footdavant.fr\/actualites\/neil-jones-reagit-a-la-decision-remarquable-de-klopp-pour-liverpool-contre-brentford\/\" \/>\n<meta property=\"og:site_name\" content=\"Foot d&#039;avant\" \/>\n<meta property=\"article:publisher\" content=\"https:\/\/www.facebook.com\/Footdavant\/\" \/>\n<meta property=\"article:published_time\" content=\"2023-11-12T13:50:11+00:00\" \/>\n<meta property=\"article:modified_time\" content=\"2023-11-12T13:50:12+00:00\" \/>\n<meta property=\"og:image\" content=\"https:\/\/footdavant.fr\/actualites\/wp-content\/uploads\/2023\/11\/Neil-Jones-reagit-a-la-decision-remarquable-de.jpg\" \/>\n\t<meta property=\"og:image:width\" content=\"1265\" \/>\n\t<meta property=\"og:image:height\" content=\"837\" \/>\n\t<meta property=\"og:image:type\" content=\"image\/jpeg\" \/>\n<meta name=\"author\" content=\"Cl\u00e9ment\" \/>\n<meta name=\"twitter:card\" content=\"summary_large_image\" \/>\n<meta name=\"twitter:creator\" content=\"@FootdavantFr\" \/>\n<meta name=\"twitter:site\" content=\"@FootdavantFr\" \/>\n<meta name=\"twitter:label1\" content=\"\u00c9crit par\" \/>\n\t<meta name=\"twitter:data1\" content=\"Cl\u00e9ment\" \/>\n\t<meta name=\"twitter:label2\" content=\"Dur\u00e9e de lecture estim\u00e9e\" \/>\n\t<meta name=\"twitter:data2\" content=\"2 minutes\" \/>\n<script type=\"application\/ld+json\" class=\"yoast-schema-graph\">{\"@context\":\"https:\/\/schema.org\",\"@graph\":[{\"@type\":\"Article\",\"@id\":\"https:\/\/footdavant.fr\/actualites\/neil-jones-reagit-a-la-decision-remarquable-de-klopp-pour-liverpool-contre-brentford\/#article\",\"isPartOf\":{\"@id\":\"https:\/\/footdavant.fr\/actualites\/neil-jones-reagit-a-la-decision-remarquable-de-klopp-pour-liverpool-contre-brentford\/\"},\"author\":{\"name\":\"Cl\u00e9ment\",\"@id\":\"https:\/\/footdavant.fr\/actualites\/#\/schema\/person\/bc222566d95871b37e597b3ed3ba5e1d\"},\"headline\":\"Neil Jones r\u00e9agit \u00e0 la d\u00e9cision \u00ab remarquable \u00bb de Klopp pour Liverpool contre Brentford\",\"datePublished\":\"2023-11-12T13:50:11+00:00\",\"dateModified\":\"2023-11-12T13:50:12+00:00\",\"mainEntityOfPage\":{\"@id\":\"https:\/\/footdavant.fr\/actualites\/neil-jones-reagit-a-la-decision-remarquable-de-klopp-pour-liverpool-contre-brentford\/\"},\"wordCount\":394,\"publisher\":{\"@id\":\"https:\/\/footdavant.fr\/actualites\/#organization\"},\"keywords\":[\"Brentford\",\"contre\",\"d\u00e9cision\",\"Jones\",\"Klopp\",\"Liverpool\",\"Neil\",\"pour\",\"r\u00e9agit\",\"remarquable\"],\"articleSection\":[\"Football\"],\"inLanguage\":\"fr-FR\"},{\"@type\":\"WebPage\",\"@id\":\"https:\/\/footdavant.fr\/actualites\/neil-jones-reagit-a-la-decision-remarquable-de-klopp-pour-liverpool-contre-brentford\/\",\"url\":\"https:\/\/footdavant.fr\/actualites\/neil-jones-reagit-a-la-decision-remarquable-de-klopp-pour-liverpool-contre-brentford\/\",\"name\":\"Neil Jones r\u00e9agit \u00e0 la d\u00e9cision \u00ab remarquable \u00bb de Klopp pour Liverpool contre Brentford\",\"isPartOf\":{\"@id\":\"https:\/\/footdavant.fr\/actualites\/#website\"},\"datePublished\":\"2023-11-12T13:50:11+00:00\",\"dateModified\":\"2023-11-12T13:50:12+00:00\",\"breadcrumb\":{\"@id\":\"https:\/\/footdavant.fr\/actualites\/neil-jones-reagit-a-la-decision-remarquable-de-klopp-pour-liverpool-contre-brentford\/#breadcrumb\"},\"inLanguage\":\"fr-FR\",\"potentialAction\":[{\"@type\":\"ReadAction\",\"target\":[\"https:\/\/footdavant.fr\/actualites\/neil-jones-reagit-a-la-decision-remarquable-de-klopp-pour-liverpool-contre-brentford\/\"]}]},{\"@type\":\"BreadcrumbList\",\"@id\":\"https:\/\/footdavant.fr\/actualites\/neil-jones-reagit-a-la-decision-remarquable-de-klopp-pour-liverpool-contre-brentford\/#breadcrumb\",\"itemListElement\":[{\"@type\":\"ListItem\",\"position\":1,\"name\":\"Accueil\",\"item\":\"https:\/\/footdavant.fr\/actualites\/\"},{\"@type\":\"ListItem\",\"position\":2,\"name\":\"Neil Jones r\u00e9agit \u00e0 la d\u00e9cision \u00ab remarquable \u00bb de Klopp pour Liverpool contre Brentford\"}]},{\"@type\":\"WebSite\",\"@id\":\"https:\/\/footdavant.fr\/actualites\/#website\",\"url\":\"https:\/\/footdavant.fr\/actualites\/\",\"name\":\"Foot d'avant\",\"description\":\"\",\"publisher\":{\"@id\":\"https:\/\/footdavant.fr\/actualites\/#organization\"},\"potentialAction\":[{\"@type\":\"SearchAction\",\"target\":{\"@type\":\"EntryPoint\",\"urlTemplate\":\"https:\/\/footdavant.fr\/actualites\/?s={search_term_string}\"},\"query-input\":\"required name=search_term_string\"}],\"inLanguage\":\"fr-FR\"},{\"@type\":\"Organization\",\"@id\":\"https:\/\/footdavant.fr\/actualites\/#organization\",\"name\":\"Foot d'avant\",\"url\":\"https:\/\/footdavant.fr\/actualites\/\",\"logo\":{\"@type\":\"ImageObject\",\"inLanguage\":\"fr-FR\",\"@id\":\"https:\/\/footdavant.fr\/actualites\/#\/schema\/logo\/image\/\",\"url\":\"https:\/\/footdavant.fr\/actualites\/wp-content\/uploads\/2023\/09\/Copy-of-FootDavant-Logo.png\",\"contentUrl\":\"https:\/\/footdavant.fr\/actualites\/wp-content\/uploads\/2023\/09\/Copy-of-FootDavant-Logo.png\",\"width\":936,\"height\":549,\"caption\":\"Foot d'avant\"},\"image\":{\"@id\":\"https:\/\/footdavant.fr\/actualites\/#\/schema\/logo\/image\/\"},\"sameAs\":[\"https:\/\/www.facebook.com\/Footdavant\/\",\"https:\/\/twitter.com\/FootdavantFr\",\"https:\/\/www.instagram.com\/footdavant.fr\/\"]},{\"@type\":\"Person\",\"@id\":\"https:\/\/footdavant.fr\/actualites\/#\/schema\/person\/bc222566d95871b37e597b3ed3ba5e1d\",\"name\":\"Cl\u00e9ment\",\"image\":{\"@type\":\"ImageObject\",\"inLanguage\":\"fr-FR\",\"@id\":\"https:\/\/footdavant.fr\/actualites\/#\/schema\/person\/image\/\",\"url\":\"https:\/\/secure.gravatar.com\/avatar\/7728b29aac2719421e1a9159b2254c44?s=96&d=mm&r=g\",\"contentUrl\":\"https:\/\/secure.gravatar.com\/avatar\/7728b29aac2719421e1a9159b2254c44?s=96&d=mm&r=g\",\"caption\":\"Cl\u00e9ment\"},\"sameAs\":[\"https:\/\/footdavant.fr\/\"]}]}<\/script>\n<!-- \/ Yoast SEO plugin. -->","yoast_head_json":{"title":"Neil Jones r\u00e9agit \u00e0 la d\u00e9cision \u00ab remarquable \u00bb de Klopp pour Liverpool contre Brentford","robots":{"index":"index","follow":"follow","max-snippet":"max-snippet:-1","max-image-preview":"max-image-preview:large","max-video-preview":"max-video-preview:-1"},"canonical":"https:\/\/footdavant.fr\/actualites\/neil-jones-reagit-a-la-decision-remarquable-de-klopp-pour-liverpool-contre-brentford\/","og_locale":"fr_FR","og_type":"article","og_title":"Neil Jones r\u00e9agit \u00e0 la d\u00e9cision \u00ab remarquable \u00bb de Klopp pour Liverpool contre Brentford","og_description":"L\u2019actualit\u00e9 marquante de l\u2019\u00e9quipe de Liverpool avant leur affrontement en Premier League contre Brentford dimanche apr\u00e8s-midi tournait autour de l\u2019un des rempla\u00e7ants plut\u00f4t que de","og_url":"https:\/\/footdavant.fr\/actualites\/neil-jones-reagit-a-la-decision-remarquable-de-klopp-pour-liverpool-contre-brentford\/","og_site_name":"Foot d&#039;avant","article_publisher":"https:\/\/www.facebook.com\/Footdavant\/","article_published_time":"2023-11-12T13:50:11+00:00","article_modified_time":"2023-11-12T13:50:12+00:00","og_image":[{"width":1265,"height":837,"url":"https:\/\/footdavant.fr\/actualites\/wp-content\/uploads\/2023\/11\/Neil-Jones-reagit-a-la-decision-remarquable-de.jpg","type":"image\/jpeg"}],"author":"Cl\u00e9ment","twitter_card":"summary_large_image","twitter_creator":"@FootdavantFr","twitter_site":"@FootdavantFr","twitter_misc":{"\u00c9crit par":"Cl\u00e9ment","Dur\u00e9e de lecture estim\u00e9e":"2 minutes"},"schema":{"@context":"https:\/\/schema.org","@graph":[{"@type":"Article","@id":"https:\/\/footdavant.fr\/actualites\/neil-jones-reagit-a-la-decision-remarquable-de-klopp-pour-liverpool-contre-brentford\/#article","isPartOf":{"@id":"https:\/\/footdavant.fr\/actualites\/neil-jones-reagit-a-la-decision-remarquable-de-klopp-pour-liverpool-contre-brentford\/"},"author":{"name":"Cl\u00e9ment","@id":"https:\/\/footdavant.fr\/actualites\/#\/schema\/person\/bc222566d95871b37e597b3ed3ba5e1d"},"headline":"Neil Jones r\u00e9agit \u00e0 la d\u00e9cision \u00ab remarquable \u00bb de Klopp pour Liverpool contre Brentford","datePublished":"2023-11-12T13:50:11+00:00","dateModified":"2023-11-12T13:50:12+00:00","mainEntityOfPage":{"@id":"https:\/\/footdavant.fr\/actualites\/neil-jones-reagit-a-la-decision-remarquable-de-klopp-pour-liverpool-contre-brentford\/"},"wordCount":394,"publisher":{"@id":"https:\/\/footdavant.fr\/actualites\/#organization"},"keywords":["Brentford","contre","d\u00e9cision","Jones","Klopp","Liverpool","Neil","pour","r\u00e9agit","remarquable"],"articleSection":["Football"],"inLanguage":"fr-FR"},{"@type":"WebPage","@id":"https:\/\/footdavant.fr\/actualites\/neil-jones-reagit-a-la-decision-remarquable-de-klopp-pour-liverpool-contre-brentford\/","url":"https:\/\/footdavant.fr\/actualites\/neil-jones-reagit-a-la-decision-remarquable-de-klopp-pour-liverpool-contre-brentford\/","name":"Neil Jones r\u00e9agit \u00e0 la d\u00e9cision \u00ab remarquable \u00bb de Klopp pour Liverpool contre Brentford","isPartOf":{"@id":"https:\/\/footdavant.fr\/actualites\/#website"},"datePublished":"2023-11-12T13:50:11+00:00","dateModified":"2023-11-12T13:50:12+00:00","breadcrumb":{"@id":"https:\/\/footdavant.fr\/actualites\/neil-jones-reagit-a-la-decision-remarquable-de-klopp-pour-liverpool-contre-brentford\/#breadcrumb"},"inLanguage":"fr-FR","potentialAction":[{"@type":"ReadAction","target":["https:\/\/footdavant.fr\/actualites\/neil-jones-reagit-a-la-decision-remarquable-de-klopp-pour-liverpool-contre-brentford\/"]}]},{"@type":"BreadcrumbList","@id":"https:\/\/footdavant.fr\/actualites\/neil-jones-reagit-a-la-decision-remarquable-de-klopp-pour-liverpool-contre-brentford\/#breadcrumb","itemListElement":[{"@type":"ListItem","position":1,"name":"Accueil","item":"https:\/\/footdavant.fr\/actualites\/"},{"@type":"ListItem","position":2,"name":"Neil Jones r\u00e9agit \u00e0 la d\u00e9cision \u00ab remarquable \u00bb de Klopp pour Liverpool contre Brentford"}]},{"@type":"WebSite","@id":"https:\/\/footdavant.fr\/actualites\/#website","url":"https:\/\/footdavant.fr\/actualites\/","name":"Foot d'avant","description":"","publisher":{"@id":"https:\/\/footdavant.fr\/actualites\/#organization"},"potentialAction":[{"@type":"SearchAction","target":{"@type":"EntryPoint","urlTemplate":"https:\/\/footdavant.fr\/actualites\/?s={search_term_string}"},"query-input":"required name=search_term_string"}],"inLanguage":"fr-FR"},{"@type":"Organization","@id":"https:\/\/footdavant.fr\/actualites\/#organization","name":"Foot d'avant","url":"https:\/\/footdavant.fr\/actualites\/","logo":{"@type":"ImageObject","inLanguage":"fr-FR","@id":"https:\/\/footdavant.fr\/actualites\/#\/schema\/logo\/image\/","url":"https:\/\/footdavant.fr\/actualites\/wp-content\/uploads\/2023\/09\/Copy-of-FootDavant-Logo.png","contentUrl":"https:\/\/footdavant.fr\/actualites\/wp-content\/uploads\/2023\/09\/Copy-of-FootDavant-Logo.png","width":936,"height":549,"caption":"Foot d'avant"},"image":{"@id":"https:\/\/footdavant.fr\/actualites\/#\/schema\/logo\/image\/"},"sameAs":["https:\/\/www.facebook.com\/Footdavant\/","https:\/\/twitter.com\/FootdavantFr","https:\/\/www.instagram.com\/footdavant.fr\/"]},{"@type":"Person","@id":"https:\/\/footdavant.fr\/actualites\/#\/schema\/person\/bc222566d95871b37e597b3ed3ba5e1d","name":"Cl\u00e9ment","image":{"@type":"ImageObject","inLanguage":"fr-FR","@id":"https:\/\/footdavant.fr\/actualites\/#\/schema\/person\/image\/","url":"https:\/\/secure.gravatar.com\/avatar\/7728b29aac2719421e1a9159b2254c44?s=96&d=mm&r=g","contentUrl":"https:\/\/secure.gravatar.com\/avatar\/7728b29aac2719421e1a9159b2254c44?s=96&d=mm&r=g","caption":"Cl\u00e9ment"},"sameAs":["https:\/\/footdavant.fr\/"]}]}},"_links":{"self":[{"href":"https:\/\/footdavant.fr\/actualites\/wp-json\/wp\/v2\/posts\/806"}],"collection":[{"href":"https:\/\/footdavant.fr\/actualites\/wp-json\/wp\/v2\/posts"}],"about":[{"href":"https:\/\/footdavant.fr\/actualites\/wp-json\/wp\/v2\/types\/post"}],"author":[{"embeddable":true,"href":"https:\/\/footdavant.fr\/actualites\/wp-json\/wp\/v2\/users\/1"}],"replies":[{"embeddable":true,"href":"https:\/\/footdavant.fr\/actualites\/wp-json\/wp\/v2\/comments?post=806"}],"version-history":[{"count":1,"href":"https:\/\/footdavant.fr\/actualites\/wp-json\/wp\/v2\/posts\/806\/revisions"}],"predecessor-version":[{"id":808,"href":"https:\/\/footdavant.fr\/actualites\/wp-json\/wp\/v2\/posts\/806\/revisions\/808"}],"wp:featuredmedia":[{"embeddable":true,"href":"https:\/\/footdavant.fr\/actualites\/wp-json\/wp\/v2\/media\/807"}],"wp:attachment":[{"href":"https:\/\/footdavant.fr\/actualites\/wp-json\/wp\/v2\/media?parent=806"}],"wp:term":[{"taxonomy":"category","embeddable":true,"href":"https:\/\/footdavant.fr\/actualites\/wp-json\/wp\/v2\/categories?post=806"},{"taxonomy":"post_tag","embeddable":true,"href":"https:\/\/footdavant.fr\/actualites\/wp-json\/wp\/v2\/tags?post=806"}],"curies":[{"name":"wp","href":"https:\/\/api.w.org\/{rel}","templated":true}]}}