{"id":824,"date":"2023-11-12T21:48:08","date_gmt":"2023-11-12T20:48:08","guid":{"rendered":"https:\/\/footdavant.fr\/actualites\/rashford-et-lindelof-de-retour-dans-lequipe-de-man-united-pour-le-match-de-copenhague\/"},"modified":"2023-11-12T21:48:09","modified_gmt":"2023-11-12T20:48:09","slug":"rashford-et-lindelof-de-retour-dans-lequipe-de-man-united-pour-le-match-de-copenhague","status":"publish","type":"post","link":"https:\/\/footdavant.fr\/actualites\/rashford-et-lindelof-de-retour-dans-lequipe-de-man-united-pour-le-match-de-copenhague\/","title":{"rendered":"Rashford et Lindelof de retour dans l&rsquo;\u00e9quipe de Man United pour le match de Copenhague"},"content":{"rendered":"<p>Marcus Rashford et Victor Lindelof reviennent dans l&rsquo;\u00e9quipe de Manchester United pour le choc de la Ligue des champions mercredi contre Copenhague.<\/p>\n<div id=\"article_body\" itemprop=\"articleBody\">\n<h3 class=\"firstPara\">\n<strong class=\"autotag\">Marcus Rashford<\/strong> et <strong class=\"autotag\">Victor Lindelof<\/strong> sont tous deux retourn\u00e9s au <strong class=\"autotag\">Manchester United<\/strong> \u00e9quipe pour mercredi <strong class=\"autotag\">Ligue des champions<\/strong> entrer en conflit avec <strong class=\"autotag\">Copenhague<\/strong> au Danemark.<\/h3>\n<p>Les Red Devils \u00e9taient priv\u00e9s des services de Rashford contre Fulham samedi apr\u00e8s-midi en raison d&rsquo;un coup \u00e0 la jambe que l&rsquo;attaquant a subi \u00e0 l&rsquo;entra\u00eenement vers la fin de la semaine derni\u00e8re.<\/p>\n<p>Lindelof, quant \u00e0 lui, \u00e9tait absent pour cause de maladie lors de la victoire 1-0 de son \u00e9quipe \u00e0 Craven Cottage.<\/p>\n<p>Le duo \u00e9tait cependant de retour \u00e0 l&rsquo;entra\u00eenement mardi matin et il a maintenant \u00e9t\u00e9 confirm\u00e9 qu&rsquo;ils ont fait le d\u00e9placement au Danemark pour le rendez-vous europ\u00e9en cl\u00e9.<\/p>\n<p class=\"imgI\">\n<p><strong class=\"autotag\">Harry Maguire<\/strong> et <strong class=\"autotag\">Jonny Evans<\/strong> impressionn\u00e9 au milieu de la d\u00e9fense de Man United contre Fulham samedi, avec <strong class=\"autotag\">Rapha\u00ebl Varane<\/strong> entrant sur le terrain en tant que rempla\u00e7ant tardif.<\/p>\n<p>L&rsquo;entra\u00eeneur-chef <strong class=\"autotag\">Erik Ten Hag<\/strong> doit maintenant d\u00e9cider s&rsquo;il faut garder confiance en Maguire et Evans, faire venir Varane ou nommer le retour de Lindelof dans son XI.<\/p>\n<p>Le retour de Rashford, quant \u00e0 lui, mettra la pression sur <strong class=\"autotag\">Alexandre Garnacho<\/strong>qui \u00e9tait l&rsquo;un des joueurs les plus brillants de Man United lors de leur affrontement contre Fulham la derni\u00e8re fois.<\/p>\n<p><strong class=\"autotag\">Casemiro<\/strong>, <strong class=\"autotag\">Lisandro Martinez<\/strong>, <strong class=\"autotag\">Luc Shaw<\/strong>, <strong class=\"autotag\">Tyrell Malacia<\/strong> et <strong class=\"autotag\">Amad Diallo<\/strong> sont tous absents en raison de blessures, tandis que <strong class=\"autotag\">Kobbie Mainoo<\/strong> n&rsquo;a pas \u00e9t\u00e9 inclus dans l&rsquo;\u00e9quipe.<\/p>\n<p class=\"imgI\"><img decoding=\"async\" loading=\"lazy\" class=\"l\" src=\"https:\/\/footdavant.fr\/actualites\/wp-content\/uploads\/2023\/11\/Rashford-et-Lindelof-de-retour-dans-lequipe-de-Man-United.JPG\" title=\"Le milieu de terrain de Manchester United Kobbie Mainoo le 22 juillet 2023\" alt=\"Le milieu de terrain de Manchester United Kobbie Mainoo le 22 juillet 2023\" width=\"640\" height=\"480\"><\/p>\n<p>Mainoo n&rsquo;a pas encore jou\u00e9 cette saison en raison d&rsquo;une blessure \u00e0 la cheville qu&rsquo;il s&rsquo;est contract\u00e9e pendant la pr\u00e9-saison, et il a \u00e9t\u00e9 d\u00e9cid\u00e9 que l&rsquo;adolescent resterait avec les moins de 19 ans pour leur match d&rsquo;UEFA Youth League contre Copenhague.<\/p>\n<p><strong class=\"autotag\">Omari Forson<\/strong> fait le voyage, tout comme <strong class=\"autotag\">Facundo Pellistri<\/strong>qui a impressionn\u00e9 en sortie de banc contre Fulham, jouant un r\u00f4le important dans le seul but du match de Man United.<\/p>\n<p><strong class=\"autotag\">Antoine<\/strong> n&rsquo;a pas encore enregistr\u00e9 de but ou de passe d\u00e9cisive cette saison, et Ten Hag doit d\u00e9cider s&rsquo;il doit garder confiance en l&rsquo;international br\u00e9silien en ce qui concerne une position de titulaire.<\/p>\n<p><strong class=\"autotag\">Aaron Wan-Bissaka<\/strong> a particip\u00e9 aux deux derniers matches de l&rsquo;\u00e9quipe apr\u00e8s s&rsquo;\u00eatre remis d&rsquo;un probl\u00e8me aux ischio-jambiers, et il est en passe de faire sa premi\u00e8re apparition en Ligue des champions de la campagne.<\/p>\n<p><strong>Effectif complet de Manchester United contre Copenhague<\/strong>:<\/p>\n<p>Onana, Bayindir, Heaton\u00a0;  Dalot, Evans, Lindelof, Maguire, Reguilon, Varane, Wan-Bissaka ;  Amrabat, Eriksen, Fernandes, Hannibal, McTominay, Mount;  Garnacho, Antony, Forson, Hojlund, Martial, Pellistri, Rashford<\/p>\n<\/div>\n","protected":false},"excerpt":{"rendered":"<p>Marcus Rashford et Victor Lindelof reviennent dans l&rsquo;\u00e9quipe de Manchester United pour le choc de la Ligue des champions mercredi contre Copenhague. Marcus Rashford et<\/p>\n","protected":false},"author":1,"featured_media":825,"comment_status":"closed","ping_status":"","sticky":false,"template":"","format":"standard","meta":{"footnotes":""},"categories":[4],"tags":[198,19,9,984,24,257,51,423,393,13],"yoast_head":"<!-- This site is optimized with the Yoast SEO plugin v21.0 - https:\/\/yoast.com\/wordpress\/plugins\/seo\/ -->\n<title>Rashford et Lindelof de retour dans l&#039;\u00e9quipe de Man United pour le match de Copenhague<\/title>\n<meta name=\"robots\" content=\"index, follow, max-snippet:-1, max-image-preview:large, max-video-preview:-1\" \/>\n<link rel=\"canonical\" href=\"https:\/\/footdavant.fr\/actualites\/rashford-et-lindelof-de-retour-dans-lequipe-de-man-united-pour-le-match-de-copenhague\/\" \/>\n<meta property=\"og:locale\" content=\"fr_FR\" \/>\n<meta property=\"og:type\" content=\"article\" \/>\n<meta property=\"og:title\" content=\"Rashford et Lindelof de retour dans l&#039;\u00e9quipe de Man United pour le match de Copenhague\" \/>\n<meta property=\"og:description\" content=\"Marcus Rashford et Victor Lindelof reviennent dans l&rsquo;\u00e9quipe de Manchester United pour le choc de la Ligue des champions mercredi contre Copenhague. Marcus Rashford et\" \/>\n<meta property=\"og:url\" content=\"https:\/\/footdavant.fr\/actualites\/rashford-et-lindelof-de-retour-dans-lequipe-de-man-united-pour-le-match-de-copenhague\/\" \/>\n<meta property=\"og:site_name\" content=\"Foot d&#039;avant\" \/>\n<meta property=\"article:publisher\" content=\"https:\/\/www.facebook.com\/Footdavant\/\" \/>\n<meta property=\"article:published_time\" content=\"2023-11-12T20:48:08+00:00\" \/>\n<meta property=\"article:modified_time\" content=\"2023-11-12T20:48:09+00:00\" \/>\n<meta property=\"og:image\" content=\"https:\/\/footdavant.fr\/actualites\/wp-content\/uploads\/2023\/11\/Rashford-et-Lindelof-de-retour-dans-lequipe-de-Man-United.jpg\" \/>\n\t<meta property=\"og:image:width\" content=\"640\" \/>\n\t<meta property=\"og:image:height\" content=\"480\" \/>\n\t<meta property=\"og:image:type\" content=\"image\/jpeg\" \/>\n<meta name=\"author\" content=\"Cl\u00e9ment\" \/>\n<meta name=\"twitter:card\" content=\"summary_large_image\" \/>\n<meta name=\"twitter:creator\" content=\"@FootdavantFr\" \/>\n<meta name=\"twitter:site\" content=\"@FootdavantFr\" \/>\n<meta name=\"twitter:label1\" content=\"\u00c9crit par\" \/>\n\t<meta name=\"twitter:data1\" content=\"Cl\u00e9ment\" \/>\n\t<meta name=\"twitter:label2\" content=\"Dur\u00e9e de lecture estim\u00e9e\" \/>\n\t<meta name=\"twitter:data2\" content=\"2 minutes\" \/>\n<script type=\"application\/ld+json\" class=\"yoast-schema-graph\">{\"@context\":\"https:\/\/schema.org\",\"@graph\":[{\"@type\":\"Article\",\"@id\":\"https:\/\/footdavant.fr\/actualites\/rashford-et-lindelof-de-retour-dans-lequipe-de-man-united-pour-le-match-de-copenhague\/#article\",\"isPartOf\":{\"@id\":\"https:\/\/footdavant.fr\/actualites\/rashford-et-lindelof-de-retour-dans-lequipe-de-man-united-pour-le-match-de-copenhague\/\"},\"author\":{\"name\":\"Cl\u00e9ment\",\"@id\":\"https:\/\/footdavant.fr\/actualites\/#\/schema\/person\/bc222566d95871b37e597b3ed3ba5e1d\"},\"headline\":\"Rashford et Lindelof de retour dans l&rsquo;\u00e9quipe de Man United pour le match de Copenhague\",\"datePublished\":\"2023-11-12T20:48:08+00:00\",\"dateModified\":\"2023-11-12T20:48:09+00:00\",\"mainEntityOfPage\":{\"@id\":\"https:\/\/footdavant.fr\/actualites\/rashford-et-lindelof-de-retour-dans-lequipe-de-man-united-pour-le-match-de-copenhague\/\"},\"wordCount\":449,\"publisher\":{\"@id\":\"https:\/\/footdavant.fr\/actualites\/#organization\"},\"keywords\":[\"Copenhague\",\"dans\",\"l\u00e9quipe\",\"Lindelof\",\"Man\",\"match\",\"pour\",\"Rashford\",\"retour\",\"United\"],\"articleSection\":[\"Champions League\"],\"inLanguage\":\"fr-FR\"},{\"@type\":\"WebPage\",\"@id\":\"https:\/\/footdavant.fr\/actualites\/rashford-et-lindelof-de-retour-dans-lequipe-de-man-united-pour-le-match-de-copenhague\/\",\"url\":\"https:\/\/footdavant.fr\/actualites\/rashford-et-lindelof-de-retour-dans-lequipe-de-man-united-pour-le-match-de-copenhague\/\",\"name\":\"Rashford et Lindelof de retour dans l'\u00e9quipe de Man United pour le match de Copenhague\",\"isPartOf\":{\"@id\":\"https:\/\/footdavant.fr\/actualites\/#website\"},\"datePublished\":\"2023-11-12T20:48:08+00:00\",\"dateModified\":\"2023-11-12T20:48:09+00:00\",\"breadcrumb\":{\"@id\":\"https:\/\/footdavant.fr\/actualites\/rashford-et-lindelof-de-retour-dans-lequipe-de-man-united-pour-le-match-de-copenhague\/#breadcrumb\"},\"inLanguage\":\"fr-FR\",\"potentialAction\":[{\"@type\":\"ReadAction\",\"target\":[\"https:\/\/footdavant.fr\/actualites\/rashford-et-lindelof-de-retour-dans-lequipe-de-man-united-pour-le-match-de-copenhague\/\"]}]},{\"@type\":\"BreadcrumbList\",\"@id\":\"https:\/\/footdavant.fr\/actualites\/rashford-et-lindelof-de-retour-dans-lequipe-de-man-united-pour-le-match-de-copenhague\/#breadcrumb\",\"itemListElement\":[{\"@type\":\"ListItem\",\"position\":1,\"name\":\"Accueil\",\"item\":\"https:\/\/footdavant.fr\/actualites\/\"},{\"@type\":\"ListItem\",\"position\":2,\"name\":\"Rashford et Lindelof de retour dans l&rsquo;\u00e9quipe de Man United pour le match de Copenhague\"}]},{\"@type\":\"WebSite\",\"@id\":\"https:\/\/footdavant.fr\/actualites\/#website\",\"url\":\"https:\/\/footdavant.fr\/actualites\/\",\"name\":\"Foot d'avant\",\"description\":\"\",\"publisher\":{\"@id\":\"https:\/\/footdavant.fr\/actualites\/#organization\"},\"potentialAction\":[{\"@type\":\"SearchAction\",\"target\":{\"@type\":\"EntryPoint\",\"urlTemplate\":\"https:\/\/footdavant.fr\/actualites\/?s={search_term_string}\"},\"query-input\":\"required name=search_term_string\"}],\"inLanguage\":\"fr-FR\"},{\"@type\":\"Organization\",\"@id\":\"https:\/\/footdavant.fr\/actualites\/#organization\",\"name\":\"Foot d'avant\",\"url\":\"https:\/\/footdavant.fr\/actualites\/\",\"logo\":{\"@type\":\"ImageObject\",\"inLanguage\":\"fr-FR\",\"@id\":\"https:\/\/footdavant.fr\/actualites\/#\/schema\/logo\/image\/\",\"url\":\"https:\/\/footdavant.fr\/actualites\/wp-content\/uploads\/2023\/09\/Copy-of-FootDavant-Logo.png\",\"contentUrl\":\"https:\/\/footdavant.fr\/actualites\/wp-content\/uploads\/2023\/09\/Copy-of-FootDavant-Logo.png\",\"width\":936,\"height\":549,\"caption\":\"Foot d'avant\"},\"image\":{\"@id\":\"https:\/\/footdavant.fr\/actualites\/#\/schema\/logo\/image\/\"},\"sameAs\":[\"https:\/\/www.facebook.com\/Footdavant\/\",\"https:\/\/twitter.com\/FootdavantFr\",\"https:\/\/www.instagram.com\/footdavant.fr\/\"]},{\"@type\":\"Person\",\"@id\":\"https:\/\/footdavant.fr\/actualites\/#\/schema\/person\/bc222566d95871b37e597b3ed3ba5e1d\",\"name\":\"Cl\u00e9ment\",\"image\":{\"@type\":\"ImageObject\",\"inLanguage\":\"fr-FR\",\"@id\":\"https:\/\/footdavant.fr\/actualites\/#\/schema\/person\/image\/\",\"url\":\"https:\/\/secure.gravatar.com\/avatar\/7728b29aac2719421e1a9159b2254c44?s=96&d=mm&r=g\",\"contentUrl\":\"https:\/\/secure.gravatar.com\/avatar\/7728b29aac2719421e1a9159b2254c44?s=96&d=mm&r=g\",\"caption\":\"Cl\u00e9ment\"},\"sameAs\":[\"https:\/\/footdavant.fr\/\"]}]}<\/script>\n<!-- \/ Yoast SEO plugin. -->","yoast_head_json":{"title":"Rashford et Lindelof de retour dans l'\u00e9quipe de Man United pour le match de Copenhague","robots":{"index":"index","follow":"follow","max-snippet":"max-snippet:-1","max-image-preview":"max-image-preview:large","max-video-preview":"max-video-preview:-1"},"canonical":"https:\/\/footdavant.fr\/actualites\/rashford-et-lindelof-de-retour-dans-lequipe-de-man-united-pour-le-match-de-copenhague\/","og_locale":"fr_FR","og_type":"article","og_title":"Rashford et Lindelof de retour dans l'\u00e9quipe de Man United pour le match de Copenhague","og_description":"Marcus Rashford et Victor Lindelof reviennent dans l&rsquo;\u00e9quipe de Manchester United pour le choc de la Ligue des champions mercredi contre Copenhague. Marcus Rashford et","og_url":"https:\/\/footdavant.fr\/actualites\/rashford-et-lindelof-de-retour-dans-lequipe-de-man-united-pour-le-match-de-copenhague\/","og_site_name":"Foot d&#039;avant","article_publisher":"https:\/\/www.facebook.com\/Footdavant\/","article_published_time":"2023-11-12T20:48:08+00:00","article_modified_time":"2023-11-12T20:48:09+00:00","og_image":[{"width":640,"height":480,"url":"https:\/\/footdavant.fr\/actualites\/wp-content\/uploads\/2023\/11\/Rashford-et-Lindelof-de-retour-dans-lequipe-de-Man-United.jpg","type":"image\/jpeg"}],"author":"Cl\u00e9ment","twitter_card":"summary_large_image","twitter_creator":"@FootdavantFr","twitter_site":"@FootdavantFr","twitter_misc":{"\u00c9crit par":"Cl\u00e9ment","Dur\u00e9e de lecture estim\u00e9e":"2 minutes"},"schema":{"@context":"https:\/\/schema.org","@graph":[{"@type":"Article","@id":"https:\/\/footdavant.fr\/actualites\/rashford-et-lindelof-de-retour-dans-lequipe-de-man-united-pour-le-match-de-copenhague\/#article","isPartOf":{"@id":"https:\/\/footdavant.fr\/actualites\/rashford-et-lindelof-de-retour-dans-lequipe-de-man-united-pour-le-match-de-copenhague\/"},"author":{"name":"Cl\u00e9ment","@id":"https:\/\/footdavant.fr\/actualites\/#\/schema\/person\/bc222566d95871b37e597b3ed3ba5e1d"},"headline":"Rashford et Lindelof de retour dans l&rsquo;\u00e9quipe de Man United pour le match de Copenhague","datePublished":"2023-11-12T20:48:08+00:00","dateModified":"2023-11-12T20:48:09+00:00","mainEntityOfPage":{"@id":"https:\/\/footdavant.fr\/actualites\/rashford-et-lindelof-de-retour-dans-lequipe-de-man-united-pour-le-match-de-copenhague\/"},"wordCount":449,"publisher":{"@id":"https:\/\/footdavant.fr\/actualites\/#organization"},"keywords":["Copenhague","dans","l\u00e9quipe","Lindelof","Man","match","pour","Rashford","retour","United"],"articleSection":["Champions League"],"inLanguage":"fr-FR"},{"@type":"WebPage","@id":"https:\/\/footdavant.fr\/actualites\/rashford-et-lindelof-de-retour-dans-lequipe-de-man-united-pour-le-match-de-copenhague\/","url":"https:\/\/footdavant.fr\/actualites\/rashford-et-lindelof-de-retour-dans-lequipe-de-man-united-pour-le-match-de-copenhague\/","name":"Rashford et Lindelof de retour dans l'\u00e9quipe de Man United pour le match de Copenhague","isPartOf":{"@id":"https:\/\/footdavant.fr\/actualites\/#website"},"datePublished":"2023-11-12T20:48:08+00:00","dateModified":"2023-11-12T20:48:09+00:00","breadcrumb":{"@id":"https:\/\/footdavant.fr\/actualites\/rashford-et-lindelof-de-retour-dans-lequipe-de-man-united-pour-le-match-de-copenhague\/#breadcrumb"},"inLanguage":"fr-FR","potentialAction":[{"@type":"ReadAction","target":["https:\/\/footdavant.fr\/actualites\/rashford-et-lindelof-de-retour-dans-lequipe-de-man-united-pour-le-match-de-copenhague\/"]}]},{"@type":"BreadcrumbList","@id":"https:\/\/footdavant.fr\/actualites\/rashford-et-lindelof-de-retour-dans-lequipe-de-man-united-pour-le-match-de-copenhague\/#breadcrumb","itemListElement":[{"@type":"ListItem","position":1,"name":"Accueil","item":"https:\/\/footdavant.fr\/actualites\/"},{"@type":"ListItem","position":2,"name":"Rashford et Lindelof de retour dans l&rsquo;\u00e9quipe de Man United pour le match de Copenhague"}]},{"@type":"WebSite","@id":"https:\/\/footdavant.fr\/actualites\/#website","url":"https:\/\/footdavant.fr\/actualites\/","name":"Foot d'avant","description":"","publisher":{"@id":"https:\/\/footdavant.fr\/actualites\/#organization"},"potentialAction":[{"@type":"SearchAction","target":{"@type":"EntryPoint","urlTemplate":"https:\/\/footdavant.fr\/actualites\/?s={search_term_string}"},"query-input":"required name=search_term_string"}],"inLanguage":"fr-FR"},{"@type":"Organization","@id":"https:\/\/footdavant.fr\/actualites\/#organization","name":"Foot d'avant","url":"https:\/\/footdavant.fr\/actualites\/","logo":{"@type":"ImageObject","inLanguage":"fr-FR","@id":"https:\/\/footdavant.fr\/actualites\/#\/schema\/logo\/image\/","url":"https:\/\/footdavant.fr\/actualites\/wp-content\/uploads\/2023\/09\/Copy-of-FootDavant-Logo.png","contentUrl":"https:\/\/footdavant.fr\/actualites\/wp-content\/uploads\/2023\/09\/Copy-of-FootDavant-Logo.png","width":936,"height":549,"caption":"Foot d'avant"},"image":{"@id":"https:\/\/footdavant.fr\/actualites\/#\/schema\/logo\/image\/"},"sameAs":["https:\/\/www.facebook.com\/Footdavant\/","https:\/\/twitter.com\/FootdavantFr","https:\/\/www.instagram.com\/footdavant.fr\/"]},{"@type":"Person","@id":"https:\/\/footdavant.fr\/actualites\/#\/schema\/person\/bc222566d95871b37e597b3ed3ba5e1d","name":"Cl\u00e9ment","image":{"@type":"ImageObject","inLanguage":"fr-FR","@id":"https:\/\/footdavant.fr\/actualites\/#\/schema\/person\/image\/","url":"https:\/\/secure.gravatar.com\/avatar\/7728b29aac2719421e1a9159b2254c44?s=96&d=mm&r=g","contentUrl":"https:\/\/secure.gravatar.com\/avatar\/7728b29aac2719421e1a9159b2254c44?s=96&d=mm&r=g","caption":"Cl\u00e9ment"},"sameAs":["https:\/\/footdavant.fr\/"]}]}},"_links":{"self":[{"href":"https:\/\/footdavant.fr\/actualites\/wp-json\/wp\/v2\/posts\/824"}],"collection":[{"href":"https:\/\/footdavant.fr\/actualites\/wp-json\/wp\/v2\/posts"}],"about":[{"href":"https:\/\/footdavant.fr\/actualites\/wp-json\/wp\/v2\/types\/post"}],"author":[{"embeddable":true,"href":"https:\/\/footdavant.fr\/actualites\/wp-json\/wp\/v2\/users\/1"}],"replies":[{"embeddable":true,"href":"https:\/\/footdavant.fr\/actualites\/wp-json\/wp\/v2\/comments?post=824"}],"version-history":[{"count":1,"href":"https:\/\/footdavant.fr\/actualites\/wp-json\/wp\/v2\/posts\/824\/revisions"}],"predecessor-version":[{"id":826,"href":"https:\/\/footdavant.fr\/actualites\/wp-json\/wp\/v2\/posts\/824\/revisions\/826"}],"wp:featuredmedia":[{"embeddable":true,"href":"https:\/\/footdavant.fr\/actualites\/wp-json\/wp\/v2\/media\/825"}],"wp:attachment":[{"href":"https:\/\/footdavant.fr\/actualites\/wp-json\/wp\/v2\/media?parent=824"}],"wp:term":[{"taxonomy":"category","embeddable":true,"href":"https:\/\/footdavant.fr\/actualites\/wp-json\/wp\/v2\/categories?post=824"},{"taxonomy":"post_tag","embeddable":true,"href":"https:\/\/footdavant.fr\/actualites\/wp-json\/wp\/v2\/tags?post=824"}],"curies":[{"name":"wp","href":"https:\/\/api.w.org\/{rel}","templated":true}]}}