{"id":8260,"date":"2024-05-02T22:48:46","date_gmt":"2024-05-02T20:48:46","guid":{"rendered":"https:\/\/footdavant.fr\/actualites\/arsenal-va-t-il-vendre-son-trio-local-pour-financer-le-transfert-de-bruno-guimaraes\/"},"modified":"2024-05-02T22:48:47","modified_gmt":"2024-05-02T20:48:47","slug":"arsenal-va-t-il-vendre-son-trio-local-pour-financer-le-transfert-de-bruno-guimaraes","status":"publish","type":"post","link":"https:\/\/footdavant.fr\/actualites\/arsenal-va-t-il-vendre-son-trio-local-pour-financer-le-transfert-de-bruno-guimaraes\/","title":{"rendered":"Arsenal va-t-il vendre son trio local pour financer le transfert de Bruno Guimaraes ?"},"content":{"rendered":"<p>Arsenal pourrait vendre trois de ses joueurs locaux pour financer le transfert de Bruno Guimaraes de Newcastle United cet \u00e9t\u00e9.<\/p>\n<div id=\"article_body\" itemprop=\"articleBody\">\n<h3 class=\"firstPara\">\n<strong class=\"autotag\">Arsenal<\/strong> pourrait laisser trois de leurs produits acad\u00e9miques quitter le club cet \u00e9t\u00e9 afin de collecter des fonds pour leur poursuite de <strong class=\"autotag\">Newcastle United<\/strong>c&#39;est <strong class=\"autotag\">Bruno Guimaraes<\/strong>.<\/h3>\n<p>Apr\u00e8s avoir jou\u00e9 lors de la campagne r\u00e9ussie des Magpies pour la qualification en Ligue des champions la saison derni\u00e8re, Guimaraes a renforc\u00e9 ses r\u00e9f\u00e9rences en tant que l&#39;un des meilleurs milieux de terrain polyvalents de Premier League en 2023-24.<\/p>\n<p>L&#39;ancien Lyonnais a inscrit cinq buts et huit passes d\u00e9cisives en 46 matches toutes comp\u00e9titions confondues, mais <strong class=\"autotag\">Eddie Howe<\/strong>L&#39;\u00e9quipe de Madrid a \u00e9t\u00e9 \u00e9limin\u00e9e de la Ligue des Champions d\u00e8s la phase de groupes et ne sera pas non plus pr\u00e9sente lors de l&#39;\u00e9dition 2024-25.<\/p>\n<p>Les Magpies ne sont pas non plus assur\u00e9s d&#39;une place en Europe la saison prochaine, puisqu&#39;ils occupent actuellement la septi\u00e8me position &#8211; ce qui serait suffisant pour la Ligue Europa Conf\u00e9rence &#8211; mais West Ham United et Chelsea sont sur leur piste.<\/p>\n<p>Guimaraes, qui aurait \u00e9t\u00e9 furieux de l&#39;\u00e9chec de Newcastle \u00e0 se qualifier pour les huiti\u00e8mes de finale de la Ligue des champions, a \u00e9t\u00e9 pressenti pour quitter St James&#39; Park pendant la fen\u00eatre d&#39;\u00e9t\u00e9, bien que les Magpies soient prot\u00e9g\u00e9s par sa clause lib\u00e9ratoire de 100 millions de livres sterling, qui expire. le 30 juin.<\/p>\n<p class=\"imgI\">\n<h2>\n<strong class=\"autotag\">\u00c9mile Smith Rowe<\/strong> parmi les joueurs qui pourraient \u00eatre vendus ?<\/h2>\n<p>Reste \u00e0 savoir si une partie int\u00e9ress\u00e9e d\u00e9clenchera son option \u00e0 neuf chiffres avant cette date, mais l&#39;ensemble d&#39;Arsenal, du Paris Saint-Germain, de Barcelone et de Manchester United serait int\u00e9ress\u00e9 par un coup de filet.<\/p>\n<p>Selon <em>Initi\u00e9 au football<\/em>Arsenal serait pr\u00eat \u00e0 laisser tout Emile Smith Rowe, <strong class=\"autotag\">Reiss Nelson<\/strong> et <strong class=\"autotag\">Eddie Nketiah<\/strong> quitter le club cet \u00e9t\u00e9 afin d&#39;augmenter leurs fonds pour Guimaraes, malgr\u00e9 leurs statuts locaux tr\u00e8s convoit\u00e9s.<\/p>\n<p>Nketiah n&#39;a obtenu un nouveau contrat qu&#39;en 2022, tandis que Nelson a prolong\u00e9 ses mandats aussi r\u00e9cemment que l&#39;\u00e9t\u00e9 dernier, mais les deux produits de l&#39;acad\u00e9mie n&#39;ont jou\u00e9 que des r\u00f4les p\u00e9riph\u00e9riques sous <strong class=\"autotag\">Mikel Arteta<\/strong> cette saison.<\/p>\n<p>De plus, Smith Rowe, en proie \u00e0 des blessures, n&#39;a pas r\u00e9ussi \u00e0 retrouver sa forme de la saison 2021-22 et n&#39;a effectu\u00e9 que trois d\u00e9parts en Premier League au cours de la campagne en cours, ce qui laisse pr\u00e9sager sa sortie imminente.<\/p>\n<p>Le rapport ajoute qu&#39;Arsenal n&#39;aurait aucun scrupule \u00e0 d\u00e9clencher la clause lib\u00e9ratoire de Guimaraes, mais ils doivent se d\u00e9barrasser de leur trio local d&#39;ici le 30 juin afin d&#39;\u00e9viter toute violation des r\u00e8gles de profit et de durabilit\u00e9.<\/p>\n<h2>Comment s\u2019annonce le milieu de terrain d\u2019Arsenal pour 2024-25 ?<\/h2>\n<p class=\"imgI\"><img decoding=\"async\" loading=\"lazy\" class=\"l\" src=\"https:\/\/footdavant.fr\/actualites\/wp-content\/uploads\/2024\/05\/1714682926_492_Arsenal-va-t-il-vendre-son-trio-local-pour-financer-le-transfert.jpg\" title=\"Jorginho d&#39;Arsenal photographi\u00e9 le 4 novembre 2023\" alt=\"Jorginho d&#39;Arsenal photographi\u00e9 le 4 novembre 2023\" width=\"640\" height=\"480\"><\/p>\n<p>Si Arsenal remportait la course pour Guimaraes cet \u00e9t\u00e9, le pivot br\u00e9silien se classerait probablement \u00e0 la sixi\u00e8me place du triumvirat de milieu de terrain d&#39;Arteta, rejoignant <strong class=\"autotag\">Declan Riz<\/strong> et <strong class=\"autotag\">Martin Odegaard<\/strong> dans une formidable salle des machines.<\/p>\n<p>Guimaraes agissant en tant que milieu de terrain le plus profond permettrait \u00e0 Rice de continuer \u00e0 occuper la huiti\u00e8me position apr\u00e8s son succ\u00e8s plus loin cette saison, mais les Gunners pourraient perdre trois noms de milieu de terrain cet \u00e9t\u00e9.<\/p>\n<p>Outre Smith Rowe, li\u00e9 \u00e0 Aston Villa et West Ham United, le rarement vu <strong class=\"autotag\">Mohamed Elneny<\/strong> est en fin de contrat en juin et une prolongation est tr\u00e8s improbable.<\/p>\n<p><strong class=\"autotag\">Thomas Partey<\/strong>L&#39;accord d&#39;Arteta dure un peu plus de 12 mois et l&#39;international ghan\u00e9en a r\u00e9cemment r\u00e9int\u00e9gr\u00e9 la formation de d\u00e9part d&#39;Arteta, mais on ne peut pas lui faire confiance pour rester en forme et pourrait \u00eatre transf\u00e9r\u00e9 au bon prix.<\/p>\n<p>D&#39;autre part, <strong class=\"autotag\">Jorginho<\/strong> Les Gunners se seraient vu proposer une prolongation, et l&#39;ancien joueur de Chelsea &#8211; qui devrait devenir agent libre en juin &#8211; devrait prendre la plume.<\/p>\n<\/div>\n","protected":false},"excerpt":{"rendered":"<p>Arsenal pourrait vendre trois de ses joueurs locaux pour financer le transfert de Bruno Guimaraes de Newcastle United cet \u00e9t\u00e9. Arsenal pourrait laisser trois de<\/p>\n","protected":false},"author":1,"featured_media":8261,"comment_status":"closed","ping_status":"","sticky":false,"template":"","format":"standard","meta":{"footnotes":""},"categories":[5],"tags":[67,138,4597,2116,4828,51,86,700,845,952,2262],"yoast_head":"<!-- This site is optimized with the Yoast SEO plugin v21.0 - https:\/\/yoast.com\/wordpress\/plugins\/seo\/ -->\n<title>Arsenal va-t-il vendre son trio local pour financer le transfert de Bruno Guimaraes ?<\/title>\n<meta name=\"robots\" content=\"index, follow, max-snippet:-1, max-image-preview:large, max-video-preview:-1\" \/>\n<link rel=\"canonical\" href=\"https:\/\/footdavant.fr\/actualites\/arsenal-va-t-il-vendre-son-trio-local-pour-financer-le-transfert-de-bruno-guimaraes\/\" \/>\n<meta property=\"og:locale\" content=\"fr_FR\" \/>\n<meta property=\"og:type\" content=\"article\" \/>\n<meta property=\"og:title\" content=\"Arsenal va-t-il vendre son trio local pour financer le transfert de Bruno Guimaraes ?\" \/>\n<meta property=\"og:description\" content=\"Arsenal pourrait vendre trois de ses joueurs locaux pour financer le transfert de Bruno Guimaraes de Newcastle United cet \u00e9t\u00e9. Arsenal pourrait laisser trois de\" \/>\n<meta property=\"og:url\" content=\"https:\/\/footdavant.fr\/actualites\/arsenal-va-t-il-vendre-son-trio-local-pour-financer-le-transfert-de-bruno-guimaraes\/\" \/>\n<meta property=\"og:site_name\" content=\"Foot d&#039;avant\" \/>\n<meta property=\"article:publisher\" content=\"https:\/\/www.facebook.com\/Footdavant\/\" \/>\n<meta property=\"article:published_time\" content=\"2024-05-02T20:48:46+00:00\" \/>\n<meta property=\"article:modified_time\" content=\"2024-05-02T20:48:47+00:00\" \/>\n<meta property=\"og:image\" content=\"https:\/\/footdavant.fr\/actualites\/wp-content\/uploads\/2024\/05\/Arsenal-va-t-il-vendre-son-trio-local-pour-financer-le-transfert.jpg\" \/>\n\t<meta property=\"og:image:width\" content=\"640\" \/>\n\t<meta property=\"og:image:height\" content=\"480\" \/>\n\t<meta property=\"og:image:type\" content=\"image\/jpeg\" \/>\n<meta name=\"author\" content=\"Cl\u00e9ment\" \/>\n<meta name=\"twitter:card\" content=\"summary_large_image\" \/>\n<meta name=\"twitter:creator\" content=\"@FootdavantFr\" \/>\n<meta name=\"twitter:site\" content=\"@FootdavantFr\" \/>\n<meta name=\"twitter:label1\" content=\"\u00c9crit par\" \/>\n\t<meta name=\"twitter:data1\" content=\"Cl\u00e9ment\" \/>\n\t<meta name=\"twitter:label2\" content=\"Dur\u00e9e de lecture estim\u00e9e\" \/>\n\t<meta name=\"twitter:data2\" content=\"3 minutes\" \/>\n<script type=\"application\/ld+json\" class=\"yoast-schema-graph\">{\"@context\":\"https:\/\/schema.org\",\"@graph\":[{\"@type\":\"Article\",\"@id\":\"https:\/\/footdavant.fr\/actualites\/arsenal-va-t-il-vendre-son-trio-local-pour-financer-le-transfert-de-bruno-guimaraes\/#article\",\"isPartOf\":{\"@id\":\"https:\/\/footdavant.fr\/actualites\/arsenal-va-t-il-vendre-son-trio-local-pour-financer-le-transfert-de-bruno-guimaraes\/\"},\"author\":{\"name\":\"Cl\u00e9ment\",\"@id\":\"https:\/\/footdavant.fr\/actualites\/#\/schema\/person\/bc222566d95871b37e597b3ed3ba5e1d\"},\"headline\":\"Arsenal va-t-il vendre son trio local pour financer le transfert de Bruno Guimaraes ?\",\"datePublished\":\"2024-05-02T20:48:46+00:00\",\"dateModified\":\"2024-05-02T20:48:47+00:00\",\"mainEntityOfPage\":{\"@id\":\"https:\/\/footdavant.fr\/actualites\/arsenal-va-t-il-vendre-son-trio-local-pour-financer-le-transfert-de-bruno-guimaraes\/\"},\"wordCount\":689,\"publisher\":{\"@id\":\"https:\/\/footdavant.fr\/actualites\/#organization\"},\"keywords\":[\"Arsenal\",\"Bruno\",\"financer\",\"Guimaraes\",\"local\",\"pour\",\"son\",\"transfert\",\"trio\",\"vatil\",\"vendre\"],\"articleSection\":[\"Premier League\"],\"inLanguage\":\"fr-FR\"},{\"@type\":\"WebPage\",\"@id\":\"https:\/\/footdavant.fr\/actualites\/arsenal-va-t-il-vendre-son-trio-local-pour-financer-le-transfert-de-bruno-guimaraes\/\",\"url\":\"https:\/\/footdavant.fr\/actualites\/arsenal-va-t-il-vendre-son-trio-local-pour-financer-le-transfert-de-bruno-guimaraes\/\",\"name\":\"Arsenal va-t-il vendre son trio local pour financer le transfert de Bruno Guimaraes ?\",\"isPartOf\":{\"@id\":\"https:\/\/footdavant.fr\/actualites\/#website\"},\"datePublished\":\"2024-05-02T20:48:46+00:00\",\"dateModified\":\"2024-05-02T20:48:47+00:00\",\"breadcrumb\":{\"@id\":\"https:\/\/footdavant.fr\/actualites\/arsenal-va-t-il-vendre-son-trio-local-pour-financer-le-transfert-de-bruno-guimaraes\/#breadcrumb\"},\"inLanguage\":\"fr-FR\",\"potentialAction\":[{\"@type\":\"ReadAction\",\"target\":[\"https:\/\/footdavant.fr\/actualites\/arsenal-va-t-il-vendre-son-trio-local-pour-financer-le-transfert-de-bruno-guimaraes\/\"]}]},{\"@type\":\"BreadcrumbList\",\"@id\":\"https:\/\/footdavant.fr\/actualites\/arsenal-va-t-il-vendre-son-trio-local-pour-financer-le-transfert-de-bruno-guimaraes\/#breadcrumb\",\"itemListElement\":[{\"@type\":\"ListItem\",\"position\":1,\"name\":\"Accueil\",\"item\":\"https:\/\/footdavant.fr\/actualites\/\"},{\"@type\":\"ListItem\",\"position\":2,\"name\":\"Arsenal va-t-il vendre son trio local pour financer le transfert de Bruno Guimaraes ?\"}]},{\"@type\":\"WebSite\",\"@id\":\"https:\/\/footdavant.fr\/actualites\/#website\",\"url\":\"https:\/\/footdavant.fr\/actualites\/\",\"name\":\"Foot d'avant\",\"description\":\"\",\"publisher\":{\"@id\":\"https:\/\/footdavant.fr\/actualites\/#organization\"},\"potentialAction\":[{\"@type\":\"SearchAction\",\"target\":{\"@type\":\"EntryPoint\",\"urlTemplate\":\"https:\/\/footdavant.fr\/actualites\/?s={search_term_string}\"},\"query-input\":\"required name=search_term_string\"}],\"inLanguage\":\"fr-FR\"},{\"@type\":\"Organization\",\"@id\":\"https:\/\/footdavant.fr\/actualites\/#organization\",\"name\":\"Foot d'avant\",\"url\":\"https:\/\/footdavant.fr\/actualites\/\",\"logo\":{\"@type\":\"ImageObject\",\"inLanguage\":\"fr-FR\",\"@id\":\"https:\/\/footdavant.fr\/actualites\/#\/schema\/logo\/image\/\",\"url\":\"https:\/\/footdavant.fr\/actualites\/wp-content\/uploads\/2023\/09\/Copy-of-FootDavant-Logo.png\",\"contentUrl\":\"https:\/\/footdavant.fr\/actualites\/wp-content\/uploads\/2023\/09\/Copy-of-FootDavant-Logo.png\",\"width\":936,\"height\":549,\"caption\":\"Foot d'avant\"},\"image\":{\"@id\":\"https:\/\/footdavant.fr\/actualites\/#\/schema\/logo\/image\/\"},\"sameAs\":[\"https:\/\/www.facebook.com\/Footdavant\/\",\"https:\/\/twitter.com\/FootdavantFr\",\"https:\/\/www.instagram.com\/footdavant.fr\/\"]},{\"@type\":\"Person\",\"@id\":\"https:\/\/footdavant.fr\/actualites\/#\/schema\/person\/bc222566d95871b37e597b3ed3ba5e1d\",\"name\":\"Cl\u00e9ment\",\"image\":{\"@type\":\"ImageObject\",\"inLanguage\":\"fr-FR\",\"@id\":\"https:\/\/footdavant.fr\/actualites\/#\/schema\/person\/image\/\",\"url\":\"https:\/\/secure.gravatar.com\/avatar\/7728b29aac2719421e1a9159b2254c44?s=96&d=mm&r=g\",\"contentUrl\":\"https:\/\/secure.gravatar.com\/avatar\/7728b29aac2719421e1a9159b2254c44?s=96&d=mm&r=g\",\"caption\":\"Cl\u00e9ment\"},\"sameAs\":[\"https:\/\/footdavant.fr\/\"]}]}<\/script>\n<!-- \/ Yoast SEO plugin. -->","yoast_head_json":{"title":"Arsenal va-t-il vendre son trio local pour financer le transfert de Bruno Guimaraes ?","robots":{"index":"index","follow":"follow","max-snippet":"max-snippet:-1","max-image-preview":"max-image-preview:large","max-video-preview":"max-video-preview:-1"},"canonical":"https:\/\/footdavant.fr\/actualites\/arsenal-va-t-il-vendre-son-trio-local-pour-financer-le-transfert-de-bruno-guimaraes\/","og_locale":"fr_FR","og_type":"article","og_title":"Arsenal va-t-il vendre son trio local pour financer le transfert de Bruno Guimaraes ?","og_description":"Arsenal pourrait vendre trois de ses joueurs locaux pour financer le transfert de Bruno Guimaraes de Newcastle United cet \u00e9t\u00e9. Arsenal pourrait laisser trois de","og_url":"https:\/\/footdavant.fr\/actualites\/arsenal-va-t-il-vendre-son-trio-local-pour-financer-le-transfert-de-bruno-guimaraes\/","og_site_name":"Foot d&#039;avant","article_publisher":"https:\/\/www.facebook.com\/Footdavant\/","article_published_time":"2024-05-02T20:48:46+00:00","article_modified_time":"2024-05-02T20:48:47+00:00","og_image":[{"width":640,"height":480,"url":"https:\/\/footdavant.fr\/actualites\/wp-content\/uploads\/2024\/05\/Arsenal-va-t-il-vendre-son-trio-local-pour-financer-le-transfert.jpg","type":"image\/jpeg"}],"author":"Cl\u00e9ment","twitter_card":"summary_large_image","twitter_creator":"@FootdavantFr","twitter_site":"@FootdavantFr","twitter_misc":{"\u00c9crit par":"Cl\u00e9ment","Dur\u00e9e de lecture estim\u00e9e":"3 minutes"},"schema":{"@context":"https:\/\/schema.org","@graph":[{"@type":"Article","@id":"https:\/\/footdavant.fr\/actualites\/arsenal-va-t-il-vendre-son-trio-local-pour-financer-le-transfert-de-bruno-guimaraes\/#article","isPartOf":{"@id":"https:\/\/footdavant.fr\/actualites\/arsenal-va-t-il-vendre-son-trio-local-pour-financer-le-transfert-de-bruno-guimaraes\/"},"author":{"name":"Cl\u00e9ment","@id":"https:\/\/footdavant.fr\/actualites\/#\/schema\/person\/bc222566d95871b37e597b3ed3ba5e1d"},"headline":"Arsenal va-t-il vendre son trio local pour financer le transfert de Bruno Guimaraes ?","datePublished":"2024-05-02T20:48:46+00:00","dateModified":"2024-05-02T20:48:47+00:00","mainEntityOfPage":{"@id":"https:\/\/footdavant.fr\/actualites\/arsenal-va-t-il-vendre-son-trio-local-pour-financer-le-transfert-de-bruno-guimaraes\/"},"wordCount":689,"publisher":{"@id":"https:\/\/footdavant.fr\/actualites\/#organization"},"keywords":["Arsenal","Bruno","financer","Guimaraes","local","pour","son","transfert","trio","vatil","vendre"],"articleSection":["Premier League"],"inLanguage":"fr-FR"},{"@type":"WebPage","@id":"https:\/\/footdavant.fr\/actualites\/arsenal-va-t-il-vendre-son-trio-local-pour-financer-le-transfert-de-bruno-guimaraes\/","url":"https:\/\/footdavant.fr\/actualites\/arsenal-va-t-il-vendre-son-trio-local-pour-financer-le-transfert-de-bruno-guimaraes\/","name":"Arsenal va-t-il vendre son trio local pour financer le transfert de Bruno Guimaraes ?","isPartOf":{"@id":"https:\/\/footdavant.fr\/actualites\/#website"},"datePublished":"2024-05-02T20:48:46+00:00","dateModified":"2024-05-02T20:48:47+00:00","breadcrumb":{"@id":"https:\/\/footdavant.fr\/actualites\/arsenal-va-t-il-vendre-son-trio-local-pour-financer-le-transfert-de-bruno-guimaraes\/#breadcrumb"},"inLanguage":"fr-FR","potentialAction":[{"@type":"ReadAction","target":["https:\/\/footdavant.fr\/actualites\/arsenal-va-t-il-vendre-son-trio-local-pour-financer-le-transfert-de-bruno-guimaraes\/"]}]},{"@type":"BreadcrumbList","@id":"https:\/\/footdavant.fr\/actualites\/arsenal-va-t-il-vendre-son-trio-local-pour-financer-le-transfert-de-bruno-guimaraes\/#breadcrumb","itemListElement":[{"@type":"ListItem","position":1,"name":"Accueil","item":"https:\/\/footdavant.fr\/actualites\/"},{"@type":"ListItem","position":2,"name":"Arsenal va-t-il vendre son trio local pour financer le transfert de Bruno Guimaraes ?"}]},{"@type":"WebSite","@id":"https:\/\/footdavant.fr\/actualites\/#website","url":"https:\/\/footdavant.fr\/actualites\/","name":"Foot d'avant","description":"","publisher":{"@id":"https:\/\/footdavant.fr\/actualites\/#organization"},"potentialAction":[{"@type":"SearchAction","target":{"@type":"EntryPoint","urlTemplate":"https:\/\/footdavant.fr\/actualites\/?s={search_term_string}"},"query-input":"required name=search_term_string"}],"inLanguage":"fr-FR"},{"@type":"Organization","@id":"https:\/\/footdavant.fr\/actualites\/#organization","name":"Foot d'avant","url":"https:\/\/footdavant.fr\/actualites\/","logo":{"@type":"ImageObject","inLanguage":"fr-FR","@id":"https:\/\/footdavant.fr\/actualites\/#\/schema\/logo\/image\/","url":"https:\/\/footdavant.fr\/actualites\/wp-content\/uploads\/2023\/09\/Copy-of-FootDavant-Logo.png","contentUrl":"https:\/\/footdavant.fr\/actualites\/wp-content\/uploads\/2023\/09\/Copy-of-FootDavant-Logo.png","width":936,"height":549,"caption":"Foot d'avant"},"image":{"@id":"https:\/\/footdavant.fr\/actualites\/#\/schema\/logo\/image\/"},"sameAs":["https:\/\/www.facebook.com\/Footdavant\/","https:\/\/twitter.com\/FootdavantFr","https:\/\/www.instagram.com\/footdavant.fr\/"]},{"@type":"Person","@id":"https:\/\/footdavant.fr\/actualites\/#\/schema\/person\/bc222566d95871b37e597b3ed3ba5e1d","name":"Cl\u00e9ment","image":{"@type":"ImageObject","inLanguage":"fr-FR","@id":"https:\/\/footdavant.fr\/actualites\/#\/schema\/person\/image\/","url":"https:\/\/secure.gravatar.com\/avatar\/7728b29aac2719421e1a9159b2254c44?s=96&d=mm&r=g","contentUrl":"https:\/\/secure.gravatar.com\/avatar\/7728b29aac2719421e1a9159b2254c44?s=96&d=mm&r=g","caption":"Cl\u00e9ment"},"sameAs":["https:\/\/footdavant.fr\/"]}]}},"_links":{"self":[{"href":"https:\/\/footdavant.fr\/actualites\/wp-json\/wp\/v2\/posts\/8260"}],"collection":[{"href":"https:\/\/footdavant.fr\/actualites\/wp-json\/wp\/v2\/posts"}],"about":[{"href":"https:\/\/footdavant.fr\/actualites\/wp-json\/wp\/v2\/types\/post"}],"author":[{"embeddable":true,"href":"https:\/\/footdavant.fr\/actualites\/wp-json\/wp\/v2\/users\/1"}],"replies":[{"embeddable":true,"href":"https:\/\/footdavant.fr\/actualites\/wp-json\/wp\/v2\/comments?post=8260"}],"version-history":[{"count":1,"href":"https:\/\/footdavant.fr\/actualites\/wp-json\/wp\/v2\/posts\/8260\/revisions"}],"predecessor-version":[{"id":8262,"href":"https:\/\/footdavant.fr\/actualites\/wp-json\/wp\/v2\/posts\/8260\/revisions\/8262"}],"wp:featuredmedia":[{"embeddable":true,"href":"https:\/\/footdavant.fr\/actualites\/wp-json\/wp\/v2\/media\/8261"}],"wp:attachment":[{"href":"https:\/\/footdavant.fr\/actualites\/wp-json\/wp\/v2\/media?parent=8260"}],"wp:term":[{"taxonomy":"category","embeddable":true,"href":"https:\/\/footdavant.fr\/actualites\/wp-json\/wp\/v2\/categories?post=8260"},{"taxonomy":"post_tag","embeddable":true,"href":"https:\/\/footdavant.fr\/actualites\/wp-json\/wp\/v2\/tags?post=8260"}],"curies":[{"name":"wp","href":"https:\/\/api.w.org\/{rel}","templated":true}]}}