{"id":8618,"date":"2024-05-11T01:50:18","date_gmt":"2024-05-10T23:50:18","guid":{"rendered":"https:\/\/footdavant.fr\/actualites\/harry-kane-du-bayern-etablit-un-nouveau-record-en-ligue-des-champions\/"},"modified":"2024-05-11T01:50:19","modified_gmt":"2024-05-10T23:50:19","slug":"harry-kane-du-bayern-etablit-un-nouveau-record-en-ligue-des-champions","status":"publish","type":"post","link":"https:\/\/footdavant.fr\/actualites\/harry-kane-du-bayern-etablit-un-nouveau-record-en-ligue-des-champions\/","title":{"rendered":"Harry Kane du Bayern \u00e9tablit un nouveau record en Ligue des champions"},"content":{"rendered":"<p>Harry Kane a \u00e9tabli un nouveau record en Ligue des champions mercredi soir malgr\u00e9 la d\u00e9faite dramatique du Bayern Munich face au Real Madrid au Santiago Bernabeu.<\/p>\n<div id=\"article_body\" itemprop=\"articleBody\">\n<h3 class=\"firstPara\">\n<strong class=\"autotag\">Harry Kane<\/strong> d\u00e9finir un nouveau <strong class=\"autotag\">Ligue des champions<\/strong> record mercredi malgr\u00e9 <strong class=\"autotag\">Bayern Munich<\/strong> subir une d\u00e9faite dramatique face au Real Madrid.<\/h3>\n<p>La demi-finale entre les deux g\u00e9ants europ\u00e9ens \u00e9tait \u00e0 \u00e9galit\u00e9 \u00e0 2-2 au total avant le match retour au Santiago Bernabeu.<\/p>\n<p>Le Bayern tentait d&#39;organiser une finale avec son rival de Bundesliga, le Borussia Dortmund, qui a r\u00e9alis\u00e9 l&#39;un de ses meilleurs r\u00e9sultats continentaux de tous les temps en battant le Paris Saint-Germain mardi soir.<\/p>\n<p>\u00c0 la 88e minute, il semblait que le Bayern rejoindrait Dortmund en finale au stade de Wembley avec <strong class=\"autotag\">Alphonso Davies<\/strong> apr\u00e8s leur avoir donn\u00e9 l&#39;avantage avec une frappe doucement frapp\u00e9e au milieu de la seconde mi-temps.<\/p>\n<p class=\"imgI\">\n<h2 class=\"k3\">Le Bayern souffre du chagrin de la Ligue des Champions<\/h2>\n<p>Cependant, <strong class=\"autotag\">Thomas Tuchel<\/strong> et son \u00e9quipe souffrirait d&#39;un chagrin lors des phases finales alors que <strong class=\"autotag\">Joselu<\/strong>Le doubl\u00e9 tardif de a boulevers\u00e9 le match.<\/p>\n<p>Gardien de but <strong class=\"autotag\">Manuel Neuer<\/strong> a renvers\u00e9 un centre pour donner \u00e0 l&#39;attaquant une simple chance \u00e0 bout portant, avant que le v\u00e9t\u00e9ran ne soit sur place pour convertir un centre bas de <strong class=\"autotag\">Antonio R\u00fcdiger<\/strong>le but \u00e9tant donn\u00e9 via VAR.<\/p>\n<p>Il y a \u00e9galement eu une controverse dans les derni\u00e8res secondes lorsque l&#39;assistant a signal\u00e9 un hors-jeu quelques instants avant que le Bayern ne place le ballon dans les filets. <strong class=\"autotag\">Matthijs de Ligt<\/strong>.  C\u2019\u00e9tait un appel limite qui aurait oblig\u00e9 le VAR \u00e0 prendre une d\u00e9cision.<\/p>\n<p>En cons\u00e9quence, Kane terminera sa premi\u00e8re saison \u00e0 l\u2019Allianz Arena sans troph\u00e9e, apr\u00e8s son passage avec l\u2019ancien club de Tottenham Hotspur.<\/p>\n<p class=\"imgI\"><img decoding=\"async\" loading=\"lazy\" class=\"l\" src=\"https:\/\/footdavant.fr\/actualites\/wp-content\/uploads\/2024\/05\/1715385018_707_Harry-Kane-du-Bayern-etablit-un-nouveau-record-en-Ligue.jpg\" title=\"Alphonso Davies du Bayern Munich c\u00e9l\u00e8bre son premier but le 8 mai 2024\" alt=\"Alphonso Davies du Bayern Munich c\u00e9l\u00e8bre son premier but le 8 mai 2024\" width=\"640\" height=\"480\"><\/p>\n<h2 class=\"k3\">Quel record Kane a-t-il \u00e9tabli ?<\/h2>\n<p>Le seul point positif que le capitaine anglais a pu tirer de mercredi soir a \u00e9t\u00e9 d&#39;\u00e9tablir un record individuel de contributions \u00e0 des buts dans la comp\u00e9tition.<\/p>\n<p>Avec sa passe d\u00e9cisive pour le premier match de Davies, Kane a r\u00e9alis\u00e9 quatre passes d\u00e9cisives pour le tournoi 2023-24, s&#39;ajoutant \u00e0 ses huit frappes en 12 apparitions.<\/p>\n<p>Ce total combin\u00e9 de 12 buts est le record jamais enregistr\u00e9 par un Anglais dans une seule \u00e9dition de la Ligue des champions.<\/p>\n<p>Au total tout au long de sa carri\u00e8re, Kane compte d\u00e9sormais 29 buts et neuf passes d\u00e9cisives en 44 matches de Ligue des champions, tout en continuant de profiter d&#39;une incroyable campagne individuelle pour le Bayern.<\/p>\n<p>Kane a contribu\u00e9 avec 44 frappes et 12 passes d\u00e9cisives en 45 sorties toutes comp\u00e9titions confondues.  En comparaison, Robert Lewandowski n\u2019a connu que trois meilleures saisons \u2013 toutes entre 2019 et 2022 \u2013 lors de son passage l\u00e9gendaire au Bayern.<\/p>\n<p>Le Bayern termine la saison avec des matches contre Wolfsburg et Hoffenheim alors qu&#39;il tente de terminer \u00e0 la deuxi\u00e8me place du classement de la Bundesliga, l&#39;\u00e9cart actuel avec Stuttgart \u00e9tant de deux points.<\/p>\n<\/div>\n","protected":false},"excerpt":{"rendered":"<p>Harry Kane a \u00e9tabli un nouveau record en Ligue des champions mercredi soir malgr\u00e9 la d\u00e9faite dramatique du Bayern Munich face au Real Madrid au<\/p>\n","protected":false},"author":1,"featured_media":8619,"comment_status":"closed","ping_status":"","sticky":false,"template":"","format":"standard","meta":{"footnotes":""},"categories":[4],"tags":[340,31,12,2185,32,862,30,199,61],"yoast_head":"<!-- This site is optimized with the Yoast SEO plugin v21.0 - https:\/\/yoast.com\/wordpress\/plugins\/seo\/ -->\n<title>Harry Kane du Bayern \u00e9tablit un nouveau record en Ligue des champions<\/title>\n<meta name=\"robots\" content=\"index, follow, max-snippet:-1, max-image-preview:large, max-video-preview:-1\" \/>\n<link rel=\"canonical\" href=\"https:\/\/footdavant.fr\/actualites\/harry-kane-du-bayern-etablit-un-nouveau-record-en-ligue-des-champions\/\" \/>\n<meta property=\"og:locale\" content=\"fr_FR\" \/>\n<meta property=\"og:type\" content=\"article\" \/>\n<meta property=\"og:title\" content=\"Harry Kane du Bayern \u00e9tablit un nouveau record en Ligue des champions\" \/>\n<meta property=\"og:description\" content=\"Harry Kane a \u00e9tabli un nouveau record en Ligue des champions mercredi soir malgr\u00e9 la d\u00e9faite dramatique du Bayern Munich face au Real Madrid au\" \/>\n<meta property=\"og:url\" content=\"https:\/\/footdavant.fr\/actualites\/harry-kane-du-bayern-etablit-un-nouveau-record-en-ligue-des-champions\/\" \/>\n<meta property=\"og:site_name\" content=\"Foot d&#039;avant\" \/>\n<meta property=\"article:publisher\" content=\"https:\/\/www.facebook.com\/Footdavant\/\" \/>\n<meta property=\"article:published_time\" content=\"2024-05-10T23:50:18+00:00\" \/>\n<meta property=\"article:modified_time\" content=\"2024-05-10T23:50:19+00:00\" \/>\n<meta property=\"og:image\" content=\"https:\/\/footdavant.fr\/actualites\/wp-content\/uploads\/2024\/05\/Harry-Kane-du-Bayern-etablit-un-nouveau-record-en-Ligue.jpg\" \/>\n\t<meta property=\"og:image:width\" content=\"640\" \/>\n\t<meta property=\"og:image:height\" content=\"480\" \/>\n\t<meta property=\"og:image:type\" content=\"image\/jpeg\" \/>\n<meta name=\"author\" content=\"Cl\u00e9ment\" \/>\n<meta name=\"twitter:card\" content=\"summary_large_image\" \/>\n<meta name=\"twitter:creator\" content=\"@FootdavantFr\" \/>\n<meta name=\"twitter:site\" content=\"@FootdavantFr\" \/>\n<meta name=\"twitter:label1\" content=\"\u00c9crit par\" \/>\n\t<meta name=\"twitter:data1\" content=\"Cl\u00e9ment\" \/>\n\t<meta name=\"twitter:label2\" content=\"Dur\u00e9e de lecture estim\u00e9e\" \/>\n\t<meta name=\"twitter:data2\" content=\"2 minutes\" \/>\n<script type=\"application\/ld+json\" class=\"yoast-schema-graph\">{\"@context\":\"https:\/\/schema.org\",\"@graph\":[{\"@type\":\"Article\",\"@id\":\"https:\/\/footdavant.fr\/actualites\/harry-kane-du-bayern-etablit-un-nouveau-record-en-ligue-des-champions\/#article\",\"isPartOf\":{\"@id\":\"https:\/\/footdavant.fr\/actualites\/harry-kane-du-bayern-etablit-un-nouveau-record-en-ligue-des-champions\/\"},\"author\":{\"name\":\"Cl\u00e9ment\",\"@id\":\"https:\/\/footdavant.fr\/actualites\/#\/schema\/person\/bc222566d95871b37e597b3ed3ba5e1d\"},\"headline\":\"Harry Kane du Bayern \u00e9tablit un nouveau record en Ligue des champions\",\"datePublished\":\"2024-05-10T23:50:18+00:00\",\"dateModified\":\"2024-05-10T23:50:19+00:00\",\"mainEntityOfPage\":{\"@id\":\"https:\/\/footdavant.fr\/actualites\/harry-kane-du-bayern-etablit-un-nouveau-record-en-ligue-des-champions\/\"},\"wordCount\":508,\"publisher\":{\"@id\":\"https:\/\/footdavant.fr\/actualites\/#organization\"},\"keywords\":[\"Bayern\",\"champions\",\"des\",\"\u00e9tablit\",\"Harry\",\"Kane\",\"Ligue\",\"nouveau\",\"record\"],\"articleSection\":[\"Champions League\"],\"inLanguage\":\"fr-FR\"},{\"@type\":\"WebPage\",\"@id\":\"https:\/\/footdavant.fr\/actualites\/harry-kane-du-bayern-etablit-un-nouveau-record-en-ligue-des-champions\/\",\"url\":\"https:\/\/footdavant.fr\/actualites\/harry-kane-du-bayern-etablit-un-nouveau-record-en-ligue-des-champions\/\",\"name\":\"Harry Kane du Bayern \u00e9tablit un nouveau record en Ligue des champions\",\"isPartOf\":{\"@id\":\"https:\/\/footdavant.fr\/actualites\/#website\"},\"datePublished\":\"2024-05-10T23:50:18+00:00\",\"dateModified\":\"2024-05-10T23:50:19+00:00\",\"breadcrumb\":{\"@id\":\"https:\/\/footdavant.fr\/actualites\/harry-kane-du-bayern-etablit-un-nouveau-record-en-ligue-des-champions\/#breadcrumb\"},\"inLanguage\":\"fr-FR\",\"potentialAction\":[{\"@type\":\"ReadAction\",\"target\":[\"https:\/\/footdavant.fr\/actualites\/harry-kane-du-bayern-etablit-un-nouveau-record-en-ligue-des-champions\/\"]}]},{\"@type\":\"BreadcrumbList\",\"@id\":\"https:\/\/footdavant.fr\/actualites\/harry-kane-du-bayern-etablit-un-nouveau-record-en-ligue-des-champions\/#breadcrumb\",\"itemListElement\":[{\"@type\":\"ListItem\",\"position\":1,\"name\":\"Accueil\",\"item\":\"https:\/\/footdavant.fr\/actualites\/\"},{\"@type\":\"ListItem\",\"position\":2,\"name\":\"Harry Kane du Bayern \u00e9tablit un nouveau record en Ligue des champions\"}]},{\"@type\":\"WebSite\",\"@id\":\"https:\/\/footdavant.fr\/actualites\/#website\",\"url\":\"https:\/\/footdavant.fr\/actualites\/\",\"name\":\"Foot d'avant\",\"description\":\"\",\"publisher\":{\"@id\":\"https:\/\/footdavant.fr\/actualites\/#organization\"},\"potentialAction\":[{\"@type\":\"SearchAction\",\"target\":{\"@type\":\"EntryPoint\",\"urlTemplate\":\"https:\/\/footdavant.fr\/actualites\/?s={search_term_string}\"},\"query-input\":\"required name=search_term_string\"}],\"inLanguage\":\"fr-FR\"},{\"@type\":\"Organization\",\"@id\":\"https:\/\/footdavant.fr\/actualites\/#organization\",\"name\":\"Foot d'avant\",\"url\":\"https:\/\/footdavant.fr\/actualites\/\",\"logo\":{\"@type\":\"ImageObject\",\"inLanguage\":\"fr-FR\",\"@id\":\"https:\/\/footdavant.fr\/actualites\/#\/schema\/logo\/image\/\",\"url\":\"https:\/\/footdavant.fr\/actualites\/wp-content\/uploads\/2023\/09\/Copy-of-FootDavant-Logo.png\",\"contentUrl\":\"https:\/\/footdavant.fr\/actualites\/wp-content\/uploads\/2023\/09\/Copy-of-FootDavant-Logo.png\",\"width\":936,\"height\":549,\"caption\":\"Foot d'avant\"},\"image\":{\"@id\":\"https:\/\/footdavant.fr\/actualites\/#\/schema\/logo\/image\/\"},\"sameAs\":[\"https:\/\/www.facebook.com\/Footdavant\/\",\"https:\/\/twitter.com\/FootdavantFr\",\"https:\/\/www.instagram.com\/footdavant.fr\/\"]},{\"@type\":\"Person\",\"@id\":\"https:\/\/footdavant.fr\/actualites\/#\/schema\/person\/bc222566d95871b37e597b3ed3ba5e1d\",\"name\":\"Cl\u00e9ment\",\"image\":{\"@type\":\"ImageObject\",\"inLanguage\":\"fr-FR\",\"@id\":\"https:\/\/footdavant.fr\/actualites\/#\/schema\/person\/image\/\",\"url\":\"https:\/\/secure.gravatar.com\/avatar\/7728b29aac2719421e1a9159b2254c44?s=96&d=mm&r=g\",\"contentUrl\":\"https:\/\/secure.gravatar.com\/avatar\/7728b29aac2719421e1a9159b2254c44?s=96&d=mm&r=g\",\"caption\":\"Cl\u00e9ment\"},\"sameAs\":[\"https:\/\/footdavant.fr\/\"]}]}<\/script>\n<!-- \/ Yoast SEO plugin. -->","yoast_head_json":{"title":"Harry Kane du Bayern \u00e9tablit un nouveau record en Ligue des champions","robots":{"index":"index","follow":"follow","max-snippet":"max-snippet:-1","max-image-preview":"max-image-preview:large","max-video-preview":"max-video-preview:-1"},"canonical":"https:\/\/footdavant.fr\/actualites\/harry-kane-du-bayern-etablit-un-nouveau-record-en-ligue-des-champions\/","og_locale":"fr_FR","og_type":"article","og_title":"Harry Kane du Bayern \u00e9tablit un nouveau record en Ligue des champions","og_description":"Harry Kane a \u00e9tabli un nouveau record en Ligue des champions mercredi soir malgr\u00e9 la d\u00e9faite dramatique du Bayern Munich face au Real Madrid au","og_url":"https:\/\/footdavant.fr\/actualites\/harry-kane-du-bayern-etablit-un-nouveau-record-en-ligue-des-champions\/","og_site_name":"Foot d&#039;avant","article_publisher":"https:\/\/www.facebook.com\/Footdavant\/","article_published_time":"2024-05-10T23:50:18+00:00","article_modified_time":"2024-05-10T23:50:19+00:00","og_image":[{"width":640,"height":480,"url":"https:\/\/footdavant.fr\/actualites\/wp-content\/uploads\/2024\/05\/Harry-Kane-du-Bayern-etablit-un-nouveau-record-en-Ligue.jpg","type":"image\/jpeg"}],"author":"Cl\u00e9ment","twitter_card":"summary_large_image","twitter_creator":"@FootdavantFr","twitter_site":"@FootdavantFr","twitter_misc":{"\u00c9crit par":"Cl\u00e9ment","Dur\u00e9e de lecture estim\u00e9e":"2 minutes"},"schema":{"@context":"https:\/\/schema.org","@graph":[{"@type":"Article","@id":"https:\/\/footdavant.fr\/actualites\/harry-kane-du-bayern-etablit-un-nouveau-record-en-ligue-des-champions\/#article","isPartOf":{"@id":"https:\/\/footdavant.fr\/actualites\/harry-kane-du-bayern-etablit-un-nouveau-record-en-ligue-des-champions\/"},"author":{"name":"Cl\u00e9ment","@id":"https:\/\/footdavant.fr\/actualites\/#\/schema\/person\/bc222566d95871b37e597b3ed3ba5e1d"},"headline":"Harry Kane du Bayern \u00e9tablit un nouveau record en Ligue des champions","datePublished":"2024-05-10T23:50:18+00:00","dateModified":"2024-05-10T23:50:19+00:00","mainEntityOfPage":{"@id":"https:\/\/footdavant.fr\/actualites\/harry-kane-du-bayern-etablit-un-nouveau-record-en-ligue-des-champions\/"},"wordCount":508,"publisher":{"@id":"https:\/\/footdavant.fr\/actualites\/#organization"},"keywords":["Bayern","champions","des","\u00e9tablit","Harry","Kane","Ligue","nouveau","record"],"articleSection":["Champions League"],"inLanguage":"fr-FR"},{"@type":"WebPage","@id":"https:\/\/footdavant.fr\/actualites\/harry-kane-du-bayern-etablit-un-nouveau-record-en-ligue-des-champions\/","url":"https:\/\/footdavant.fr\/actualites\/harry-kane-du-bayern-etablit-un-nouveau-record-en-ligue-des-champions\/","name":"Harry Kane du Bayern \u00e9tablit un nouveau record en Ligue des champions","isPartOf":{"@id":"https:\/\/footdavant.fr\/actualites\/#website"},"datePublished":"2024-05-10T23:50:18+00:00","dateModified":"2024-05-10T23:50:19+00:00","breadcrumb":{"@id":"https:\/\/footdavant.fr\/actualites\/harry-kane-du-bayern-etablit-un-nouveau-record-en-ligue-des-champions\/#breadcrumb"},"inLanguage":"fr-FR","potentialAction":[{"@type":"ReadAction","target":["https:\/\/footdavant.fr\/actualites\/harry-kane-du-bayern-etablit-un-nouveau-record-en-ligue-des-champions\/"]}]},{"@type":"BreadcrumbList","@id":"https:\/\/footdavant.fr\/actualites\/harry-kane-du-bayern-etablit-un-nouveau-record-en-ligue-des-champions\/#breadcrumb","itemListElement":[{"@type":"ListItem","position":1,"name":"Accueil","item":"https:\/\/footdavant.fr\/actualites\/"},{"@type":"ListItem","position":2,"name":"Harry Kane du Bayern \u00e9tablit un nouveau record en Ligue des champions"}]},{"@type":"WebSite","@id":"https:\/\/footdavant.fr\/actualites\/#website","url":"https:\/\/footdavant.fr\/actualites\/","name":"Foot d'avant","description":"","publisher":{"@id":"https:\/\/footdavant.fr\/actualites\/#organization"},"potentialAction":[{"@type":"SearchAction","target":{"@type":"EntryPoint","urlTemplate":"https:\/\/footdavant.fr\/actualites\/?s={search_term_string}"},"query-input":"required name=search_term_string"}],"inLanguage":"fr-FR"},{"@type":"Organization","@id":"https:\/\/footdavant.fr\/actualites\/#organization","name":"Foot d'avant","url":"https:\/\/footdavant.fr\/actualites\/","logo":{"@type":"ImageObject","inLanguage":"fr-FR","@id":"https:\/\/footdavant.fr\/actualites\/#\/schema\/logo\/image\/","url":"https:\/\/footdavant.fr\/actualites\/wp-content\/uploads\/2023\/09\/Copy-of-FootDavant-Logo.png","contentUrl":"https:\/\/footdavant.fr\/actualites\/wp-content\/uploads\/2023\/09\/Copy-of-FootDavant-Logo.png","width":936,"height":549,"caption":"Foot d'avant"},"image":{"@id":"https:\/\/footdavant.fr\/actualites\/#\/schema\/logo\/image\/"},"sameAs":["https:\/\/www.facebook.com\/Footdavant\/","https:\/\/twitter.com\/FootdavantFr","https:\/\/www.instagram.com\/footdavant.fr\/"]},{"@type":"Person","@id":"https:\/\/footdavant.fr\/actualites\/#\/schema\/person\/bc222566d95871b37e597b3ed3ba5e1d","name":"Cl\u00e9ment","image":{"@type":"ImageObject","inLanguage":"fr-FR","@id":"https:\/\/footdavant.fr\/actualites\/#\/schema\/person\/image\/","url":"https:\/\/secure.gravatar.com\/avatar\/7728b29aac2719421e1a9159b2254c44?s=96&d=mm&r=g","contentUrl":"https:\/\/secure.gravatar.com\/avatar\/7728b29aac2719421e1a9159b2254c44?s=96&d=mm&r=g","caption":"Cl\u00e9ment"},"sameAs":["https:\/\/footdavant.fr\/"]}]}},"_links":{"self":[{"href":"https:\/\/footdavant.fr\/actualites\/wp-json\/wp\/v2\/posts\/8618"}],"collection":[{"href":"https:\/\/footdavant.fr\/actualites\/wp-json\/wp\/v2\/posts"}],"about":[{"href":"https:\/\/footdavant.fr\/actualites\/wp-json\/wp\/v2\/types\/post"}],"author":[{"embeddable":true,"href":"https:\/\/footdavant.fr\/actualites\/wp-json\/wp\/v2\/users\/1"}],"replies":[{"embeddable":true,"href":"https:\/\/footdavant.fr\/actualites\/wp-json\/wp\/v2\/comments?post=8618"}],"version-history":[{"count":1,"href":"https:\/\/footdavant.fr\/actualites\/wp-json\/wp\/v2\/posts\/8618\/revisions"}],"predecessor-version":[{"id":8620,"href":"https:\/\/footdavant.fr\/actualites\/wp-json\/wp\/v2\/posts\/8618\/revisions\/8620"}],"wp:featuredmedia":[{"embeddable":true,"href":"https:\/\/footdavant.fr\/actualites\/wp-json\/wp\/v2\/media\/8619"}],"wp:attachment":[{"href":"https:\/\/footdavant.fr\/actualites\/wp-json\/wp\/v2\/media?parent=8618"}],"wp:term":[{"taxonomy":"category","embeddable":true,"href":"https:\/\/footdavant.fr\/actualites\/wp-json\/wp\/v2\/categories?post=8618"},{"taxonomy":"post_tag","embeddable":true,"href":"https:\/\/footdavant.fr\/actualites\/wp-json\/wp\/v2\/tags?post=8618"}],"curies":[{"name":"wp","href":"https:\/\/api.w.org\/{rel}","templated":true}]}}