{"id":8636,"date":"2024-05-11T10:50:23","date_gmt":"2024-05-11T08:50:23","guid":{"rendered":"https:\/\/footdavant.fr\/actualites\/larriere-droit-international-peruvien-annonce-son-desir-de-jouer-pour-arsenal\/"},"modified":"2024-05-11T10:50:25","modified_gmt":"2024-05-11T08:50:25","slug":"larriere-droit-international-peruvien-annonce-son-desir-de-jouer-pour-arsenal","status":"publish","type":"post","link":"https:\/\/footdavant.fr\/actualites\/larriere-droit-international-peruvien-annonce-son-desir-de-jouer-pour-arsenal\/","title":{"rendered":"L&#39;arri\u00e8re droit international p\u00e9ruvien annonce son d\u00e9sir de jouer pour Arsenal"},"content":{"rendered":"<p>L&#39;arri\u00e8re droit de Silkeborg et du P\u00e9rou, Oliver Sonne, r\u00e9v\u00e8le qu&#39;il r\u00eave de repr\u00e9senter Arsenal ou une \u00e9quipe de Serie A au milieu de son succ\u00e8s au Danemark.<\/p>\n<div id=\"article_body\" itemprop=\"articleBody\">\n<h3 class=\"firstPara\">UN <strong class=\"autotag\">P\u00e9rou<\/strong> L&#39;arri\u00e8re droit international qui se fait actuellement un nom au Danemark a r\u00e9v\u00e9l\u00e9 son d\u00e9sir de jouer pour <strong class=\"autotag\">Arsenal<\/strong> un jour.<\/h3>\n<p><strong class=\"autotag\">Silkeborg<\/strong> d\u00e9fenseur <strong class=\"autotag\">Olivier Sonn\u00e9<\/strong> s&#39;est impos\u00e9 comme un habitu\u00e9 de l&#39;\u00e9lite scandinave depuis son arriv\u00e9e en 2021, se r\u00e9v\u00e9lant \u00eatre une force offensive \u00e0 droite.<\/p>\n<p>Sonne a inscrit sept buts et 10 passes d\u00e9cisives en 88 apparitions sous le maillot de Silkeborg, dont trois buts et quatre passes d\u00e9cisives en 32 matches lors de la campagne en cours.<\/p>\n<p>Gr\u00e2ce aux efforts du joueur de 23 ans, Silkeborg s&#39;est qualifi\u00e9 pour la ronde de championnat de la saison de Superliga danoise, et Sonne a m\u00eame port\u00e9 le brassard de capitaine lors d&#39;une d\u00e9faite 1-0 contre Aarhus le 10 mars.<\/p>\n<p>D\u00e9fenseur polyvalent, Sonne a exerc\u00e9 les fonctions d&#39;arri\u00e8re droit, d&#39;arri\u00e8re gauche et d&#39;arri\u00e8re droit pour son club actuel. Bien qu&#39;il soit n\u00e9 au Danemark, il s&#39;est qualifi\u00e9 pour la citoyennet\u00e9 p\u00e9ruvienne gr\u00e2ce \u00e0 sa m\u00e8re.<\/p>\n<p class=\"imgI\">\n<h2>Sonne : \u00ab\u00a0Ce serait un r\u00eave de jouer pour Arsenal\u00a0\u00bb<\/h2>\n<p>Le d\u00e9fenseur de 6 pieds a fait ses deux premi\u00e8res apparitions pour le P\u00e9rou en mars, sortant du banc lors de victoires amicales contre le Nicaragua et la R\u00e9publique dominicaine, et il lui reste encore deux ans pour ex\u00e9cuter son contrat \u00e0 Silkeborg.<\/p>\n<p>Cependant, dans une interview avec <em>Conseils<\/em>Sonne a lanc\u00e9 un appel \u00e0 venir me chercher \u00e0 Arsenal, tout en d\u00e9clarant \u00e9galement qu&#39;il r\u00eave de jouer pour un club de Serie A \u00e0 un moment donn\u00e9 dans le futur.<\/p>\n<p>Le d\u00e9fenseur a admis qu&#39;une d\u00e9cision aussi ambitieuse pourrait \u00eatre au-del\u00e0 de lui \u00e0 ce stade, d\u00e9clarant au m\u00e9dia danois : \u00ab\u00a0Je suis ici depuis trois ans, et il y a des moments o\u00f9 vous voulez essayer de nouvelles choses. <\/p>\n<p>\u00ab\u00a0J&#39;aimerais jouer dans le championnat italien ou \u00e0 Arsenal. Ce serait un de mes r\u00eaves, mais je ne sais pas si c&#39;est possible pour le moment. J&#39;esp\u00e8re que cela deviendra une r\u00e9alit\u00e9 un jour.\u00a0\u00bb<\/p>\n<h2>Pourrait-il y avoir de la place pour Sonne \u00e0 Arsenal ?<\/h2>\n<p class=\"imgI\"><img decoding=\"async\" loading=\"lazy\" class=\"l\" src=\"https:\/\/footdavant.fr\/actualites\/wp-content\/uploads\/2024\/05\/L39arriere-droit-international-peruvien-annonce-son-desir-de-jouer-pour.jpg\" title=\"Cedric Soares d&#39;Arsenal photographi\u00e9 en d\u00e9cembre 2023\" alt=\"Cedric Soares d&#39;Arsenal photographi\u00e9 en d\u00e9cembre 2023\" width=\"640\" height=\"480\"><\/p>\n<p>Comme Sonne l&#39;a mentionn\u00e9, un transfert aux Emirats est probablement hors de port\u00e9e pour lui pour le moment, mais Arsenal risque de perdre l&#39;une de ses options d&#39;arri\u00e8re droit \u00e0 la fin de la campagne.<\/p>\n<p>Les d\u00e9favoris\u00e9s <strong class=\"autotag\">C\u00e9dric Soares<\/strong> est en fin de contrat cet \u00e9t\u00e9 et n&#39;ayant fait que cinq apparitions pour les Gunners lors de la saison 2023-24, il sera autoris\u00e9 \u00e0 partir en tant qu&#39;agent libre.<\/p>\n<p>La pr\u00e9sence du joueur de 32 ans n&#39;a cependant pas manqu\u00e9, gr\u00e2ce \u00e0 la forme et \u00e0 la condition physique de l&#39;arri\u00e8re droit de premier choix. <strong class=\"autotag\">Ben Blanc<\/strong>alors que <strong class=\"autotag\">Takehiro Tomiyasu<\/strong> fournit \u00e9galement une option alternative comp\u00e9tente.<\/p>\n<p>Par ailleurs, la saison 2024-25 devrait voir <strong class=\"autotag\">Jurrien Bois<\/strong> a fait tardivement sa perc\u00e9e \u00e0 Arsenal, car le N\u00e9erlandais est maintenant compl\u00e8tement remis d&#39;une blessure au LCA et a disput\u00e9 quelques matchs avec les moins de 21 ans.<\/p>\n<p>Timber pourrait \u00e9galement \u00eatre d\u00e9ploy\u00e9 sur les c\u00f4t\u00e9s gauche et droit de la ligne arri\u00e8re, telle est la polyvalence du joueur de 22 ans, donc le r\u00eave des Gunners de Sonne restera s\u00fbrement un r\u00eave pour le moment.<\/p>\n<\/div>\n","protected":false},"excerpt":{"rendered":"<p>L&#39;arri\u00e8re droit de Silkeborg et du P\u00e9rou, Oliver Sonne, r\u00e9v\u00e8le qu&#39;il r\u00eave de repr\u00e9senter Arsenal ou une \u00e9quipe de Serie A au milieu de son<\/p>\n","protected":false},"author":1,"featured_media":8637,"comment_status":"closed","ping_status":"","sticky":false,"template":"","format":"standard","meta":{"footnotes":""},"categories":[5],"tags":[1641,67,1606,1199,725,129,4702,4931,51,86],"yoast_head":"<!-- This site is optimized with the Yoast SEO plugin v21.0 - https:\/\/yoast.com\/wordpress\/plugins\/seo\/ -->\n<title>L&#039;arri\u00e8re droit international p\u00e9ruvien annonce son d\u00e9sir de jouer pour Arsenal<\/title>\n<meta name=\"robots\" content=\"index, follow, max-snippet:-1, max-image-preview:large, max-video-preview:-1\" \/>\n<link rel=\"canonical\" href=\"https:\/\/footdavant.fr\/actualites\/larriere-droit-international-peruvien-annonce-son-desir-de-jouer-pour-arsenal\/\" \/>\n<meta property=\"og:locale\" content=\"fr_FR\" \/>\n<meta property=\"og:type\" content=\"article\" \/>\n<meta property=\"og:title\" content=\"L&#039;arri\u00e8re droit international p\u00e9ruvien annonce son d\u00e9sir de jouer pour Arsenal\" \/>\n<meta property=\"og:description\" content=\"L&#039;arri\u00e8re droit de Silkeborg et du P\u00e9rou, Oliver Sonne, r\u00e9v\u00e8le qu&#039;il r\u00eave de repr\u00e9senter Arsenal ou une \u00e9quipe de Serie A au milieu de son\" \/>\n<meta property=\"og:url\" content=\"https:\/\/footdavant.fr\/actualites\/larriere-droit-international-peruvien-annonce-son-desir-de-jouer-pour-arsenal\/\" \/>\n<meta property=\"og:site_name\" content=\"Foot d&#039;avant\" \/>\n<meta property=\"article:publisher\" content=\"https:\/\/www.facebook.com\/Footdavant\/\" \/>\n<meta property=\"article:published_time\" content=\"2024-05-11T08:50:23+00:00\" \/>\n<meta property=\"article:modified_time\" content=\"2024-05-11T08:50:25+00:00\" \/>\n<meta property=\"og:image\" content=\"https:\/\/footdavant.fr\/actualites\/wp-content\/uploads\/2024\/05\/L39arriere-droit-international-peruvien-annonce-son-desir-de-jouer-pour.jpeg\" \/>\n\t<meta property=\"og:image:width\" content=\"640\" \/>\n\t<meta property=\"og:image:height\" content=\"480\" \/>\n\t<meta property=\"og:image:type\" content=\"image\/jpeg\" \/>\n<meta name=\"author\" content=\"Cl\u00e9ment\" \/>\n<meta name=\"twitter:card\" content=\"summary_large_image\" \/>\n<meta name=\"twitter:creator\" content=\"@FootdavantFr\" \/>\n<meta name=\"twitter:site\" content=\"@FootdavantFr\" \/>\n<meta name=\"twitter:label1\" content=\"\u00c9crit par\" \/>\n\t<meta name=\"twitter:data1\" content=\"Cl\u00e9ment\" \/>\n\t<meta name=\"twitter:label2\" content=\"Dur\u00e9e de lecture estim\u00e9e\" \/>\n\t<meta name=\"twitter:data2\" content=\"3 minutes\" \/>\n<script type=\"application\/ld+json\" class=\"yoast-schema-graph\">{\"@context\":\"https:\/\/schema.org\",\"@graph\":[{\"@type\":\"Article\",\"@id\":\"https:\/\/footdavant.fr\/actualites\/larriere-droit-international-peruvien-annonce-son-desir-de-jouer-pour-arsenal\/#article\",\"isPartOf\":{\"@id\":\"https:\/\/footdavant.fr\/actualites\/larriere-droit-international-peruvien-annonce-son-desir-de-jouer-pour-arsenal\/\"},\"author\":{\"name\":\"Cl\u00e9ment\",\"@id\":\"https:\/\/footdavant.fr\/actualites\/#\/schema\/person\/bc222566d95871b37e597b3ed3ba5e1d\"},\"headline\":\"L&#39;arri\u00e8re droit international p\u00e9ruvien annonce son d\u00e9sir de jouer pour Arsenal\",\"datePublished\":\"2024-05-11T08:50:23+00:00\",\"dateModified\":\"2024-05-11T08:50:25+00:00\",\"mainEntityOfPage\":{\"@id\":\"https:\/\/footdavant.fr\/actualites\/larriere-droit-international-peruvien-annonce-son-desir-de-jouer-pour-arsenal\/\"},\"wordCount\":616,\"publisher\":{\"@id\":\"https:\/\/footdavant.fr\/actualites\/#organization\"},\"keywords\":[\"annonce\",\"Arsenal\",\"d\u00e9sir\",\"droit\",\"international\",\"jouer\",\"l39arri\u00e8re\",\"p\u00e9ruvien\",\"pour\",\"son\"],\"articleSection\":[\"Premier League\"],\"inLanguage\":\"fr-FR\"},{\"@type\":\"WebPage\",\"@id\":\"https:\/\/footdavant.fr\/actualites\/larriere-droit-international-peruvien-annonce-son-desir-de-jouer-pour-arsenal\/\",\"url\":\"https:\/\/footdavant.fr\/actualites\/larriere-droit-international-peruvien-annonce-son-desir-de-jouer-pour-arsenal\/\",\"name\":\"L&#39;arri\u00e8re droit international p\u00e9ruvien annonce son d\u00e9sir de jouer pour Arsenal\",\"isPartOf\":{\"@id\":\"https:\/\/footdavant.fr\/actualites\/#website\"},\"datePublished\":\"2024-05-11T08:50:23+00:00\",\"dateModified\":\"2024-05-11T08:50:25+00:00\",\"breadcrumb\":{\"@id\":\"https:\/\/footdavant.fr\/actualites\/larriere-droit-international-peruvien-annonce-son-desir-de-jouer-pour-arsenal\/#breadcrumb\"},\"inLanguage\":\"fr-FR\",\"potentialAction\":[{\"@type\":\"ReadAction\",\"target\":[\"https:\/\/footdavant.fr\/actualites\/larriere-droit-international-peruvien-annonce-son-desir-de-jouer-pour-arsenal\/\"]}]},{\"@type\":\"BreadcrumbList\",\"@id\":\"https:\/\/footdavant.fr\/actualites\/larriere-droit-international-peruvien-annonce-son-desir-de-jouer-pour-arsenal\/#breadcrumb\",\"itemListElement\":[{\"@type\":\"ListItem\",\"position\":1,\"name\":\"Accueil\",\"item\":\"https:\/\/footdavant.fr\/actualites\/\"},{\"@type\":\"ListItem\",\"position\":2,\"name\":\"L&#39;arri\u00e8re droit international p\u00e9ruvien annonce son d\u00e9sir de jouer pour Arsenal\"}]},{\"@type\":\"WebSite\",\"@id\":\"https:\/\/footdavant.fr\/actualites\/#website\",\"url\":\"https:\/\/footdavant.fr\/actualites\/\",\"name\":\"Foot d'avant\",\"description\":\"\",\"publisher\":{\"@id\":\"https:\/\/footdavant.fr\/actualites\/#organization\"},\"potentialAction\":[{\"@type\":\"SearchAction\",\"target\":{\"@type\":\"EntryPoint\",\"urlTemplate\":\"https:\/\/footdavant.fr\/actualites\/?s={search_term_string}\"},\"query-input\":\"required name=search_term_string\"}],\"inLanguage\":\"fr-FR\"},{\"@type\":\"Organization\",\"@id\":\"https:\/\/footdavant.fr\/actualites\/#organization\",\"name\":\"Foot d'avant\",\"url\":\"https:\/\/footdavant.fr\/actualites\/\",\"logo\":{\"@type\":\"ImageObject\",\"inLanguage\":\"fr-FR\",\"@id\":\"https:\/\/footdavant.fr\/actualites\/#\/schema\/logo\/image\/\",\"url\":\"https:\/\/footdavant.fr\/actualites\/wp-content\/uploads\/2023\/09\/Copy-of-FootDavant-Logo.png\",\"contentUrl\":\"https:\/\/footdavant.fr\/actualites\/wp-content\/uploads\/2023\/09\/Copy-of-FootDavant-Logo.png\",\"width\":936,\"height\":549,\"caption\":\"Foot d'avant\"},\"image\":{\"@id\":\"https:\/\/footdavant.fr\/actualites\/#\/schema\/logo\/image\/\"},\"sameAs\":[\"https:\/\/www.facebook.com\/Footdavant\/\",\"https:\/\/twitter.com\/FootdavantFr\",\"https:\/\/www.instagram.com\/footdavant.fr\/\"]},{\"@type\":\"Person\",\"@id\":\"https:\/\/footdavant.fr\/actualites\/#\/schema\/person\/bc222566d95871b37e597b3ed3ba5e1d\",\"name\":\"Cl\u00e9ment\",\"image\":{\"@type\":\"ImageObject\",\"inLanguage\":\"fr-FR\",\"@id\":\"https:\/\/footdavant.fr\/actualites\/#\/schema\/person\/image\/\",\"url\":\"https:\/\/secure.gravatar.com\/avatar\/7728b29aac2719421e1a9159b2254c44?s=96&d=mm&r=g\",\"contentUrl\":\"https:\/\/secure.gravatar.com\/avatar\/7728b29aac2719421e1a9159b2254c44?s=96&d=mm&r=g\",\"caption\":\"Cl\u00e9ment\"},\"sameAs\":[\"https:\/\/footdavant.fr\/\"]}]}<\/script>\n<!-- \/ Yoast SEO plugin. -->","yoast_head_json":{"title":"L&#39;arri\u00e8re droit international p\u00e9ruvien annonce son d\u00e9sir de jouer pour Arsenal","robots":{"index":"index","follow":"follow","max-snippet":"max-snippet:-1","max-image-preview":"max-image-preview:large","max-video-preview":"max-video-preview:-1"},"canonical":"https:\/\/footdavant.fr\/actualites\/larriere-droit-international-peruvien-annonce-son-desir-de-jouer-pour-arsenal\/","og_locale":"fr_FR","og_type":"article","og_title":"L&#39;arri\u00e8re droit international p\u00e9ruvien annonce son d\u00e9sir de jouer pour Arsenal","og_description":"L&#39;arri\u00e8re droit de Silkeborg et du P\u00e9rou, Oliver Sonne, r\u00e9v\u00e8le qu&#39;il r\u00eave de repr\u00e9senter Arsenal ou une \u00e9quipe de Serie A au milieu de son","og_url":"https:\/\/footdavant.fr\/actualites\/larriere-droit-international-peruvien-annonce-son-desir-de-jouer-pour-arsenal\/","og_site_name":"Foot d&#039;avant","article_publisher":"https:\/\/www.facebook.com\/Footdavant\/","article_published_time":"2024-05-11T08:50:23+00:00","article_modified_time":"2024-05-11T08:50:25+00:00","og_image":[{"width":640,"height":480,"url":"https:\/\/footdavant.fr\/actualites\/wp-content\/uploads\/2024\/05\/L39arriere-droit-international-peruvien-annonce-son-desir-de-jouer-pour.jpeg","type":"image\/jpeg"}],"author":"Cl\u00e9ment","twitter_card":"summary_large_image","twitter_creator":"@FootdavantFr","twitter_site":"@FootdavantFr","twitter_misc":{"\u00c9crit par":"Cl\u00e9ment","Dur\u00e9e de lecture estim\u00e9e":"3 minutes"},"schema":{"@context":"https:\/\/schema.org","@graph":[{"@type":"Article","@id":"https:\/\/footdavant.fr\/actualites\/larriere-droit-international-peruvien-annonce-son-desir-de-jouer-pour-arsenal\/#article","isPartOf":{"@id":"https:\/\/footdavant.fr\/actualites\/larriere-droit-international-peruvien-annonce-son-desir-de-jouer-pour-arsenal\/"},"author":{"name":"Cl\u00e9ment","@id":"https:\/\/footdavant.fr\/actualites\/#\/schema\/person\/bc222566d95871b37e597b3ed3ba5e1d"},"headline":"L&#39;arri\u00e8re droit international p\u00e9ruvien annonce son d\u00e9sir de jouer pour Arsenal","datePublished":"2024-05-11T08:50:23+00:00","dateModified":"2024-05-11T08:50:25+00:00","mainEntityOfPage":{"@id":"https:\/\/footdavant.fr\/actualites\/larriere-droit-international-peruvien-annonce-son-desir-de-jouer-pour-arsenal\/"},"wordCount":616,"publisher":{"@id":"https:\/\/footdavant.fr\/actualites\/#organization"},"keywords":["annonce","Arsenal","d\u00e9sir","droit","international","jouer","l39arri\u00e8re","p\u00e9ruvien","pour","son"],"articleSection":["Premier League"],"inLanguage":"fr-FR"},{"@type":"WebPage","@id":"https:\/\/footdavant.fr\/actualites\/larriere-droit-international-peruvien-annonce-son-desir-de-jouer-pour-arsenal\/","url":"https:\/\/footdavant.fr\/actualites\/larriere-droit-international-peruvien-annonce-son-desir-de-jouer-pour-arsenal\/","name":"L&#39;arri\u00e8re droit international p\u00e9ruvien annonce son d\u00e9sir de jouer pour Arsenal","isPartOf":{"@id":"https:\/\/footdavant.fr\/actualites\/#website"},"datePublished":"2024-05-11T08:50:23+00:00","dateModified":"2024-05-11T08:50:25+00:00","breadcrumb":{"@id":"https:\/\/footdavant.fr\/actualites\/larriere-droit-international-peruvien-annonce-son-desir-de-jouer-pour-arsenal\/#breadcrumb"},"inLanguage":"fr-FR","potentialAction":[{"@type":"ReadAction","target":["https:\/\/footdavant.fr\/actualites\/larriere-droit-international-peruvien-annonce-son-desir-de-jouer-pour-arsenal\/"]}]},{"@type":"BreadcrumbList","@id":"https:\/\/footdavant.fr\/actualites\/larriere-droit-international-peruvien-annonce-son-desir-de-jouer-pour-arsenal\/#breadcrumb","itemListElement":[{"@type":"ListItem","position":1,"name":"Accueil","item":"https:\/\/footdavant.fr\/actualites\/"},{"@type":"ListItem","position":2,"name":"L&#39;arri\u00e8re droit international p\u00e9ruvien annonce son d\u00e9sir de jouer pour Arsenal"}]},{"@type":"WebSite","@id":"https:\/\/footdavant.fr\/actualites\/#website","url":"https:\/\/footdavant.fr\/actualites\/","name":"Foot d'avant","description":"","publisher":{"@id":"https:\/\/footdavant.fr\/actualites\/#organization"},"potentialAction":[{"@type":"SearchAction","target":{"@type":"EntryPoint","urlTemplate":"https:\/\/footdavant.fr\/actualites\/?s={search_term_string}"},"query-input":"required name=search_term_string"}],"inLanguage":"fr-FR"},{"@type":"Organization","@id":"https:\/\/footdavant.fr\/actualites\/#organization","name":"Foot d'avant","url":"https:\/\/footdavant.fr\/actualites\/","logo":{"@type":"ImageObject","inLanguage":"fr-FR","@id":"https:\/\/footdavant.fr\/actualites\/#\/schema\/logo\/image\/","url":"https:\/\/footdavant.fr\/actualites\/wp-content\/uploads\/2023\/09\/Copy-of-FootDavant-Logo.png","contentUrl":"https:\/\/footdavant.fr\/actualites\/wp-content\/uploads\/2023\/09\/Copy-of-FootDavant-Logo.png","width":936,"height":549,"caption":"Foot d'avant"},"image":{"@id":"https:\/\/footdavant.fr\/actualites\/#\/schema\/logo\/image\/"},"sameAs":["https:\/\/www.facebook.com\/Footdavant\/","https:\/\/twitter.com\/FootdavantFr","https:\/\/www.instagram.com\/footdavant.fr\/"]},{"@type":"Person","@id":"https:\/\/footdavant.fr\/actualites\/#\/schema\/person\/bc222566d95871b37e597b3ed3ba5e1d","name":"Cl\u00e9ment","image":{"@type":"ImageObject","inLanguage":"fr-FR","@id":"https:\/\/footdavant.fr\/actualites\/#\/schema\/person\/image\/","url":"https:\/\/secure.gravatar.com\/avatar\/7728b29aac2719421e1a9159b2254c44?s=96&d=mm&r=g","contentUrl":"https:\/\/secure.gravatar.com\/avatar\/7728b29aac2719421e1a9159b2254c44?s=96&d=mm&r=g","caption":"Cl\u00e9ment"},"sameAs":["https:\/\/footdavant.fr\/"]}]}},"_links":{"self":[{"href":"https:\/\/footdavant.fr\/actualites\/wp-json\/wp\/v2\/posts\/8636"}],"collection":[{"href":"https:\/\/footdavant.fr\/actualites\/wp-json\/wp\/v2\/posts"}],"about":[{"href":"https:\/\/footdavant.fr\/actualites\/wp-json\/wp\/v2\/types\/post"}],"author":[{"embeddable":true,"href":"https:\/\/footdavant.fr\/actualites\/wp-json\/wp\/v2\/users\/1"}],"replies":[{"embeddable":true,"href":"https:\/\/footdavant.fr\/actualites\/wp-json\/wp\/v2\/comments?post=8636"}],"version-history":[{"count":1,"href":"https:\/\/footdavant.fr\/actualites\/wp-json\/wp\/v2\/posts\/8636\/revisions"}],"predecessor-version":[{"id":8638,"href":"https:\/\/footdavant.fr\/actualites\/wp-json\/wp\/v2\/posts\/8636\/revisions\/8638"}],"wp:featuredmedia":[{"embeddable":true,"href":"https:\/\/footdavant.fr\/actualites\/wp-json\/wp\/v2\/media\/8637"}],"wp:attachment":[{"href":"https:\/\/footdavant.fr\/actualites\/wp-json\/wp\/v2\/media?parent=8636"}],"wp:term":[{"taxonomy":"category","embeddable":true,"href":"https:\/\/footdavant.fr\/actualites\/wp-json\/wp\/v2\/categories?post=8636"},{"taxonomy":"post_tag","embeddable":true,"href":"https:\/\/footdavant.fr\/actualites\/wp-json\/wp\/v2\/tags?post=8636"}],"curies":[{"name":"wp","href":"https:\/\/api.w.org\/{rel}","templated":true}]}}