{"id":8753,"date":"2024-05-14T16:48:03","date_gmt":"2024-05-14T14:48:03","guid":{"rendered":"https:\/\/footdavant.fr\/actualites\/raphael-varane-annonce-la-sortie-de-manchester-united-dans-une-video-sincere\/"},"modified":"2024-05-14T16:48:04","modified_gmt":"2024-05-14T14:48:04","slug":"raphael-varane-annonce-la-sortie-de-manchester-united-dans-une-video-sincere","status":"publish","type":"post","link":"https:\/\/footdavant.fr\/actualites\/raphael-varane-annonce-la-sortie-de-manchester-united-dans-une-video-sincere\/","title":{"rendered":"Raphael Varane annonce la sortie de Manchester United dans une vid\u00e9o sinc\u00e8re"},"content":{"rendered":"<div>\n<p>Le d\u00e9fenseur central de Manchester United, Raphael Varane, a confirm\u00e9 qu&#39;il quitterait Old Trafford \u00e0 la fin de la saison 2023-24.  Le vainqueur de la Coupe du Monde de la FIFA 2018 a profit\u00e9 de ses r\u00e9seaux sociaux pour annoncer la nouvelle avec une vid\u00e9o \u00e9mouvante.<\/p>\n<h2>Raphael Varane remercie Manchester United et soutient INEOS et Sir Jim Ratcliffe pour changer les choses<\/h2>\n<p>Mardi 14 mai, Varane a confirm\u00e9 sur les r\u00e9seaux sociaux qu&#39;il quitterait Manchester United en tant qu&#39;agent libre \u00e0 la fin de la saison 2023-24.  L&#39;ancien joueur du Real Madrid avait une clause dans son contrat avec Man Utd qui lui aurait permis de continuer encore un an.  Toutefois, les Diables Rouges se sont abstenus de l\u2019activer.<\/p>\n<blockquote class=\"twitter-tweet\" data-width=\"550\" data-dnt=\"true\">\n<p lang=\"fr\" dir=\"ltr\">Merci, <a rel=\"nofollow\" href=\"https:\/\/twitter.com\/raphaelvarane?ref_src=twsrc%5Etfw\">@Rapha\u00eblVarane<\/a> \ud83c\uddeb\ud83c\uddf7\u2764\ufe0f<a rel=\"nofollow\" href=\"https:\/\/twitter.com\/hashtag\/MUFC?src=hash&amp;ref_src=twsrc%5Etfw\">#MUFC<\/a><\/p>\n<p>\u2013Manchester United (@ManUtd) <a rel=\"nofollow\" href=\"https:\/\/twitter.com\/ManUtd\/status\/1790321739345396217?ref_src=twsrc%5Etfw\">14 mai 2024<\/a><\/p>\n<\/blockquote>\n<p>Dans la vid\u00e9o d\u2019annonce \u00e9mouvante, Varane a d\u00e9clar\u00e9 (via GOAL) :<\/p>\n<p>\u00ab\u00a0<em>\u00c0 vous les gars, supporters de Manchester United.  Cela a \u00e9t\u00e9 quelques ann\u00e9es incroyables \u00e0 jouer pour ce club sp\u00e9cial et \u00e0 porter ce maillot.  La premi\u00e8re fois que je suis all\u00e9 \u00e0 Old Trafford en tant que joueur de Man United, c&#39;\u00e9tait fou.  L&#39;atmosph\u00e8re \u00e9tait incroyable.  Je suis tomb\u00e9 amoureux du club et des supporters.  Il faut jouer pour Man Utd pour comprendre ce que cela repr\u00e9sente.  Pour mes enfants, c&#39;est chez moi ici.  Ce sera un endroit sp\u00e9cial pour moi, pour la vie.  Lorsque les fans se rendent \u00e0 Wembley, c&#39;est quelque chose dont ils se souviendront toute leur vie.  Partager ce moment avec eux \u00e9tait absolument incroyable<\/em>.\u00bb<\/p>\n<p>Varane a reconnu que la saison avait \u00e9t\u00e9 difficile pour United, mais a soutenu Sir Jim Ratcliffe and Co. pour renverser la situation.<\/p>\n<p>Sur le projet de Ratcliffe et INEOS, Varane a ajout\u00e9\u00a0:<\/p>\n<p>\u00ab\u00a0<em>Malgr\u00e9 une saison difficile, je suis tr\u00e8s positif pour l&#39;avenir.  Les nouveaux propri\u00e9taires arrivent avec un plan clair et une excellente strat\u00e9gie.  Je vous verrai \u00e0 Old Trafford pour vous dire au revoir pour le dernier match \u00e0 domicile cette saison et ce sera une journ\u00e9e tr\u00e8s \u00e9mouvante pour moi, c&#39;est s\u00fbr.<\/em>.\u00bb<\/p>\n<h2>Un regard sur le passage de Varane \u00e0 Manchester United<\/h2>\n<p>Apr\u00e8s avoir remport\u00e9 quatre troph\u00e9es de l&#39;UEFA Champions League avec le Real Madrid, Varane est arriv\u00e9 \u00e0 Manchester United avec une \u00e9norme r\u00e9putation en ao\u00fbt 2021. Malheureusement, en raison de probl\u00e8mes de forme physique, il n&#39;a jamais eu une chance \u00e9quitable de prouver sa valeur.<\/p>\n<p>Au cours des trois derni\u00e8res saisons, Varane n&#39;a disput\u00e9 que 93 matches pour Manchester United toutes comp\u00e9titions confondues, marquant deux fois et d\u00e9livrant une passe d\u00e9cisive.  L&#39;ancien joueur de Lens a disput\u00e9 21 matches de Premier League jusqu&#39;\u00e0 pr\u00e9sent, dont 16 seulement. Il n&#39;a plus jou\u00e9 pour United depuis la d\u00e9faite 4-3 contre Chelsea d\u00e9but avril.<\/p>\n<p>Le joueur de 31 ans a encore l&#39;\u00e2ge de son c\u00f4t\u00e9, mais en raison de sa mauvaise condition physique, il est peu probable qu&#39;un grand club europ\u00e9en prenne une chance avec lui.  Les clubs de la Saudi Pro League ou de la Major League Soccer pourraient quant \u00e0 eux saisir l\u2019opportunit\u00e9 de recruter un joueur aussi d\u00e9cor\u00e9.<\/p>\n<\/p><\/div>\n<p><script async src=\"https:\/\/platform.twitter.com\/widgets.js\" charset=\"utf-8\"><\/script><script async src=\"\/\/www.instagram.com\/embed.js\"><\/script><\/p>\n","protected":false},"excerpt":{"rendered":"<p>Le d\u00e9fenseur central de Manchester United, Raphael Varane, a confirm\u00e9 qu&#39;il quitterait Old Trafford \u00e0 la fin de la saison 2023-24. Le vainqueur de la<\/p>\n","protected":false},"author":1,"featured_media":8754,"comment_status":"closed","ping_status":"","sticky":false,"template":"","format":"standard","meta":{"footnotes":""},"categories":[3],"tags":[1641,19,11,1076,4963,1263,92,13,1077,575],"yoast_head":"<!-- This site is optimized with the Yoast SEO plugin v21.0 - https:\/\/yoast.com\/wordpress\/plugins\/seo\/ -->\n<title>Raphael Varane annonce la sortie de Manchester United dans une vid\u00e9o sinc\u00e8re<\/title>\n<meta name=\"robots\" content=\"index, follow, max-snippet:-1, max-image-preview:large, max-video-preview:-1\" \/>\n<link rel=\"canonical\" href=\"https:\/\/footdavant.fr\/actualites\/raphael-varane-annonce-la-sortie-de-manchester-united-dans-une-video-sincere\/\" \/>\n<meta property=\"og:locale\" content=\"fr_FR\" \/>\n<meta property=\"og:type\" content=\"article\" \/>\n<meta property=\"og:title\" content=\"Raphael Varane annonce la sortie de Manchester United dans une vid\u00e9o sinc\u00e8re\" \/>\n<meta property=\"og:description\" content=\"Le d\u00e9fenseur central de Manchester United, Raphael Varane, a confirm\u00e9 qu&#039;il quitterait Old Trafford \u00e0 la fin de la saison 2023-24. Le vainqueur de la\" \/>\n<meta property=\"og:url\" content=\"https:\/\/footdavant.fr\/actualites\/raphael-varane-annonce-la-sortie-de-manchester-united-dans-une-video-sincere\/\" \/>\n<meta property=\"og:site_name\" content=\"Foot d&#039;avant\" \/>\n<meta property=\"article:publisher\" content=\"https:\/\/www.facebook.com\/Footdavant\/\" \/>\n<meta property=\"article:published_time\" content=\"2024-05-14T14:48:03+00:00\" \/>\n<meta property=\"article:modified_time\" content=\"2024-05-14T14:48:04+00:00\" \/>\n<meta property=\"og:image\" content=\"https:\/\/footdavant.fr\/actualites\/wp-content\/uploads\/2024\/05\/Raphael-Varane-annonce-la-sortie-de-Manchester-United-dans-une.jpg\" \/>\n\t<meta property=\"og:image:width\" content=\"676\" \/>\n\t<meta property=\"og:image:height\" content=\"445\" \/>\n\t<meta property=\"og:image:type\" content=\"image\/jpeg\" \/>\n<meta name=\"author\" content=\"Cl\u00e9ment\" \/>\n<meta name=\"twitter:card\" content=\"summary_large_image\" \/>\n<meta name=\"twitter:creator\" content=\"@FootdavantFr\" \/>\n<meta name=\"twitter:site\" content=\"@FootdavantFr\" \/>\n<meta name=\"twitter:label1\" content=\"\u00c9crit par\" \/>\n\t<meta name=\"twitter:data1\" content=\"Cl\u00e9ment\" \/>\n\t<meta name=\"twitter:label2\" content=\"Dur\u00e9e de lecture estim\u00e9e\" \/>\n\t<meta name=\"twitter:data2\" content=\"3 minutes\" \/>\n<script type=\"application\/ld+json\" class=\"yoast-schema-graph\">{\"@context\":\"https:\/\/schema.org\",\"@graph\":[{\"@type\":\"Article\",\"@id\":\"https:\/\/footdavant.fr\/actualites\/raphael-varane-annonce-la-sortie-de-manchester-united-dans-une-video-sincere\/#article\",\"isPartOf\":{\"@id\":\"https:\/\/footdavant.fr\/actualites\/raphael-varane-annonce-la-sortie-de-manchester-united-dans-une-video-sincere\/\"},\"author\":{\"name\":\"Cl\u00e9ment\",\"@id\":\"https:\/\/footdavant.fr\/actualites\/#\/schema\/person\/bc222566d95871b37e597b3ed3ba5e1d\"},\"headline\":\"Raphael Varane annonce la sortie de Manchester United dans une vid\u00e9o sinc\u00e8re\",\"datePublished\":\"2024-05-14T14:48:03+00:00\",\"dateModified\":\"2024-05-14T14:48:04+00:00\",\"mainEntityOfPage\":{\"@id\":\"https:\/\/footdavant.fr\/actualites\/raphael-varane-annonce-la-sortie-de-manchester-united-dans-une-video-sincere\/\"},\"wordCount\":548,\"publisher\":{\"@id\":\"https:\/\/footdavant.fr\/actualites\/#organization\"},\"keywords\":[\"annonce\",\"dans\",\"Manchester\",\"Raphael\",\"sinc\u00e8re\",\"sortie\",\"une\",\"United\",\"Varane\",\"Vid\u00e9o\"],\"articleSection\":[\"Football\"],\"inLanguage\":\"fr-FR\"},{\"@type\":\"WebPage\",\"@id\":\"https:\/\/footdavant.fr\/actualites\/raphael-varane-annonce-la-sortie-de-manchester-united-dans-une-video-sincere\/\",\"url\":\"https:\/\/footdavant.fr\/actualites\/raphael-varane-annonce-la-sortie-de-manchester-united-dans-une-video-sincere\/\",\"name\":\"Raphael Varane annonce la sortie de Manchester United dans une vid\u00e9o sinc\u00e8re\",\"isPartOf\":{\"@id\":\"https:\/\/footdavant.fr\/actualites\/#website\"},\"datePublished\":\"2024-05-14T14:48:03+00:00\",\"dateModified\":\"2024-05-14T14:48:04+00:00\",\"breadcrumb\":{\"@id\":\"https:\/\/footdavant.fr\/actualites\/raphael-varane-annonce-la-sortie-de-manchester-united-dans-une-video-sincere\/#breadcrumb\"},\"inLanguage\":\"fr-FR\",\"potentialAction\":[{\"@type\":\"ReadAction\",\"target\":[\"https:\/\/footdavant.fr\/actualites\/raphael-varane-annonce-la-sortie-de-manchester-united-dans-une-video-sincere\/\"]}]},{\"@type\":\"BreadcrumbList\",\"@id\":\"https:\/\/footdavant.fr\/actualites\/raphael-varane-annonce-la-sortie-de-manchester-united-dans-une-video-sincere\/#breadcrumb\",\"itemListElement\":[{\"@type\":\"ListItem\",\"position\":1,\"name\":\"Accueil\",\"item\":\"https:\/\/footdavant.fr\/actualites\/\"},{\"@type\":\"ListItem\",\"position\":2,\"name\":\"Raphael Varane annonce la sortie de Manchester United dans une vid\u00e9o sinc\u00e8re\"}]},{\"@type\":\"WebSite\",\"@id\":\"https:\/\/footdavant.fr\/actualites\/#website\",\"url\":\"https:\/\/footdavant.fr\/actualites\/\",\"name\":\"Foot d'avant\",\"description\":\"\",\"publisher\":{\"@id\":\"https:\/\/footdavant.fr\/actualites\/#organization\"},\"potentialAction\":[{\"@type\":\"SearchAction\",\"target\":{\"@type\":\"EntryPoint\",\"urlTemplate\":\"https:\/\/footdavant.fr\/actualites\/?s={search_term_string}\"},\"query-input\":\"required name=search_term_string\"}],\"inLanguage\":\"fr-FR\"},{\"@type\":\"Organization\",\"@id\":\"https:\/\/footdavant.fr\/actualites\/#organization\",\"name\":\"Foot d'avant\",\"url\":\"https:\/\/footdavant.fr\/actualites\/\",\"logo\":{\"@type\":\"ImageObject\",\"inLanguage\":\"fr-FR\",\"@id\":\"https:\/\/footdavant.fr\/actualites\/#\/schema\/logo\/image\/\",\"url\":\"https:\/\/footdavant.fr\/actualites\/wp-content\/uploads\/2023\/09\/Copy-of-FootDavant-Logo.png\",\"contentUrl\":\"https:\/\/footdavant.fr\/actualites\/wp-content\/uploads\/2023\/09\/Copy-of-FootDavant-Logo.png\",\"width\":936,\"height\":549,\"caption\":\"Foot d'avant\"},\"image\":{\"@id\":\"https:\/\/footdavant.fr\/actualites\/#\/schema\/logo\/image\/\"},\"sameAs\":[\"https:\/\/www.facebook.com\/Footdavant\/\",\"https:\/\/twitter.com\/FootdavantFr\",\"https:\/\/www.instagram.com\/footdavant.fr\/\"]},{\"@type\":\"Person\",\"@id\":\"https:\/\/footdavant.fr\/actualites\/#\/schema\/person\/bc222566d95871b37e597b3ed3ba5e1d\",\"name\":\"Cl\u00e9ment\",\"image\":{\"@type\":\"ImageObject\",\"inLanguage\":\"fr-FR\",\"@id\":\"https:\/\/footdavant.fr\/actualites\/#\/schema\/person\/image\/\",\"url\":\"https:\/\/secure.gravatar.com\/avatar\/7728b29aac2719421e1a9159b2254c44?s=96&d=mm&r=g\",\"contentUrl\":\"https:\/\/secure.gravatar.com\/avatar\/7728b29aac2719421e1a9159b2254c44?s=96&d=mm&r=g\",\"caption\":\"Cl\u00e9ment\"},\"sameAs\":[\"https:\/\/footdavant.fr\/\"]}]}<\/script>\n<!-- \/ Yoast SEO plugin. -->","yoast_head_json":{"title":"Raphael Varane annonce la sortie de Manchester United dans une vid\u00e9o sinc\u00e8re","robots":{"index":"index","follow":"follow","max-snippet":"max-snippet:-1","max-image-preview":"max-image-preview:large","max-video-preview":"max-video-preview:-1"},"canonical":"https:\/\/footdavant.fr\/actualites\/raphael-varane-annonce-la-sortie-de-manchester-united-dans-une-video-sincere\/","og_locale":"fr_FR","og_type":"article","og_title":"Raphael Varane annonce la sortie de Manchester United dans une vid\u00e9o sinc\u00e8re","og_description":"Le d\u00e9fenseur central de Manchester United, Raphael Varane, a confirm\u00e9 qu&#39;il quitterait Old Trafford \u00e0 la fin de la saison 2023-24. Le vainqueur de la","og_url":"https:\/\/footdavant.fr\/actualites\/raphael-varane-annonce-la-sortie-de-manchester-united-dans-une-video-sincere\/","og_site_name":"Foot d&#039;avant","article_publisher":"https:\/\/www.facebook.com\/Footdavant\/","article_published_time":"2024-05-14T14:48:03+00:00","article_modified_time":"2024-05-14T14:48:04+00:00","og_image":[{"width":676,"height":445,"url":"https:\/\/footdavant.fr\/actualites\/wp-content\/uploads\/2024\/05\/Raphael-Varane-annonce-la-sortie-de-Manchester-United-dans-une.jpg","type":"image\/jpeg"}],"author":"Cl\u00e9ment","twitter_card":"summary_large_image","twitter_creator":"@FootdavantFr","twitter_site":"@FootdavantFr","twitter_misc":{"\u00c9crit par":"Cl\u00e9ment","Dur\u00e9e de lecture estim\u00e9e":"3 minutes"},"schema":{"@context":"https:\/\/schema.org","@graph":[{"@type":"Article","@id":"https:\/\/footdavant.fr\/actualites\/raphael-varane-annonce-la-sortie-de-manchester-united-dans-une-video-sincere\/#article","isPartOf":{"@id":"https:\/\/footdavant.fr\/actualites\/raphael-varane-annonce-la-sortie-de-manchester-united-dans-une-video-sincere\/"},"author":{"name":"Cl\u00e9ment","@id":"https:\/\/footdavant.fr\/actualites\/#\/schema\/person\/bc222566d95871b37e597b3ed3ba5e1d"},"headline":"Raphael Varane annonce la sortie de Manchester United dans une vid\u00e9o sinc\u00e8re","datePublished":"2024-05-14T14:48:03+00:00","dateModified":"2024-05-14T14:48:04+00:00","mainEntityOfPage":{"@id":"https:\/\/footdavant.fr\/actualites\/raphael-varane-annonce-la-sortie-de-manchester-united-dans-une-video-sincere\/"},"wordCount":548,"publisher":{"@id":"https:\/\/footdavant.fr\/actualites\/#organization"},"keywords":["annonce","dans","Manchester","Raphael","sinc\u00e8re","sortie","une","United","Varane","Vid\u00e9o"],"articleSection":["Football"],"inLanguage":"fr-FR"},{"@type":"WebPage","@id":"https:\/\/footdavant.fr\/actualites\/raphael-varane-annonce-la-sortie-de-manchester-united-dans-une-video-sincere\/","url":"https:\/\/footdavant.fr\/actualites\/raphael-varane-annonce-la-sortie-de-manchester-united-dans-une-video-sincere\/","name":"Raphael Varane annonce la sortie de Manchester United dans une vid\u00e9o sinc\u00e8re","isPartOf":{"@id":"https:\/\/footdavant.fr\/actualites\/#website"},"datePublished":"2024-05-14T14:48:03+00:00","dateModified":"2024-05-14T14:48:04+00:00","breadcrumb":{"@id":"https:\/\/footdavant.fr\/actualites\/raphael-varane-annonce-la-sortie-de-manchester-united-dans-une-video-sincere\/#breadcrumb"},"inLanguage":"fr-FR","potentialAction":[{"@type":"ReadAction","target":["https:\/\/footdavant.fr\/actualites\/raphael-varane-annonce-la-sortie-de-manchester-united-dans-une-video-sincere\/"]}]},{"@type":"BreadcrumbList","@id":"https:\/\/footdavant.fr\/actualites\/raphael-varane-annonce-la-sortie-de-manchester-united-dans-une-video-sincere\/#breadcrumb","itemListElement":[{"@type":"ListItem","position":1,"name":"Accueil","item":"https:\/\/footdavant.fr\/actualites\/"},{"@type":"ListItem","position":2,"name":"Raphael Varane annonce la sortie de Manchester United dans une vid\u00e9o sinc\u00e8re"}]},{"@type":"WebSite","@id":"https:\/\/footdavant.fr\/actualites\/#website","url":"https:\/\/footdavant.fr\/actualites\/","name":"Foot d'avant","description":"","publisher":{"@id":"https:\/\/footdavant.fr\/actualites\/#organization"},"potentialAction":[{"@type":"SearchAction","target":{"@type":"EntryPoint","urlTemplate":"https:\/\/footdavant.fr\/actualites\/?s={search_term_string}"},"query-input":"required name=search_term_string"}],"inLanguage":"fr-FR"},{"@type":"Organization","@id":"https:\/\/footdavant.fr\/actualites\/#organization","name":"Foot d'avant","url":"https:\/\/footdavant.fr\/actualites\/","logo":{"@type":"ImageObject","inLanguage":"fr-FR","@id":"https:\/\/footdavant.fr\/actualites\/#\/schema\/logo\/image\/","url":"https:\/\/footdavant.fr\/actualites\/wp-content\/uploads\/2023\/09\/Copy-of-FootDavant-Logo.png","contentUrl":"https:\/\/footdavant.fr\/actualites\/wp-content\/uploads\/2023\/09\/Copy-of-FootDavant-Logo.png","width":936,"height":549,"caption":"Foot d'avant"},"image":{"@id":"https:\/\/footdavant.fr\/actualites\/#\/schema\/logo\/image\/"},"sameAs":["https:\/\/www.facebook.com\/Footdavant\/","https:\/\/twitter.com\/FootdavantFr","https:\/\/www.instagram.com\/footdavant.fr\/"]},{"@type":"Person","@id":"https:\/\/footdavant.fr\/actualites\/#\/schema\/person\/bc222566d95871b37e597b3ed3ba5e1d","name":"Cl\u00e9ment","image":{"@type":"ImageObject","inLanguage":"fr-FR","@id":"https:\/\/footdavant.fr\/actualites\/#\/schema\/person\/image\/","url":"https:\/\/secure.gravatar.com\/avatar\/7728b29aac2719421e1a9159b2254c44?s=96&d=mm&r=g","contentUrl":"https:\/\/secure.gravatar.com\/avatar\/7728b29aac2719421e1a9159b2254c44?s=96&d=mm&r=g","caption":"Cl\u00e9ment"},"sameAs":["https:\/\/footdavant.fr\/"]}]}},"_links":{"self":[{"href":"https:\/\/footdavant.fr\/actualites\/wp-json\/wp\/v2\/posts\/8753"}],"collection":[{"href":"https:\/\/footdavant.fr\/actualites\/wp-json\/wp\/v2\/posts"}],"about":[{"href":"https:\/\/footdavant.fr\/actualites\/wp-json\/wp\/v2\/types\/post"}],"author":[{"embeddable":true,"href":"https:\/\/footdavant.fr\/actualites\/wp-json\/wp\/v2\/users\/1"}],"replies":[{"embeddable":true,"href":"https:\/\/footdavant.fr\/actualites\/wp-json\/wp\/v2\/comments?post=8753"}],"version-history":[{"count":1,"href":"https:\/\/footdavant.fr\/actualites\/wp-json\/wp\/v2\/posts\/8753\/revisions"}],"predecessor-version":[{"id":8755,"href":"https:\/\/footdavant.fr\/actualites\/wp-json\/wp\/v2\/posts\/8753\/revisions\/8755"}],"wp:featuredmedia":[{"embeddable":true,"href":"https:\/\/footdavant.fr\/actualites\/wp-json\/wp\/v2\/media\/8754"}],"wp:attachment":[{"href":"https:\/\/footdavant.fr\/actualites\/wp-json\/wp\/v2\/media?parent=8753"}],"wp:term":[{"taxonomy":"category","embeddable":true,"href":"https:\/\/footdavant.fr\/actualites\/wp-json\/wp\/v2\/categories?post=8753"},{"taxonomy":"post_tag","embeddable":true,"href":"https:\/\/footdavant.fr\/actualites\/wp-json\/wp\/v2\/tags?post=8753"}],"curies":[{"name":"wp","href":"https:\/\/api.w.org\/{rel}","templated":true}]}}