{"id":8762,"date":"2024-05-14T22:50:03","date_gmt":"2024-05-14T20:50:03","guid":{"rendered":"https:\/\/footdavant.fr\/actualites\/arsenal-identifie-trois-priorites-pour-le-mercato-dete\/"},"modified":"2024-05-14T22:50:04","modified_gmt":"2024-05-14T20:50:04","slug":"arsenal-identifie-trois-priorites-pour-le-mercato-dete","status":"publish","type":"post","link":"https:\/\/footdavant.fr\/actualites\/arsenal-identifie-trois-priorites-pour-le-mercato-dete\/","title":{"rendered":"Arsenal \u00ab\u00a0identifie trois priorit\u00e9s pour le mercato d&#39;\u00e9t\u00e9\u00a0\u00bb"},"content":{"rendered":"<p>Arsenal aurait l&#39;intention de donner la priorit\u00e9 \u00e0 la signature d&#39;un nouveau d\u00e9fenseur, milieu de terrain et attaquant lors du mercato estival.<\/p>\n<div id=\"article_body\" itemprop=\"articleBody\">\n<h3 class=\"firstPara\">\n<strong class=\"autotag\">Arsenal<\/strong> auraient identifi\u00e9 les trois domaines prioritaires \u00e0 renforcer lors du mercato de cet \u00e9t\u00e9.<\/h3>\n<p>Une autre p\u00e9riode de progression soutenue sous <strong class=\"autotag\">Mikel Arteta<\/strong> a vu les Gunners pousser Manchester City jusqu&#39;au bout dans la course au titre, qui se d\u00e9roulera jusqu&#39;\u00e0 la derni\u00e8re journ\u00e9e de la saison.<\/p>\n<p>Arsenal est revenu en t\u00eate du classement de la Premier League gr\u00e2ce \u00e0 un succ\u00e8s 1-0 contre Manchester United dimanche apr\u00e8s-midi, o\u00f9 <strong class=\"autotag\">L\u00e9andro Trossard<\/strong> a marqu\u00e9 le seul but du match \u00e0 Old Trafford.<\/p>\n<p>Par cons\u00e9quent, les troupes d&#39;Arteta ont un point d&#39;avance sur Man City ayant jou\u00e9 un match de plus, mais battre Everton lors de la derni\u00e8re journ\u00e9e ne suffira pas si les champions remportent leurs deux derniers matches.<\/p>\n<p>Cependant, les Gunners ont la garantie d&#39;une autre place parmi les deux premiers, et les propri\u00e9taires sont pr\u00eats \u00e0 soutenir Arteta et le directeur sportif. <strong class=\"autotag\">\u00c9du<\/strong> sur le march\u00e9 des transferts avant une autre campagne de Ligue des champions.<\/p>\n<p class=\"imgI\">\n<h2>Arsenal \u00ab\u00a0ciblera le d\u00e9fenseur, le milieu de terrain et l&#39;attaquant cet \u00e9t\u00e9\u00a0\u00bb<\/h2>\n<p>Selon le <em>Norme du soir<\/em>Arsenal souhaite recruter un nouveau d\u00e9fenseur, un nouveau milieu de terrain et un nouveau visage en attaque pendant la fen\u00eatre estivale, \u00e0 l&#39;instar des trois signatures marquantes de l&#39;ann\u00e9e derni\u00e8re. <strong class=\"autotag\">Jurrien Bois<\/strong>, <strong class=\"autotag\">Declan Riz<\/strong> et <strong class=\"autotag\">Kai Havertz<\/strong>.<\/p>\n<p>Un nouvel arri\u00e8re gauche a \u00e9t\u00e9 mentionn\u00e9, mais le retour en forme de Timber donnera \u00e0 Arsenal quatre options dans ce domaine. <strong class=\"autotag\">Jakub Kiwior<\/strong>, <strong class=\"autotag\">Takehiro Tomiyasu<\/strong> et <strong class=\"autotag\">Alexandre Zinchenko<\/strong>.<\/p>\n<p>Les deux premiers et Timber peuvent \u00e9galement \u00eatre d\u00e9ploy\u00e9s en position centrale, mais le num\u00e9ro six devrait \u00eatre prioritaire, malgr\u00e9 les <strong class=\"autotag\">Jorginho<\/strong>la prolongation du contrat de et <strong class=\"autotag\">Thomas Partey<\/strong>la r\u00e9cente renaissance.<\/p>\n<p>Everton <strong class=\"autotag\">Amadou Onana<\/strong>Newcastle United <strong class=\"autotag\">Bruno Guimaraes<\/strong>Aston Villas <strong class=\"autotag\">Douglas Luiz<\/strong> et la Real Sociedad <strong class=\"autotag\">Martin Zubimendi<\/strong> font partie des noms \u00e9voqu\u00e9s, tout comme celui du Bayern Munich. <strong class=\"autotag\">Josu\u00e9 Kimmich<\/strong>mais l&#39;Allemand est revenu \u00e0 un r\u00f4le d&#39;arri\u00e8re droit cette saison.<\/p>\n<p>La pie de Guimaraes <strong class=\"autotag\">Alexandre Isak<\/strong> On pense maintenant qu&#39;il est devenu la cible num\u00e9ro un dans le dernier tiers, apr\u00e8s que les Gunners ont refroidi leur int\u00e9r\u00eat pour le joueur de Brentford. <strong class=\"autotag\">Ivan Toney<\/strong>.<\/p>\n<h2>Arsenal \u00ab envisage \u00e9galement un nouveau gardien pour 2024-25 \u00bb<\/h2>\n<p class=\"imgI\"><img decoding=\"async\" loading=\"lazy\" class=\"l\" src=\"https:\/\/footdavant.fr\/actualites\/wp-content\/uploads\/2024\/05\/Arsenal-identifie-trois-priorites-pour-le-mercato-d39ete.jpeg\" title=\"Aaron Ramsdale en action pour Arsenal le 12 d\u00e9cembre 2023\" alt=\"Aaron Ramsdale en action pour Arsenal le 12 d\u00e9cembre 2023\" width=\"640\" height=\"480\"><\/p>\n<p>En plus des trois positions de champ ext\u00e9rieur, le rapport ajoute qu&#39;un gardien de but figure en bas de la liste des priorit\u00e9s, mais les Gunners devraient toujours \u00eatre \u00e0 la recherche d&#39;un nouveau buteur si <strong class=\"autotag\">Aaron Ramsdale<\/strong> se dirige ailleurs.<\/p>\n<p>L&#39;international anglais a \u00e9t\u00e9 rel\u00e9gu\u00e9 au deuxi\u00e8me rang derri\u00e8re <strong class=\"autotag\">David Raya<\/strong> pendant la tr\u00eave internationale de septembre, et il devrait faire pression pour une sortie lors du mercato d&#39;\u00e9t\u00e9 \u00e0 la recherche de minutes r\u00e9guli\u00e8res, sinon sa place dans l&#39;\u00e9quipe des Trois Lions sera menac\u00e9e.<\/p>\n<p>Les deux <strong class=\"autotag\">Karl Hein<\/strong> et <strong class=\"autotag\">Arthur Okonkwo<\/strong> \u2013 qui a pass\u00e9 la saison 2023-24 en pr\u00eat avec Wrexham, en Ligue 1 \u2013 pourrait partir en tant qu&#39;agent libre cet \u00e9t\u00e9, et on pense que les Gunners ciblent Sunderland. <strong class=\"autotag\">Anthony Patterson<\/strong> comme remplacement possible.<\/p>\n<p>Les hommes d&#39;Arteta passeront au moins 48 heures au sommet du classement de la Premier League avant que Man City ne se dirige vers son rival du nord de Londres, Tottenham Hotspur, mardi soir, o\u00f9 tout autre chose qu&#39;une victoire des Citizens place le sort du titre entre les mains d&#39;Arsenal. dans le dernier week-end.<\/p>\n<\/div>\n","protected":false},"excerpt":{"rendered":"<p>Arsenal aurait l&#39;intention de donner la priorit\u00e9 \u00e0 la signature d&#39;un nouveau d\u00e9fenseur, milieu de terrain et attaquant lors du mercato estival. Arsenal auraient identifi\u00e9<\/p>\n","protected":false},"author":1,"featured_media":8763,"comment_status":"closed","ping_status":"","sticky":false,"template":"","format":"standard","meta":{"footnotes":""},"categories":[5],"tags":[67,4968,1349,603,51,4967,947],"yoast_head":"<!-- This site is optimized with the Yoast SEO plugin v21.0 - https:\/\/yoast.com\/wordpress\/plugins\/seo\/ -->\n<title>Arsenal &quot;identifie trois priorit\u00e9s pour le mercato d&#039;\u00e9t\u00e9&quot;<\/title>\n<meta name=\"robots\" content=\"index, follow, max-snippet:-1, max-image-preview:large, max-video-preview:-1\" \/>\n<link rel=\"canonical\" href=\"https:\/\/footdavant.fr\/actualites\/arsenal-identifie-trois-priorites-pour-le-mercato-dete\/\" \/>\n<meta property=\"og:locale\" content=\"fr_FR\" \/>\n<meta property=\"og:type\" content=\"article\" \/>\n<meta property=\"og:title\" content=\"Arsenal &quot;identifie trois priorit\u00e9s pour le mercato d&#039;\u00e9t\u00e9&quot;\" \/>\n<meta property=\"og:description\" content=\"Arsenal aurait l&#039;intention de donner la priorit\u00e9 \u00e0 la signature d&#039;un nouveau d\u00e9fenseur, milieu de terrain et attaquant lors du mercato estival. Arsenal auraient identifi\u00e9\" \/>\n<meta property=\"og:url\" content=\"https:\/\/footdavant.fr\/actualites\/arsenal-identifie-trois-priorites-pour-le-mercato-dete\/\" \/>\n<meta property=\"og:site_name\" content=\"Foot d&#039;avant\" \/>\n<meta property=\"article:publisher\" content=\"https:\/\/www.facebook.com\/Footdavant\/\" \/>\n<meta property=\"article:published_time\" content=\"2024-05-14T20:50:03+00:00\" \/>\n<meta property=\"article:modified_time\" content=\"2024-05-14T20:50:04+00:00\" \/>\n<meta property=\"og:image\" content=\"https:\/\/footdavant.fr\/actualites\/wp-content\/uploads\/2024\/05\/Arsenal-identifie-trois-priorites-pour-le-mercato-d39ete.jpg\" \/>\n\t<meta property=\"og:image:width\" content=\"640\" \/>\n\t<meta property=\"og:image:height\" content=\"480\" \/>\n\t<meta property=\"og:image:type\" content=\"image\/jpeg\" \/>\n<meta name=\"author\" content=\"Cl\u00e9ment\" \/>\n<meta name=\"twitter:card\" content=\"summary_large_image\" \/>\n<meta name=\"twitter:creator\" content=\"@FootdavantFr\" \/>\n<meta name=\"twitter:site\" content=\"@FootdavantFr\" \/>\n<meta name=\"twitter:label1\" content=\"\u00c9crit par\" \/>\n\t<meta name=\"twitter:data1\" content=\"Cl\u00e9ment\" \/>\n\t<meta name=\"twitter:label2\" content=\"Dur\u00e9e de lecture estim\u00e9e\" \/>\n\t<meta name=\"twitter:data2\" content=\"3 minutes\" \/>\n<script type=\"application\/ld+json\" class=\"yoast-schema-graph\">{\"@context\":\"https:\/\/schema.org\",\"@graph\":[{\"@type\":\"Article\",\"@id\":\"https:\/\/footdavant.fr\/actualites\/arsenal-identifie-trois-priorites-pour-le-mercato-dete\/#article\",\"isPartOf\":{\"@id\":\"https:\/\/footdavant.fr\/actualites\/arsenal-identifie-trois-priorites-pour-le-mercato-dete\/\"},\"author\":{\"name\":\"Cl\u00e9ment\",\"@id\":\"https:\/\/footdavant.fr\/actualites\/#\/schema\/person\/bc222566d95871b37e597b3ed3ba5e1d\"},\"headline\":\"Arsenal \u00ab\u00a0identifie trois priorit\u00e9s pour le mercato d&#39;\u00e9t\u00e9\u00a0\u00bb\",\"datePublished\":\"2024-05-14T20:50:03+00:00\",\"dateModified\":\"2024-05-14T20:50:04+00:00\",\"mainEntityOfPage\":{\"@id\":\"https:\/\/footdavant.fr\/actualites\/arsenal-identifie-trois-priorites-pour-le-mercato-dete\/\"},\"wordCount\":617,\"publisher\":{\"@id\":\"https:\/\/footdavant.fr\/actualites\/#organization\"},\"keywords\":[\"Arsenal\",\"d39\u00e9t\u00e9\",\"identifie\",\"mercato\",\"pour\",\"priorit\u00e9s\",\"trois\"],\"articleSection\":[\"Premier League\"],\"inLanguage\":\"fr-FR\"},{\"@type\":\"WebPage\",\"@id\":\"https:\/\/footdavant.fr\/actualites\/arsenal-identifie-trois-priorites-pour-le-mercato-dete\/\",\"url\":\"https:\/\/footdavant.fr\/actualites\/arsenal-identifie-trois-priorites-pour-le-mercato-dete\/\",\"name\":\"Arsenal \\\"identifie trois priorit\u00e9s pour le mercato d&#39;\u00e9t\u00e9\\\"\",\"isPartOf\":{\"@id\":\"https:\/\/footdavant.fr\/actualites\/#website\"},\"datePublished\":\"2024-05-14T20:50:03+00:00\",\"dateModified\":\"2024-05-14T20:50:04+00:00\",\"breadcrumb\":{\"@id\":\"https:\/\/footdavant.fr\/actualites\/arsenal-identifie-trois-priorites-pour-le-mercato-dete\/#breadcrumb\"},\"inLanguage\":\"fr-FR\",\"potentialAction\":[{\"@type\":\"ReadAction\",\"target\":[\"https:\/\/footdavant.fr\/actualites\/arsenal-identifie-trois-priorites-pour-le-mercato-dete\/\"]}]},{\"@type\":\"BreadcrumbList\",\"@id\":\"https:\/\/footdavant.fr\/actualites\/arsenal-identifie-trois-priorites-pour-le-mercato-dete\/#breadcrumb\",\"itemListElement\":[{\"@type\":\"ListItem\",\"position\":1,\"name\":\"Accueil\",\"item\":\"https:\/\/footdavant.fr\/actualites\/\"},{\"@type\":\"ListItem\",\"position\":2,\"name\":\"Arsenal \u00ab\u00a0identifie trois priorit\u00e9s pour le mercato d&#39;\u00e9t\u00e9\u00a0\u00bb\"}]},{\"@type\":\"WebSite\",\"@id\":\"https:\/\/footdavant.fr\/actualites\/#website\",\"url\":\"https:\/\/footdavant.fr\/actualites\/\",\"name\":\"Foot d'avant\",\"description\":\"\",\"publisher\":{\"@id\":\"https:\/\/footdavant.fr\/actualites\/#organization\"},\"potentialAction\":[{\"@type\":\"SearchAction\",\"target\":{\"@type\":\"EntryPoint\",\"urlTemplate\":\"https:\/\/footdavant.fr\/actualites\/?s={search_term_string}\"},\"query-input\":\"required name=search_term_string\"}],\"inLanguage\":\"fr-FR\"},{\"@type\":\"Organization\",\"@id\":\"https:\/\/footdavant.fr\/actualites\/#organization\",\"name\":\"Foot d'avant\",\"url\":\"https:\/\/footdavant.fr\/actualites\/\",\"logo\":{\"@type\":\"ImageObject\",\"inLanguage\":\"fr-FR\",\"@id\":\"https:\/\/footdavant.fr\/actualites\/#\/schema\/logo\/image\/\",\"url\":\"https:\/\/footdavant.fr\/actualites\/wp-content\/uploads\/2023\/09\/Copy-of-FootDavant-Logo.png\",\"contentUrl\":\"https:\/\/footdavant.fr\/actualites\/wp-content\/uploads\/2023\/09\/Copy-of-FootDavant-Logo.png\",\"width\":936,\"height\":549,\"caption\":\"Foot d'avant\"},\"image\":{\"@id\":\"https:\/\/footdavant.fr\/actualites\/#\/schema\/logo\/image\/\"},\"sameAs\":[\"https:\/\/www.facebook.com\/Footdavant\/\",\"https:\/\/twitter.com\/FootdavantFr\",\"https:\/\/www.instagram.com\/footdavant.fr\/\"]},{\"@type\":\"Person\",\"@id\":\"https:\/\/footdavant.fr\/actualites\/#\/schema\/person\/bc222566d95871b37e597b3ed3ba5e1d\",\"name\":\"Cl\u00e9ment\",\"image\":{\"@type\":\"ImageObject\",\"inLanguage\":\"fr-FR\",\"@id\":\"https:\/\/footdavant.fr\/actualites\/#\/schema\/person\/image\/\",\"url\":\"https:\/\/secure.gravatar.com\/avatar\/7728b29aac2719421e1a9159b2254c44?s=96&d=mm&r=g\",\"contentUrl\":\"https:\/\/secure.gravatar.com\/avatar\/7728b29aac2719421e1a9159b2254c44?s=96&d=mm&r=g\",\"caption\":\"Cl\u00e9ment\"},\"sameAs\":[\"https:\/\/footdavant.fr\/\"]}]}<\/script>\n<!-- \/ Yoast SEO plugin. -->","yoast_head_json":{"title":"Arsenal \"identifie trois priorit\u00e9s pour le mercato d&#39;\u00e9t\u00e9\"","robots":{"index":"index","follow":"follow","max-snippet":"max-snippet:-1","max-image-preview":"max-image-preview:large","max-video-preview":"max-video-preview:-1"},"canonical":"https:\/\/footdavant.fr\/actualites\/arsenal-identifie-trois-priorites-pour-le-mercato-dete\/","og_locale":"fr_FR","og_type":"article","og_title":"Arsenal \"identifie trois priorit\u00e9s pour le mercato d&#39;\u00e9t\u00e9\"","og_description":"Arsenal aurait l&#39;intention de donner la priorit\u00e9 \u00e0 la signature d&#39;un nouveau d\u00e9fenseur, milieu de terrain et attaquant lors du mercato estival. Arsenal auraient identifi\u00e9","og_url":"https:\/\/footdavant.fr\/actualites\/arsenal-identifie-trois-priorites-pour-le-mercato-dete\/","og_site_name":"Foot d&#039;avant","article_publisher":"https:\/\/www.facebook.com\/Footdavant\/","article_published_time":"2024-05-14T20:50:03+00:00","article_modified_time":"2024-05-14T20:50:04+00:00","og_image":[{"width":640,"height":480,"url":"https:\/\/footdavant.fr\/actualites\/wp-content\/uploads\/2024\/05\/Arsenal-identifie-trois-priorites-pour-le-mercato-d39ete.jpg","type":"image\/jpeg"}],"author":"Cl\u00e9ment","twitter_card":"summary_large_image","twitter_creator":"@FootdavantFr","twitter_site":"@FootdavantFr","twitter_misc":{"\u00c9crit par":"Cl\u00e9ment","Dur\u00e9e de lecture estim\u00e9e":"3 minutes"},"schema":{"@context":"https:\/\/schema.org","@graph":[{"@type":"Article","@id":"https:\/\/footdavant.fr\/actualites\/arsenal-identifie-trois-priorites-pour-le-mercato-dete\/#article","isPartOf":{"@id":"https:\/\/footdavant.fr\/actualites\/arsenal-identifie-trois-priorites-pour-le-mercato-dete\/"},"author":{"name":"Cl\u00e9ment","@id":"https:\/\/footdavant.fr\/actualites\/#\/schema\/person\/bc222566d95871b37e597b3ed3ba5e1d"},"headline":"Arsenal \u00ab\u00a0identifie trois priorit\u00e9s pour le mercato d&#39;\u00e9t\u00e9\u00a0\u00bb","datePublished":"2024-05-14T20:50:03+00:00","dateModified":"2024-05-14T20:50:04+00:00","mainEntityOfPage":{"@id":"https:\/\/footdavant.fr\/actualites\/arsenal-identifie-trois-priorites-pour-le-mercato-dete\/"},"wordCount":617,"publisher":{"@id":"https:\/\/footdavant.fr\/actualites\/#organization"},"keywords":["Arsenal","d39\u00e9t\u00e9","identifie","mercato","pour","priorit\u00e9s","trois"],"articleSection":["Premier League"],"inLanguage":"fr-FR"},{"@type":"WebPage","@id":"https:\/\/footdavant.fr\/actualites\/arsenal-identifie-trois-priorites-pour-le-mercato-dete\/","url":"https:\/\/footdavant.fr\/actualites\/arsenal-identifie-trois-priorites-pour-le-mercato-dete\/","name":"Arsenal \"identifie trois priorit\u00e9s pour le mercato d&#39;\u00e9t\u00e9\"","isPartOf":{"@id":"https:\/\/footdavant.fr\/actualites\/#website"},"datePublished":"2024-05-14T20:50:03+00:00","dateModified":"2024-05-14T20:50:04+00:00","breadcrumb":{"@id":"https:\/\/footdavant.fr\/actualites\/arsenal-identifie-trois-priorites-pour-le-mercato-dete\/#breadcrumb"},"inLanguage":"fr-FR","potentialAction":[{"@type":"ReadAction","target":["https:\/\/footdavant.fr\/actualites\/arsenal-identifie-trois-priorites-pour-le-mercato-dete\/"]}]},{"@type":"BreadcrumbList","@id":"https:\/\/footdavant.fr\/actualites\/arsenal-identifie-trois-priorites-pour-le-mercato-dete\/#breadcrumb","itemListElement":[{"@type":"ListItem","position":1,"name":"Accueil","item":"https:\/\/footdavant.fr\/actualites\/"},{"@type":"ListItem","position":2,"name":"Arsenal \u00ab\u00a0identifie trois priorit\u00e9s pour le mercato d&#39;\u00e9t\u00e9\u00a0\u00bb"}]},{"@type":"WebSite","@id":"https:\/\/footdavant.fr\/actualites\/#website","url":"https:\/\/footdavant.fr\/actualites\/","name":"Foot d'avant","description":"","publisher":{"@id":"https:\/\/footdavant.fr\/actualites\/#organization"},"potentialAction":[{"@type":"SearchAction","target":{"@type":"EntryPoint","urlTemplate":"https:\/\/footdavant.fr\/actualites\/?s={search_term_string}"},"query-input":"required name=search_term_string"}],"inLanguage":"fr-FR"},{"@type":"Organization","@id":"https:\/\/footdavant.fr\/actualites\/#organization","name":"Foot d'avant","url":"https:\/\/footdavant.fr\/actualites\/","logo":{"@type":"ImageObject","inLanguage":"fr-FR","@id":"https:\/\/footdavant.fr\/actualites\/#\/schema\/logo\/image\/","url":"https:\/\/footdavant.fr\/actualites\/wp-content\/uploads\/2023\/09\/Copy-of-FootDavant-Logo.png","contentUrl":"https:\/\/footdavant.fr\/actualites\/wp-content\/uploads\/2023\/09\/Copy-of-FootDavant-Logo.png","width":936,"height":549,"caption":"Foot d'avant"},"image":{"@id":"https:\/\/footdavant.fr\/actualites\/#\/schema\/logo\/image\/"},"sameAs":["https:\/\/www.facebook.com\/Footdavant\/","https:\/\/twitter.com\/FootdavantFr","https:\/\/www.instagram.com\/footdavant.fr\/"]},{"@type":"Person","@id":"https:\/\/footdavant.fr\/actualites\/#\/schema\/person\/bc222566d95871b37e597b3ed3ba5e1d","name":"Cl\u00e9ment","image":{"@type":"ImageObject","inLanguage":"fr-FR","@id":"https:\/\/footdavant.fr\/actualites\/#\/schema\/person\/image\/","url":"https:\/\/secure.gravatar.com\/avatar\/7728b29aac2719421e1a9159b2254c44?s=96&d=mm&r=g","contentUrl":"https:\/\/secure.gravatar.com\/avatar\/7728b29aac2719421e1a9159b2254c44?s=96&d=mm&r=g","caption":"Cl\u00e9ment"},"sameAs":["https:\/\/footdavant.fr\/"]}]}},"_links":{"self":[{"href":"https:\/\/footdavant.fr\/actualites\/wp-json\/wp\/v2\/posts\/8762"}],"collection":[{"href":"https:\/\/footdavant.fr\/actualites\/wp-json\/wp\/v2\/posts"}],"about":[{"href":"https:\/\/footdavant.fr\/actualites\/wp-json\/wp\/v2\/types\/post"}],"author":[{"embeddable":true,"href":"https:\/\/footdavant.fr\/actualites\/wp-json\/wp\/v2\/users\/1"}],"replies":[{"embeddable":true,"href":"https:\/\/footdavant.fr\/actualites\/wp-json\/wp\/v2\/comments?post=8762"}],"version-history":[{"count":1,"href":"https:\/\/footdavant.fr\/actualites\/wp-json\/wp\/v2\/posts\/8762\/revisions"}],"predecessor-version":[{"id":8764,"href":"https:\/\/footdavant.fr\/actualites\/wp-json\/wp\/v2\/posts\/8762\/revisions\/8764"}],"wp:featuredmedia":[{"embeddable":true,"href":"https:\/\/footdavant.fr\/actualites\/wp-json\/wp\/v2\/media\/8763"}],"wp:attachment":[{"href":"https:\/\/footdavant.fr\/actualites\/wp-json\/wp\/v2\/media?parent=8762"}],"wp:term":[{"taxonomy":"category","embeddable":true,"href":"https:\/\/footdavant.fr\/actualites\/wp-json\/wp\/v2\/categories?post=8762"},{"taxonomy":"post_tag","embeddable":true,"href":"https:\/\/footdavant.fr\/actualites\/wp-json\/wp\/v2\/tags?post=8762"}],"curies":[{"name":"wp","href":"https:\/\/api.w.org\/{rel}","templated":true}]}}