{"id":898,"date":"2023-11-14T08:12:39","date_gmt":"2023-11-14T07:12:39","guid":{"rendered":"https:\/\/footdavant.fr\/actualites\/ederson-de-manchester-city-se-retire-de-lequipe-du-bresil\/"},"modified":"2023-11-14T08:12:40","modified_gmt":"2023-11-14T07:12:40","slug":"ederson-de-manchester-city-se-retire-de-lequipe-du-bresil","status":"publish","type":"post","link":"https:\/\/footdavant.fr\/actualites\/ederson-de-manchester-city-se-retire-de-lequipe-du-bresil\/","title":{"rendered":"Ederson de Manchester City se retire de l&rsquo;\u00e9quipe du Br\u00e9sil"},"content":{"rendered":"<p>Le gardien de Manchester City se retire de l&rsquo;\u00e9quipe du Br\u00e9sil pour les prochains \u00e9liminatoires de la Coupe du monde contre la Colombie et l&rsquo;Argentine.<\/p>\n<div id=\"article_body\" itemprop=\"articleBody\">\n<h3 class=\"firstPara\">\n<strong class=\"autotag\">Manchester City<\/strong> gardien de but <strong class=\"autotag\">Ederson<\/strong> s&rsquo;est retir\u00e9 du <strong class=\"autotag\">Br\u00e9sil<\/strong> \u00e9quipe en raison d&rsquo;une blessure.<\/h3>\n<p>Ederson \u00e9tait l&rsquo;un des trois gardiens de but inclus dans <strong class=\"autotag\">Fernando Diniz<\/strong>L&rsquo;\u00e9quipe initiale de Liverpool aux c\u00f4t\u00e9s de celle de Liverpool <strong class=\"autotag\">Alisson Becker<\/strong> et celui de Botafago <strong class=\"autotag\">Lucas Perri<\/strong>.<\/p>\n<p>Cependant, il a maintenant \u00e9t\u00e9 contraint de se retirer apr\u00e8s s&rsquo;\u00eatre bless\u00e9 au pied lors du match nul 4-4 de Man City contre Chelsea dimanche.<\/p>\n<p>Le Br\u00e9sil a ensuite appel\u00e9 le gardien de l&rsquo;Athletico Paranaense <strong class=\"autotag\">Bento<\/strong> en remplacement d&rsquo;Ederson pour le prochain <strong class=\"autotag\">Coupe du monde<\/strong> \u00e9liminatoires contre la Colombie et l&rsquo;Argentine.<\/p>\n<p>Le probl\u00e8me des blessures sera un coup dur pour Ederson, qui a r\u00e9ussi \u00e0 s&rsquo;imposer comme le gardien de premier choix du Br\u00e9sil lors de la campagne de qualification en cours.<\/p>\n<p class=\"imgI\">\n<p>Le joueur de 30 ans a particip\u00e9 aux quatre matchs de qualification pour la Coupe du monde 2026, mais il est d\u00e9sormais sur le point de c\u00e9der sa place \u00e0 Alisson.<\/p>\n<p>Outre Ederson, Diniz ne peut pas non plus faire appel \u00e0 <strong class=\"autotag\">Casemiro<\/strong>, <strong class=\"autotag\">Neymar<\/strong> et <strong class=\"autotag\">Richarlison<\/strong>tandis que l&rsquo;attaquant d&rsquo;Arsenal <strong class=\"autotag\">Gabriel J\u00e9sus<\/strong> est un doute majeur.<\/p>\n<p>Jesus a rat\u00e9 les cinq derniers matches d&rsquo;Arsenal en raison d&rsquo;une blessure aux ischio-jambiers, et il va d\u00e9sormais \u00eatre \u00e9valu\u00e9 par le staff m\u00e9dical br\u00e9silien avant qu&rsquo;une d\u00e9cision finale ne soit prise quant \u00e0 sa disponibilit\u00e9.<\/p>\n<p>Entre-temps, <strong class=\"autotag\">Pep Guardiola<\/strong> J&rsquo;esp\u00e8re que le probl\u00e8me de blessure d&rsquo;Ederson n&rsquo;est pas trop grave, les Citizens devant affronter Liverpool le 25 novembre.<\/p>\n<p class=\"imgI\"><img decoding=\"async\" loading=\"lazy\" class=\"l\" src=\"https:\/\/footdavant.fr\/actualites\/wp-content\/uploads\/2023\/11\/1699945959_858_Ederson-de-Manchester-City-se-retire-de-lequipe-du-Bresil.jpg\" title=\"Le manager de Manchester City, Pep Guardiola, c\u00e9l\u00e8bre apr\u00e8s le match du 29 octobre 2023.\" alt=\"Le manager de Manchester City, Pep Guardiola, c\u00e9l\u00e8bre apr\u00e8s le match du 29 octobre 2023.\" width=\"640\" height=\"480\"><\/p>\n<p>Le manager de Man City doit d\u00e9j\u00e0 faire face \u00e0 un certain nombre de probl\u00e8mes de blessures, notamment celui de l&rsquo;international n\u00e9erlandais. <strong class=\"autotag\">Nathan Ak\u00e9<\/strong>.<\/p>\n<p>Le d\u00e9fenseur, qui n&rsquo;a pas particip\u00e9 au match nul de dimanche contre Chelsea, a \u00e9t\u00e9 contraint de se retirer de l&rsquo;\u00e9quipe n\u00e9erlandaise pour ses deux derniers matchs de qualification pour l&rsquo;Euro 2024.<\/p>\n<p>Ake ajoute aux probl\u00e8mes de blessures d\u00e9fensives de Man City, avec <strong class=\"autotag\">John Pierres<\/strong> soigne actuellement une blessure musculaire apr\u00e8s avoir \u00e9t\u00e9 expuls\u00e9 lors de la r\u00e9cente victoire 3-0 en Ligue des champions contre les Young Boys.<\/p>\n<p>Guardiola reste sans absent de longue dur\u00e9e <strong class=\"autotag\">K\u00e9vin De Bruyne<\/strong>qui continue de se remettre d&rsquo;un probl\u00e8me aux ischio-jambiers, tandis que <strong class=\"autotag\">Sergio G\u00f3mez<\/strong> est actuellement mis \u00e0 l&rsquo;\u00e9cart en raison d&rsquo;un probl\u00e8me \u00e0 la cheville.<\/p>\n<\/div>\n","protected":false},"excerpt":{"rendered":"<p>Le gardien de Manchester City se retire de l&rsquo;\u00e9quipe du Br\u00e9sil pour les prochains \u00e9liminatoires de la Coupe du monde contre la Colombie et l&rsquo;Argentine.<\/p>\n","protected":false},"author":1,"featured_media":899,"comment_status":"closed","ping_status":"","sticky":false,"template":"","format":"standard","meta":{"footnotes":""},"categories":[5],"tags":[1052,27,1050,9,11,1051],"yoast_head":"<!-- This site is optimized with the Yoast SEO plugin v21.0 - https:\/\/yoast.com\/wordpress\/plugins\/seo\/ -->\n<title>Ederson de Manchester City se retire de l&#039;\u00e9quipe du Br\u00e9sil<\/title>\n<meta name=\"robots\" content=\"index, follow, max-snippet:-1, max-image-preview:large, max-video-preview:-1\" \/>\n<link rel=\"canonical\" href=\"https:\/\/footdavant.fr\/actualites\/ederson-de-manchester-city-se-retire-de-lequipe-du-bresil\/\" \/>\n<meta property=\"og:locale\" content=\"fr_FR\" \/>\n<meta property=\"og:type\" content=\"article\" \/>\n<meta property=\"og:title\" content=\"Ederson de Manchester City se retire de l&#039;\u00e9quipe du Br\u00e9sil\" \/>\n<meta property=\"og:description\" content=\"Le gardien de Manchester City se retire de l&rsquo;\u00e9quipe du Br\u00e9sil pour les prochains \u00e9liminatoires de la Coupe du monde contre la Colombie et l&rsquo;Argentine.\" \/>\n<meta property=\"og:url\" content=\"https:\/\/footdavant.fr\/actualites\/ederson-de-manchester-city-se-retire-de-lequipe-du-bresil\/\" \/>\n<meta property=\"og:site_name\" content=\"Foot d&#039;avant\" \/>\n<meta property=\"article:publisher\" content=\"https:\/\/www.facebook.com\/Footdavant\/\" \/>\n<meta property=\"article:published_time\" content=\"2023-11-14T07:12:39+00:00\" \/>\n<meta property=\"article:modified_time\" content=\"2023-11-14T07:12:40+00:00\" \/>\n<meta property=\"og:image\" content=\"https:\/\/footdavant.fr\/actualites\/wp-content\/uploads\/2023\/11\/Ederson-de-Manchester-City-se-retire-de-lequipe-du-Bresil.jpg\" \/>\n\t<meta property=\"og:image:width\" content=\"640\" \/>\n\t<meta property=\"og:image:height\" content=\"480\" \/>\n\t<meta property=\"og:image:type\" content=\"image\/jpeg\" \/>\n<meta name=\"author\" content=\"Cl\u00e9ment\" \/>\n<meta name=\"twitter:card\" content=\"summary_large_image\" \/>\n<meta name=\"twitter:creator\" content=\"@FootdavantFr\" \/>\n<meta name=\"twitter:site\" content=\"@FootdavantFr\" \/>\n<meta name=\"twitter:label1\" content=\"\u00c9crit par\" \/>\n\t<meta name=\"twitter:data1\" content=\"Cl\u00e9ment\" \/>\n\t<meta name=\"twitter:label2\" content=\"Dur\u00e9e de lecture estim\u00e9e\" \/>\n\t<meta name=\"twitter:data2\" content=\"2 minutes\" \/>\n<script type=\"application\/ld+json\" class=\"yoast-schema-graph\">{\"@context\":\"https:\/\/schema.org\",\"@graph\":[{\"@type\":\"Article\",\"@id\":\"https:\/\/footdavant.fr\/actualites\/ederson-de-manchester-city-se-retire-de-lequipe-du-bresil\/#article\",\"isPartOf\":{\"@id\":\"https:\/\/footdavant.fr\/actualites\/ederson-de-manchester-city-se-retire-de-lequipe-du-bresil\/\"},\"author\":{\"name\":\"Cl\u00e9ment\",\"@id\":\"https:\/\/footdavant.fr\/actualites\/#\/schema\/person\/bc222566d95871b37e597b3ed3ba5e1d\"},\"headline\":\"Ederson de Manchester City se retire de l&rsquo;\u00e9quipe du Br\u00e9sil\",\"datePublished\":\"2023-11-14T07:12:39+00:00\",\"dateModified\":\"2023-11-14T07:12:40+00:00\",\"mainEntityOfPage\":{\"@id\":\"https:\/\/footdavant.fr\/actualites\/ederson-de-manchester-city-se-retire-de-lequipe-du-bresil\/\"},\"wordCount\":428,\"publisher\":{\"@id\":\"https:\/\/footdavant.fr\/actualites\/#organization\"},\"keywords\":[\"Br\u00e9sil\",\"City\",\"Ederson\",\"l\u00e9quipe\",\"Manchester\",\"retire\"],\"articleSection\":[\"Premier League\"],\"inLanguage\":\"fr-FR\"},{\"@type\":\"WebPage\",\"@id\":\"https:\/\/footdavant.fr\/actualites\/ederson-de-manchester-city-se-retire-de-lequipe-du-bresil\/\",\"url\":\"https:\/\/footdavant.fr\/actualites\/ederson-de-manchester-city-se-retire-de-lequipe-du-bresil\/\",\"name\":\"Ederson de Manchester City se retire de l'\u00e9quipe du Br\u00e9sil\",\"isPartOf\":{\"@id\":\"https:\/\/footdavant.fr\/actualites\/#website\"},\"datePublished\":\"2023-11-14T07:12:39+00:00\",\"dateModified\":\"2023-11-14T07:12:40+00:00\",\"breadcrumb\":{\"@id\":\"https:\/\/footdavant.fr\/actualites\/ederson-de-manchester-city-se-retire-de-lequipe-du-bresil\/#breadcrumb\"},\"inLanguage\":\"fr-FR\",\"potentialAction\":[{\"@type\":\"ReadAction\",\"target\":[\"https:\/\/footdavant.fr\/actualites\/ederson-de-manchester-city-se-retire-de-lequipe-du-bresil\/\"]}]},{\"@type\":\"BreadcrumbList\",\"@id\":\"https:\/\/footdavant.fr\/actualites\/ederson-de-manchester-city-se-retire-de-lequipe-du-bresil\/#breadcrumb\",\"itemListElement\":[{\"@type\":\"ListItem\",\"position\":1,\"name\":\"Accueil\",\"item\":\"https:\/\/footdavant.fr\/actualites\/\"},{\"@type\":\"ListItem\",\"position\":2,\"name\":\"Ederson de Manchester City se retire de l&rsquo;\u00e9quipe du Br\u00e9sil\"}]},{\"@type\":\"WebSite\",\"@id\":\"https:\/\/footdavant.fr\/actualites\/#website\",\"url\":\"https:\/\/footdavant.fr\/actualites\/\",\"name\":\"Foot d'avant\",\"description\":\"\",\"publisher\":{\"@id\":\"https:\/\/footdavant.fr\/actualites\/#organization\"},\"potentialAction\":[{\"@type\":\"SearchAction\",\"target\":{\"@type\":\"EntryPoint\",\"urlTemplate\":\"https:\/\/footdavant.fr\/actualites\/?s={search_term_string}\"},\"query-input\":\"required name=search_term_string\"}],\"inLanguage\":\"fr-FR\"},{\"@type\":\"Organization\",\"@id\":\"https:\/\/footdavant.fr\/actualites\/#organization\",\"name\":\"Foot d'avant\",\"url\":\"https:\/\/footdavant.fr\/actualites\/\",\"logo\":{\"@type\":\"ImageObject\",\"inLanguage\":\"fr-FR\",\"@id\":\"https:\/\/footdavant.fr\/actualites\/#\/schema\/logo\/image\/\",\"url\":\"https:\/\/footdavant.fr\/actualites\/wp-content\/uploads\/2023\/09\/Copy-of-FootDavant-Logo.png\",\"contentUrl\":\"https:\/\/footdavant.fr\/actualites\/wp-content\/uploads\/2023\/09\/Copy-of-FootDavant-Logo.png\",\"width\":936,\"height\":549,\"caption\":\"Foot d'avant\"},\"image\":{\"@id\":\"https:\/\/footdavant.fr\/actualites\/#\/schema\/logo\/image\/\"},\"sameAs\":[\"https:\/\/www.facebook.com\/Footdavant\/\",\"https:\/\/twitter.com\/FootdavantFr\",\"https:\/\/www.instagram.com\/footdavant.fr\/\"]},{\"@type\":\"Person\",\"@id\":\"https:\/\/footdavant.fr\/actualites\/#\/schema\/person\/bc222566d95871b37e597b3ed3ba5e1d\",\"name\":\"Cl\u00e9ment\",\"image\":{\"@type\":\"ImageObject\",\"inLanguage\":\"fr-FR\",\"@id\":\"https:\/\/footdavant.fr\/actualites\/#\/schema\/person\/image\/\",\"url\":\"https:\/\/secure.gravatar.com\/avatar\/7728b29aac2719421e1a9159b2254c44?s=96&d=mm&r=g\",\"contentUrl\":\"https:\/\/secure.gravatar.com\/avatar\/7728b29aac2719421e1a9159b2254c44?s=96&d=mm&r=g\",\"caption\":\"Cl\u00e9ment\"},\"sameAs\":[\"https:\/\/footdavant.fr\/\"]}]}<\/script>\n<!-- \/ Yoast SEO plugin. -->","yoast_head_json":{"title":"Ederson de Manchester City se retire de l'\u00e9quipe du Br\u00e9sil","robots":{"index":"index","follow":"follow","max-snippet":"max-snippet:-1","max-image-preview":"max-image-preview:large","max-video-preview":"max-video-preview:-1"},"canonical":"https:\/\/footdavant.fr\/actualites\/ederson-de-manchester-city-se-retire-de-lequipe-du-bresil\/","og_locale":"fr_FR","og_type":"article","og_title":"Ederson de Manchester City se retire de l'\u00e9quipe du Br\u00e9sil","og_description":"Le gardien de Manchester City se retire de l&rsquo;\u00e9quipe du Br\u00e9sil pour les prochains \u00e9liminatoires de la Coupe du monde contre la Colombie et l&rsquo;Argentine.","og_url":"https:\/\/footdavant.fr\/actualites\/ederson-de-manchester-city-se-retire-de-lequipe-du-bresil\/","og_site_name":"Foot d&#039;avant","article_publisher":"https:\/\/www.facebook.com\/Footdavant\/","article_published_time":"2023-11-14T07:12:39+00:00","article_modified_time":"2023-11-14T07:12:40+00:00","og_image":[{"width":640,"height":480,"url":"https:\/\/footdavant.fr\/actualites\/wp-content\/uploads\/2023\/11\/Ederson-de-Manchester-City-se-retire-de-lequipe-du-Bresil.jpg","type":"image\/jpeg"}],"author":"Cl\u00e9ment","twitter_card":"summary_large_image","twitter_creator":"@FootdavantFr","twitter_site":"@FootdavantFr","twitter_misc":{"\u00c9crit par":"Cl\u00e9ment","Dur\u00e9e de lecture estim\u00e9e":"2 minutes"},"schema":{"@context":"https:\/\/schema.org","@graph":[{"@type":"Article","@id":"https:\/\/footdavant.fr\/actualites\/ederson-de-manchester-city-se-retire-de-lequipe-du-bresil\/#article","isPartOf":{"@id":"https:\/\/footdavant.fr\/actualites\/ederson-de-manchester-city-se-retire-de-lequipe-du-bresil\/"},"author":{"name":"Cl\u00e9ment","@id":"https:\/\/footdavant.fr\/actualites\/#\/schema\/person\/bc222566d95871b37e597b3ed3ba5e1d"},"headline":"Ederson de Manchester City se retire de l&rsquo;\u00e9quipe du Br\u00e9sil","datePublished":"2023-11-14T07:12:39+00:00","dateModified":"2023-11-14T07:12:40+00:00","mainEntityOfPage":{"@id":"https:\/\/footdavant.fr\/actualites\/ederson-de-manchester-city-se-retire-de-lequipe-du-bresil\/"},"wordCount":428,"publisher":{"@id":"https:\/\/footdavant.fr\/actualites\/#organization"},"keywords":["Br\u00e9sil","City","Ederson","l\u00e9quipe","Manchester","retire"],"articleSection":["Premier League"],"inLanguage":"fr-FR"},{"@type":"WebPage","@id":"https:\/\/footdavant.fr\/actualites\/ederson-de-manchester-city-se-retire-de-lequipe-du-bresil\/","url":"https:\/\/footdavant.fr\/actualites\/ederson-de-manchester-city-se-retire-de-lequipe-du-bresil\/","name":"Ederson de Manchester City se retire de l'\u00e9quipe du Br\u00e9sil","isPartOf":{"@id":"https:\/\/footdavant.fr\/actualites\/#website"},"datePublished":"2023-11-14T07:12:39+00:00","dateModified":"2023-11-14T07:12:40+00:00","breadcrumb":{"@id":"https:\/\/footdavant.fr\/actualites\/ederson-de-manchester-city-se-retire-de-lequipe-du-bresil\/#breadcrumb"},"inLanguage":"fr-FR","potentialAction":[{"@type":"ReadAction","target":["https:\/\/footdavant.fr\/actualites\/ederson-de-manchester-city-se-retire-de-lequipe-du-bresil\/"]}]},{"@type":"BreadcrumbList","@id":"https:\/\/footdavant.fr\/actualites\/ederson-de-manchester-city-se-retire-de-lequipe-du-bresil\/#breadcrumb","itemListElement":[{"@type":"ListItem","position":1,"name":"Accueil","item":"https:\/\/footdavant.fr\/actualites\/"},{"@type":"ListItem","position":2,"name":"Ederson de Manchester City se retire de l&rsquo;\u00e9quipe du Br\u00e9sil"}]},{"@type":"WebSite","@id":"https:\/\/footdavant.fr\/actualites\/#website","url":"https:\/\/footdavant.fr\/actualites\/","name":"Foot d'avant","description":"","publisher":{"@id":"https:\/\/footdavant.fr\/actualites\/#organization"},"potentialAction":[{"@type":"SearchAction","target":{"@type":"EntryPoint","urlTemplate":"https:\/\/footdavant.fr\/actualites\/?s={search_term_string}"},"query-input":"required name=search_term_string"}],"inLanguage":"fr-FR"},{"@type":"Organization","@id":"https:\/\/footdavant.fr\/actualites\/#organization","name":"Foot d'avant","url":"https:\/\/footdavant.fr\/actualites\/","logo":{"@type":"ImageObject","inLanguage":"fr-FR","@id":"https:\/\/footdavant.fr\/actualites\/#\/schema\/logo\/image\/","url":"https:\/\/footdavant.fr\/actualites\/wp-content\/uploads\/2023\/09\/Copy-of-FootDavant-Logo.png","contentUrl":"https:\/\/footdavant.fr\/actualites\/wp-content\/uploads\/2023\/09\/Copy-of-FootDavant-Logo.png","width":936,"height":549,"caption":"Foot d'avant"},"image":{"@id":"https:\/\/footdavant.fr\/actualites\/#\/schema\/logo\/image\/"},"sameAs":["https:\/\/www.facebook.com\/Footdavant\/","https:\/\/twitter.com\/FootdavantFr","https:\/\/www.instagram.com\/footdavant.fr\/"]},{"@type":"Person","@id":"https:\/\/footdavant.fr\/actualites\/#\/schema\/person\/bc222566d95871b37e597b3ed3ba5e1d","name":"Cl\u00e9ment","image":{"@type":"ImageObject","inLanguage":"fr-FR","@id":"https:\/\/footdavant.fr\/actualites\/#\/schema\/person\/image\/","url":"https:\/\/secure.gravatar.com\/avatar\/7728b29aac2719421e1a9159b2254c44?s=96&d=mm&r=g","contentUrl":"https:\/\/secure.gravatar.com\/avatar\/7728b29aac2719421e1a9159b2254c44?s=96&d=mm&r=g","caption":"Cl\u00e9ment"},"sameAs":["https:\/\/footdavant.fr\/"]}]}},"_links":{"self":[{"href":"https:\/\/footdavant.fr\/actualites\/wp-json\/wp\/v2\/posts\/898"}],"collection":[{"href":"https:\/\/footdavant.fr\/actualites\/wp-json\/wp\/v2\/posts"}],"about":[{"href":"https:\/\/footdavant.fr\/actualites\/wp-json\/wp\/v2\/types\/post"}],"author":[{"embeddable":true,"href":"https:\/\/footdavant.fr\/actualites\/wp-json\/wp\/v2\/users\/1"}],"replies":[{"embeddable":true,"href":"https:\/\/footdavant.fr\/actualites\/wp-json\/wp\/v2\/comments?post=898"}],"version-history":[{"count":1,"href":"https:\/\/footdavant.fr\/actualites\/wp-json\/wp\/v2\/posts\/898\/revisions"}],"predecessor-version":[{"id":900,"href":"https:\/\/footdavant.fr\/actualites\/wp-json\/wp\/v2\/posts\/898\/revisions\/900"}],"wp:featuredmedia":[{"embeddable":true,"href":"https:\/\/footdavant.fr\/actualites\/wp-json\/wp\/v2\/media\/899"}],"wp:attachment":[{"href":"https:\/\/footdavant.fr\/actualites\/wp-json\/wp\/v2\/media?parent=898"}],"wp:term":[{"taxonomy":"category","embeddable":true,"href":"https:\/\/footdavant.fr\/actualites\/wp-json\/wp\/v2\/categories?post=898"},{"taxonomy":"post_tag","embeddable":true,"href":"https:\/\/footdavant.fr\/actualites\/wp-json\/wp\/v2\/tags?post=898"}],"curies":[{"name":"wp","href":"https:\/\/api.w.org\/{rel}","templated":true}]}}