{"id":910,"date":"2023-11-14T13:48:52","date_gmt":"2023-11-14T12:48:52","guid":{"rendered":"https:\/\/footdavant.fr\/actualites\/martin-odegaard-a-rate-les-matchs-darsenal-apres-avoir-pris-le-ballon-face-a-face\/"},"modified":"2023-11-14T13:48:53","modified_gmt":"2023-11-14T12:48:53","slug":"martin-odegaard-a-rate-les-matchs-darsenal-apres-avoir-pris-le-ballon-face-a-face","status":"publish","type":"post","link":"https:\/\/footdavant.fr\/actualites\/martin-odegaard-a-rate-les-matchs-darsenal-apres-avoir-pris-le-ballon-face-a-face\/","title":{"rendered":"Martin Odegaard \u00ab\u00a0a rat\u00e9 les matchs d&rsquo;Arsenal apr\u00e8s avoir pris le ballon face \u00e0 face\u00a0\u00bb"},"content":{"rendered":"<p>Le capitaine d&rsquo;Arsenal, Martin Odegaard, aurait rat\u00e9 les affrontements des Gunners avec Newcastle United, S\u00e9ville et Burnley apr\u00e8s avoir re\u00e7u un ballon au visage \u00e0 l&rsquo;entra\u00eenement.<\/p>\n<div id=\"article_body\" itemprop=\"articleBody\">\n<h3 class=\"firstPara\">\n<strong class=\"autotag\">Arsenal<\/strong> capitaine <strong class=\"autotag\">Martin Odegaard<\/strong> aurait \u00e9t\u00e9 absent des affrontements des Gunners contre S\u00e9ville, Newcastle United et Burnley en raison du protocole de commotion c\u00e9r\u00e9brale apr\u00e8s avoir \u00e9t\u00e9 touch\u00e9 au visage avec un ballon pendant l&rsquo;entra\u00eenement.<\/h3>\n<p>L&rsquo;international norv\u00e9gien n&rsquo;a particip\u00e9 qu&rsquo;\u00e0 l&rsquo;un des cinq derniers matchs d&rsquo;Arsenal, tous tournois confondus, marquant une consolation en tant que rempla\u00e7ant lors d&rsquo;une d\u00e9faite 3-1 au quatri\u00e8me tour de la Coupe EFL contre West Ham United.<\/p>\n<p>Avant cette d\u00e9faite au stade de Londres, Odegaard n&rsquo;\u00e9tait qu&rsquo;un rempla\u00e7ant inutilis\u00e9 lors d&rsquo;une victoire 5-0 contre Sheffield United, car il est apparu qu&rsquo;il jouait \u00e0 cause d&rsquo;une blessure \u00e0 la hanche.<\/p>\n<p>Par cons\u00e9quent, <strong class=\"autotag\">Mikel Arteta<\/strong>La d\u00e9cision de le pr\u00e9senter pour la seconde moiti\u00e9 du choc de West Ham a naturellement suscit\u00e9 des questions, et l&rsquo;Espagnol a \u00e9t\u00e9 encore plus critiqu\u00e9 apr\u00e8s qu&rsquo;Odegaard ait rat\u00e9 la d\u00e9faite qui a suivi contre Newcastle United.<\/p>\n<p>M\u00eame s&rsquo;il n&rsquo;a perdu que face \u00e0 un match controvers\u00e9 <strong class=\"autotag\">Anthony Gordon<\/strong> but, Arsenal a cruellement manqu\u00e9 de cr\u00e9ativit\u00e9 \u00e0 St James&rsquo; Park sans Odegaard, qui n&rsquo;a pas non plus particip\u00e9 aux rencontres avec S\u00e9ville ou Burnley.<\/p>\n<p class=\"imgI\">\n<p>Heureusement pour Arsenal, ils n&rsquo;ont pas eu besoin des services d&rsquo;Odegaard pour mettre ces deux \u00e9quipes au fil de l&rsquo;\u00e9p\u00e9e, bien que l&rsquo;entra\u00eeneur-chef de la Norv\u00e8ge <strong class=\"autotag\">Solbakken rassis<\/strong> a r\u00e9cemment avou\u00e9 qu&rsquo;il \u00e9tait \u00ab\u00a0inquiet\u00a0\u00bb de la forme physique du joueur de 24 ans apr\u00e8s l&rsquo;avoir convoqu\u00e9 pour les \u00e9liminatoires de l&rsquo;Euro 2024 en novembre.<\/p>\n<p>Cependant, le <em>Courrier quotidien<\/em> rapporte que la r\u00e9cente absence du meneur de jeu n&rsquo;a rien \u00e0 voir avec son pr\u00e9c\u00e9dent probl\u00e8me de hanche, mais plut\u00f4t un accident anormal sur les terrains d&rsquo;entra\u00eenement de London Colney.<\/p>\n<p>Le rapport indique qu&rsquo;un ballon a \u00e9t\u00e9 envoy\u00e9 au visage d&rsquo;Odegaard avant la d\u00e9faite d&rsquo;Arsenal contre Newcastle, et que le coup \u00e9tait suffisamment grave pour exclure l&rsquo;ancien joueur du Real Madrid en raison du protocole de commotion c\u00e9r\u00e9brale.<\/p>\n<p>Odegaard devait apparemment revenir dans le onze de d\u00e9part pour le choc contre les Magpies, mais il a d\u00fb \u00eatre retir\u00e9 et a d\u00fb prendre six jours de repos avant de revenir \u00e0 l&rsquo;action, le for\u00e7ant ainsi \u00e0 ne pas battre S\u00e9ville \u00e9galement. .<\/p>\n<p>A la place d&rsquo;Odegaard contre Burnley, <strong class=\"autotag\">Kai Havertz<\/strong> mettre dans un autre affichage sans int\u00e9r\u00eat, avant <strong class=\"autotag\">Fabio Vieira<\/strong> a re\u00e7u un carton rouge direct pour un d\u00e9fi irr\u00e9fl\u00e9chi sur <strong class=\"autotag\">Josh Brownhill<\/strong>l&rsquo;excluant de trois matches nationaux.<\/p>\n<p class=\"imgI\"><img decoding=\"async\" loading=\"lazy\" class=\"l\" src=\"https:\/\/footdavant.fr\/actualites\/wp-content\/uploads\/2023\/11\/Martin-Odegaard-a-rate-les-matchs-dArsenal-apres-avoir-pris.JPG\" title=\"Le capitaine d'Arsenal Martin Odegaard photographi\u00e9 le 14 mai 2023\" alt=\"Le capitaine d'Arsenal Martin Odegaard photographi\u00e9 le 14 mai 2023\" width=\"640\" height=\"480\"><\/p>\n<p>Cependant, on est convaincu qu&rsquo;Odegaard sera apte \u00e0 revenir pour la confrontation des Gunners avec Brentford le 25 novembre, car il restera \u00e0 Londres plut\u00f4t que de rejoindre l&rsquo;\u00e9quipe norv\u00e9gienne ce mois-ci.<\/p>\n<p>Le joueur de 24 ans n&rsquo;a cess\u00e9 de se renforcer depuis son d\u00e9part d\u00e9finitif du Real Madrid \u00e0 l&rsquo;\u00e9t\u00e9 2021, marquant 29 buts et 16 passes d\u00e9cisives en 120 matchs pour Arsenal, qui l&rsquo;avait initialement pr\u00eat\u00e9 pour la seconde moiti\u00e9 de l&rsquo;ann\u00e9e 2020. -21 saison.<\/p>\n<p>Odegaard a cinq buts et une passe d\u00e9cisive \u00e0 montrer lors de ses 15 premi\u00e8res apparitions de la campagne 2023-24, et il a sign\u00e9 un nouveau contrat \u00e0 long terme \u00e0 l&rsquo;Emirates Stadium jusqu&rsquo;en 2028 en septembre.<\/p>\n<p>Alors que le Scandinave se rapproche d&rsquo;un retour, tous <strong class=\"autotag\">\u00c9mile Smith Rowe<\/strong>, <strong class=\"autotag\">Jurrien Bois<\/strong> et <strong class=\"autotag\">Thomas Partey<\/strong> restent absents avec leurs blessures respectives, tandis que <strong class=\"autotag\">Gabriel J\u00e9sus<\/strong> est aux prises avec un probl\u00e8me aux ischio-jambiers.<\/p>\n<p>Les Gunners auraient souhait\u00e9 que l&rsquo;attaquant reste en Angleterre pendant la tr\u00eave internationale, malgr\u00e9 sa convocation par le Br\u00e9sil, mais son \u00e9quipe nationale souhaite proc\u00e9der \u00e0 sa propre \u00e9valuation de sa blessure.<\/p>\n<\/div>\n","protected":false},"excerpt":{"rendered":"<p>Le capitaine d&rsquo;Arsenal, Martin Odegaard, aurait rat\u00e9 les affrontements des Gunners avec Newcastle United, S\u00e9ville et Burnley apr\u00e8s avoir re\u00e7u un ballon au visage \u00e0<\/p>\n","protected":false},"author":1,"featured_media":911,"comment_status":"closed","ping_status":"","sticky":false,"template":"","format":"standard","meta":{"footnotes":""},"categories":[5],"tags":[25,156,148,59,1062,93,892,688,186,1061,1060],"yoast_head":"<!-- This site is optimized with the Yoast SEO plugin v21.0 - https:\/\/yoast.com\/wordpress\/plugins\/seo\/ -->\n<title>Martin Odegaard &quot;a rat\u00e9 les matchs d&#039;Arsenal apr\u00e8s avoir pris le ballon face \u00e0 face&quot;<\/title>\n<meta name=\"robots\" content=\"index, follow, max-snippet:-1, max-image-preview:large, max-video-preview:-1\" \/>\n<link rel=\"canonical\" href=\"https:\/\/footdavant.fr\/actualites\/martin-odegaard-a-rate-les-matchs-darsenal-apres-avoir-pris-le-ballon-face-a-face\/\" \/>\n<meta property=\"og:locale\" content=\"fr_FR\" \/>\n<meta property=\"og:type\" content=\"article\" \/>\n<meta property=\"og:title\" content=\"Martin Odegaard &quot;a rat\u00e9 les matchs d&#039;Arsenal apr\u00e8s avoir pris le ballon face \u00e0 face&quot;\" \/>\n<meta property=\"og:description\" content=\"Le capitaine d&rsquo;Arsenal, Martin Odegaard, aurait rat\u00e9 les affrontements des Gunners avec Newcastle United, S\u00e9ville et Burnley apr\u00e8s avoir re\u00e7u un ballon au visage \u00e0\" \/>\n<meta property=\"og:url\" content=\"https:\/\/footdavant.fr\/actualites\/martin-odegaard-a-rate-les-matchs-darsenal-apres-avoir-pris-le-ballon-face-a-face\/\" \/>\n<meta property=\"og:site_name\" content=\"Foot d&#039;avant\" \/>\n<meta property=\"article:publisher\" content=\"https:\/\/www.facebook.com\/Footdavant\/\" \/>\n<meta property=\"article:published_time\" content=\"2023-11-14T12:48:52+00:00\" \/>\n<meta property=\"article:modified_time\" content=\"2023-11-14T12:48:53+00:00\" \/>\n<meta property=\"og:image\" content=\"https:\/\/footdavant.fr\/actualites\/wp-content\/uploads\/2023\/11\/Martin-Odegaard-a-rate-les-matchs-dArsenal-apres-avoir-pris.jpg\" \/>\n\t<meta property=\"og:image:width\" content=\"640\" \/>\n\t<meta property=\"og:image:height\" content=\"480\" \/>\n\t<meta property=\"og:image:type\" content=\"image\/jpeg\" \/>\n<meta name=\"author\" content=\"Cl\u00e9ment\" \/>\n<meta name=\"twitter:card\" content=\"summary_large_image\" \/>\n<meta name=\"twitter:creator\" content=\"@FootdavantFr\" \/>\n<meta name=\"twitter:site\" content=\"@FootdavantFr\" \/>\n<meta name=\"twitter:label1\" content=\"\u00c9crit par\" \/>\n\t<meta name=\"twitter:data1\" content=\"Cl\u00e9ment\" \/>\n\t<meta name=\"twitter:label2\" content=\"Dur\u00e9e de lecture estim\u00e9e\" \/>\n\t<meta name=\"twitter:data2\" content=\"3 minutes\" \/>\n<script type=\"application\/ld+json\" class=\"yoast-schema-graph\">{\"@context\":\"https:\/\/schema.org\",\"@graph\":[{\"@type\":\"Article\",\"@id\":\"https:\/\/footdavant.fr\/actualites\/martin-odegaard-a-rate-les-matchs-darsenal-apres-avoir-pris-le-ballon-face-a-face\/#article\",\"isPartOf\":{\"@id\":\"https:\/\/footdavant.fr\/actualites\/martin-odegaard-a-rate-les-matchs-darsenal-apres-avoir-pris-le-ballon-face-a-face\/\"},\"author\":{\"name\":\"Cl\u00e9ment\",\"@id\":\"https:\/\/footdavant.fr\/actualites\/#\/schema\/person\/bc222566d95871b37e597b3ed3ba5e1d\"},\"headline\":\"Martin Odegaard \u00ab\u00a0a rat\u00e9 les matchs d&rsquo;Arsenal apr\u00e8s avoir pris le ballon face \u00e0 face\u00a0\u00bb\",\"datePublished\":\"2023-11-14T12:48:52+00:00\",\"dateModified\":\"2023-11-14T12:48:53+00:00\",\"mainEntityOfPage\":{\"@id\":\"https:\/\/footdavant.fr\/actualites\/martin-odegaard-a-rate-les-matchs-darsenal-apres-avoir-pris-le-ballon-face-a-face\/\"},\"wordCount\":646,\"publisher\":{\"@id\":\"https:\/\/footdavant.fr\/actualites\/#organization\"},\"keywords\":[\"apr\u00e8s\",\"avoir\",\"Ballon\",\"dArsenal\",\"face\",\"les\",\"Martin\",\"matchs\",\"Odegaard\",\"pris\",\"rat\u00e9\"],\"articleSection\":[\"Premier League\"],\"inLanguage\":\"fr-FR\"},{\"@type\":\"WebPage\",\"@id\":\"https:\/\/footdavant.fr\/actualites\/martin-odegaard-a-rate-les-matchs-darsenal-apres-avoir-pris-le-ballon-face-a-face\/\",\"url\":\"https:\/\/footdavant.fr\/actualites\/martin-odegaard-a-rate-les-matchs-darsenal-apres-avoir-pris-le-ballon-face-a-face\/\",\"name\":\"Martin Odegaard \\\"a rat\u00e9 les matchs d'Arsenal apr\u00e8s avoir pris le ballon face \u00e0 face\\\"\",\"isPartOf\":{\"@id\":\"https:\/\/footdavant.fr\/actualites\/#website\"},\"datePublished\":\"2023-11-14T12:48:52+00:00\",\"dateModified\":\"2023-11-14T12:48:53+00:00\",\"breadcrumb\":{\"@id\":\"https:\/\/footdavant.fr\/actualites\/martin-odegaard-a-rate-les-matchs-darsenal-apres-avoir-pris-le-ballon-face-a-face\/#breadcrumb\"},\"inLanguage\":\"fr-FR\",\"potentialAction\":[{\"@type\":\"ReadAction\",\"target\":[\"https:\/\/footdavant.fr\/actualites\/martin-odegaard-a-rate-les-matchs-darsenal-apres-avoir-pris-le-ballon-face-a-face\/\"]}]},{\"@type\":\"BreadcrumbList\",\"@id\":\"https:\/\/footdavant.fr\/actualites\/martin-odegaard-a-rate-les-matchs-darsenal-apres-avoir-pris-le-ballon-face-a-face\/#breadcrumb\",\"itemListElement\":[{\"@type\":\"ListItem\",\"position\":1,\"name\":\"Accueil\",\"item\":\"https:\/\/footdavant.fr\/actualites\/\"},{\"@type\":\"ListItem\",\"position\":2,\"name\":\"Martin Odegaard \u00ab\u00a0a rat\u00e9 les matchs d&rsquo;Arsenal apr\u00e8s avoir pris le ballon face \u00e0 face\u00a0\u00bb\"}]},{\"@type\":\"WebSite\",\"@id\":\"https:\/\/footdavant.fr\/actualites\/#website\",\"url\":\"https:\/\/footdavant.fr\/actualites\/\",\"name\":\"Foot d'avant\",\"description\":\"\",\"publisher\":{\"@id\":\"https:\/\/footdavant.fr\/actualites\/#organization\"},\"potentialAction\":[{\"@type\":\"SearchAction\",\"target\":{\"@type\":\"EntryPoint\",\"urlTemplate\":\"https:\/\/footdavant.fr\/actualites\/?s={search_term_string}\"},\"query-input\":\"required name=search_term_string\"}],\"inLanguage\":\"fr-FR\"},{\"@type\":\"Organization\",\"@id\":\"https:\/\/footdavant.fr\/actualites\/#organization\",\"name\":\"Foot d'avant\",\"url\":\"https:\/\/footdavant.fr\/actualites\/\",\"logo\":{\"@type\":\"ImageObject\",\"inLanguage\":\"fr-FR\",\"@id\":\"https:\/\/footdavant.fr\/actualites\/#\/schema\/logo\/image\/\",\"url\":\"https:\/\/footdavant.fr\/actualites\/wp-content\/uploads\/2023\/09\/Copy-of-FootDavant-Logo.png\",\"contentUrl\":\"https:\/\/footdavant.fr\/actualites\/wp-content\/uploads\/2023\/09\/Copy-of-FootDavant-Logo.png\",\"width\":936,\"height\":549,\"caption\":\"Foot d'avant\"},\"image\":{\"@id\":\"https:\/\/footdavant.fr\/actualites\/#\/schema\/logo\/image\/\"},\"sameAs\":[\"https:\/\/www.facebook.com\/Footdavant\/\",\"https:\/\/twitter.com\/FootdavantFr\",\"https:\/\/www.instagram.com\/footdavant.fr\/\"]},{\"@type\":\"Person\",\"@id\":\"https:\/\/footdavant.fr\/actualites\/#\/schema\/person\/bc222566d95871b37e597b3ed3ba5e1d\",\"name\":\"Cl\u00e9ment\",\"image\":{\"@type\":\"ImageObject\",\"inLanguage\":\"fr-FR\",\"@id\":\"https:\/\/footdavant.fr\/actualites\/#\/schema\/person\/image\/\",\"url\":\"https:\/\/secure.gravatar.com\/avatar\/7728b29aac2719421e1a9159b2254c44?s=96&d=mm&r=g\",\"contentUrl\":\"https:\/\/secure.gravatar.com\/avatar\/7728b29aac2719421e1a9159b2254c44?s=96&d=mm&r=g\",\"caption\":\"Cl\u00e9ment\"},\"sameAs\":[\"https:\/\/footdavant.fr\/\"]}]}<\/script>\n<!-- \/ Yoast SEO plugin. -->","yoast_head_json":{"title":"Martin Odegaard \"a rat\u00e9 les matchs d'Arsenal apr\u00e8s avoir pris le ballon face \u00e0 face\"","robots":{"index":"index","follow":"follow","max-snippet":"max-snippet:-1","max-image-preview":"max-image-preview:large","max-video-preview":"max-video-preview:-1"},"canonical":"https:\/\/footdavant.fr\/actualites\/martin-odegaard-a-rate-les-matchs-darsenal-apres-avoir-pris-le-ballon-face-a-face\/","og_locale":"fr_FR","og_type":"article","og_title":"Martin Odegaard \"a rat\u00e9 les matchs d'Arsenal apr\u00e8s avoir pris le ballon face \u00e0 face\"","og_description":"Le capitaine d&rsquo;Arsenal, Martin Odegaard, aurait rat\u00e9 les affrontements des Gunners avec Newcastle United, S\u00e9ville et Burnley apr\u00e8s avoir re\u00e7u un ballon au visage \u00e0","og_url":"https:\/\/footdavant.fr\/actualites\/martin-odegaard-a-rate-les-matchs-darsenal-apres-avoir-pris-le-ballon-face-a-face\/","og_site_name":"Foot d&#039;avant","article_publisher":"https:\/\/www.facebook.com\/Footdavant\/","article_published_time":"2023-11-14T12:48:52+00:00","article_modified_time":"2023-11-14T12:48:53+00:00","og_image":[{"width":640,"height":480,"url":"https:\/\/footdavant.fr\/actualites\/wp-content\/uploads\/2023\/11\/Martin-Odegaard-a-rate-les-matchs-dArsenal-apres-avoir-pris.jpg","type":"image\/jpeg"}],"author":"Cl\u00e9ment","twitter_card":"summary_large_image","twitter_creator":"@FootdavantFr","twitter_site":"@FootdavantFr","twitter_misc":{"\u00c9crit par":"Cl\u00e9ment","Dur\u00e9e de lecture estim\u00e9e":"3 minutes"},"schema":{"@context":"https:\/\/schema.org","@graph":[{"@type":"Article","@id":"https:\/\/footdavant.fr\/actualites\/martin-odegaard-a-rate-les-matchs-darsenal-apres-avoir-pris-le-ballon-face-a-face\/#article","isPartOf":{"@id":"https:\/\/footdavant.fr\/actualites\/martin-odegaard-a-rate-les-matchs-darsenal-apres-avoir-pris-le-ballon-face-a-face\/"},"author":{"name":"Cl\u00e9ment","@id":"https:\/\/footdavant.fr\/actualites\/#\/schema\/person\/bc222566d95871b37e597b3ed3ba5e1d"},"headline":"Martin Odegaard \u00ab\u00a0a rat\u00e9 les matchs d&rsquo;Arsenal apr\u00e8s avoir pris le ballon face \u00e0 face\u00a0\u00bb","datePublished":"2023-11-14T12:48:52+00:00","dateModified":"2023-11-14T12:48:53+00:00","mainEntityOfPage":{"@id":"https:\/\/footdavant.fr\/actualites\/martin-odegaard-a-rate-les-matchs-darsenal-apres-avoir-pris-le-ballon-face-a-face\/"},"wordCount":646,"publisher":{"@id":"https:\/\/footdavant.fr\/actualites\/#organization"},"keywords":["apr\u00e8s","avoir","Ballon","dArsenal","face","les","Martin","matchs","Odegaard","pris","rat\u00e9"],"articleSection":["Premier League"],"inLanguage":"fr-FR"},{"@type":"WebPage","@id":"https:\/\/footdavant.fr\/actualites\/martin-odegaard-a-rate-les-matchs-darsenal-apres-avoir-pris-le-ballon-face-a-face\/","url":"https:\/\/footdavant.fr\/actualites\/martin-odegaard-a-rate-les-matchs-darsenal-apres-avoir-pris-le-ballon-face-a-face\/","name":"Martin Odegaard \"a rat\u00e9 les matchs d'Arsenal apr\u00e8s avoir pris le ballon face \u00e0 face\"","isPartOf":{"@id":"https:\/\/footdavant.fr\/actualites\/#website"},"datePublished":"2023-11-14T12:48:52+00:00","dateModified":"2023-11-14T12:48:53+00:00","breadcrumb":{"@id":"https:\/\/footdavant.fr\/actualites\/martin-odegaard-a-rate-les-matchs-darsenal-apres-avoir-pris-le-ballon-face-a-face\/#breadcrumb"},"inLanguage":"fr-FR","potentialAction":[{"@type":"ReadAction","target":["https:\/\/footdavant.fr\/actualites\/martin-odegaard-a-rate-les-matchs-darsenal-apres-avoir-pris-le-ballon-face-a-face\/"]}]},{"@type":"BreadcrumbList","@id":"https:\/\/footdavant.fr\/actualites\/martin-odegaard-a-rate-les-matchs-darsenal-apres-avoir-pris-le-ballon-face-a-face\/#breadcrumb","itemListElement":[{"@type":"ListItem","position":1,"name":"Accueil","item":"https:\/\/footdavant.fr\/actualites\/"},{"@type":"ListItem","position":2,"name":"Martin Odegaard \u00ab\u00a0a rat\u00e9 les matchs d&rsquo;Arsenal apr\u00e8s avoir pris le ballon face \u00e0 face\u00a0\u00bb"}]},{"@type":"WebSite","@id":"https:\/\/footdavant.fr\/actualites\/#website","url":"https:\/\/footdavant.fr\/actualites\/","name":"Foot d'avant","description":"","publisher":{"@id":"https:\/\/footdavant.fr\/actualites\/#organization"},"potentialAction":[{"@type":"SearchAction","target":{"@type":"EntryPoint","urlTemplate":"https:\/\/footdavant.fr\/actualites\/?s={search_term_string}"},"query-input":"required name=search_term_string"}],"inLanguage":"fr-FR"},{"@type":"Organization","@id":"https:\/\/footdavant.fr\/actualites\/#organization","name":"Foot d'avant","url":"https:\/\/footdavant.fr\/actualites\/","logo":{"@type":"ImageObject","inLanguage":"fr-FR","@id":"https:\/\/footdavant.fr\/actualites\/#\/schema\/logo\/image\/","url":"https:\/\/footdavant.fr\/actualites\/wp-content\/uploads\/2023\/09\/Copy-of-FootDavant-Logo.png","contentUrl":"https:\/\/footdavant.fr\/actualites\/wp-content\/uploads\/2023\/09\/Copy-of-FootDavant-Logo.png","width":936,"height":549,"caption":"Foot d'avant"},"image":{"@id":"https:\/\/footdavant.fr\/actualites\/#\/schema\/logo\/image\/"},"sameAs":["https:\/\/www.facebook.com\/Footdavant\/","https:\/\/twitter.com\/FootdavantFr","https:\/\/www.instagram.com\/footdavant.fr\/"]},{"@type":"Person","@id":"https:\/\/footdavant.fr\/actualites\/#\/schema\/person\/bc222566d95871b37e597b3ed3ba5e1d","name":"Cl\u00e9ment","image":{"@type":"ImageObject","inLanguage":"fr-FR","@id":"https:\/\/footdavant.fr\/actualites\/#\/schema\/person\/image\/","url":"https:\/\/secure.gravatar.com\/avatar\/7728b29aac2719421e1a9159b2254c44?s=96&d=mm&r=g","contentUrl":"https:\/\/secure.gravatar.com\/avatar\/7728b29aac2719421e1a9159b2254c44?s=96&d=mm&r=g","caption":"Cl\u00e9ment"},"sameAs":["https:\/\/footdavant.fr\/"]}]}},"_links":{"self":[{"href":"https:\/\/footdavant.fr\/actualites\/wp-json\/wp\/v2\/posts\/910"}],"collection":[{"href":"https:\/\/footdavant.fr\/actualites\/wp-json\/wp\/v2\/posts"}],"about":[{"href":"https:\/\/footdavant.fr\/actualites\/wp-json\/wp\/v2\/types\/post"}],"author":[{"embeddable":true,"href":"https:\/\/footdavant.fr\/actualites\/wp-json\/wp\/v2\/users\/1"}],"replies":[{"embeddable":true,"href":"https:\/\/footdavant.fr\/actualites\/wp-json\/wp\/v2\/comments?post=910"}],"version-history":[{"count":1,"href":"https:\/\/footdavant.fr\/actualites\/wp-json\/wp\/v2\/posts\/910\/revisions"}],"predecessor-version":[{"id":912,"href":"https:\/\/footdavant.fr\/actualites\/wp-json\/wp\/v2\/posts\/910\/revisions\/912"}],"wp:featuredmedia":[{"embeddable":true,"href":"https:\/\/footdavant.fr\/actualites\/wp-json\/wp\/v2\/media\/911"}],"wp:attachment":[{"href":"https:\/\/footdavant.fr\/actualites\/wp-json\/wp\/v2\/media?parent=910"}],"wp:term":[{"taxonomy":"category","embeddable":true,"href":"https:\/\/footdavant.fr\/actualites\/wp-json\/wp\/v2\/categories?post=910"},{"taxonomy":"post_tag","embeddable":true,"href":"https:\/\/footdavant.fr\/actualites\/wp-json\/wp\/v2\/tags?post=910"}],"curies":[{"name":"wp","href":"https:\/\/api.w.org\/{rel}","templated":true}]}}